{"id":1188,"date":"2021-07-12T21:47:13","date_gmt":"2021-07-13T00:47:13","guid":{"rendered":"https:\/\/nahuelproducciones.com.ar\/radioquijano\/?p=1188"},"modified":"2021-07-12T21:47:33","modified_gmt":"2021-07-13T00:47:33","slug":"colecta-de-sangre-en-el-centro-de-jubilados-y-pensionados-el-portal-de-los-andes","status":"publish","type":"post","link":"https:\/\/nahuelproducciones.com.ar\/radioquijano\/colecta-de-sangre-en-el-centro-de-jubilados-y-pensionados-el-portal-de-los-andes\/","title":{"rendered":"Colecta de sangre en el Centro de jubilados y pensionados El Portal de los Andes."},"content":{"rendered":"\n<p>La Campa\u00f1a de donaci\u00f3n de sangre se realizar\u00e1 este mi\u00e9rcoles 14 de julio\u00a0a las nueve de la ma\u00f1ana, hasta las  quince horas  y ser\u00e1 sin turnos previos.<\/p>\n\n\n\n<p>En comunicaci\u00f3n telef\u00f3nica con la Bioquimica  Vanesa Quiroga con RQ99,9Mhz , manifesto que pueden donar sangre  mayores de 18 a\u00f1os a 65 a\u00f1os. Deben pesar m\u00e1s de 50 kilos y tener buenas condiciones de salud. <\/p>\n\n\n\n<p>Se solicita que se presenten habiendo desayunado o habindo almorzado, dependiendo del horario en que tengan que hacer la donaci\u00f3n de sangre. <\/p>\n\n\n\n<p>Si tiene piercing, tatuaje y pasado un a\u00f1o de su realizaci\u00f3n tambi\u00e9n pueden donar.<\/p>\n\n\n\n<p>Agreg\u00f3 que las personas que se hayan vacunado contra el coronavirus, para poder donar es necesario esperar 3 d\u00edas luego de la aplicaci\u00f3n.<\/p>\n\n\n\n<p>Quiroga resalt\u00f3 la importancia de promover la cultura de la donaci\u00f3n , pues en muchas ocasiones esta pr\u00e1ctica altruista es la diferencia entre la vida y la muerte de un paciente. <\/p>\n\n\n\n<p>Los encargados de hacer las extracciones ser\u00e1n profesionales del Centro Regional de Hemoterapia de Salta<\/p>\n\n\n\n<p>Se aplicar\u00e1n todas las medidas sanitarias y se atendera con los protocolos que las autoridades de salud han marcado, debiendo ingresar  usando barbijo o tapaboca.<\/p>\n\n\n\n<p>\u00abDonar sangre, salva vidas\u00bb.<\/p>\n\n\n\n<p>Campa\u00f1a donaci\u00f3n de sangre organizada por el Centro de jubilados y pensionados El Portal de los Andes de Campo Quijano, junto al laboratorio bioqu\u00edmico \u00abLos Cerros\u00bb.<\/p>\n\n\n\n<p><a href=\"https:\/\/www.facebook.com\/Radio-Quijano-999-102294874524832\/?ref=pages_you_manage\" target=\"_blank\" rel=\"noreferrer noopener\">RQ99.9Mhz<\/a> Campo Quijano<\/p>\n","protected":false},"excerpt":{"rendered":"<p>La Campa\u00f1a de donaci\u00f3n de sangre se realizar\u00e1 este mi\u00e9rcoles 14 de julio\u00a0a las nueve de la ma\u00f1ana, hasta las quince horas y ser\u00e1 sin turnos previos. En comunicaci\u00f3n telef\u00f3nica con la Bioquimica Vanesa Quiroga con RQ99,9Mhz , manifesto que pueden donar sangre mayores de 18 a\u00f1os a 65 a\u00f1os. Deben pesar m\u00e1s de 50 [&hellip;]<\/p>\n","protected":false},"author":8,"featured_media":1189,"comment_status":"open","ping_status":"open","sticky":false,"template":"","format":"standard","meta":{"_monsterinsights_skip_tracking":false,"_monsterinsights_sitenote_active":false,"_monsterinsights_sitenote_note":"","_monsterinsights_sitenote_category":0,"footnotes":""},"categories":[18,16],"tags":[123,124],"class_list":["post-1188","post","type-post","status-publish","format-standard","has-post-thumbnail","hentry","category-covid-19","category-noticias","tag-campaa-de-donacion-de-sangre","tag-centro-de-jubilados-y-pensionados-el-portal-de-los-andes"],"yoast_head":"<!-- This site is optimized with the Yoast SEO plugin v20.8 - https:\/\/yoast.com\/wordpress\/plugins\/seo\/ -->\n<title>Colecta de sangre en el Centro de jubilados y pensionados El Portal de los Andes. - RQ 99.9<\/title>\n<meta name=\"description\" content=\"Se realizar\u00e1 este mi\u00e9rcoles 14 de julio a las nueve de la ma\u00f1ana, hasta las quince horas y ser\u00e1 sin turnos previos.\" \/>\n<meta name=\"robots\" content=\"index, follow, max-snippet:-1, max-image-preview:large, max-video-preview:-1\" \/>\n<link rel=\"canonical\" href=\"https:\/\/nahuelproducciones.com.ar\/radioquijano\/colecta-de-sangre-en-el-centro-de-jubilados-y-pensionados-el-portal-de-los-andes\/\" \/>\n<meta property=\"og:locale\" content=\"es_ES\" \/>\n<meta property=\"og:type\" content=\"article\" \/>\n<meta property=\"og:title\" content=\"Colecta de sangre en el Centro de jubilados y pensionados El Portal de los Andes. - RQ 99.9\" \/>\n<meta property=\"og:description\" content=\"Se realizar\u00e1 este mi\u00e9rcoles 14 de julio a las nueve de la ma\u00f1ana, hasta las quince horas y ser\u00e1 sin turnos previos.\" \/>\n<meta property=\"og:url\" content=\"https:\/\/nahuelproducciones.com.ar\/radioquijano\/colecta-de-sangre-en-el-centro-de-jubilados-y-pensionados-el-portal-de-los-andes\/\" \/>\n<meta property=\"og:site_name\" content=\"RQ 99.9\" \/>\n<meta property=\"article:publisher\" content=\"https:\/\/www.facebook.com\/nahuelproducciones999\/\" \/>\n<meta property=\"article:published_time\" content=\"2021-07-13T00:47:13+00:00\" \/>\n<meta property=\"article:modified_time\" content=\"2021-07-13T00:47:33+00:00\" \/>\n<meta property=\"og:image\" content=\"https:\/\/nahuelproducciones.com.ar\/radioquijano\/wp-content\/uploads\/2021\/07\/donacion-de-sangr-miercoles-14-de-julio.jpg\" \/>\n\t<meta property=\"og:image:width\" content=\"526\" \/>\n\t<meta property=\"og:image:height\" content=\"526\" \/>\n\t<meta property=\"og:image:type\" content=\"image\/jpeg\" \/>\n<meta name=\"author\" content=\"Cecilia Pastrana\" \/>\n<meta name=\"twitter:card\" content=\"summary_large_image\" \/>\n<meta name=\"twitter:creator\" content=\"@nahuproduciones\" \/>\n<meta name=\"twitter:site\" content=\"@nahuproduciones\" \/>\n<meta name=\"twitter:label1\" content=\"Escrito por\" \/>\n\t<meta name=\"twitter:data1\" content=\"Cecilia Pastrana\" \/>\n\t<meta name=\"twitter:label2\" content=\"Tiempo de lectura\" \/>\n\t<meta name=\"twitter:data2\" content=\"1 minuto\" \/>\n<script type=\"application\/ld+json\" class=\"yoast-schema-graph\">{\"@context\":\"https:\/\/schema.org\",\"@graph\":[{\"@type\":\"WebPage\",\"@id\":\"https:\/\/nahuelproducciones.com.ar\/radioquijano\/colecta-de-sangre-en-el-centro-de-jubilados-y-pensionados-el-portal-de-los-andes\/\",\"url\":\"https:\/\/nahuelproducciones.com.ar\/radioquijano\/colecta-de-sangre-en-el-centro-de-jubilados-y-pensionados-el-portal-de-los-andes\/\",\"name\":\"Colecta de sangre en el Centro de jubilados y pensionados El Portal de los Andes. - RQ 99.9\",\"isPartOf\":{\"@id\":\"https:\/\/nahuelproducciones.com.ar\/radioquijano\/#website\"},\"datePublished\":\"2021-07-13T00:47:13+00:00\",\"dateModified\":\"2021-07-13T00:47:33+00:00\",\"author\":{\"@id\":\"https:\/\/nahuelproducciones.com.ar\/radioquijano\/#\/schema\/person\/e8a4f939e2cb487fe6d0c54042c9d32c\"},\"description\":\"Se realizar\u00e1 este mi\u00e9rcoles 14 de julio a las nueve de la ma\u00f1ana, hasta las quince horas y ser\u00e1 sin turnos previos.\",\"breadcrumb\":{\"@id\":\"https:\/\/nahuelproducciones.com.ar\/radioquijano\/colecta-de-sangre-en-el-centro-de-jubilados-y-pensionados-el-portal-de-los-andes\/#breadcrumb\"},\"inLanguage\":\"es\",\"potentialAction\":[{\"@type\":\"ReadAction\",\"target\":[\"https:\/\/nahuelproducciones.com.ar\/radioquijano\/colecta-de-sangre-en-el-centro-de-jubilados-y-pensionados-el-portal-de-los-andes\/\"]}]},{\"@type\":\"BreadcrumbList\",\"@id\":\"https:\/\/nahuelproducciones.com.ar\/radioquijano\/colecta-de-sangre-en-el-centro-de-jubilados-y-pensionados-el-portal-de-los-andes\/#breadcrumb\",\"itemListElement\":[{\"@type\":\"ListItem\",\"position\":1,\"name\":\"Portada\",\"item\":\"https:\/\/nahuelproducciones.com.ar\/radioquijano\/\"},{\"@type\":\"ListItem\",\"position\":2,\"name\":\"Colecta de sangre en el Centro de jubilados y pensionados El Portal de los Andes.\"}]},{\"@type\":\"WebSite\",\"@id\":\"https:\/\/nahuelproducciones.com.ar\/radioquijano\/#website\",\"url\":\"https:\/\/nahuelproducciones.com.ar\/radioquijano\/\",\"name\":\"RQ 99.9\",\"description\":\"Radio Quijano 99.9 MHz\",\"potentialAction\":[{\"@type\":\"SearchAction\",\"target\":{\"@type\":\"EntryPoint\",\"urlTemplate\":\"https:\/\/nahuelproducciones.com.ar\/radioquijano\/?s={search_term_string}\"},\"query-input\":\"required name=search_term_string\"}],\"inLanguage\":\"es\"},{\"@type\":\"Person\",\"@id\":\"https:\/\/nahuelproducciones.com.ar\/radioquijano\/#\/schema\/person\/e8a4f939e2cb487fe6d0c54042c9d32c\",\"name\":\"Cecilia Pastrana\",\"image\":{\"@type\":\"ImageObject\",\"inLanguage\":\"es\",\"@id\":\"https:\/\/nahuelproducciones.com.ar\/radioquijano\/#\/schema\/person\/image\/\",\"url\":\"https:\/\/secure.gravatar.com\/avatar\/661a3ef63a8488d4f2794ed44af8cf71420f7e106f3072c40125114df5157749?s=96&d=mm&r=g\",\"contentUrl\":\"https:\/\/secure.gravatar.com\/avatar\/661a3ef63a8488d4f2794ed44af8cf71420f7e106f3072c40125114df5157749?s=96&d=mm&r=g\",\"caption\":\"Cecilia Pastrana\"},\"sameAs\":[\"cecy\"],\"url\":\"https:\/\/nahuelproducciones.com.ar\/radioquijano\/author\/cecy\/\"}]}<\/script>\n<!-- \/ Yoast SEO plugin. -->","yoast_head_json":{"title":"Colecta de sangre en el Centro de jubilados y pensionados El Portal de los Andes. - RQ 99.9","description":"Se realizar\u00e1 este mi\u00e9rcoles 14 de julio a las nueve de la ma\u00f1ana, hasta las quince horas y ser\u00e1 sin turnos previos.","robots":{"index":"index","follow":"follow","max-snippet":"max-snippet:-1","max-image-preview":"max-image-preview:large","max-video-preview":"max-video-preview:-1"},"canonical":"https:\/\/nahuelproducciones.com.ar\/radioquijano\/colecta-de-sangre-en-el-centro-de-jubilados-y-pensionados-el-portal-de-los-andes\/","og_locale":"es_ES","og_type":"article","og_title":"Colecta de sangre en el Centro de jubilados y pensionados El Portal de los Andes. - RQ 99.9","og_description":"Se realizar\u00e1 este mi\u00e9rcoles 14 de julio a las nueve de la ma\u00f1ana, hasta las quince horas y ser\u00e1 sin turnos previos.","og_url":"https:\/\/nahuelproducciones.com.ar\/radioquijano\/colecta-de-sangre-en-el-centro-de-jubilados-y-pensionados-el-portal-de-los-andes\/","og_site_name":"RQ 99.9","article_publisher":"https:\/\/www.facebook.com\/nahuelproducciones999\/","article_published_time":"2021-07-13T00:47:13+00:00","article_modified_time":"2021-07-13T00:47:33+00:00","og_image":[{"width":526,"height":526,"url":"https:\/\/nahuelproducciones.com.ar\/radioquijano\/wp-content\/uploads\/2021\/07\/donacion-de-sangr-miercoles-14-de-julio.jpg","type":"image\/jpeg"}],"author":"Cecilia Pastrana","twitter_card":"summary_large_image","twitter_creator":"@nahuproduciones","twitter_site":"@nahuproduciones","twitter_misc":{"Escrito por":"Cecilia Pastrana","Tiempo de lectura":"1 minuto"},"schema":{"@context":"https:\/\/schema.org","@graph":[{"@type":"WebPage","@id":"https:\/\/nahuelproducciones.com.ar\/radioquijano\/colecta-de-sangre-en-el-centro-de-jubilados-y-pensionados-el-portal-de-los-andes\/","url":"https:\/\/nahuelproducciones.com.ar\/radioquijano\/colecta-de-sangre-en-el-centro-de-jubilados-y-pensionados-el-portal-de-los-andes\/","name":"Colecta de sangre en el Centro de jubilados y pensionados El Portal de los Andes. - RQ 99.9","isPartOf":{"@id":"https:\/\/nahuelproducciones.com.ar\/radioquijano\/#website"},"datePublished":"2021-07-13T00:47:13+00:00","dateModified":"2021-07-13T00:47:33+00:00","author":{"@id":"https:\/\/nahuelproducciones.com.ar\/radioquijano\/#\/schema\/person\/e8a4f939e2cb487fe6d0c54042c9d32c"},"description":"Se realizar\u00e1 este mi\u00e9rcoles 14 de julio a las nueve de la ma\u00f1ana, hasta las quince horas y ser\u00e1 sin turnos previos.","breadcrumb":{"@id":"https:\/\/nahuelproducciones.com.ar\/radioquijano\/colecta-de-sangre-en-el-centro-de-jubilados-y-pensionados-el-portal-de-los-andes\/#breadcrumb"},"inLanguage":"es","potentialAction":[{"@type":"ReadAction","target":["https:\/\/nahuelproducciones.com.ar\/radioquijano\/colecta-de-sangre-en-el-centro-de-jubilados-y-pensionados-el-portal-de-los-andes\/"]}]},{"@type":"BreadcrumbList","@id":"https:\/\/nahuelproducciones.com.ar\/radioquijano\/colecta-de-sangre-en-el-centro-de-jubilados-y-pensionados-el-portal-de-los-andes\/#breadcrumb","itemListElement":[{"@type":"ListItem","position":1,"name":"Portada","item":"https:\/\/nahuelproducciones.com.ar\/radioquijano\/"},{"@type":"ListItem","position":2,"name":"Colecta de sangre en el Centro de jubilados y pensionados El Portal de los Andes."}]},{"@type":"WebSite","@id":"https:\/\/nahuelproducciones.com.ar\/radioquijano\/#website","url":"https:\/\/nahuelproducciones.com.ar\/radioquijano\/","name":"RQ 99.9","description":"Radio Quijano 99.9 MHz","potentialAction":[{"@type":"SearchAction","target":{"@type":"EntryPoint","urlTemplate":"https:\/\/nahuelproducciones.com.ar\/radioquijano\/?s={search_term_string}"},"query-input":"required name=search_term_string"}],"inLanguage":"es"},{"@type":"Person","@id":"https:\/\/nahuelproducciones.com.ar\/radioquijano\/#\/schema\/person\/e8a4f939e2cb487fe6d0c54042c9d32c","name":"Cecilia Pastrana","image":{"@type":"ImageObject","inLanguage":"es","@id":"https:\/\/nahuelproducciones.com.ar\/radioquijano\/#\/schema\/person\/image\/","url":"https:\/\/secure.gravatar.com\/avatar\/661a3ef63a8488d4f2794ed44af8cf71420f7e106f3072c40125114df5157749?s=96&d=mm&r=g","contentUrl":"https:\/\/secure.gravatar.com\/avatar\/661a3ef63a8488d4f2794ed44af8cf71420f7e106f3072c40125114df5157749?s=96&d=mm&r=g","caption":"Cecilia Pastrana"},"sameAs":["cecy"],"url":"https:\/\/nahuelproducciones.com.ar\/radioquijano\/author\/cecy\/"}]}},"_links":{"self":[{"href":"https:\/\/nahuelproducciones.com.ar\/radioquijano\/wp-json\/wp\/v2\/posts\/1188","targetHints":{"allow":["GET"]}}],"collection":[{"href":"https:\/\/nahuelproducciones.com.ar\/radioquijano\/wp-json\/wp\/v2\/posts"}],"about":[{"href":"https:\/\/nahuelproducciones.com.ar\/radioquijano\/wp-json\/wp\/v2\/types\/post"}],"author":[{"embeddable":true,"href":"https:\/\/nahuelproducciones.com.ar\/radioquijano\/wp-json\/wp\/v2\/users\/8"}],"replies":[{"embeddable":true,"href":"https:\/\/nahuelproducciones.com.ar\/radioquijano\/wp-json\/wp\/v2\/comments?post=1188"}],"version-history":[{"count":1,"href":"https:\/\/nahuelproducciones.com.ar\/radioquijano\/wp-json\/wp\/v2\/posts\/1188\/revisions"}],"predecessor-version":[{"id":1190,"href":"https:\/\/nahuelproducciones.com.ar\/radioquijano\/wp-json\/wp\/v2\/posts\/1188\/revisions\/1190"}],"wp:featuredmedia":[{"embeddable":true,"href":"https:\/\/nahuelproducciones.com.ar\/radioquijano\/wp-json\/wp\/v2\/media\/1189"}],"wp:attachment":[{"href":"https:\/\/nahuelproducciones.com.ar\/radioquijano\/wp-json\/wp\/v2\/media?parent=1188"}],"wp:term":[{"taxonomy":"category","embeddable":true,"href":"https:\/\/nahuelproducciones.com.ar\/radioquijano\/wp-json\/wp\/v2\/categories?post=1188"},{"taxonomy":"post_tag","embeddable":true,"href":"https:\/\/nahuelproducciones.com.ar\/radioquijano\/wp-json\/wp\/v2\/tags?post=1188"}],"curies":[{"name":"wp","href":"https:\/\/api.w.org\/{rel}","templated":true}]}}