{"id":11887,"date":"2026-01-18T12:59:04","date_gmt":"2026-01-18T15:59:04","guid":{"rendered":"https:\/\/nahuelproducciones.com.ar\/radioquijano\/?p=11887"},"modified":"2026-01-18T12:59:05","modified_gmt":"2026-01-18T15:59:05","slug":"preocupacion-vecinal-por-picadas-y-ruidos-molestos-de-motos-en-el-centro-de-campo-quijano","status":"publish","type":"post","link":"https:\/\/nahuelproducciones.com.ar\/radioquijano\/preocupacion-vecinal-por-picadas-y-ruidos-molestos-de-motos-en-el-centro-de-campo-quijano\/","title":{"rendered":"Preocupaci\u00f3n vecinal por picadas y ruidos molestos de motos en el centro de Campo Quijano"},"content":{"rendered":"\n<p>Vecinos de distintos sectores de Campo Quijano expresaron su profunda preocupaci\u00f3n y malestar por la presencia de grupos de motociclistas que durante la noche del s\u00e1bado realizaron picadas y maniobras peligrosas, generando ruidos ensordecedores y poniendo en riesgo su propia vida y la de terceros.<\/p>\n\n\n\n<p>Seg\u00fan relataron, se habr\u00eda observado a un grupo de aproximadamente 20 motos circulando a gran velocidad, algunas en contramano, incluso en inmediaciones de una escuela y hasta la zona del viaducto. \u201cLa polic\u00eda no hace nada, eran como veinte motos\u201d, manifest\u00f3 una vecina, mientras otro vecino se\u00f1al\u00f3 que \u201csubieron hasta arriba y despu\u00e9s bajaron en contramano por la escuela y por la calle principal\u201d.<\/p>\n\n\n\n<p>La situaci\u00f3n tambi\u00e9n se repiti\u00f3 en el predio de la estaci\u00f3n de trenes, donde un grupo de j\u00f3venes, entre varones y mujeres, habr\u00eda ingresado realizando carreras y generando ruidos que alteraron el silencio y la tranquilidad del barrio. \u201cIrrumpieron en la estaci\u00f3n haciendo picadas, en algunas motos iban hasta tres personas. Nos preguntamos d\u00f3nde estaban los polic\u00edas federales que custodian el predio\u201d, expres\u00f3 un vecino.<\/p>\n\n\n\n<p>Adem\u00e1s, se remarc\u00f3 que la falta de iluminaci\u00f3n en la zona favorece este tipo de conductas y la sensaci\u00f3n de inseguridad. Varios testigos indicaron que, al llegar un patrullero, los motociclistas se dispersaron r\u00e1pidamente.<\/p>\n\n\n\n<p>Los vecinos reclaman mayor presencia policial, controles efectivos y medidas de prevenci\u00f3n para que estas situaciones no se vuelvan una costumbre. \u201cTenemos derecho a descansar y a vivir tranquilos\u201d, coincidieron, solicitando tambi\u00e9n mejoras en el alumbrado p\u00fablico y operativos nocturnos que garanticen seguridad para toda la comunidad.<\/p>\n","protected":false},"excerpt":{"rendered":"<p>Vecinos de distintos sectores de Campo Quijano expresaron su profunda preocupaci\u00f3n y malestar por la presencia de grupos de motociclistas que durante la noche del s\u00e1bado realizaron picadas y maniobras peligrosas, generando ruidos ensordecedores y poniendo en riesgo su propia vida y la de terceros. Seg\u00fan relataron, se habr\u00eda observado a un grupo de aproximadamente [&hellip;]<\/p>\n","protected":false},"author":8,"featured_media":11888,"comment_status":"open","ping_status":"open","sticky":false,"template":"","format":"standard","meta":{"_monsterinsights_skip_tracking":false,"_monsterinsights_sitenote_active":false,"_monsterinsights_sitenote_note":"","_monsterinsights_sitenote_category":0,"footnotes":""},"categories":[16],"tags":[2052,100],"class_list":["post-11887","post","type-post","status-publish","format-standard","has-post-thumbnail","hentry","category-noticias","tag-motos","tag-municipio-de-campo-quijano"],"yoast_head":"<!-- This site is optimized with the Yoast SEO plugin v20.8 - https:\/\/yoast.com\/wordpress\/plugins\/seo\/ -->\n<title>Preocupaci\u00f3n vecinal por picadas y ruidos molestos de motos en el centro de Campo Quijano - RQ 99.9<\/title>\n<meta name=\"description\" content=\"Los vecinos reclaman mayor presencia policial, controles efectivos y medidas de prevenci\u00f3n para que estas situaciones no se vuelvan una costumbre.\" \/>\n<meta name=\"robots\" content=\"index, follow, max-snippet:-1, max-image-preview:large, max-video-preview:-1\" \/>\n<link rel=\"canonical\" href=\"https:\/\/nahuelproducciones.com.ar\/radioquijano\/preocupacion-vecinal-por-picadas-y-ruidos-molestos-de-motos-en-el-centro-de-campo-quijano\/\" \/>\n<meta property=\"og:locale\" content=\"es_ES\" \/>\n<meta property=\"og:type\" content=\"article\" \/>\n<meta property=\"og:title\" content=\"Preocupaci\u00f3n vecinal por picadas y ruidos molestos de motos en el centro de Campo Quijano - RQ 99.9\" \/>\n<meta property=\"og:description\" content=\"Los vecinos reclaman mayor presencia policial, controles efectivos y medidas de prevenci\u00f3n para que estas situaciones no se vuelvan una costumbre.\" \/>\n<meta property=\"og:url\" content=\"https:\/\/nahuelproducciones.com.ar\/radioquijano\/preocupacion-vecinal-por-picadas-y-ruidos-molestos-de-motos-en-el-centro-de-campo-quijano\/\" \/>\n<meta property=\"og:site_name\" content=\"RQ 99.9\" \/>\n<meta property=\"article:publisher\" content=\"https:\/\/www.facebook.com\/nahuelproducciones999\/\" \/>\n<meta property=\"article:published_time\" content=\"2026-01-18T15:59:04+00:00\" \/>\n<meta property=\"article:modified_time\" content=\"2026-01-18T15:59:05+00:00\" \/>\n<meta property=\"og:image\" content=\"https:\/\/nahuelproducciones.com.ar\/radioquijano\/wp-content\/uploads\/2026\/01\/306991626_149126944482266_6623469969454017528_n.jpg\" \/>\n\t<meta property=\"og:image:width\" content=\"500\" \/>\n\t<meta property=\"og:image:height\" content=\"489\" \/>\n\t<meta property=\"og:image:type\" content=\"image\/jpeg\" \/>\n<meta name=\"author\" content=\"Cecilia Pastrana\" \/>\n<meta name=\"twitter:card\" content=\"summary_large_image\" \/>\n<meta name=\"twitter:creator\" content=\"@nahuproduciones\" \/>\n<meta name=\"twitter:site\" content=\"@nahuproduciones\" \/>\n<meta name=\"twitter:label1\" content=\"Escrito por\" \/>\n\t<meta name=\"twitter:data1\" content=\"Cecilia Pastrana\" \/>\n\t<meta name=\"twitter:label2\" content=\"Tiempo de lectura\" \/>\n\t<meta name=\"twitter:data2\" content=\"2 minutos\" \/>\n<script type=\"application\/ld+json\" class=\"yoast-schema-graph\">{\"@context\":\"https:\/\/schema.org\",\"@graph\":[{\"@type\":\"WebPage\",\"@id\":\"https:\/\/nahuelproducciones.com.ar\/radioquijano\/preocupacion-vecinal-por-picadas-y-ruidos-molestos-de-motos-en-el-centro-de-campo-quijano\/\",\"url\":\"https:\/\/nahuelproducciones.com.ar\/radioquijano\/preocupacion-vecinal-por-picadas-y-ruidos-molestos-de-motos-en-el-centro-de-campo-quijano\/\",\"name\":\"Preocupaci\u00f3n vecinal por picadas y ruidos molestos de motos en el centro de Campo Quijano - RQ 99.9\",\"isPartOf\":{\"@id\":\"https:\/\/nahuelproducciones.com.ar\/radioquijano\/#website\"},\"datePublished\":\"2026-01-18T15:59:04+00:00\",\"dateModified\":\"2026-01-18T15:59:05+00:00\",\"author\":{\"@id\":\"https:\/\/nahuelproducciones.com.ar\/radioquijano\/#\/schema\/person\/e8a4f939e2cb487fe6d0c54042c9d32c\"},\"description\":\"Los vecinos reclaman mayor presencia policial, controles efectivos y medidas de prevenci\u00f3n para que estas situaciones no se vuelvan una costumbre.\",\"breadcrumb\":{\"@id\":\"https:\/\/nahuelproducciones.com.ar\/radioquijano\/preocupacion-vecinal-por-picadas-y-ruidos-molestos-de-motos-en-el-centro-de-campo-quijano\/#breadcrumb\"},\"inLanguage\":\"es\",\"potentialAction\":[{\"@type\":\"ReadAction\",\"target\":[\"https:\/\/nahuelproducciones.com.ar\/radioquijano\/preocupacion-vecinal-por-picadas-y-ruidos-molestos-de-motos-en-el-centro-de-campo-quijano\/\"]}]},{\"@type\":\"BreadcrumbList\",\"@id\":\"https:\/\/nahuelproducciones.com.ar\/radioquijano\/preocupacion-vecinal-por-picadas-y-ruidos-molestos-de-motos-en-el-centro-de-campo-quijano\/#breadcrumb\",\"itemListElement\":[{\"@type\":\"ListItem\",\"position\":1,\"name\":\"Portada\",\"item\":\"https:\/\/nahuelproducciones.com.ar\/radioquijano\/\"},{\"@type\":\"ListItem\",\"position\":2,\"name\":\"Preocupaci\u00f3n vecinal por picadas y ruidos molestos de motos en el centro de Campo Quijano\"}]},{\"@type\":\"WebSite\",\"@id\":\"https:\/\/nahuelproducciones.com.ar\/radioquijano\/#website\",\"url\":\"https:\/\/nahuelproducciones.com.ar\/radioquijano\/\",\"name\":\"RQ 99.9\",\"description\":\"Radio Quijano 99.9 MHz\",\"potentialAction\":[{\"@type\":\"SearchAction\",\"target\":{\"@type\":\"EntryPoint\",\"urlTemplate\":\"https:\/\/nahuelproducciones.com.ar\/radioquijano\/?s={search_term_string}\"},\"query-input\":\"required name=search_term_string\"}],\"inLanguage\":\"es\"},{\"@type\":\"Person\",\"@id\":\"https:\/\/nahuelproducciones.com.ar\/radioquijano\/#\/schema\/person\/e8a4f939e2cb487fe6d0c54042c9d32c\",\"name\":\"Cecilia Pastrana\",\"image\":{\"@type\":\"ImageObject\",\"inLanguage\":\"es\",\"@id\":\"https:\/\/nahuelproducciones.com.ar\/radioquijano\/#\/schema\/person\/image\/\",\"url\":\"https:\/\/secure.gravatar.com\/avatar\/661a3ef63a8488d4f2794ed44af8cf71420f7e106f3072c40125114df5157749?s=96&d=mm&r=g\",\"contentUrl\":\"https:\/\/secure.gravatar.com\/avatar\/661a3ef63a8488d4f2794ed44af8cf71420f7e106f3072c40125114df5157749?s=96&d=mm&r=g\",\"caption\":\"Cecilia Pastrana\"},\"sameAs\":[\"cecy\"],\"url\":\"https:\/\/nahuelproducciones.com.ar\/radioquijano\/author\/cecy\/\"}]}<\/script>\n<!-- \/ Yoast SEO plugin. -->","yoast_head_json":{"title":"Preocupaci\u00f3n vecinal por picadas y ruidos molestos de motos en el centro de Campo Quijano - RQ 99.9","description":"Los vecinos reclaman mayor presencia policial, controles efectivos y medidas de prevenci\u00f3n para que estas situaciones no se vuelvan una costumbre.","robots":{"index":"index","follow":"follow","max-snippet":"max-snippet:-1","max-image-preview":"max-image-preview:large","max-video-preview":"max-video-preview:-1"},"canonical":"https:\/\/nahuelproducciones.com.ar\/radioquijano\/preocupacion-vecinal-por-picadas-y-ruidos-molestos-de-motos-en-el-centro-de-campo-quijano\/","og_locale":"es_ES","og_type":"article","og_title":"Preocupaci\u00f3n vecinal por picadas y ruidos molestos de motos en el centro de Campo Quijano - RQ 99.9","og_description":"Los vecinos reclaman mayor presencia policial, controles efectivos y medidas de prevenci\u00f3n para que estas situaciones no se vuelvan una costumbre.","og_url":"https:\/\/nahuelproducciones.com.ar\/radioquijano\/preocupacion-vecinal-por-picadas-y-ruidos-molestos-de-motos-en-el-centro-de-campo-quijano\/","og_site_name":"RQ 99.9","article_publisher":"https:\/\/www.facebook.com\/nahuelproducciones999\/","article_published_time":"2026-01-18T15:59:04+00:00","article_modified_time":"2026-01-18T15:59:05+00:00","og_image":[{"width":500,"height":489,"url":"https:\/\/nahuelproducciones.com.ar\/radioquijano\/wp-content\/uploads\/2026\/01\/306991626_149126944482266_6623469969454017528_n.jpg","type":"image\/jpeg"}],"author":"Cecilia Pastrana","twitter_card":"summary_large_image","twitter_creator":"@nahuproduciones","twitter_site":"@nahuproduciones","twitter_misc":{"Escrito por":"Cecilia Pastrana","Tiempo de lectura":"2 minutos"},"schema":{"@context":"https:\/\/schema.org","@graph":[{"@type":"WebPage","@id":"https:\/\/nahuelproducciones.com.ar\/radioquijano\/preocupacion-vecinal-por-picadas-y-ruidos-molestos-de-motos-en-el-centro-de-campo-quijano\/","url":"https:\/\/nahuelproducciones.com.ar\/radioquijano\/preocupacion-vecinal-por-picadas-y-ruidos-molestos-de-motos-en-el-centro-de-campo-quijano\/","name":"Preocupaci\u00f3n vecinal por picadas y ruidos molestos de motos en el centro de Campo Quijano - RQ 99.9","isPartOf":{"@id":"https:\/\/nahuelproducciones.com.ar\/radioquijano\/#website"},"datePublished":"2026-01-18T15:59:04+00:00","dateModified":"2026-01-18T15:59:05+00:00","author":{"@id":"https:\/\/nahuelproducciones.com.ar\/radioquijano\/#\/schema\/person\/e8a4f939e2cb487fe6d0c54042c9d32c"},"description":"Los vecinos reclaman mayor presencia policial, controles efectivos y medidas de prevenci\u00f3n para que estas situaciones no se vuelvan una costumbre.","breadcrumb":{"@id":"https:\/\/nahuelproducciones.com.ar\/radioquijano\/preocupacion-vecinal-por-picadas-y-ruidos-molestos-de-motos-en-el-centro-de-campo-quijano\/#breadcrumb"},"inLanguage":"es","potentialAction":[{"@type":"ReadAction","target":["https:\/\/nahuelproducciones.com.ar\/radioquijano\/preocupacion-vecinal-por-picadas-y-ruidos-molestos-de-motos-en-el-centro-de-campo-quijano\/"]}]},{"@type":"BreadcrumbList","@id":"https:\/\/nahuelproducciones.com.ar\/radioquijano\/preocupacion-vecinal-por-picadas-y-ruidos-molestos-de-motos-en-el-centro-de-campo-quijano\/#breadcrumb","itemListElement":[{"@type":"ListItem","position":1,"name":"Portada","item":"https:\/\/nahuelproducciones.com.ar\/radioquijano\/"},{"@type":"ListItem","position":2,"name":"Preocupaci\u00f3n vecinal por picadas y ruidos molestos de motos en el centro de Campo Quijano"}]},{"@type":"WebSite","@id":"https:\/\/nahuelproducciones.com.ar\/radioquijano\/#website","url":"https:\/\/nahuelproducciones.com.ar\/radioquijano\/","name":"RQ 99.9","description":"Radio Quijano 99.9 MHz","potentialAction":[{"@type":"SearchAction","target":{"@type":"EntryPoint","urlTemplate":"https:\/\/nahuelproducciones.com.ar\/radioquijano\/?s={search_term_string}"},"query-input":"required name=search_term_string"}],"inLanguage":"es"},{"@type":"Person","@id":"https:\/\/nahuelproducciones.com.ar\/radioquijano\/#\/schema\/person\/e8a4f939e2cb487fe6d0c54042c9d32c","name":"Cecilia Pastrana","image":{"@type":"ImageObject","inLanguage":"es","@id":"https:\/\/nahuelproducciones.com.ar\/radioquijano\/#\/schema\/person\/image\/","url":"https:\/\/secure.gravatar.com\/avatar\/661a3ef63a8488d4f2794ed44af8cf71420f7e106f3072c40125114df5157749?s=96&d=mm&r=g","contentUrl":"https:\/\/secure.gravatar.com\/avatar\/661a3ef63a8488d4f2794ed44af8cf71420f7e106f3072c40125114df5157749?s=96&d=mm&r=g","caption":"Cecilia Pastrana"},"sameAs":["cecy"],"url":"https:\/\/nahuelproducciones.com.ar\/radioquijano\/author\/cecy\/"}]}},"_links":{"self":[{"href":"https:\/\/nahuelproducciones.com.ar\/radioquijano\/wp-json\/wp\/v2\/posts\/11887","targetHints":{"allow":["GET"]}}],"collection":[{"href":"https:\/\/nahuelproducciones.com.ar\/radioquijano\/wp-json\/wp\/v2\/posts"}],"about":[{"href":"https:\/\/nahuelproducciones.com.ar\/radioquijano\/wp-json\/wp\/v2\/types\/post"}],"author":[{"embeddable":true,"href":"https:\/\/nahuelproducciones.com.ar\/radioquijano\/wp-json\/wp\/v2\/users\/8"}],"replies":[{"embeddable":true,"href":"https:\/\/nahuelproducciones.com.ar\/radioquijano\/wp-json\/wp\/v2\/comments?post=11887"}],"version-history":[{"count":1,"href":"https:\/\/nahuelproducciones.com.ar\/radioquijano\/wp-json\/wp\/v2\/posts\/11887\/revisions"}],"predecessor-version":[{"id":11889,"href":"https:\/\/nahuelproducciones.com.ar\/radioquijano\/wp-json\/wp\/v2\/posts\/11887\/revisions\/11889"}],"wp:featuredmedia":[{"embeddable":true,"href":"https:\/\/nahuelproducciones.com.ar\/radioquijano\/wp-json\/wp\/v2\/media\/11888"}],"wp:attachment":[{"href":"https:\/\/nahuelproducciones.com.ar\/radioquijano\/wp-json\/wp\/v2\/media?parent=11887"}],"wp:term":[{"taxonomy":"category","embeddable":true,"href":"https:\/\/nahuelproducciones.com.ar\/radioquijano\/wp-json\/wp\/v2\/categories?post=11887"},{"taxonomy":"post_tag","embeddable":true,"href":"https:\/\/nahuelproducciones.com.ar\/radioquijano\/wp-json\/wp\/v2\/tags?post=11887"}],"curies":[{"name":"wp","href":"https:\/\/api.w.org\/{rel}","templated":true}]}}