{"id":11890,"date":"2026-01-18T20:00:58","date_gmt":"2026-01-18T23:00:58","guid":{"rendered":"https:\/\/nahuelproducciones.com.ar\/radioquijano\/?p=11890"},"modified":"2026-01-18T20:01:00","modified_gmt":"2026-01-18T23:01:00","slug":"campo-quijano-celebra-un-nuevo-orgullo-en-el-festival-nacional-del-malambo-de-laborde-cordoba","status":"publish","type":"post","link":"https:\/\/nahuelproducciones.com.ar\/radioquijano\/campo-quijano-celebra-un-nuevo-orgullo-en-el-festival-nacional-del-malambo-de-laborde-cordoba\/","title":{"rendered":"Campo Quijano celebra un nuevo orgullo en el Festival Nacional del Malambo de Laborde, C\u00f3rdoba"},"content":{"rendered":"\n<p>Jimena Abrelco Marucci y su pareja de baile, Horacio Quispe, representaron a la provincia de Salta en la 58\u00b0 edici\u00f3n del Festival Nacional del Malambo, realizada en la ciudad de Laborde, C\u00f3rdoba, el m\u00e1ximo escenario de la danza folkl\u00f3rica del pa\u00eds, y se consagraron campeones en la categor\u00eda <em>Pareja de Danza<\/em>, obteniendo el mayor galard\u00f3n de su rubro.<\/p>\n\n\n\n<p>La destacada dupla particip\u00f3 en la \u00faltima noche de competencia, donde brillaron con una presentaci\u00f3n de alto nivel t\u00e9cnico y art\u00edstico que emocion\u00f3 al p\u00fablico y al jurado, confirmando su rol protag\u00f3nico dentro del folklore nacional.<\/p>\n\n\n\n<p>El momento de la consagraci\u00f3n se vivi\u00f3 con gran expectativa cuando se dieron a conocer los ganadores de esta edici\u00f3n 2026, instancia en la que Jimena y Horacio fueron anunciados como vencedores absolutos de su categor\u00eda.<\/p>\n\n\n\n<p>Cabe destacar que Jimena Abrelco Marucci es vecina de Campo Quijano, motivo de orgullo para toda la comunidad, que hoy celebra este importante logro cultural que trasciende las fronteras provinciales y pone en lo m\u00e1s alto el talento local.<\/p>\n\n\n\n<p>Desde Campo Quijano y toda Salta, las felicitaciones a ambos bailarines por esta consagraci\u00f3n hist\u00f3rica en el Festival Nacional del Malambo de Laborde, C\u00f3rdoba.<\/p>\n\n\n\n<figure class=\"wp-block-video\"><video controls src=\"https:\/\/nahuelproducciones.com.ar\/radioquijano\/wp-content\/uploads\/2026\/01\/WhatsApp-Video-2026-01-18-at-2.09.54-PM.mp4\"><\/video><\/figure>\n","protected":false},"excerpt":{"rendered":"<p>Jimena Abrelco Marucci y su pareja de baile, Horacio Quispe, representaron a la provincia de Salta en la 58\u00b0 edici\u00f3n del Festival Nacional del Malambo, realizada en la ciudad de Laborde, C\u00f3rdoba, el m\u00e1ximo escenario de la danza folkl\u00f3rica del pa\u00eds, y se consagraron campeones en la categor\u00eda Pareja de Danza, obteniendo el mayor galard\u00f3n [&hellip;]<\/p>\n","protected":false},"author":8,"featured_media":11891,"comment_status":"open","ping_status":"open","sticky":false,"template":"","format":"standard","meta":{"_monsterinsights_skip_tracking":false,"_monsterinsights_sitenote_active":false,"_monsterinsights_sitenote_note":"","_monsterinsights_sitenote_category":0,"footnotes":""},"categories":[16],"tags":[],"class_list":["post-11890","post","type-post","status-publish","format-standard","has-post-thumbnail","hentry","category-noticias"],"yoast_head":"<!-- This site is optimized with the Yoast SEO plugin v20.8 - https:\/\/yoast.com\/wordpress\/plugins\/seo\/ -->\n<title>Campo Quijano celebra un nuevo orgullo en el Festival Nacional del Malambo de Laborde, C\u00f3rdoba - RQ 99.9<\/title>\n<meta name=\"description\" content=\"Desde Campo Quijano y toda Salta, las felicitaciones a ambos bailarines por esta consagraci\u00f3n hist\u00f3rica en el Festival Nacional del Malambo de Laborde, C\u00f3rdoba.\" \/>\n<meta name=\"robots\" content=\"index, follow, max-snippet:-1, max-image-preview:large, max-video-preview:-1\" \/>\n<link rel=\"canonical\" href=\"https:\/\/nahuelproducciones.com.ar\/radioquijano\/campo-quijano-celebra-un-nuevo-orgullo-en-el-festival-nacional-del-malambo-de-laborde-cordoba\/\" \/>\n<meta property=\"og:locale\" content=\"es_ES\" \/>\n<meta property=\"og:type\" content=\"article\" \/>\n<meta property=\"og:title\" content=\"Campo Quijano celebra un nuevo orgullo en el Festival Nacional del Malambo de Laborde, C\u00f3rdoba - RQ 99.9\" \/>\n<meta property=\"og:description\" content=\"Desde Campo Quijano y toda Salta, las felicitaciones a ambos bailarines por esta consagraci\u00f3n hist\u00f3rica en el Festival Nacional del Malambo de Laborde, C\u00f3rdoba.\" \/>\n<meta property=\"og:url\" content=\"https:\/\/nahuelproducciones.com.ar\/radioquijano\/campo-quijano-celebra-un-nuevo-orgullo-en-el-festival-nacional-del-malambo-de-laborde-cordoba\/\" \/>\n<meta property=\"og:site_name\" content=\"RQ 99.9\" \/>\n<meta property=\"article:publisher\" content=\"https:\/\/www.facebook.com\/nahuelproducciones999\/\" \/>\n<meta property=\"article:published_time\" content=\"2026-01-18T23:00:58+00:00\" \/>\n<meta property=\"article:modified_time\" content=\"2026-01-18T23:01:00+00:00\" \/>\n<meta property=\"og:image\" content=\"https:\/\/nahuelproducciones.com.ar\/radioquijano\/wp-content\/uploads\/2026\/01\/WhatsApp-Image-2026-01-18-at-7.44.13-PM-e1768777231197.jpeg\" \/>\n\t<meta property=\"og:image:width\" content=\"700\" \/>\n\t<meta property=\"og:image:height\" content=\"377\" \/>\n\t<meta property=\"og:image:type\" content=\"image\/jpeg\" \/>\n<meta name=\"author\" content=\"Cecilia Pastrana\" \/>\n<meta name=\"twitter:card\" content=\"summary_large_image\" \/>\n<meta name=\"twitter:creator\" content=\"@nahuproduciones\" \/>\n<meta name=\"twitter:site\" content=\"@nahuproduciones\" \/>\n<meta name=\"twitter:label1\" content=\"Escrito por\" \/>\n\t<meta name=\"twitter:data1\" content=\"Cecilia Pastrana\" \/>\n\t<meta name=\"twitter:label2\" content=\"Tiempo de lectura\" \/>\n\t<meta name=\"twitter:data2\" content=\"1 minuto\" \/>\n<script type=\"application\/ld+json\" class=\"yoast-schema-graph\">{\"@context\":\"https:\/\/schema.org\",\"@graph\":[{\"@type\":\"WebPage\",\"@id\":\"https:\/\/nahuelproducciones.com.ar\/radioquijano\/campo-quijano-celebra-un-nuevo-orgullo-en-el-festival-nacional-del-malambo-de-laborde-cordoba\/\",\"url\":\"https:\/\/nahuelproducciones.com.ar\/radioquijano\/campo-quijano-celebra-un-nuevo-orgullo-en-el-festival-nacional-del-malambo-de-laborde-cordoba\/\",\"name\":\"Campo Quijano celebra un nuevo orgullo en el Festival Nacional del Malambo de Laborde, C\u00f3rdoba - RQ 99.9\",\"isPartOf\":{\"@id\":\"https:\/\/nahuelproducciones.com.ar\/radioquijano\/#website\"},\"datePublished\":\"2026-01-18T23:00:58+00:00\",\"dateModified\":\"2026-01-18T23:01:00+00:00\",\"author\":{\"@id\":\"https:\/\/nahuelproducciones.com.ar\/radioquijano\/#\/schema\/person\/e8a4f939e2cb487fe6d0c54042c9d32c\"},\"description\":\"Desde Campo Quijano y toda Salta, las felicitaciones a ambos bailarines por esta consagraci\u00f3n hist\u00f3rica en el Festival Nacional del Malambo de Laborde, C\u00f3rdoba.\",\"breadcrumb\":{\"@id\":\"https:\/\/nahuelproducciones.com.ar\/radioquijano\/campo-quijano-celebra-un-nuevo-orgullo-en-el-festival-nacional-del-malambo-de-laborde-cordoba\/#breadcrumb\"},\"inLanguage\":\"es\",\"potentialAction\":[{\"@type\":\"ReadAction\",\"target\":[\"https:\/\/nahuelproducciones.com.ar\/radioquijano\/campo-quijano-celebra-un-nuevo-orgullo-en-el-festival-nacional-del-malambo-de-laborde-cordoba\/\"]}]},{\"@type\":\"BreadcrumbList\",\"@id\":\"https:\/\/nahuelproducciones.com.ar\/radioquijano\/campo-quijano-celebra-un-nuevo-orgullo-en-el-festival-nacional-del-malambo-de-laborde-cordoba\/#breadcrumb\",\"itemListElement\":[{\"@type\":\"ListItem\",\"position\":1,\"name\":\"Portada\",\"item\":\"https:\/\/nahuelproducciones.com.ar\/radioquijano\/\"},{\"@type\":\"ListItem\",\"position\":2,\"name\":\"Campo Quijano celebra un nuevo orgullo en el Festival Nacional del Malambo de Laborde, C\u00f3rdoba\"}]},{\"@type\":\"WebSite\",\"@id\":\"https:\/\/nahuelproducciones.com.ar\/radioquijano\/#website\",\"url\":\"https:\/\/nahuelproducciones.com.ar\/radioquijano\/\",\"name\":\"RQ 99.9\",\"description\":\"Radio Quijano 99.9 MHz\",\"potentialAction\":[{\"@type\":\"SearchAction\",\"target\":{\"@type\":\"EntryPoint\",\"urlTemplate\":\"https:\/\/nahuelproducciones.com.ar\/radioquijano\/?s={search_term_string}\"},\"query-input\":\"required name=search_term_string\"}],\"inLanguage\":\"es\"},{\"@type\":\"Person\",\"@id\":\"https:\/\/nahuelproducciones.com.ar\/radioquijano\/#\/schema\/person\/e8a4f939e2cb487fe6d0c54042c9d32c\",\"name\":\"Cecilia Pastrana\",\"image\":{\"@type\":\"ImageObject\",\"inLanguage\":\"es\",\"@id\":\"https:\/\/nahuelproducciones.com.ar\/radioquijano\/#\/schema\/person\/image\/\",\"url\":\"https:\/\/secure.gravatar.com\/avatar\/661a3ef63a8488d4f2794ed44af8cf71420f7e106f3072c40125114df5157749?s=96&d=mm&r=g\",\"contentUrl\":\"https:\/\/secure.gravatar.com\/avatar\/661a3ef63a8488d4f2794ed44af8cf71420f7e106f3072c40125114df5157749?s=96&d=mm&r=g\",\"caption\":\"Cecilia Pastrana\"},\"sameAs\":[\"cecy\"],\"url\":\"https:\/\/nahuelproducciones.com.ar\/radioquijano\/author\/cecy\/\"}]}<\/script>\n<!-- \/ Yoast SEO plugin. -->","yoast_head_json":{"title":"Campo Quijano celebra un nuevo orgullo en el Festival Nacional del Malambo de Laborde, C\u00f3rdoba - RQ 99.9","description":"Desde Campo Quijano y toda Salta, las felicitaciones a ambos bailarines por esta consagraci\u00f3n hist\u00f3rica en el Festival Nacional del Malambo de Laborde, C\u00f3rdoba.","robots":{"index":"index","follow":"follow","max-snippet":"max-snippet:-1","max-image-preview":"max-image-preview:large","max-video-preview":"max-video-preview:-1"},"canonical":"https:\/\/nahuelproducciones.com.ar\/radioquijano\/campo-quijano-celebra-un-nuevo-orgullo-en-el-festival-nacional-del-malambo-de-laborde-cordoba\/","og_locale":"es_ES","og_type":"article","og_title":"Campo Quijano celebra un nuevo orgullo en el Festival Nacional del Malambo de Laborde, C\u00f3rdoba - RQ 99.9","og_description":"Desde Campo Quijano y toda Salta, las felicitaciones a ambos bailarines por esta consagraci\u00f3n hist\u00f3rica en el Festival Nacional del Malambo de Laborde, C\u00f3rdoba.","og_url":"https:\/\/nahuelproducciones.com.ar\/radioquijano\/campo-quijano-celebra-un-nuevo-orgullo-en-el-festival-nacional-del-malambo-de-laborde-cordoba\/","og_site_name":"RQ 99.9","article_publisher":"https:\/\/www.facebook.com\/nahuelproducciones999\/","article_published_time":"2026-01-18T23:00:58+00:00","article_modified_time":"2026-01-18T23:01:00+00:00","og_image":[{"width":700,"height":377,"url":"https:\/\/nahuelproducciones.com.ar\/radioquijano\/wp-content\/uploads\/2026\/01\/WhatsApp-Image-2026-01-18-at-7.44.13-PM-e1768777231197.jpeg","type":"image\/jpeg"}],"author":"Cecilia Pastrana","twitter_card":"summary_large_image","twitter_creator":"@nahuproduciones","twitter_site":"@nahuproduciones","twitter_misc":{"Escrito por":"Cecilia Pastrana","Tiempo de lectura":"1 minuto"},"schema":{"@context":"https:\/\/schema.org","@graph":[{"@type":"WebPage","@id":"https:\/\/nahuelproducciones.com.ar\/radioquijano\/campo-quijano-celebra-un-nuevo-orgullo-en-el-festival-nacional-del-malambo-de-laborde-cordoba\/","url":"https:\/\/nahuelproducciones.com.ar\/radioquijano\/campo-quijano-celebra-un-nuevo-orgullo-en-el-festival-nacional-del-malambo-de-laborde-cordoba\/","name":"Campo Quijano celebra un nuevo orgullo en el Festival Nacional del Malambo de Laborde, C\u00f3rdoba - RQ 99.9","isPartOf":{"@id":"https:\/\/nahuelproducciones.com.ar\/radioquijano\/#website"},"datePublished":"2026-01-18T23:00:58+00:00","dateModified":"2026-01-18T23:01:00+00:00","author":{"@id":"https:\/\/nahuelproducciones.com.ar\/radioquijano\/#\/schema\/person\/e8a4f939e2cb487fe6d0c54042c9d32c"},"description":"Desde Campo Quijano y toda Salta, las felicitaciones a ambos bailarines por esta consagraci\u00f3n hist\u00f3rica en el Festival Nacional del Malambo de Laborde, C\u00f3rdoba.","breadcrumb":{"@id":"https:\/\/nahuelproducciones.com.ar\/radioquijano\/campo-quijano-celebra-un-nuevo-orgullo-en-el-festival-nacional-del-malambo-de-laborde-cordoba\/#breadcrumb"},"inLanguage":"es","potentialAction":[{"@type":"ReadAction","target":["https:\/\/nahuelproducciones.com.ar\/radioquijano\/campo-quijano-celebra-un-nuevo-orgullo-en-el-festival-nacional-del-malambo-de-laborde-cordoba\/"]}]},{"@type":"BreadcrumbList","@id":"https:\/\/nahuelproducciones.com.ar\/radioquijano\/campo-quijano-celebra-un-nuevo-orgullo-en-el-festival-nacional-del-malambo-de-laborde-cordoba\/#breadcrumb","itemListElement":[{"@type":"ListItem","position":1,"name":"Portada","item":"https:\/\/nahuelproducciones.com.ar\/radioquijano\/"},{"@type":"ListItem","position":2,"name":"Campo Quijano celebra un nuevo orgullo en el Festival Nacional del Malambo de Laborde, C\u00f3rdoba"}]},{"@type":"WebSite","@id":"https:\/\/nahuelproducciones.com.ar\/radioquijano\/#website","url":"https:\/\/nahuelproducciones.com.ar\/radioquijano\/","name":"RQ 99.9","description":"Radio Quijano 99.9 MHz","potentialAction":[{"@type":"SearchAction","target":{"@type":"EntryPoint","urlTemplate":"https:\/\/nahuelproducciones.com.ar\/radioquijano\/?s={search_term_string}"},"query-input":"required name=search_term_string"}],"inLanguage":"es"},{"@type":"Person","@id":"https:\/\/nahuelproducciones.com.ar\/radioquijano\/#\/schema\/person\/e8a4f939e2cb487fe6d0c54042c9d32c","name":"Cecilia Pastrana","image":{"@type":"ImageObject","inLanguage":"es","@id":"https:\/\/nahuelproducciones.com.ar\/radioquijano\/#\/schema\/person\/image\/","url":"https:\/\/secure.gravatar.com\/avatar\/661a3ef63a8488d4f2794ed44af8cf71420f7e106f3072c40125114df5157749?s=96&d=mm&r=g","contentUrl":"https:\/\/secure.gravatar.com\/avatar\/661a3ef63a8488d4f2794ed44af8cf71420f7e106f3072c40125114df5157749?s=96&d=mm&r=g","caption":"Cecilia Pastrana"},"sameAs":["cecy"],"url":"https:\/\/nahuelproducciones.com.ar\/radioquijano\/author\/cecy\/"}]}},"_links":{"self":[{"href":"https:\/\/nahuelproducciones.com.ar\/radioquijano\/wp-json\/wp\/v2\/posts\/11890","targetHints":{"allow":["GET"]}}],"collection":[{"href":"https:\/\/nahuelproducciones.com.ar\/radioquijano\/wp-json\/wp\/v2\/posts"}],"about":[{"href":"https:\/\/nahuelproducciones.com.ar\/radioquijano\/wp-json\/wp\/v2\/types\/post"}],"author":[{"embeddable":true,"href":"https:\/\/nahuelproducciones.com.ar\/radioquijano\/wp-json\/wp\/v2\/users\/8"}],"replies":[{"embeddable":true,"href":"https:\/\/nahuelproducciones.com.ar\/radioquijano\/wp-json\/wp\/v2\/comments?post=11890"}],"version-history":[{"count":1,"href":"https:\/\/nahuelproducciones.com.ar\/radioquijano\/wp-json\/wp\/v2\/posts\/11890\/revisions"}],"predecessor-version":[{"id":11893,"href":"https:\/\/nahuelproducciones.com.ar\/radioquijano\/wp-json\/wp\/v2\/posts\/11890\/revisions\/11893"}],"wp:featuredmedia":[{"embeddable":true,"href":"https:\/\/nahuelproducciones.com.ar\/radioquijano\/wp-json\/wp\/v2\/media\/11891"}],"wp:attachment":[{"href":"https:\/\/nahuelproducciones.com.ar\/radioquijano\/wp-json\/wp\/v2\/media?parent=11890"}],"wp:term":[{"taxonomy":"category","embeddable":true,"href":"https:\/\/nahuelproducciones.com.ar\/radioquijano\/wp-json\/wp\/v2\/categories?post=11890"},{"taxonomy":"post_tag","embeddable":true,"href":"https:\/\/nahuelproducciones.com.ar\/radioquijano\/wp-json\/wp\/v2\/tags?post=11890"}],"curies":[{"name":"wp","href":"https:\/\/api.w.org\/{rel}","templated":true}]}}