{"id":11894,"date":"2026-01-18T20:39:50","date_gmt":"2026-01-18T23:39:50","guid":{"rendered":"https:\/\/nahuelproducciones.com.ar\/radioquijano\/?p=11894"},"modified":"2026-01-18T20:39:51","modified_gmt":"2026-01-18T23:39:51","slug":"el-temporal-afecta-el-corredor-minero-cortes-en-las-rutas-nacionales-51-salta-y-52-jujuy","status":"publish","type":"post","link":"https:\/\/nahuelproducciones.com.ar\/radioquijano\/el-temporal-afecta-el-corredor-minero-cortes-en-las-rutas-nacionales-51-salta-y-52-jujuy\/","title":{"rendered":"El temporal afecta el corredor minero: cortes en las rutas nacionales 51 (Salta) y 52 (Jujuy)"},"content":{"rendered":"\n<p>Las intensas lluvias provocaron derrumbes y cortes en la ruta nacional 51, entre Campo Quijano e Ingeniero Maury. Tambi\u00e9n est\u00e1 complicada la transitabilidad en la ruta nacional 52 (Jujuy). Rige alerta naranja por tormentas y piden extremar la precauci\u00f3n.<\/p>\n\n\n\n<p><strong>Lluvias fuertes y persistentes lluvias\u00a0<\/strong>generan serias\u00a0<strong>complicaciones en rutas mineras clave de Salta y Jujuy.<\/strong>\u00a0En la\u00a0<strong>Quebrada del Toro<\/strong>, las intensas precipitaciones provocaron\u00a0<strong>desmoronamientos sobre la ruta nacional 51<\/strong>, especialmente en el\u00a0<strong>tramo comprendido entre Campo Quijano e Ingeniero Maury<\/strong>, afectando la circulaci\u00f3n vehicular y obligando a extremar las medidas de seguridad.<\/p>\n\n\n\n<p>Seg\u00fan fuentes consultadas por<strong>&nbsp;Salta Mining<\/strong>, los&nbsp;<strong>derrumbes<\/strong>&nbsp;se registraron en varios sectores del corredor, entre ellos&nbsp;<strong>Don Julio, La Berta y El Mollar<\/strong>, zonas que suelen verse impactadas por las lluvias intensas debido a la inestabilidad del terreno y la&nbsp;<strong>acumulaci\u00f3n de material sobre la calzada<\/strong>. Personal de&nbsp;<strong>Vialidad&nbsp;<\/strong>trabaja en el lugar para&nbsp;<strong>restablecer la transitabilidad&nbsp;<\/strong>cuando las condiciones lo permitan.<\/p>\n\n\n\n<h2 class=\"wp-block-heading\">Cortes en la ruta nacional 52, Jujuy<\/h2>\n\n\n\n<p><strong>La situaci\u00f3n no es exclusiva de Salta<\/strong>. En la provincia de<strong>&nbsp;Jujuy<\/strong>, las<strong>&nbsp;lluvias persistentes y la crecida de r\u00edos<\/strong>&nbsp;obligaron a emitir un reporte especial de transitabilidad para este domingo, con&nbsp;<strong>cortes totales y tramos donde se solicita circular con extrema precauci\u00f3n.<\/strong><\/p>\n\n\n\n<h3 class=\"wp-block-heading\">De acuerdo al informe actualizado, se encuentran intransitables por crecida de r\u00edos los siguientes tramos:<\/h3>\n\n\n\n<ul class=\"wp-block-list\">\n<li>Ruta Nacional 40, a la altura del r\u00edo San Juan de Oro.<\/li>\n\n\n\n<li>Ruta Nacional 40, entre El Ca\u00f1ad\u00f3n y Paicone.<\/li>\n\n\n\n<li>Ruta Provincial 79, a la altura de Abralaite.<\/li>\n<\/ul>\n\n\n\n<h3 class=\"wp-block-heading\">En tanto, se recomienda transitar con m\u00e1xima precauci\u00f3n en:<\/h3>\n\n\n\n<ul class=\"wp-block-list\">\n<li>Ruta Provincial 7, entre Casa Colorada y San Juan de Misa Rumi.<\/li>\n\n\n\n<li>Ruta Nacional 52, a la altura del kil\u00f3metro 185, por acumulaci\u00f3n de arena sobre la calzada.<\/li>\n\n\n\n<li>Ruta Provincial 83, en el tramo Pampichuela\u2013Valle Grande.<\/li>\n\n\n\n<li>Ruta Provincial 73, a la altura de Palca de Aparzo y entre Valle Colorado y Santa Ana.<\/li>\n\n\n\n<li>Ruta Nacional 34, kil\u00f3metro 1159, acceso norte a San Pedro, por obras de duplicaci\u00f3n de calzada.<\/li>\n<\/ul>\n\n\n\n<p>Desde los organismos de Seguridad Vial recordaron que&nbsp;<strong>se mantiene el alerta naranja por tormentas fuertes para la madrugada del lunes<\/strong>, lo que&nbsp;<strong>podr\u00eda agravar la situaci\u00f3n en rutas y caminos de monta\u00f1a<\/strong>. En ese contexto, se recomienda evitar desplazamientos innecesarios y, en caso de viajar, hacerlo con extrema prudencia, respetando las indicaciones del personal en ruta y las se\u00f1alizaciones preventivas.<\/p>\n\n\n\n<p>Las autoridades contin\u00faan monitoreando la&nbsp;<strong>evoluci\u00f3n del temporal<\/strong>&nbsp;y no descartan nuevas&nbsp;<strong>restricciones<\/strong>&nbsp;si las condiciones clim\u00e1ticas empeoran en las pr\u00f3ximas horas.<\/p>\n\n\n\n<p>Fuente: Salta Mining<\/p>\n","protected":false},"excerpt":{"rendered":"<p>Las intensas lluvias provocaron derrumbes y cortes en la ruta nacional 51, entre Campo Quijano e Ingeniero Maury. Tambi\u00e9n est\u00e1 complicada la transitabilidad en la ruta nacional 52 (Jujuy). Rige alerta naranja por tormentas y piden extremar la precauci\u00f3n. Lluvias fuertes y persistentes lluvias\u00a0generan serias\u00a0complicaciones en rutas mineras clave de Salta y Jujuy.\u00a0En la\u00a0Quebrada del [&hellip;]<\/p>\n","protected":false},"author":8,"featured_media":11895,"comment_status":"open","ping_status":"open","sticky":false,"template":"","format":"standard","meta":{"_monsterinsights_skip_tracking":false,"_monsterinsights_sitenote_active":false,"_monsterinsights_sitenote_note":"","_monsterinsights_sitenote_category":0,"footnotes":""},"categories":[16],"tags":[2054,100,339,2055],"class_list":["post-11894","post","type-post","status-publish","format-standard","has-post-thumbnail","hentry","category-noticias","tag-cortes-de-ruta","tag-municipio-de-campo-quijano","tag-ruta-nacional-51","tag-ruta-nacional-52"],"yoast_head":"<!-- This site is optimized with the Yoast SEO plugin v20.8 - https:\/\/yoast.com\/wordpress\/plugins\/seo\/ -->\n<title>El temporal afecta el corredor minero: cortes en las rutas nacionales 51 (Salta) y 52 (Jujuy) - RQ 99.9<\/title>\n<meta name=\"description\" content=\"Las autoridades contin\u00faan monitoreando la\u00a0evoluci\u00f3n del temporal\u00a0y no descartan nuevas\u00a0restricciones\u00a0si las condiciones clim\u00e1ticas empeoran en las pr\u00f3ximas horas.\" \/>\n<meta name=\"robots\" content=\"index, follow, max-snippet:-1, max-image-preview:large, max-video-preview:-1\" \/>\n<link rel=\"canonical\" href=\"https:\/\/nahuelproducciones.com.ar\/radioquijano\/el-temporal-afecta-el-corredor-minero-cortes-en-las-rutas-nacionales-51-salta-y-52-jujuy\/\" \/>\n<meta property=\"og:locale\" content=\"es_ES\" \/>\n<meta property=\"og:type\" content=\"article\" \/>\n<meta property=\"og:title\" content=\"El temporal afecta el corredor minero: cortes en las rutas nacionales 51 (Salta) y 52 (Jujuy) - RQ 99.9\" \/>\n<meta property=\"og:description\" content=\"Las autoridades contin\u00faan monitoreando la\u00a0evoluci\u00f3n del temporal\u00a0y no descartan nuevas\u00a0restricciones\u00a0si las condiciones clim\u00e1ticas empeoran en las pr\u00f3ximas horas.\" \/>\n<meta property=\"og:url\" content=\"https:\/\/nahuelproducciones.com.ar\/radioquijano\/el-temporal-afecta-el-corredor-minero-cortes-en-las-rutas-nacionales-51-salta-y-52-jujuy\/\" \/>\n<meta property=\"og:site_name\" content=\"RQ 99.9\" \/>\n<meta property=\"article:publisher\" content=\"https:\/\/www.facebook.com\/nahuelproducciones999\/\" \/>\n<meta property=\"article:published_time\" content=\"2026-01-18T23:39:50+00:00\" \/>\n<meta property=\"article:modified_time\" content=\"2026-01-18T23:39:51+00:00\" \/>\n<meta property=\"og:image\" content=\"https:\/\/nahuelproducciones.com.ar\/radioquijano\/wp-content\/uploads\/2026\/01\/WhatsApp-Image-2026-01-18-at-8.21.25-PM-e1768779580922.jpeg\" \/>\n\t<meta property=\"og:image:width\" content=\"700\" \/>\n\t<meta property=\"og:image:height\" content=\"470\" \/>\n\t<meta property=\"og:image:type\" content=\"image\/jpeg\" \/>\n<meta name=\"author\" content=\"Cecilia Pastrana\" \/>\n<meta name=\"twitter:card\" content=\"summary_large_image\" \/>\n<meta name=\"twitter:creator\" content=\"@nahuproduciones\" \/>\n<meta name=\"twitter:site\" content=\"@nahuproduciones\" \/>\n<meta name=\"twitter:label1\" content=\"Escrito por\" \/>\n\t<meta name=\"twitter:data1\" content=\"Cecilia Pastrana\" \/>\n\t<meta name=\"twitter:label2\" content=\"Tiempo de lectura\" \/>\n\t<meta name=\"twitter:data2\" content=\"2 minutos\" \/>\n<script type=\"application\/ld+json\" class=\"yoast-schema-graph\">{\"@context\":\"https:\/\/schema.org\",\"@graph\":[{\"@type\":\"WebPage\",\"@id\":\"https:\/\/nahuelproducciones.com.ar\/radioquijano\/el-temporal-afecta-el-corredor-minero-cortes-en-las-rutas-nacionales-51-salta-y-52-jujuy\/\",\"url\":\"https:\/\/nahuelproducciones.com.ar\/radioquijano\/el-temporal-afecta-el-corredor-minero-cortes-en-las-rutas-nacionales-51-salta-y-52-jujuy\/\",\"name\":\"El temporal afecta el corredor minero: cortes en las rutas nacionales 51 (Salta) y 52 (Jujuy) - RQ 99.9\",\"isPartOf\":{\"@id\":\"https:\/\/nahuelproducciones.com.ar\/radioquijano\/#website\"},\"datePublished\":\"2026-01-18T23:39:50+00:00\",\"dateModified\":\"2026-01-18T23:39:51+00:00\",\"author\":{\"@id\":\"https:\/\/nahuelproducciones.com.ar\/radioquijano\/#\/schema\/person\/e8a4f939e2cb487fe6d0c54042c9d32c\"},\"description\":\"Las autoridades contin\u00faan monitoreando la\u00a0evoluci\u00f3n del temporal\u00a0y no descartan nuevas\u00a0restricciones\u00a0si las condiciones clim\u00e1ticas empeoran en las pr\u00f3ximas horas.\",\"breadcrumb\":{\"@id\":\"https:\/\/nahuelproducciones.com.ar\/radioquijano\/el-temporal-afecta-el-corredor-minero-cortes-en-las-rutas-nacionales-51-salta-y-52-jujuy\/#breadcrumb\"},\"inLanguage\":\"es\",\"potentialAction\":[{\"@type\":\"ReadAction\",\"target\":[\"https:\/\/nahuelproducciones.com.ar\/radioquijano\/el-temporal-afecta-el-corredor-minero-cortes-en-las-rutas-nacionales-51-salta-y-52-jujuy\/\"]}]},{\"@type\":\"BreadcrumbList\",\"@id\":\"https:\/\/nahuelproducciones.com.ar\/radioquijano\/el-temporal-afecta-el-corredor-minero-cortes-en-las-rutas-nacionales-51-salta-y-52-jujuy\/#breadcrumb\",\"itemListElement\":[{\"@type\":\"ListItem\",\"position\":1,\"name\":\"Portada\",\"item\":\"https:\/\/nahuelproducciones.com.ar\/radioquijano\/\"},{\"@type\":\"ListItem\",\"position\":2,\"name\":\"El temporal afecta el corredor minero: cortes en las rutas nacionales 51 (Salta) y 52 (Jujuy)\"}]},{\"@type\":\"WebSite\",\"@id\":\"https:\/\/nahuelproducciones.com.ar\/radioquijano\/#website\",\"url\":\"https:\/\/nahuelproducciones.com.ar\/radioquijano\/\",\"name\":\"RQ 99.9\",\"description\":\"Radio Quijano 99.9 MHz\",\"potentialAction\":[{\"@type\":\"SearchAction\",\"target\":{\"@type\":\"EntryPoint\",\"urlTemplate\":\"https:\/\/nahuelproducciones.com.ar\/radioquijano\/?s={search_term_string}\"},\"query-input\":\"required name=search_term_string\"}],\"inLanguage\":\"es\"},{\"@type\":\"Person\",\"@id\":\"https:\/\/nahuelproducciones.com.ar\/radioquijano\/#\/schema\/person\/e8a4f939e2cb487fe6d0c54042c9d32c\",\"name\":\"Cecilia Pastrana\",\"image\":{\"@type\":\"ImageObject\",\"inLanguage\":\"es\",\"@id\":\"https:\/\/nahuelproducciones.com.ar\/radioquijano\/#\/schema\/person\/image\/\",\"url\":\"https:\/\/secure.gravatar.com\/avatar\/661a3ef63a8488d4f2794ed44af8cf71420f7e106f3072c40125114df5157749?s=96&d=mm&r=g\",\"contentUrl\":\"https:\/\/secure.gravatar.com\/avatar\/661a3ef63a8488d4f2794ed44af8cf71420f7e106f3072c40125114df5157749?s=96&d=mm&r=g\",\"caption\":\"Cecilia Pastrana\"},\"sameAs\":[\"cecy\"],\"url\":\"https:\/\/nahuelproducciones.com.ar\/radioquijano\/author\/cecy\/\"}]}<\/script>\n<!-- \/ Yoast SEO plugin. -->","yoast_head_json":{"title":"El temporal afecta el corredor minero: cortes en las rutas nacionales 51 (Salta) y 52 (Jujuy) - RQ 99.9","description":"Las autoridades contin\u00faan monitoreando la\u00a0evoluci\u00f3n del temporal\u00a0y no descartan nuevas\u00a0restricciones\u00a0si las condiciones clim\u00e1ticas empeoran en las pr\u00f3ximas horas.","robots":{"index":"index","follow":"follow","max-snippet":"max-snippet:-1","max-image-preview":"max-image-preview:large","max-video-preview":"max-video-preview:-1"},"canonical":"https:\/\/nahuelproducciones.com.ar\/radioquijano\/el-temporal-afecta-el-corredor-minero-cortes-en-las-rutas-nacionales-51-salta-y-52-jujuy\/","og_locale":"es_ES","og_type":"article","og_title":"El temporal afecta el corredor minero: cortes en las rutas nacionales 51 (Salta) y 52 (Jujuy) - RQ 99.9","og_description":"Las autoridades contin\u00faan monitoreando la\u00a0evoluci\u00f3n del temporal\u00a0y no descartan nuevas\u00a0restricciones\u00a0si las condiciones clim\u00e1ticas empeoran en las pr\u00f3ximas horas.","og_url":"https:\/\/nahuelproducciones.com.ar\/radioquijano\/el-temporal-afecta-el-corredor-minero-cortes-en-las-rutas-nacionales-51-salta-y-52-jujuy\/","og_site_name":"RQ 99.9","article_publisher":"https:\/\/www.facebook.com\/nahuelproducciones999\/","article_published_time":"2026-01-18T23:39:50+00:00","article_modified_time":"2026-01-18T23:39:51+00:00","og_image":[{"width":700,"height":470,"url":"https:\/\/nahuelproducciones.com.ar\/radioquijano\/wp-content\/uploads\/2026\/01\/WhatsApp-Image-2026-01-18-at-8.21.25-PM-e1768779580922.jpeg","type":"image\/jpeg"}],"author":"Cecilia Pastrana","twitter_card":"summary_large_image","twitter_creator":"@nahuproduciones","twitter_site":"@nahuproduciones","twitter_misc":{"Escrito por":"Cecilia Pastrana","Tiempo de lectura":"2 minutos"},"schema":{"@context":"https:\/\/schema.org","@graph":[{"@type":"WebPage","@id":"https:\/\/nahuelproducciones.com.ar\/radioquijano\/el-temporal-afecta-el-corredor-minero-cortes-en-las-rutas-nacionales-51-salta-y-52-jujuy\/","url":"https:\/\/nahuelproducciones.com.ar\/radioquijano\/el-temporal-afecta-el-corredor-minero-cortes-en-las-rutas-nacionales-51-salta-y-52-jujuy\/","name":"El temporal afecta el corredor minero: cortes en las rutas nacionales 51 (Salta) y 52 (Jujuy) - RQ 99.9","isPartOf":{"@id":"https:\/\/nahuelproducciones.com.ar\/radioquijano\/#website"},"datePublished":"2026-01-18T23:39:50+00:00","dateModified":"2026-01-18T23:39:51+00:00","author":{"@id":"https:\/\/nahuelproducciones.com.ar\/radioquijano\/#\/schema\/person\/e8a4f939e2cb487fe6d0c54042c9d32c"},"description":"Las autoridades contin\u00faan monitoreando la\u00a0evoluci\u00f3n del temporal\u00a0y no descartan nuevas\u00a0restricciones\u00a0si las condiciones clim\u00e1ticas empeoran en las pr\u00f3ximas horas.","breadcrumb":{"@id":"https:\/\/nahuelproducciones.com.ar\/radioquijano\/el-temporal-afecta-el-corredor-minero-cortes-en-las-rutas-nacionales-51-salta-y-52-jujuy\/#breadcrumb"},"inLanguage":"es","potentialAction":[{"@type":"ReadAction","target":["https:\/\/nahuelproducciones.com.ar\/radioquijano\/el-temporal-afecta-el-corredor-minero-cortes-en-las-rutas-nacionales-51-salta-y-52-jujuy\/"]}]},{"@type":"BreadcrumbList","@id":"https:\/\/nahuelproducciones.com.ar\/radioquijano\/el-temporal-afecta-el-corredor-minero-cortes-en-las-rutas-nacionales-51-salta-y-52-jujuy\/#breadcrumb","itemListElement":[{"@type":"ListItem","position":1,"name":"Portada","item":"https:\/\/nahuelproducciones.com.ar\/radioquijano\/"},{"@type":"ListItem","position":2,"name":"El temporal afecta el corredor minero: cortes en las rutas nacionales 51 (Salta) y 52 (Jujuy)"}]},{"@type":"WebSite","@id":"https:\/\/nahuelproducciones.com.ar\/radioquijano\/#website","url":"https:\/\/nahuelproducciones.com.ar\/radioquijano\/","name":"RQ 99.9","description":"Radio Quijano 99.9 MHz","potentialAction":[{"@type":"SearchAction","target":{"@type":"EntryPoint","urlTemplate":"https:\/\/nahuelproducciones.com.ar\/radioquijano\/?s={search_term_string}"},"query-input":"required name=search_term_string"}],"inLanguage":"es"},{"@type":"Person","@id":"https:\/\/nahuelproducciones.com.ar\/radioquijano\/#\/schema\/person\/e8a4f939e2cb487fe6d0c54042c9d32c","name":"Cecilia Pastrana","image":{"@type":"ImageObject","inLanguage":"es","@id":"https:\/\/nahuelproducciones.com.ar\/radioquijano\/#\/schema\/person\/image\/","url":"https:\/\/secure.gravatar.com\/avatar\/661a3ef63a8488d4f2794ed44af8cf71420f7e106f3072c40125114df5157749?s=96&d=mm&r=g","contentUrl":"https:\/\/secure.gravatar.com\/avatar\/661a3ef63a8488d4f2794ed44af8cf71420f7e106f3072c40125114df5157749?s=96&d=mm&r=g","caption":"Cecilia Pastrana"},"sameAs":["cecy"],"url":"https:\/\/nahuelproducciones.com.ar\/radioquijano\/author\/cecy\/"}]}},"_links":{"self":[{"href":"https:\/\/nahuelproducciones.com.ar\/radioquijano\/wp-json\/wp\/v2\/posts\/11894","targetHints":{"allow":["GET"]}}],"collection":[{"href":"https:\/\/nahuelproducciones.com.ar\/radioquijano\/wp-json\/wp\/v2\/posts"}],"about":[{"href":"https:\/\/nahuelproducciones.com.ar\/radioquijano\/wp-json\/wp\/v2\/types\/post"}],"author":[{"embeddable":true,"href":"https:\/\/nahuelproducciones.com.ar\/radioquijano\/wp-json\/wp\/v2\/users\/8"}],"replies":[{"embeddable":true,"href":"https:\/\/nahuelproducciones.com.ar\/radioquijano\/wp-json\/wp\/v2\/comments?post=11894"}],"version-history":[{"count":1,"href":"https:\/\/nahuelproducciones.com.ar\/radioquijano\/wp-json\/wp\/v2\/posts\/11894\/revisions"}],"predecessor-version":[{"id":11896,"href":"https:\/\/nahuelproducciones.com.ar\/radioquijano\/wp-json\/wp\/v2\/posts\/11894\/revisions\/11896"}],"wp:featuredmedia":[{"embeddable":true,"href":"https:\/\/nahuelproducciones.com.ar\/radioquijano\/wp-json\/wp\/v2\/media\/11895"}],"wp:attachment":[{"href":"https:\/\/nahuelproducciones.com.ar\/radioquijano\/wp-json\/wp\/v2\/media?parent=11894"}],"wp:term":[{"taxonomy":"category","embeddable":true,"href":"https:\/\/nahuelproducciones.com.ar\/radioquijano\/wp-json\/wp\/v2\/categories?post=11894"},{"taxonomy":"post_tag","embeddable":true,"href":"https:\/\/nahuelproducciones.com.ar\/radioquijano\/wp-json\/wp\/v2\/tags?post=11894"}],"curies":[{"name":"wp","href":"https:\/\/api.w.org\/{rel}","templated":true}]}}