{"id":11897,"date":"2026-01-19T01:29:08","date_gmt":"2026-01-19T04:29:08","guid":{"rendered":"https:\/\/nahuelproducciones.com.ar\/radioquijano\/?p=11897"},"modified":"2026-01-19T01:42:23","modified_gmt":"2026-01-19T04:42:23","slug":"operativo-de-rescate-en-zona-de-corralitos-por-alerta-naranja-de-tormentas","status":"publish","type":"post","link":"https:\/\/nahuelproducciones.com.ar\/radioquijano\/operativo-de-rescate-en-zona-de-corralitos-por-alerta-naranja-de-tormentas\/","title":{"rendered":"Operativo de rescate en zona de Corralitos por alerta naranja de tormentas"},"content":{"rendered":"\n<p>Un operativo de rescate se llev\u00f3 a cabo este domingo por la tarde para asistir a un grupo de 30 personas y un menor de edad en su mayoria de Salta, que realizaban actividades de \u00abtrekking y aventura\u00bb en la zona. El procedimiento se inici\u00f3 alrededor de las 15:00 y finaliz\u00f3 cerca de las 22:30, con resultado exitoso, ya que todos los integrantes fueron rescatados en buen estado de salud.<\/p>\n\n\n\n<p>En el operativo intervinieron Bomberos de Campo Quijano y de la ciudad de Salta, Polic\u00eda Lacustre, Polic\u00eda Civil y otros organismos de emergencia, que trabajaron de manera coordinada para garantizar la seguridad del grupo.<\/p>\n\n\n\n<p>La Subsecretar\u00eda de Defensa Civil inform\u00f3 en la ma\u00f1ana que el Servicio Meteorol\u00f3gico Nacional emiti\u00f3 una alerta naranja por tormentas de variada intensidad, algunas localmente severas, con ocasional ca\u00edda de granizo, fuerte actividad el\u00e9ctrica e intensos vientos en distintas localidades de la provincia.<\/p>\n\n\n\n<p>La alerta se encuentra vigente y se extender\u00eda hasta ma\u00f1ana para Capital, Rosario de Lerma, Chicoana, La Caldera, General G\u00fcemes, Met\u00e1n, La Candelaria, Rosario de la Frontera, Cachi, Cafayate, Molinos, La Poma, San Carlos, Santa Victoria, Iruya y los departamentos Anta, Or\u00e1n y San Mart\u00edn.<\/p>\n\n\n\n<p>Desde Defensa Civil recomiendan a la comunidad permanecer en sus hogares, no asistir ni permanecer en r\u00edos, diques ni espejos de agua por posibles crecidas repentinas, alejarse de \u00e1rboles y postes, asegurar techos, no arrojar residuos que obstruyan desag\u00fces pluviales y evitar sacar la basura a la v\u00eda p\u00fablica.<\/p>\n\n\n\n<p>Por su parte, la Polic\u00eda Vial solicita a los conductores desestimar la circulaci\u00f3n vehicular y, en caso de ser imprescindible transitar, hacerlo a velocidad reducida, con extrema precauci\u00f3n y con luces bajas encendidas, ya que las lluvias disminuyen la visibilidad y modifican las distancias de frenado.<\/p>\n\n\n\n<p>Las autoridades recuerdan que es fundamental respetar todas las indicaciones oficiales y, ante cualquier situaci\u00f3n de riesgo, comunicarse de inmediato con el Sistema de Emergencias 911.<\/p>\n\n\n\n<div class=\"wp-block-columns is-layout-flex wp-container-core-columns-is-layout-9d6595d7 wp-block-columns-is-layout-flex\">\n<div class=\"wp-block-column is-layout-flow wp-block-column-is-layout-flow\">\n<div class=\"wp-block-columns is-layout-flex wp-container-core-columns-is-layout-9d6595d7 wp-block-columns-is-layout-flex\">\n<div class=\"wp-block-column is-layout-flow wp-block-column-is-layout-flow\" style=\"flex-basis:25%\"><\/div>\n\n\n\n<div class=\"wp-block-column is-layout-flow wp-block-column-is-layout-flow\" style=\"flex-basis:50%\">\n<figure class=\"wp-block-video\"><video controls src=\"https:\/\/nahuelproducciones.com.ar\/radioquijano\/wp-content\/uploads\/2026\/01\/18-01-2026-rescate-en-corralito.mp4\"><\/video><\/figure>\n<\/div>\n\n\n\n<div class=\"wp-block-column is-layout-flow wp-block-column-is-layout-flow\" style=\"flex-basis:25%\"><\/div>\n<\/div>\n<\/div>\n<\/div>\n","protected":false},"excerpt":{"rendered":"<p>Un operativo de rescate se llev\u00f3 a cabo este domingo por la tarde para asistir a un grupo de 30 personas y un menor de edad en su mayoria de Salta, que realizaban actividades de \u00abtrekking y aventura\u00bb en la zona. El procedimiento se inici\u00f3 alrededor de las 15:00 y finaliz\u00f3 cerca de las 22:30, [&hellip;]<\/p>\n","protected":false},"author":8,"featured_media":11899,"comment_status":"open","ping_status":"open","sticky":false,"template":"","format":"standard","meta":{"_monsterinsights_skip_tracking":false,"_monsterinsights_sitenote_active":false,"_monsterinsights_sitenote_note":"","_monsterinsights_sitenote_category":0,"footnotes":""},"categories":[16],"tags":[36,1362,100,2056],"class_list":["post-11897","post","type-post","status-publish","format-standard","has-post-thumbnail","hentry","category-noticias","tag-campo-quijano","tag-el-corralito","tag-municipio-de-campo-quijano","tag-trekking-y-aventura"],"yoast_head":"<!-- This site is optimized with the Yoast SEO plugin v20.8 - https:\/\/yoast.com\/wordpress\/plugins\/seo\/ -->\n<title>Operativo de rescate en zona de Corralitos por alerta naranja de tormentas - RQ 99.9<\/title>\n<meta name=\"description\" content=\"Las autoridades recuerdan que es fundamental respetar todas las indicaciones oficiales y, ante cualquier situaci\u00f3n de riesgo, comunicarse de inmediato con el Sistema de Emergencias 911.\" \/>\n<meta name=\"robots\" content=\"index, follow, max-snippet:-1, max-image-preview:large, max-video-preview:-1\" \/>\n<link rel=\"canonical\" href=\"https:\/\/nahuelproducciones.com.ar\/radioquijano\/operativo-de-rescate-en-zona-de-corralitos-por-alerta-naranja-de-tormentas\/\" \/>\n<meta property=\"og:locale\" content=\"es_ES\" \/>\n<meta property=\"og:type\" content=\"article\" \/>\n<meta property=\"og:title\" content=\"Operativo de rescate en zona de Corralitos por alerta naranja de tormentas - RQ 99.9\" \/>\n<meta property=\"og:description\" content=\"Las autoridades recuerdan que es fundamental respetar todas las indicaciones oficiales y, ante cualquier situaci\u00f3n de riesgo, comunicarse de inmediato con el Sistema de Emergencias 911.\" \/>\n<meta property=\"og:url\" content=\"https:\/\/nahuelproducciones.com.ar\/radioquijano\/operativo-de-rescate-en-zona-de-corralitos-por-alerta-naranja-de-tormentas\/\" \/>\n<meta property=\"og:site_name\" content=\"RQ 99.9\" \/>\n<meta property=\"article:publisher\" content=\"https:\/\/www.facebook.com\/nahuelproducciones999\/\" \/>\n<meta property=\"article:published_time\" content=\"2026-01-19T04:29:08+00:00\" \/>\n<meta property=\"article:modified_time\" content=\"2026-01-19T04:42:23+00:00\" \/>\n<meta property=\"og:image\" content=\"https:\/\/nahuelproducciones.com.ar\/radioquijano\/wp-content\/uploads\/2026\/01\/WhatsApp-Image-2026-01-19-at-12.47.41-AM-e1768797729743.jpeg\" \/>\n\t<meta property=\"og:image:width\" content=\"690\" \/>\n\t<meta property=\"og:image:height\" content=\"596\" \/>\n\t<meta property=\"og:image:type\" content=\"image\/jpeg\" \/>\n<meta name=\"author\" content=\"Cecilia Pastrana\" \/>\n<meta name=\"twitter:card\" content=\"summary_large_image\" \/>\n<meta name=\"twitter:creator\" content=\"@nahuproduciones\" \/>\n<meta name=\"twitter:site\" content=\"@nahuproduciones\" \/>\n<meta name=\"twitter:label1\" content=\"Escrito por\" \/>\n\t<meta name=\"twitter:data1\" content=\"Cecilia Pastrana\" \/>\n\t<meta name=\"twitter:label2\" content=\"Tiempo de lectura\" \/>\n\t<meta name=\"twitter:data2\" content=\"2 minutos\" \/>\n<script type=\"application\/ld+json\" class=\"yoast-schema-graph\">{\"@context\":\"https:\/\/schema.org\",\"@graph\":[{\"@type\":\"WebPage\",\"@id\":\"https:\/\/nahuelproducciones.com.ar\/radioquijano\/operativo-de-rescate-en-zona-de-corralitos-por-alerta-naranja-de-tormentas\/\",\"url\":\"https:\/\/nahuelproducciones.com.ar\/radioquijano\/operativo-de-rescate-en-zona-de-corralitos-por-alerta-naranja-de-tormentas\/\",\"name\":\"Operativo de rescate en zona de Corralitos por alerta naranja de tormentas - RQ 99.9\",\"isPartOf\":{\"@id\":\"https:\/\/nahuelproducciones.com.ar\/radioquijano\/#website\"},\"datePublished\":\"2026-01-19T04:29:08+00:00\",\"dateModified\":\"2026-01-19T04:42:23+00:00\",\"author\":{\"@id\":\"https:\/\/nahuelproducciones.com.ar\/radioquijano\/#\/schema\/person\/e8a4f939e2cb487fe6d0c54042c9d32c\"},\"description\":\"Las autoridades recuerdan que es fundamental respetar todas las indicaciones oficiales y, ante cualquier situaci\u00f3n de riesgo, comunicarse de inmediato con el Sistema de Emergencias 911.\",\"breadcrumb\":{\"@id\":\"https:\/\/nahuelproducciones.com.ar\/radioquijano\/operativo-de-rescate-en-zona-de-corralitos-por-alerta-naranja-de-tormentas\/#breadcrumb\"},\"inLanguage\":\"es\",\"potentialAction\":[{\"@type\":\"ReadAction\",\"target\":[\"https:\/\/nahuelproducciones.com.ar\/radioquijano\/operativo-de-rescate-en-zona-de-corralitos-por-alerta-naranja-de-tormentas\/\"]}]},{\"@type\":\"BreadcrumbList\",\"@id\":\"https:\/\/nahuelproducciones.com.ar\/radioquijano\/operativo-de-rescate-en-zona-de-corralitos-por-alerta-naranja-de-tormentas\/#breadcrumb\",\"itemListElement\":[{\"@type\":\"ListItem\",\"position\":1,\"name\":\"Portada\",\"item\":\"https:\/\/nahuelproducciones.com.ar\/radioquijano\/\"},{\"@type\":\"ListItem\",\"position\":2,\"name\":\"Operativo de rescate en zona de Corralitos por alerta naranja de tormentas\"}]},{\"@type\":\"WebSite\",\"@id\":\"https:\/\/nahuelproducciones.com.ar\/radioquijano\/#website\",\"url\":\"https:\/\/nahuelproducciones.com.ar\/radioquijano\/\",\"name\":\"RQ 99.9\",\"description\":\"Radio Quijano 99.9 MHz\",\"potentialAction\":[{\"@type\":\"SearchAction\",\"target\":{\"@type\":\"EntryPoint\",\"urlTemplate\":\"https:\/\/nahuelproducciones.com.ar\/radioquijano\/?s={search_term_string}\"},\"query-input\":\"required name=search_term_string\"}],\"inLanguage\":\"es\"},{\"@type\":\"Person\",\"@id\":\"https:\/\/nahuelproducciones.com.ar\/radioquijano\/#\/schema\/person\/e8a4f939e2cb487fe6d0c54042c9d32c\",\"name\":\"Cecilia Pastrana\",\"image\":{\"@type\":\"ImageObject\",\"inLanguage\":\"es\",\"@id\":\"https:\/\/nahuelproducciones.com.ar\/radioquijano\/#\/schema\/person\/image\/\",\"url\":\"https:\/\/secure.gravatar.com\/avatar\/661a3ef63a8488d4f2794ed44af8cf71420f7e106f3072c40125114df5157749?s=96&d=mm&r=g\",\"contentUrl\":\"https:\/\/secure.gravatar.com\/avatar\/661a3ef63a8488d4f2794ed44af8cf71420f7e106f3072c40125114df5157749?s=96&d=mm&r=g\",\"caption\":\"Cecilia Pastrana\"},\"sameAs\":[\"cecy\"],\"url\":\"https:\/\/nahuelproducciones.com.ar\/radioquijano\/author\/cecy\/\"}]}<\/script>\n<!-- \/ Yoast SEO plugin. -->","yoast_head_json":{"title":"Operativo de rescate en zona de Corralitos por alerta naranja de tormentas - RQ 99.9","description":"Las autoridades recuerdan que es fundamental respetar todas las indicaciones oficiales y, ante cualquier situaci\u00f3n de riesgo, comunicarse de inmediato con el Sistema de Emergencias 911.","robots":{"index":"index","follow":"follow","max-snippet":"max-snippet:-1","max-image-preview":"max-image-preview:large","max-video-preview":"max-video-preview:-1"},"canonical":"https:\/\/nahuelproducciones.com.ar\/radioquijano\/operativo-de-rescate-en-zona-de-corralitos-por-alerta-naranja-de-tormentas\/","og_locale":"es_ES","og_type":"article","og_title":"Operativo de rescate en zona de Corralitos por alerta naranja de tormentas - RQ 99.9","og_description":"Las autoridades recuerdan que es fundamental respetar todas las indicaciones oficiales y, ante cualquier situaci\u00f3n de riesgo, comunicarse de inmediato con el Sistema de Emergencias 911.","og_url":"https:\/\/nahuelproducciones.com.ar\/radioquijano\/operativo-de-rescate-en-zona-de-corralitos-por-alerta-naranja-de-tormentas\/","og_site_name":"RQ 99.9","article_publisher":"https:\/\/www.facebook.com\/nahuelproducciones999\/","article_published_time":"2026-01-19T04:29:08+00:00","article_modified_time":"2026-01-19T04:42:23+00:00","og_image":[{"width":690,"height":596,"url":"https:\/\/nahuelproducciones.com.ar\/radioquijano\/wp-content\/uploads\/2026\/01\/WhatsApp-Image-2026-01-19-at-12.47.41-AM-e1768797729743.jpeg","type":"image\/jpeg"}],"author":"Cecilia Pastrana","twitter_card":"summary_large_image","twitter_creator":"@nahuproduciones","twitter_site":"@nahuproduciones","twitter_misc":{"Escrito por":"Cecilia Pastrana","Tiempo de lectura":"2 minutos"},"schema":{"@context":"https:\/\/schema.org","@graph":[{"@type":"WebPage","@id":"https:\/\/nahuelproducciones.com.ar\/radioquijano\/operativo-de-rescate-en-zona-de-corralitos-por-alerta-naranja-de-tormentas\/","url":"https:\/\/nahuelproducciones.com.ar\/radioquijano\/operativo-de-rescate-en-zona-de-corralitos-por-alerta-naranja-de-tormentas\/","name":"Operativo de rescate en zona de Corralitos por alerta naranja de tormentas - RQ 99.9","isPartOf":{"@id":"https:\/\/nahuelproducciones.com.ar\/radioquijano\/#website"},"datePublished":"2026-01-19T04:29:08+00:00","dateModified":"2026-01-19T04:42:23+00:00","author":{"@id":"https:\/\/nahuelproducciones.com.ar\/radioquijano\/#\/schema\/person\/e8a4f939e2cb487fe6d0c54042c9d32c"},"description":"Las autoridades recuerdan que es fundamental respetar todas las indicaciones oficiales y, ante cualquier situaci\u00f3n de riesgo, comunicarse de inmediato con el Sistema de Emergencias 911.","breadcrumb":{"@id":"https:\/\/nahuelproducciones.com.ar\/radioquijano\/operativo-de-rescate-en-zona-de-corralitos-por-alerta-naranja-de-tormentas\/#breadcrumb"},"inLanguage":"es","potentialAction":[{"@type":"ReadAction","target":["https:\/\/nahuelproducciones.com.ar\/radioquijano\/operativo-de-rescate-en-zona-de-corralitos-por-alerta-naranja-de-tormentas\/"]}]},{"@type":"BreadcrumbList","@id":"https:\/\/nahuelproducciones.com.ar\/radioquijano\/operativo-de-rescate-en-zona-de-corralitos-por-alerta-naranja-de-tormentas\/#breadcrumb","itemListElement":[{"@type":"ListItem","position":1,"name":"Portada","item":"https:\/\/nahuelproducciones.com.ar\/radioquijano\/"},{"@type":"ListItem","position":2,"name":"Operativo de rescate en zona de Corralitos por alerta naranja de tormentas"}]},{"@type":"WebSite","@id":"https:\/\/nahuelproducciones.com.ar\/radioquijano\/#website","url":"https:\/\/nahuelproducciones.com.ar\/radioquijano\/","name":"RQ 99.9","description":"Radio Quijano 99.9 MHz","potentialAction":[{"@type":"SearchAction","target":{"@type":"EntryPoint","urlTemplate":"https:\/\/nahuelproducciones.com.ar\/radioquijano\/?s={search_term_string}"},"query-input":"required name=search_term_string"}],"inLanguage":"es"},{"@type":"Person","@id":"https:\/\/nahuelproducciones.com.ar\/radioquijano\/#\/schema\/person\/e8a4f939e2cb487fe6d0c54042c9d32c","name":"Cecilia Pastrana","image":{"@type":"ImageObject","inLanguage":"es","@id":"https:\/\/nahuelproducciones.com.ar\/radioquijano\/#\/schema\/person\/image\/","url":"https:\/\/secure.gravatar.com\/avatar\/661a3ef63a8488d4f2794ed44af8cf71420f7e106f3072c40125114df5157749?s=96&d=mm&r=g","contentUrl":"https:\/\/secure.gravatar.com\/avatar\/661a3ef63a8488d4f2794ed44af8cf71420f7e106f3072c40125114df5157749?s=96&d=mm&r=g","caption":"Cecilia Pastrana"},"sameAs":["cecy"],"url":"https:\/\/nahuelproducciones.com.ar\/radioquijano\/author\/cecy\/"}]}},"_links":{"self":[{"href":"https:\/\/nahuelproducciones.com.ar\/radioquijano\/wp-json\/wp\/v2\/posts\/11897","targetHints":{"allow":["GET"]}}],"collection":[{"href":"https:\/\/nahuelproducciones.com.ar\/radioquijano\/wp-json\/wp\/v2\/posts"}],"about":[{"href":"https:\/\/nahuelproducciones.com.ar\/radioquijano\/wp-json\/wp\/v2\/types\/post"}],"author":[{"embeddable":true,"href":"https:\/\/nahuelproducciones.com.ar\/radioquijano\/wp-json\/wp\/v2\/users\/8"}],"replies":[{"embeddable":true,"href":"https:\/\/nahuelproducciones.com.ar\/radioquijano\/wp-json\/wp\/v2\/comments?post=11897"}],"version-history":[{"count":2,"href":"https:\/\/nahuelproducciones.com.ar\/radioquijano\/wp-json\/wp\/v2\/posts\/11897\/revisions"}],"predecessor-version":[{"id":11903,"href":"https:\/\/nahuelproducciones.com.ar\/radioquijano\/wp-json\/wp\/v2\/posts\/11897\/revisions\/11903"}],"wp:featuredmedia":[{"embeddable":true,"href":"https:\/\/nahuelproducciones.com.ar\/radioquijano\/wp-json\/wp\/v2\/media\/11899"}],"wp:attachment":[{"href":"https:\/\/nahuelproducciones.com.ar\/radioquijano\/wp-json\/wp\/v2\/media?parent=11897"}],"wp:term":[{"taxonomy":"category","embeddable":true,"href":"https:\/\/nahuelproducciones.com.ar\/radioquijano\/wp-json\/wp\/v2\/categories?post=11897"},{"taxonomy":"post_tag","embeddable":true,"href":"https:\/\/nahuelproducciones.com.ar\/radioquijano\/wp-json\/wp\/v2\/tags?post=11897"}],"curies":[{"name":"wp","href":"https:\/\/api.w.org\/{rel}","templated":true}]}}