{"id":11904,"date":"2026-01-24T15:10:49","date_gmt":"2026-01-24T18:10:49","guid":{"rendered":"https:\/\/nahuelproducciones.com.ar\/radioquijano\/?p=11904"},"modified":"2026-01-24T15:10:50","modified_gmt":"2026-01-24T18:10:50","slug":"alerta-amarilla-por-tormentas-para-amplias-zonas-de-la-provincia","status":"publish","type":"post","link":"https:\/\/nahuelproducciones.com.ar\/radioquijano\/alerta-amarilla-por-tormentas-para-amplias-zonas-de-la-provincia\/","title":{"rendered":"Alerta amarilla por tormentas para amplias zonas de la provincia"},"content":{"rendered":"\n<p>El Servicio Meteorol\u00f3gico Nacional emiti\u00f3 una alerta amarilla por tormentas que regir\u00e1 entre las 12 y las 00 horas, seg\u00fan el \u00e1rea. Se anticipan fen\u00f3menos fuertes, con posibilidad de granizo, r\u00e1fagas intensas y abundante precipitaci\u00f3n en cortos per\u00edodos.<a href=\"https:\/\/www.salta.gob.ar\/public\/images\/noticias\/105990-alerta-amarilla-por-tormentas-para-amplias-zonas-de-la-provincia.webp\"><\/a><\/p>\n\n\n\n<p>El Servicio Meteorol\u00f3gico Nacional&nbsp;inform\u00f3 que distintas \u00e1reas del territorio provincial se ver\u00e1n afectadas por tormentas fuertes, algunas localmente severas, durante la jornada de hoy.<\/p>\n\n\n\n<p>La advertencia incluye varias franjas horarias y regiones: en la Cordillera de los Andes: vigencia de 12 horas, hasta las 18,&nbsp;Puna de Cachi, La Poma, Los Andes, Molinos, Cafayate y San Carlos; Valles de Cachi, Cafayate, Chicoana, La Caldera, La Poma, Molinos, Rosario de Lerma y San Carlos: vigencia de 12 horas, hasta las 00.<\/p>\n\n\n\n<p>En Capital, Cerrillos, Guachipas, La Vi\u00f1a, zona baja de Chicoana, zona baja de La Caldera, zona baja de Rosario de Lerma y zona monta\u00f1osa de Cafayate: vigencia de 18 horas, hasta las 00.<\/p>\n\n\n\n<p>Seg\u00fan detall\u00f3 el organismo nacional, las tormentas podr\u00e1n estar acompa\u00f1adas por ca\u00edda de granizo, intensa actividad el\u00e9ctrica, r\u00e1fagas que pueden alcanzar los 80 km\/h y precipitaci\u00f3n abundante en cortos per\u00edodos. Se esperan acumulados de 20 a 50 mm, con valores superiores en forma puntual.<\/p>\n\n\n\n<p>En los sectores m\u00e1s altos de la cordillera y de la puna no se descarta que las precipitaciones se presenten en forma de granizo y\/o nieve debido a las condiciones t\u00e9rmicas del \u00e1rea.<\/p>\n\n\n\n<hr class=\"wp-block-separator has-alpha-channel-opacity\"\/>\n\n\n\n<p>Fuente:&nbsp;<strong>Secretar\u00eda de Prensa y Comunicaci\u00f3n<\/strong><\/p>\n","protected":false},"excerpt":{"rendered":"<p>El Servicio Meteorol\u00f3gico Nacional emiti\u00f3 una alerta amarilla por tormentas que regir\u00e1 entre las 12 y las 00 horas, seg\u00fan el \u00e1rea. Se anticipan fen\u00f3menos fuertes, con posibilidad de granizo, r\u00e1fagas intensas y abundante precipitaci\u00f3n en cortos per\u00edodos. El Servicio Meteorol\u00f3gico Nacional&nbsp;inform\u00f3 que distintas \u00e1reas del territorio provincial se ver\u00e1n afectadas por tormentas fuertes, algunas [&hellip;]<\/p>\n","protected":false},"author":8,"featured_media":11905,"comment_status":"open","ping_status":"open","sticky":false,"template":"","format":"standard","meta":{"_monsterinsights_skip_tracking":false,"_monsterinsights_sitenote_active":false,"_monsterinsights_sitenote_note":"","_monsterinsights_sitenote_category":0,"footnotes":""},"categories":[16],"tags":[100],"class_list":["post-11904","post","type-post","status-publish","format-standard","has-post-thumbnail","hentry","category-noticias","tag-municipio-de-campo-quijano"],"yoast_head":"<!-- This site is optimized with the Yoast SEO plugin v20.8 - https:\/\/yoast.com\/wordpress\/plugins\/seo\/ -->\n<title>Alerta amarilla por tormentas para amplias zonas de la provincia - RQ 99.9<\/title>\n<meta name=\"description\" content=\"Alerta amarilla por tormentas que regir\u00e1 entre las 12 y las 00 horas, seg\u00fan el \u00e1rea. Se anticipan fen\u00f3menos fuertes, con posibilidad de granizo, r\u00e1fagas intensas y abundante precipitaci\u00f3n en cortos per\u00edodos.\" \/>\n<meta name=\"robots\" content=\"index, follow, max-snippet:-1, max-image-preview:large, max-video-preview:-1\" \/>\n<link rel=\"canonical\" href=\"https:\/\/nahuelproducciones.com.ar\/radioquijano\/alerta-amarilla-por-tormentas-para-amplias-zonas-de-la-provincia\/\" \/>\n<meta property=\"og:locale\" content=\"es_ES\" \/>\n<meta property=\"og:type\" content=\"article\" \/>\n<meta property=\"og:title\" content=\"Alerta amarilla por tormentas para amplias zonas de la provincia - RQ 99.9\" \/>\n<meta property=\"og:description\" content=\"Alerta amarilla por tormentas que regir\u00e1 entre las 12 y las 00 horas, seg\u00fan el \u00e1rea. Se anticipan fen\u00f3menos fuertes, con posibilidad de granizo, r\u00e1fagas intensas y abundante precipitaci\u00f3n en cortos per\u00edodos.\" \/>\n<meta property=\"og:url\" content=\"https:\/\/nahuelproducciones.com.ar\/radioquijano\/alerta-amarilla-por-tormentas-para-amplias-zonas-de-la-provincia\/\" \/>\n<meta property=\"og:site_name\" content=\"RQ 99.9\" \/>\n<meta property=\"article:publisher\" content=\"https:\/\/www.facebook.com\/nahuelproducciones999\/\" \/>\n<meta property=\"article:published_time\" content=\"2026-01-24T18:10:49+00:00\" \/>\n<meta property=\"article:modified_time\" content=\"2026-01-24T18:10:50+00:00\" \/>\n<meta property=\"og:image\" content=\"https:\/\/nahuelproducciones.com.ar\/radioquijano\/wp-content\/uploads\/2026\/01\/image-10-e1769278178692.png\" \/>\n\t<meta property=\"og:image:width\" content=\"700\" \/>\n\t<meta property=\"og:image:height\" content=\"394\" \/>\n\t<meta property=\"og:image:type\" content=\"image\/png\" \/>\n<meta name=\"author\" content=\"Cecilia Pastrana\" \/>\n<meta name=\"twitter:card\" content=\"summary_large_image\" \/>\n<meta name=\"twitter:creator\" content=\"@nahuproduciones\" \/>\n<meta name=\"twitter:site\" content=\"@nahuproduciones\" \/>\n<meta name=\"twitter:label1\" content=\"Escrito por\" \/>\n\t<meta name=\"twitter:data1\" content=\"Cecilia Pastrana\" \/>\n\t<meta name=\"twitter:label2\" content=\"Tiempo de lectura\" \/>\n\t<meta name=\"twitter:data2\" content=\"2 minutos\" \/>\n<script type=\"application\/ld+json\" class=\"yoast-schema-graph\">{\"@context\":\"https:\/\/schema.org\",\"@graph\":[{\"@type\":\"WebPage\",\"@id\":\"https:\/\/nahuelproducciones.com.ar\/radioquijano\/alerta-amarilla-por-tormentas-para-amplias-zonas-de-la-provincia\/\",\"url\":\"https:\/\/nahuelproducciones.com.ar\/radioquijano\/alerta-amarilla-por-tormentas-para-amplias-zonas-de-la-provincia\/\",\"name\":\"Alerta amarilla por tormentas para amplias zonas de la provincia - RQ 99.9\",\"isPartOf\":{\"@id\":\"https:\/\/nahuelproducciones.com.ar\/radioquijano\/#website\"},\"datePublished\":\"2026-01-24T18:10:49+00:00\",\"dateModified\":\"2026-01-24T18:10:50+00:00\",\"author\":{\"@id\":\"https:\/\/nahuelproducciones.com.ar\/radioquijano\/#\/schema\/person\/e8a4f939e2cb487fe6d0c54042c9d32c\"},\"description\":\"Alerta amarilla por tormentas que regir\u00e1 entre las 12 y las 00 horas, seg\u00fan el \u00e1rea. Se anticipan fen\u00f3menos fuertes, con posibilidad de granizo, r\u00e1fagas intensas y abundante precipitaci\u00f3n en cortos per\u00edodos.\",\"breadcrumb\":{\"@id\":\"https:\/\/nahuelproducciones.com.ar\/radioquijano\/alerta-amarilla-por-tormentas-para-amplias-zonas-de-la-provincia\/#breadcrumb\"},\"inLanguage\":\"es\",\"potentialAction\":[{\"@type\":\"ReadAction\",\"target\":[\"https:\/\/nahuelproducciones.com.ar\/radioquijano\/alerta-amarilla-por-tormentas-para-amplias-zonas-de-la-provincia\/\"]}]},{\"@type\":\"BreadcrumbList\",\"@id\":\"https:\/\/nahuelproducciones.com.ar\/radioquijano\/alerta-amarilla-por-tormentas-para-amplias-zonas-de-la-provincia\/#breadcrumb\",\"itemListElement\":[{\"@type\":\"ListItem\",\"position\":1,\"name\":\"Portada\",\"item\":\"https:\/\/nahuelproducciones.com.ar\/radioquijano\/\"},{\"@type\":\"ListItem\",\"position\":2,\"name\":\"Alerta amarilla por tormentas para amplias zonas de la provincia\"}]},{\"@type\":\"WebSite\",\"@id\":\"https:\/\/nahuelproducciones.com.ar\/radioquijano\/#website\",\"url\":\"https:\/\/nahuelproducciones.com.ar\/radioquijano\/\",\"name\":\"RQ 99.9\",\"description\":\"Radio Quijano 99.9 MHz\",\"potentialAction\":[{\"@type\":\"SearchAction\",\"target\":{\"@type\":\"EntryPoint\",\"urlTemplate\":\"https:\/\/nahuelproducciones.com.ar\/radioquijano\/?s={search_term_string}\"},\"query-input\":\"required name=search_term_string\"}],\"inLanguage\":\"es\"},{\"@type\":\"Person\",\"@id\":\"https:\/\/nahuelproducciones.com.ar\/radioquijano\/#\/schema\/person\/e8a4f939e2cb487fe6d0c54042c9d32c\",\"name\":\"Cecilia Pastrana\",\"image\":{\"@type\":\"ImageObject\",\"inLanguage\":\"es\",\"@id\":\"https:\/\/nahuelproducciones.com.ar\/radioquijano\/#\/schema\/person\/image\/\",\"url\":\"https:\/\/secure.gravatar.com\/avatar\/661a3ef63a8488d4f2794ed44af8cf71420f7e106f3072c40125114df5157749?s=96&d=mm&r=g\",\"contentUrl\":\"https:\/\/secure.gravatar.com\/avatar\/661a3ef63a8488d4f2794ed44af8cf71420f7e106f3072c40125114df5157749?s=96&d=mm&r=g\",\"caption\":\"Cecilia Pastrana\"},\"sameAs\":[\"cecy\"],\"url\":\"https:\/\/nahuelproducciones.com.ar\/radioquijano\/author\/cecy\/\"}]}<\/script>\n<!-- \/ Yoast SEO plugin. -->","yoast_head_json":{"title":"Alerta amarilla por tormentas para amplias zonas de la provincia - RQ 99.9","description":"Alerta amarilla por tormentas que regir\u00e1 entre las 12 y las 00 horas, seg\u00fan el \u00e1rea. Se anticipan fen\u00f3menos fuertes, con posibilidad de granizo, r\u00e1fagas intensas y abundante precipitaci\u00f3n en cortos per\u00edodos.","robots":{"index":"index","follow":"follow","max-snippet":"max-snippet:-1","max-image-preview":"max-image-preview:large","max-video-preview":"max-video-preview:-1"},"canonical":"https:\/\/nahuelproducciones.com.ar\/radioquijano\/alerta-amarilla-por-tormentas-para-amplias-zonas-de-la-provincia\/","og_locale":"es_ES","og_type":"article","og_title":"Alerta amarilla por tormentas para amplias zonas de la provincia - RQ 99.9","og_description":"Alerta amarilla por tormentas que regir\u00e1 entre las 12 y las 00 horas, seg\u00fan el \u00e1rea. Se anticipan fen\u00f3menos fuertes, con posibilidad de granizo, r\u00e1fagas intensas y abundante precipitaci\u00f3n en cortos per\u00edodos.","og_url":"https:\/\/nahuelproducciones.com.ar\/radioquijano\/alerta-amarilla-por-tormentas-para-amplias-zonas-de-la-provincia\/","og_site_name":"RQ 99.9","article_publisher":"https:\/\/www.facebook.com\/nahuelproducciones999\/","article_published_time":"2026-01-24T18:10:49+00:00","article_modified_time":"2026-01-24T18:10:50+00:00","og_image":[{"width":700,"height":394,"url":"https:\/\/nahuelproducciones.com.ar\/radioquijano\/wp-content\/uploads\/2026\/01\/image-10-e1769278178692.png","type":"image\/png"}],"author":"Cecilia Pastrana","twitter_card":"summary_large_image","twitter_creator":"@nahuproduciones","twitter_site":"@nahuproduciones","twitter_misc":{"Escrito por":"Cecilia Pastrana","Tiempo de lectura":"2 minutos"},"schema":{"@context":"https:\/\/schema.org","@graph":[{"@type":"WebPage","@id":"https:\/\/nahuelproducciones.com.ar\/radioquijano\/alerta-amarilla-por-tormentas-para-amplias-zonas-de-la-provincia\/","url":"https:\/\/nahuelproducciones.com.ar\/radioquijano\/alerta-amarilla-por-tormentas-para-amplias-zonas-de-la-provincia\/","name":"Alerta amarilla por tormentas para amplias zonas de la provincia - RQ 99.9","isPartOf":{"@id":"https:\/\/nahuelproducciones.com.ar\/radioquijano\/#website"},"datePublished":"2026-01-24T18:10:49+00:00","dateModified":"2026-01-24T18:10:50+00:00","author":{"@id":"https:\/\/nahuelproducciones.com.ar\/radioquijano\/#\/schema\/person\/e8a4f939e2cb487fe6d0c54042c9d32c"},"description":"Alerta amarilla por tormentas que regir\u00e1 entre las 12 y las 00 horas, seg\u00fan el \u00e1rea. Se anticipan fen\u00f3menos fuertes, con posibilidad de granizo, r\u00e1fagas intensas y abundante precipitaci\u00f3n en cortos per\u00edodos.","breadcrumb":{"@id":"https:\/\/nahuelproducciones.com.ar\/radioquijano\/alerta-amarilla-por-tormentas-para-amplias-zonas-de-la-provincia\/#breadcrumb"},"inLanguage":"es","potentialAction":[{"@type":"ReadAction","target":["https:\/\/nahuelproducciones.com.ar\/radioquijano\/alerta-amarilla-por-tormentas-para-amplias-zonas-de-la-provincia\/"]}]},{"@type":"BreadcrumbList","@id":"https:\/\/nahuelproducciones.com.ar\/radioquijano\/alerta-amarilla-por-tormentas-para-amplias-zonas-de-la-provincia\/#breadcrumb","itemListElement":[{"@type":"ListItem","position":1,"name":"Portada","item":"https:\/\/nahuelproducciones.com.ar\/radioquijano\/"},{"@type":"ListItem","position":2,"name":"Alerta amarilla por tormentas para amplias zonas de la provincia"}]},{"@type":"WebSite","@id":"https:\/\/nahuelproducciones.com.ar\/radioquijano\/#website","url":"https:\/\/nahuelproducciones.com.ar\/radioquijano\/","name":"RQ 99.9","description":"Radio Quijano 99.9 MHz","potentialAction":[{"@type":"SearchAction","target":{"@type":"EntryPoint","urlTemplate":"https:\/\/nahuelproducciones.com.ar\/radioquijano\/?s={search_term_string}"},"query-input":"required name=search_term_string"}],"inLanguage":"es"},{"@type":"Person","@id":"https:\/\/nahuelproducciones.com.ar\/radioquijano\/#\/schema\/person\/e8a4f939e2cb487fe6d0c54042c9d32c","name":"Cecilia Pastrana","image":{"@type":"ImageObject","inLanguage":"es","@id":"https:\/\/nahuelproducciones.com.ar\/radioquijano\/#\/schema\/person\/image\/","url":"https:\/\/secure.gravatar.com\/avatar\/661a3ef63a8488d4f2794ed44af8cf71420f7e106f3072c40125114df5157749?s=96&d=mm&r=g","contentUrl":"https:\/\/secure.gravatar.com\/avatar\/661a3ef63a8488d4f2794ed44af8cf71420f7e106f3072c40125114df5157749?s=96&d=mm&r=g","caption":"Cecilia Pastrana"},"sameAs":["cecy"],"url":"https:\/\/nahuelproducciones.com.ar\/radioquijano\/author\/cecy\/"}]}},"_links":{"self":[{"href":"https:\/\/nahuelproducciones.com.ar\/radioquijano\/wp-json\/wp\/v2\/posts\/11904","targetHints":{"allow":["GET"]}}],"collection":[{"href":"https:\/\/nahuelproducciones.com.ar\/radioquijano\/wp-json\/wp\/v2\/posts"}],"about":[{"href":"https:\/\/nahuelproducciones.com.ar\/radioquijano\/wp-json\/wp\/v2\/types\/post"}],"author":[{"embeddable":true,"href":"https:\/\/nahuelproducciones.com.ar\/radioquijano\/wp-json\/wp\/v2\/users\/8"}],"replies":[{"embeddable":true,"href":"https:\/\/nahuelproducciones.com.ar\/radioquijano\/wp-json\/wp\/v2\/comments?post=11904"}],"version-history":[{"count":1,"href":"https:\/\/nahuelproducciones.com.ar\/radioquijano\/wp-json\/wp\/v2\/posts\/11904\/revisions"}],"predecessor-version":[{"id":11906,"href":"https:\/\/nahuelproducciones.com.ar\/radioquijano\/wp-json\/wp\/v2\/posts\/11904\/revisions\/11906"}],"wp:featuredmedia":[{"embeddable":true,"href":"https:\/\/nahuelproducciones.com.ar\/radioquijano\/wp-json\/wp\/v2\/media\/11905"}],"wp:attachment":[{"href":"https:\/\/nahuelproducciones.com.ar\/radioquijano\/wp-json\/wp\/v2\/media?parent=11904"}],"wp:term":[{"taxonomy":"category","embeddable":true,"href":"https:\/\/nahuelproducciones.com.ar\/radioquijano\/wp-json\/wp\/v2\/categories?post=11904"},{"taxonomy":"post_tag","embeddable":true,"href":"https:\/\/nahuelproducciones.com.ar\/radioquijano\/wp-json\/wp\/v2\/tags?post=11904"}],"curies":[{"name":"wp","href":"https:\/\/api.w.org\/{rel}","templated":true}]}}