{"id":1191,"date":"2021-07-12T23:30:03","date_gmt":"2021-07-13T02:30:03","guid":{"rendered":"https:\/\/nahuelproducciones.com.ar\/radioquijano\/?p=1191"},"modified":"2021-07-12T23:30:04","modified_gmt":"2021-07-13T02:30:04","slug":"fiesta-patronal-de-santiago-apostol-en-campo-quijano","status":"publish","type":"post","link":"https:\/\/nahuelproducciones.com.ar\/radioquijano\/fiesta-patronal-de-santiago-apostol-en-campo-quijano\/","title":{"rendered":"Fiesta Patronal de Santiago Ap\u00f3stol en Campo Quijano."},"content":{"rendered":"\n<p><\/p>\n\n\n\n<p>La fiesta de Santiago Ap\u00f3stol  es  representativa de Campo Quijano y  los vecinos la esperan con gran entusiasmo.<\/p>\n\n\n\n<p>Mediante los canales de comunicaci\u00f3n que  <a href=\"https:\/\/www.facebook.com\/risenanf\/?__cft__[0]=AZX60xIrm2UMexC0mDCaWNpxNsOw90kqCK2jnbEq8-PBmxIiU6WgpOJoUPxa1FBNFE76dInAuKwxFsxp_nT2I9GBepQMwck73VZ6RpESJT1tg_N5jS-cMmP9uweYWHE3tmnio82rwZTPrL1Y82w4Nsvu&amp;__tn__=kK-R\">RISEN ANF<\/a> y la <a href=\"\/www.facebook.com\/Parroquia-Santiago-Apostol-Oficial-628022530586581\/\" target=\"_blank\" rel=\"noreferrer noopener\">Parroquia Santiago Apostol Oficial<\/a> poseen en Facebook e Instagram intentar\u00e1n llegar a todos los p\u00fablicos en la era virtual.<\/p>\n\n\n\n<p>Griselda Puca, referente de la Parroquia y del Grupo <a href=\"https:\/\/www.facebook.com\/risenanf\">RISEN ANF <\/a>en comunicaci\u00f3n telef\u00f3nica con RQ99,9Mhz conto que abra celebraci\u00f3n de la Palabra el martes, mi\u00e9rcoles y jueves a las 19:30 hs.<\/p>\n\n\n\n<p>Es posible que se realic\u00e9 una Caravana con la salida de Santiago Ap\u00f3stol el d\u00eda 25 de julio con el mismo recorrido del a\u00f1o pasado, solo esperan respuesta del COEM para saber si se puede concretar.<\/p>\n\n\n\n<p>La novena comienza el viernes 16 hasta el 24 de julio desde las 17:00 hs con los ni\u00f1os y contin\u00faa hasta las &nbsp;21.00hs y se retoma la invitaci\u00f3n a participar a las instituciones.<\/p>\n\n\n\n<p>En lo virtual se podr\u00e1 apreciar fotograf\u00edas y an\u00e9cdotas, por ejemplo como se construy\u00f3 la parroquia y otras sorpresas. Puca &nbsp;agradeci\u00f3 a toda la gente que colaboro con todas estas actividades.<\/p>\n\n\n\n<p>Al finalizar Griselda nos dej\u00f3 el cronograma de actividades y ampliara m\u00e1s adelante las otras actividades que se tienen que confirmar con el lema: \u00abEL AP\u00d3STOL SANTIAGO DE CORAZ\u00d3N PEREGRINO ACOMPA\u00d1A A CAMPO QUIJANO EN SU CAMINO\u00bb<\/p>\n\n\n\n<p>CAMINEMOS A LA NOVENA EN HONOR AL APOSTOL SANTIAGO 16 AL 24 DE JULIO 2021<\/p>\n\n\n\n<p>1\u00b0D\u00eda Viernes 16<\/p>\n\n\n\n<p>Encargado: Ministerio de M\u00fasica<\/p>\n\n\n\n<p>RISEN A.N.F INVITADOS: Centro de Jubilados, agrupaci\u00f3n y fortines de Gauchos y Artesanos.<\/p>\n\n\n\n<p>2\u00b0D\u00eda S\u00e1bado 17<\/p>\n\n\n\n<p>Encargado: Schoenstantt INVITADOS: Trabajadores Rurales, Comunicadores Sociales y Norte Visi\u00f3n.<\/p>\n\n\n\n<p>3\u00b0D\u00eda Domingo 18<\/p>\n\n\n\n<p>Encargado: Matrimonios<\/p>\n\n\n\n<p>INVITADOS: la Silleta, Villa Lola, Potrero de Linares y Uriburu, Villa Maria, Encon, Villa San Antonio.<\/p>\n\n\n\n<p>4\u00b0D\u00eda Lunes 19<\/p>\n\n\n\n<p>Encargado: Legi\u00f3n de Mar\u00eda INVITADOS: Corralito, C\u00e1mara, Quebrada del Toro.<\/p>\n\n\n\n<p>5\u00b0D\u00eda Martes 20<\/p>\n\n\n\n<p>Encargado: Comuni\u00f3n 1\u00b0y 2\u00b0<\/p>\n\n\n\n<p>&nbsp;INVITADOS: Polic\u00eda de la Provincia, Bomberos, Cuerpo Infanta, Defensa Civil, Tr\u00e1nsito.<\/p>\n\n\n\n<p>6\u00ba D\u00eda Mi\u00e9rcoles 21<\/p>\n\n\n\n<p>Encargado: Palestra<\/p>\n\n\n\n<p>&nbsp;INVITADOS: Instituciones Educativas.<\/p>\n\n\n\n<p>7\u00b0D\u00eda Jueves 22<\/p>\n\n\n\n<p>Encargado: Confirmaci\u00f3n 1\u00b0y 2\u00b0<\/p>\n\n\n\n<p>INVITADOS: Hospital, APS, Farmacias, Centro de Salud.<\/p>\n\n\n\n<p>8\u00b0D\u00eda Viernes 23<\/p>\n\n\n\n<p>Encargado: C\u00e1ritas<\/p>\n\n\n\n<p>INVITADOS: Intendente, Empleados Municipales, Concejo Deliberante.<\/p>\n\n\n\n<p>9\u00b0D\u00eda S\u00e1bado 24<\/p>\n\n\n\n<p>Encargado: Ministros, Equipos de Adoradores.<\/p>\n\n\n\n<p>INVITADOS: COMUNIDAD DE CAMPO QUIJANO.<\/p>\n\n\n\n<p>16:30hs BAUTISMOS<\/p>\n\n\n\n<p>21:00hs VIGILIA VIRTUAL AL APOSTOL SANTIAGO<\/p>\n\n\n\n<p><strong>25 DE JULIO FIESTA PATRONAL<\/strong><\/p>\n\n\n\n<p>8:30hs Misa<\/p>\n\n\n\n<p>11:00hs Misa central bendici\u00f3n del signo por el centenario de Campo Quijano.<\/p>\n\n\n\n<p>SALIDA DEL SANTO PATRONO POR EL PUEBLO<\/p>\n\n\n\n<p>&nbsp;19:30hs Misa de Acci\u00f3n de Gracias<\/p>\n\n\n\n<p>TODO ESTE CAMINO REZAMOS POR EL PUEBLO Y EN ESPECIAL POR EL FIN DE LA PANDEMIA.<\/p>\n\n\n\n<p>La pandemia oblig\u00f3 a repensar la fiesta patronal, las tradicionales actividades al aire libre que suelen realizarse a\u00f1o tras a\u00f1o quedaron en segundo plano.<\/p>\n\n\n\n<p>De todas maneras y con pocos fieles, respetando el protocolo se realizan actividades presenciales en la parroquia viviendo en oraci\u00f3n el mes de San Santiago. Hoy lunes a las 19 hs y el jueves a las 18 hs se realiza la adoraci\u00f3n al Santisimo en forma presencial para los que quieran acompa\u00f1ar.<\/p>\n\n\n\n<div class=\"wp-block-image\"><figure class=\"aligncenter size-large\"><img loading=\"lazy\" decoding=\"async\" width=\"410\" height=\"1024\" src=\"https:\/\/nahuelproducciones.com.ar\/radioquijano\/wp-content\/uploads\/2021\/07\/CRONOGRAMA-FIESTA-SANTIAGO-APOSTOL-410x1024.jpg\" alt=\"\" class=\"wp-image-1192\" srcset=\"https:\/\/nahuelproducciones.com.ar\/radioquijano\/wp-content\/uploads\/2021\/07\/CRONOGRAMA-FIESTA-SANTIAGO-APOSTOL-410x1024.jpg 410w, https:\/\/nahuelproducciones.com.ar\/radioquijano\/wp-content\/uploads\/2021\/07\/CRONOGRAMA-FIESTA-SANTIAGO-APOSTOL-120x300.jpg 120w, https:\/\/nahuelproducciones.com.ar\/radioquijano\/wp-content\/uploads\/2021\/07\/CRONOGRAMA-FIESTA-SANTIAGO-APOSTOL-150x375.jpg 150w, https:\/\/nahuelproducciones.com.ar\/radioquijano\/wp-content\/uploads\/2021\/07\/CRONOGRAMA-FIESTA-SANTIAGO-APOSTOL.jpg 640w\" sizes=\"auto, (max-width: 410px) 100vw, 410px\" \/><\/figure><\/div>\n\n\n\n<p>#CENTENARIO DEL PUEBLO #A\u00d1O XACOBEO<\/p>\n\n\n\n<p><a href=\"\/www.facebook.com\/nahuelproducciones999\/?ref=pages_you_manage\" target=\"_blank\" rel=\"noreferrer noopener\">RQ99.9Mhz<\/a> Campo Quijano<\/p>\n\n\n\n<p> <\/p>\n\n\n\n<p><\/p>\n","protected":false},"excerpt":{"rendered":"<p>La fiesta de Santiago Ap\u00f3stol es representativa de Campo Quijano y los vecinos la esperan con gran entusiasmo. Mediante los canales de comunicaci\u00f3n que RISEN ANF y la Parroquia Santiago Apostol Oficial poseen en Facebook e Instagram intentar\u00e1n llegar a todos los p\u00fablicos en la era virtual. Griselda Puca, referente de la Parroquia y del [&hellip;]<\/p>\n","protected":false},"author":8,"featured_media":1193,"comment_status":"open","ping_status":"open","sticky":false,"template":"","format":"standard","meta":{"_monsterinsights_skip_tracking":false,"_monsterinsights_sitenote_active":false,"_monsterinsights_sitenote_note":"","_monsterinsights_sitenote_category":0,"footnotes":""},"categories":[2,16],"tags":[36,129,128,127],"class_list":["post-1191","post","type-post","status-publish","format-standard","has-post-thumbnail","hentry","category-cultura","category-noticias","tag-campo-quijano","tag-fiesta-patronal-de-santiago-apostol","tag-parroquia-santiago-apostol-oficial","tag-risen-anf"],"yoast_head":"<!-- This site is optimized with the Yoast SEO plugin v20.8 - https:\/\/yoast.com\/wordpress\/plugins\/seo\/ -->\n<title>Fiesta Patronal de Santiago Ap\u00f3stol en Campo Quijano. - RQ 99.9<\/title>\n<meta name=\"description\" content=\"La novena comienza el viernes 16 hasta el 24 de julio desde las 17:00 hs con los ni\u00f1os y contin\u00faa hasta las 21.00hs .\" \/>\n<meta name=\"robots\" content=\"index, follow, max-snippet:-1, max-image-preview:large, max-video-preview:-1\" \/>\n<link rel=\"canonical\" href=\"https:\/\/nahuelproducciones.com.ar\/radioquijano\/fiesta-patronal-de-santiago-apostol-en-campo-quijano\/\" \/>\n<meta property=\"og:locale\" content=\"es_ES\" \/>\n<meta property=\"og:type\" content=\"article\" \/>\n<meta property=\"og:title\" content=\"Fiesta Patronal de Santiago Ap\u00f3stol en Campo Quijano. - RQ 99.9\" \/>\n<meta property=\"og:description\" content=\"La novena comienza el viernes 16 hasta el 24 de julio desde las 17:00 hs con los ni\u00f1os y contin\u00faa hasta las 21.00hs .\" \/>\n<meta property=\"og:url\" content=\"https:\/\/nahuelproducciones.com.ar\/radioquijano\/fiesta-patronal-de-santiago-apostol-en-campo-quijano\/\" \/>\n<meta property=\"og:site_name\" content=\"RQ 99.9\" \/>\n<meta property=\"article:publisher\" content=\"https:\/\/www.facebook.com\/nahuelproducciones999\/\" \/>\n<meta property=\"article:published_time\" content=\"2021-07-13T02:30:03+00:00\" \/>\n<meta property=\"article:modified_time\" content=\"2021-07-13T02:30:04+00:00\" \/>\n<meta property=\"og:image\" content=\"https:\/\/nahuelproducciones.com.ar\/radioquijano\/wp-content\/uploads\/2021\/07\/ANO-JACOBIANO-e1626143380159.jpg\" \/>\n\t<meta property=\"og:image:width\" content=\"700\" \/>\n\t<meta property=\"og:image:height\" content=\"394\" \/>\n\t<meta property=\"og:image:type\" content=\"image\/jpeg\" \/>\n<meta name=\"author\" content=\"Cecilia Pastrana\" \/>\n<meta name=\"twitter:card\" content=\"summary_large_image\" \/>\n<meta name=\"twitter:creator\" content=\"@nahuproduciones\" \/>\n<meta name=\"twitter:site\" content=\"@nahuproduciones\" \/>\n<meta name=\"twitter:label1\" content=\"Escrito por\" \/>\n\t<meta name=\"twitter:data1\" content=\"Cecilia Pastrana\" \/>\n\t<meta name=\"twitter:label2\" content=\"Tiempo de lectura\" \/>\n\t<meta name=\"twitter:data2\" content=\"3 minutos\" \/>\n<script type=\"application\/ld+json\" class=\"yoast-schema-graph\">{\"@context\":\"https:\/\/schema.org\",\"@graph\":[{\"@type\":\"WebPage\",\"@id\":\"https:\/\/nahuelproducciones.com.ar\/radioquijano\/fiesta-patronal-de-santiago-apostol-en-campo-quijano\/\",\"url\":\"https:\/\/nahuelproducciones.com.ar\/radioquijano\/fiesta-patronal-de-santiago-apostol-en-campo-quijano\/\",\"name\":\"Fiesta Patronal de Santiago Ap\u00f3stol en Campo Quijano. - RQ 99.9\",\"isPartOf\":{\"@id\":\"https:\/\/nahuelproducciones.com.ar\/radioquijano\/#website\"},\"datePublished\":\"2021-07-13T02:30:03+00:00\",\"dateModified\":\"2021-07-13T02:30:04+00:00\",\"author\":{\"@id\":\"https:\/\/nahuelproducciones.com.ar\/radioquijano\/#\/schema\/person\/e8a4f939e2cb487fe6d0c54042c9d32c\"},\"description\":\"La novena comienza el viernes 16 hasta el 24 de julio desde las 17:00 hs con los ni\u00f1os y contin\u00faa hasta las 21.00hs .\",\"breadcrumb\":{\"@id\":\"https:\/\/nahuelproducciones.com.ar\/radioquijano\/fiesta-patronal-de-santiago-apostol-en-campo-quijano\/#breadcrumb\"},\"inLanguage\":\"es\",\"potentialAction\":[{\"@type\":\"ReadAction\",\"target\":[\"https:\/\/nahuelproducciones.com.ar\/radioquijano\/fiesta-patronal-de-santiago-apostol-en-campo-quijano\/\"]}]},{\"@type\":\"BreadcrumbList\",\"@id\":\"https:\/\/nahuelproducciones.com.ar\/radioquijano\/fiesta-patronal-de-santiago-apostol-en-campo-quijano\/#breadcrumb\",\"itemListElement\":[{\"@type\":\"ListItem\",\"position\":1,\"name\":\"Portada\",\"item\":\"https:\/\/nahuelproducciones.com.ar\/radioquijano\/\"},{\"@type\":\"ListItem\",\"position\":2,\"name\":\"Fiesta Patronal de Santiago Ap\u00f3stol en Campo Quijano.\"}]},{\"@type\":\"WebSite\",\"@id\":\"https:\/\/nahuelproducciones.com.ar\/radioquijano\/#website\",\"url\":\"https:\/\/nahuelproducciones.com.ar\/radioquijano\/\",\"name\":\"RQ 99.9\",\"description\":\"Radio Quijano 99.9 MHz\",\"potentialAction\":[{\"@type\":\"SearchAction\",\"target\":{\"@type\":\"EntryPoint\",\"urlTemplate\":\"https:\/\/nahuelproducciones.com.ar\/radioquijano\/?s={search_term_string}\"},\"query-input\":\"required name=search_term_string\"}],\"inLanguage\":\"es\"},{\"@type\":\"Person\",\"@id\":\"https:\/\/nahuelproducciones.com.ar\/radioquijano\/#\/schema\/person\/e8a4f939e2cb487fe6d0c54042c9d32c\",\"name\":\"Cecilia Pastrana\",\"image\":{\"@type\":\"ImageObject\",\"inLanguage\":\"es\",\"@id\":\"https:\/\/nahuelproducciones.com.ar\/radioquijano\/#\/schema\/person\/image\/\",\"url\":\"https:\/\/secure.gravatar.com\/avatar\/661a3ef63a8488d4f2794ed44af8cf71420f7e106f3072c40125114df5157749?s=96&d=mm&r=g\",\"contentUrl\":\"https:\/\/secure.gravatar.com\/avatar\/661a3ef63a8488d4f2794ed44af8cf71420f7e106f3072c40125114df5157749?s=96&d=mm&r=g\",\"caption\":\"Cecilia Pastrana\"},\"sameAs\":[\"cecy\"],\"url\":\"https:\/\/nahuelproducciones.com.ar\/radioquijano\/author\/cecy\/\"}]}<\/script>\n<!-- \/ Yoast SEO plugin. -->","yoast_head_json":{"title":"Fiesta Patronal de Santiago Ap\u00f3stol en Campo Quijano. - RQ 99.9","description":"La novena comienza el viernes 16 hasta el 24 de julio desde las 17:00 hs con los ni\u00f1os y contin\u00faa hasta las 21.00hs .","robots":{"index":"index","follow":"follow","max-snippet":"max-snippet:-1","max-image-preview":"max-image-preview:large","max-video-preview":"max-video-preview:-1"},"canonical":"https:\/\/nahuelproducciones.com.ar\/radioquijano\/fiesta-patronal-de-santiago-apostol-en-campo-quijano\/","og_locale":"es_ES","og_type":"article","og_title":"Fiesta Patronal de Santiago Ap\u00f3stol en Campo Quijano. - RQ 99.9","og_description":"La novena comienza el viernes 16 hasta el 24 de julio desde las 17:00 hs con los ni\u00f1os y contin\u00faa hasta las 21.00hs .","og_url":"https:\/\/nahuelproducciones.com.ar\/radioquijano\/fiesta-patronal-de-santiago-apostol-en-campo-quijano\/","og_site_name":"RQ 99.9","article_publisher":"https:\/\/www.facebook.com\/nahuelproducciones999\/","article_published_time":"2021-07-13T02:30:03+00:00","article_modified_time":"2021-07-13T02:30:04+00:00","og_image":[{"width":700,"height":394,"url":"https:\/\/nahuelproducciones.com.ar\/radioquijano\/wp-content\/uploads\/2021\/07\/ANO-JACOBIANO-e1626143380159.jpg","type":"image\/jpeg"}],"author":"Cecilia Pastrana","twitter_card":"summary_large_image","twitter_creator":"@nahuproduciones","twitter_site":"@nahuproduciones","twitter_misc":{"Escrito por":"Cecilia Pastrana","Tiempo de lectura":"3 minutos"},"schema":{"@context":"https:\/\/schema.org","@graph":[{"@type":"WebPage","@id":"https:\/\/nahuelproducciones.com.ar\/radioquijano\/fiesta-patronal-de-santiago-apostol-en-campo-quijano\/","url":"https:\/\/nahuelproducciones.com.ar\/radioquijano\/fiesta-patronal-de-santiago-apostol-en-campo-quijano\/","name":"Fiesta Patronal de Santiago Ap\u00f3stol en Campo Quijano. - RQ 99.9","isPartOf":{"@id":"https:\/\/nahuelproducciones.com.ar\/radioquijano\/#website"},"datePublished":"2021-07-13T02:30:03+00:00","dateModified":"2021-07-13T02:30:04+00:00","author":{"@id":"https:\/\/nahuelproducciones.com.ar\/radioquijano\/#\/schema\/person\/e8a4f939e2cb487fe6d0c54042c9d32c"},"description":"La novena comienza el viernes 16 hasta el 24 de julio desde las 17:00 hs con los ni\u00f1os y contin\u00faa hasta las 21.00hs .","breadcrumb":{"@id":"https:\/\/nahuelproducciones.com.ar\/radioquijano\/fiesta-patronal-de-santiago-apostol-en-campo-quijano\/#breadcrumb"},"inLanguage":"es","potentialAction":[{"@type":"ReadAction","target":["https:\/\/nahuelproducciones.com.ar\/radioquijano\/fiesta-patronal-de-santiago-apostol-en-campo-quijano\/"]}]},{"@type":"BreadcrumbList","@id":"https:\/\/nahuelproducciones.com.ar\/radioquijano\/fiesta-patronal-de-santiago-apostol-en-campo-quijano\/#breadcrumb","itemListElement":[{"@type":"ListItem","position":1,"name":"Portada","item":"https:\/\/nahuelproducciones.com.ar\/radioquijano\/"},{"@type":"ListItem","position":2,"name":"Fiesta Patronal de Santiago Ap\u00f3stol en Campo Quijano."}]},{"@type":"WebSite","@id":"https:\/\/nahuelproducciones.com.ar\/radioquijano\/#website","url":"https:\/\/nahuelproducciones.com.ar\/radioquijano\/","name":"RQ 99.9","description":"Radio Quijano 99.9 MHz","potentialAction":[{"@type":"SearchAction","target":{"@type":"EntryPoint","urlTemplate":"https:\/\/nahuelproducciones.com.ar\/radioquijano\/?s={search_term_string}"},"query-input":"required name=search_term_string"}],"inLanguage":"es"},{"@type":"Person","@id":"https:\/\/nahuelproducciones.com.ar\/radioquijano\/#\/schema\/person\/e8a4f939e2cb487fe6d0c54042c9d32c","name":"Cecilia Pastrana","image":{"@type":"ImageObject","inLanguage":"es","@id":"https:\/\/nahuelproducciones.com.ar\/radioquijano\/#\/schema\/person\/image\/","url":"https:\/\/secure.gravatar.com\/avatar\/661a3ef63a8488d4f2794ed44af8cf71420f7e106f3072c40125114df5157749?s=96&d=mm&r=g","contentUrl":"https:\/\/secure.gravatar.com\/avatar\/661a3ef63a8488d4f2794ed44af8cf71420f7e106f3072c40125114df5157749?s=96&d=mm&r=g","caption":"Cecilia Pastrana"},"sameAs":["cecy"],"url":"https:\/\/nahuelproducciones.com.ar\/radioquijano\/author\/cecy\/"}]}},"_links":{"self":[{"href":"https:\/\/nahuelproducciones.com.ar\/radioquijano\/wp-json\/wp\/v2\/posts\/1191","targetHints":{"allow":["GET"]}}],"collection":[{"href":"https:\/\/nahuelproducciones.com.ar\/radioquijano\/wp-json\/wp\/v2\/posts"}],"about":[{"href":"https:\/\/nahuelproducciones.com.ar\/radioquijano\/wp-json\/wp\/v2\/types\/post"}],"author":[{"embeddable":true,"href":"https:\/\/nahuelproducciones.com.ar\/radioquijano\/wp-json\/wp\/v2\/users\/8"}],"replies":[{"embeddable":true,"href":"https:\/\/nahuelproducciones.com.ar\/radioquijano\/wp-json\/wp\/v2\/comments?post=1191"}],"version-history":[{"count":1,"href":"https:\/\/nahuelproducciones.com.ar\/radioquijano\/wp-json\/wp\/v2\/posts\/1191\/revisions"}],"predecessor-version":[{"id":1194,"href":"https:\/\/nahuelproducciones.com.ar\/radioquijano\/wp-json\/wp\/v2\/posts\/1191\/revisions\/1194"}],"wp:featuredmedia":[{"embeddable":true,"href":"https:\/\/nahuelproducciones.com.ar\/radioquijano\/wp-json\/wp\/v2\/media\/1193"}],"wp:attachment":[{"href":"https:\/\/nahuelproducciones.com.ar\/radioquijano\/wp-json\/wp\/v2\/media?parent=1191"}],"wp:term":[{"taxonomy":"category","embeddable":true,"href":"https:\/\/nahuelproducciones.com.ar\/radioquijano\/wp-json\/wp\/v2\/categories?post=1191"},{"taxonomy":"post_tag","embeddable":true,"href":"https:\/\/nahuelproducciones.com.ar\/radioquijano\/wp-json\/wp\/v2\/tags?post=1191"}],"curies":[{"name":"wp","href":"https:\/\/api.w.org\/{rel}","templated":true}]}}