{"id":11917,"date":"2026-01-30T09:35:58","date_gmt":"2026-01-30T12:35:58","guid":{"rendered":"https:\/\/nahuelproducciones.com.ar\/radioquijano\/?p=11917"},"modified":"2026-01-30T09:36:03","modified_gmt":"2026-01-30T12:36:03","slug":"el-profesor-jonathan-moyano-realizo-un-balance-anual-del-estudio-de-danzas-y-malambo-el-facon-y-proyecto-nuevos-desafios-para-2026","status":"publish","type":"post","link":"https:\/\/nahuelproducciones.com.ar\/radioquijano\/el-profesor-jonathan-moyano-realizo-un-balance-anual-del-estudio-de-danzas-y-malambo-el-facon-y-proyecto-nuevos-desafios-para-2026\/","title":{"rendered":"El profesor Jonathan Moyano realiz\u00f3 un balance anual del Estudio de Danzas y Malambo EL FAC\u00d3N, y proyect\u00f3 nuevos desaf\u00edos para 2026"},"content":{"rendered":"\n<p>En el marco de una entrevista realizada en Radio Quijano 99.9 MHz, el profesor Jonathan Moyano, referente de la Academia El Fac\u00f3n, realiz\u00f3 un balance del trabajo desarrollado durante el a\u00f1o, destacando las m\u00faltiples actividades, los logros alcanzados y el crecimiento institucional de la academia a lo largo del ciclo 2025.<\/p>\n\n\n\n<p>Durante la charla, Moyano puso en valor el compromiso de alumnos, familias y docentes, resaltando la participaci\u00f3n en encuentros culturales, presentaciones art\u00edsticas y espacios de formaci\u00f3n que permitieron fortalecer la identidad folkl\u00f3rica y el sentido de pertenencia comunitaria en Campo Quijano y la regi\u00f3n.<\/p>\n\n\n\n<p>Asimismo, el profesor adelant\u00f3 los proyectos y objetivos previstos para el pr\u00f3ximo a\u00f1o, orientados a ampliar las propuestas culturales, sumar nuevas actividades y continuar promoviendo las tradiciones como parte fundamental de la identidad local.<\/p>\n\n\n\n<p>En este contexto, Radio Quijano agradeci\u00f3 al Estudio de Danzas y Malambo EL FAC\u00d3N, la entrega de un reconocimiento al Grupo Radio Quijano 99.9 MHz, en virtud del acompa\u00f1amiento permanente, la difusi\u00f3n de las actividades culturales y el apoyo brindado a lo largo del tiempo. El certificado fue acercado especialmente a los estudios de la radio, ya que el equipo no pudo asistir al cierre anual de actividades, gesto que fue profundamente valorado.<\/p>\n\n\n\n<p>Finalmente, Moyano destac\u00f3 la importancia del trabajo articulado entre las instituciones culturales y los medios de comunicaci\u00f3n, y reafirm\u00f3 el compromiso con la difusi\u00f3n de la cultura, las tradiciones y las expresiones que fortalecen la identidad de Campo Quijano.<\/p>\n\n\n\n<p>Escucha la entrevista:<\/p>\n\n\n\n<figure class=\"wp-block-audio\"><audio controls src=\"https:\/\/nahuelproducciones.com.ar\/radioquijano\/wp-content\/uploads\/2026\/01\/29-01-2026-Jonathan-regalo.mp3\"><\/audio><\/figure>\n\n\n<div class=\"wp-block-image\">\n<figure class=\"aligncenter size-large is-resized\"><img loading=\"lazy\" decoding=\"async\" width=\"1024\" height=\"759\" src=\"https:\/\/nahuelproducciones.com.ar\/radioquijano\/wp-content\/uploads\/2026\/01\/WhatsApp-Image-2026-01-30-at-9.03.26-AM-1024x759.jpeg\" alt=\"\" class=\"wp-image-11919\" style=\"width:478px;height:auto\"\/><\/figure><\/div>","protected":false},"excerpt":{"rendered":"<p>En el marco de una entrevista realizada en Radio Quijano 99.9 MHz, el profesor Jonathan Moyano, referente de la Academia El Fac\u00f3n, realiz\u00f3 un balance del trabajo desarrollado durante el a\u00f1o, destacando las m\u00faltiples actividades, los logros alcanzados y el crecimiento institucional de la academia a lo largo del ciclo 2025. Durante la charla, Moyano [&hellip;]<\/p>\n","protected":false},"author":8,"featured_media":11920,"comment_status":"open","ping_status":"open","sticky":false,"template":"","format":"standard","meta":{"_monsterinsights_skip_tracking":false,"_monsterinsights_sitenote_active":false,"_monsterinsights_sitenote_note":"","_monsterinsights_sitenote_category":0,"footnotes":""},"categories":[16],"tags":[2061,2059,2060,100],"class_list":["post-11917","post","type-post","status-publish","format-standard","has-post-thumbnail","hentry","category-noticias","tag-agradecimiento","tag-estudio-de-danzas-y-malambo-el-facon","tag-jonathan-moyano","tag-municipio-de-campo-quijano"],"yoast_head":"<!-- This site is optimized with the Yoast SEO plugin v20.8 - https:\/\/yoast.com\/wordpress\/plugins\/seo\/ -->\n<title>El profesor Jonathan Moyano realiz\u00f3 un balance anual del Estudio de Danzas y Malambo EL FAC\u00d3N, y proyect\u00f3 nuevos desaf\u00edos para 2026 - RQ 99.9<\/title>\n<meta name=\"description\" content=\"El Fac\u00f3n entrego de un reconocimiento al Grupo Radio Quijano 99.9 MHz, en agradecimiento por el acompa\u00f1amiento permanente, la difusi\u00f3n de las actividades\" \/>\n<meta name=\"robots\" content=\"index, follow, max-snippet:-1, max-image-preview:large, max-video-preview:-1\" \/>\n<link rel=\"canonical\" href=\"https:\/\/nahuelproducciones.com.ar\/radioquijano\/el-profesor-jonathan-moyano-realizo-un-balance-anual-del-estudio-de-danzas-y-malambo-el-facon-y-proyecto-nuevos-desafios-para-2026\/\" \/>\n<meta property=\"og:locale\" content=\"es_ES\" \/>\n<meta property=\"og:type\" content=\"article\" \/>\n<meta property=\"og:title\" content=\"El profesor Jonathan Moyano realiz\u00f3 un balance anual del Estudio de Danzas y Malambo EL FAC\u00d3N, y proyect\u00f3 nuevos desaf\u00edos para 2026 - RQ 99.9\" \/>\n<meta property=\"og:description\" content=\"El Fac\u00f3n entrego de un reconocimiento al Grupo Radio Quijano 99.9 MHz, en agradecimiento por el acompa\u00f1amiento permanente, la difusi\u00f3n de las actividades\" \/>\n<meta property=\"og:url\" content=\"https:\/\/nahuelproducciones.com.ar\/radioquijano\/el-profesor-jonathan-moyano-realizo-un-balance-anual-del-estudio-de-danzas-y-malambo-el-facon-y-proyecto-nuevos-desafios-para-2026\/\" \/>\n<meta property=\"og:site_name\" content=\"RQ 99.9\" \/>\n<meta property=\"article:publisher\" content=\"https:\/\/www.facebook.com\/nahuelproducciones999\/\" \/>\n<meta property=\"article:published_time\" content=\"2026-01-30T12:35:58+00:00\" \/>\n<meta property=\"article:modified_time\" content=\"2026-01-30T12:36:03+00:00\" \/>\n<meta property=\"og:image\" content=\"https:\/\/nahuelproducciones.com.ar\/radioquijano\/wp-content\/uploads\/2026\/01\/493274780_10229847218388007_96954071098816033_n-e1769776161590.jpg\" \/>\n\t<meta property=\"og:image:width\" content=\"700\" \/>\n\t<meta property=\"og:image:height\" content=\"738\" \/>\n\t<meta property=\"og:image:type\" content=\"image\/jpeg\" \/>\n<meta name=\"author\" content=\"Cecilia Pastrana\" \/>\n<meta name=\"twitter:card\" content=\"summary_large_image\" \/>\n<meta name=\"twitter:creator\" content=\"@nahuproduciones\" \/>\n<meta name=\"twitter:site\" content=\"@nahuproduciones\" \/>\n<meta name=\"twitter:label1\" content=\"Escrito por\" \/>\n\t<meta name=\"twitter:data1\" content=\"Cecilia Pastrana\" \/>\n\t<meta name=\"twitter:label2\" content=\"Tiempo de lectura\" \/>\n\t<meta name=\"twitter:data2\" content=\"2 minutos\" \/>\n<script type=\"application\/ld+json\" class=\"yoast-schema-graph\">{\"@context\":\"https:\/\/schema.org\",\"@graph\":[{\"@type\":\"WebPage\",\"@id\":\"https:\/\/nahuelproducciones.com.ar\/radioquijano\/el-profesor-jonathan-moyano-realizo-un-balance-anual-del-estudio-de-danzas-y-malambo-el-facon-y-proyecto-nuevos-desafios-para-2026\/\",\"url\":\"https:\/\/nahuelproducciones.com.ar\/radioquijano\/el-profesor-jonathan-moyano-realizo-un-balance-anual-del-estudio-de-danzas-y-malambo-el-facon-y-proyecto-nuevos-desafios-para-2026\/\",\"name\":\"El profesor Jonathan Moyano realiz\u00f3 un balance anual del Estudio de Danzas y Malambo EL FAC\u00d3N, y proyect\u00f3 nuevos desaf\u00edos para 2026 - RQ 99.9\",\"isPartOf\":{\"@id\":\"https:\/\/nahuelproducciones.com.ar\/radioquijano\/#website\"},\"datePublished\":\"2026-01-30T12:35:58+00:00\",\"dateModified\":\"2026-01-30T12:36:03+00:00\",\"author\":{\"@id\":\"https:\/\/nahuelproducciones.com.ar\/radioquijano\/#\/schema\/person\/e8a4f939e2cb487fe6d0c54042c9d32c\"},\"description\":\"El Fac\u00f3n entrego de un reconocimiento al Grupo Radio Quijano 99.9 MHz, en agradecimiento por el acompa\u00f1amiento permanente, la difusi\u00f3n de las actividades\",\"breadcrumb\":{\"@id\":\"https:\/\/nahuelproducciones.com.ar\/radioquijano\/el-profesor-jonathan-moyano-realizo-un-balance-anual-del-estudio-de-danzas-y-malambo-el-facon-y-proyecto-nuevos-desafios-para-2026\/#breadcrumb\"},\"inLanguage\":\"es\",\"potentialAction\":[{\"@type\":\"ReadAction\",\"target\":[\"https:\/\/nahuelproducciones.com.ar\/radioquijano\/el-profesor-jonathan-moyano-realizo-un-balance-anual-del-estudio-de-danzas-y-malambo-el-facon-y-proyecto-nuevos-desafios-para-2026\/\"]}]},{\"@type\":\"BreadcrumbList\",\"@id\":\"https:\/\/nahuelproducciones.com.ar\/radioquijano\/el-profesor-jonathan-moyano-realizo-un-balance-anual-del-estudio-de-danzas-y-malambo-el-facon-y-proyecto-nuevos-desafios-para-2026\/#breadcrumb\",\"itemListElement\":[{\"@type\":\"ListItem\",\"position\":1,\"name\":\"Portada\",\"item\":\"https:\/\/nahuelproducciones.com.ar\/radioquijano\/\"},{\"@type\":\"ListItem\",\"position\":2,\"name\":\"El profesor Jonathan Moyano realiz\u00f3 un balance anual del Estudio de Danzas y Malambo EL FAC\u00d3N, y proyect\u00f3 nuevos desaf\u00edos para 2026\"}]},{\"@type\":\"WebSite\",\"@id\":\"https:\/\/nahuelproducciones.com.ar\/radioquijano\/#website\",\"url\":\"https:\/\/nahuelproducciones.com.ar\/radioquijano\/\",\"name\":\"RQ 99.9\",\"description\":\"Radio Quijano 99.9 MHz\",\"potentialAction\":[{\"@type\":\"SearchAction\",\"target\":{\"@type\":\"EntryPoint\",\"urlTemplate\":\"https:\/\/nahuelproducciones.com.ar\/radioquijano\/?s={search_term_string}\"},\"query-input\":\"required name=search_term_string\"}],\"inLanguage\":\"es\"},{\"@type\":\"Person\",\"@id\":\"https:\/\/nahuelproducciones.com.ar\/radioquijano\/#\/schema\/person\/e8a4f939e2cb487fe6d0c54042c9d32c\",\"name\":\"Cecilia Pastrana\",\"image\":{\"@type\":\"ImageObject\",\"inLanguage\":\"es\",\"@id\":\"https:\/\/nahuelproducciones.com.ar\/radioquijano\/#\/schema\/person\/image\/\",\"url\":\"https:\/\/secure.gravatar.com\/avatar\/661a3ef63a8488d4f2794ed44af8cf71420f7e106f3072c40125114df5157749?s=96&d=mm&r=g\",\"contentUrl\":\"https:\/\/secure.gravatar.com\/avatar\/661a3ef63a8488d4f2794ed44af8cf71420f7e106f3072c40125114df5157749?s=96&d=mm&r=g\",\"caption\":\"Cecilia Pastrana\"},\"sameAs\":[\"cecy\"],\"url\":\"https:\/\/nahuelproducciones.com.ar\/radioquijano\/author\/cecy\/\"}]}<\/script>\n<!-- \/ Yoast SEO plugin. -->","yoast_head_json":{"title":"El profesor Jonathan Moyano realiz\u00f3 un balance anual del Estudio de Danzas y Malambo EL FAC\u00d3N, y proyect\u00f3 nuevos desaf\u00edos para 2026 - RQ 99.9","description":"El Fac\u00f3n entrego de un reconocimiento al Grupo Radio Quijano 99.9 MHz, en agradecimiento por el acompa\u00f1amiento permanente, la difusi\u00f3n de las actividades","robots":{"index":"index","follow":"follow","max-snippet":"max-snippet:-1","max-image-preview":"max-image-preview:large","max-video-preview":"max-video-preview:-1"},"canonical":"https:\/\/nahuelproducciones.com.ar\/radioquijano\/el-profesor-jonathan-moyano-realizo-un-balance-anual-del-estudio-de-danzas-y-malambo-el-facon-y-proyecto-nuevos-desafios-para-2026\/","og_locale":"es_ES","og_type":"article","og_title":"El profesor Jonathan Moyano realiz\u00f3 un balance anual del Estudio de Danzas y Malambo EL FAC\u00d3N, y proyect\u00f3 nuevos desaf\u00edos para 2026 - RQ 99.9","og_description":"El Fac\u00f3n entrego de un reconocimiento al Grupo Radio Quijano 99.9 MHz, en agradecimiento por el acompa\u00f1amiento permanente, la difusi\u00f3n de las actividades","og_url":"https:\/\/nahuelproducciones.com.ar\/radioquijano\/el-profesor-jonathan-moyano-realizo-un-balance-anual-del-estudio-de-danzas-y-malambo-el-facon-y-proyecto-nuevos-desafios-para-2026\/","og_site_name":"RQ 99.9","article_publisher":"https:\/\/www.facebook.com\/nahuelproducciones999\/","article_published_time":"2026-01-30T12:35:58+00:00","article_modified_time":"2026-01-30T12:36:03+00:00","og_image":[{"width":700,"height":738,"url":"https:\/\/nahuelproducciones.com.ar\/radioquijano\/wp-content\/uploads\/2026\/01\/493274780_10229847218388007_96954071098816033_n-e1769776161590.jpg","type":"image\/jpeg"}],"author":"Cecilia Pastrana","twitter_card":"summary_large_image","twitter_creator":"@nahuproduciones","twitter_site":"@nahuproduciones","twitter_misc":{"Escrito por":"Cecilia Pastrana","Tiempo de lectura":"2 minutos"},"schema":{"@context":"https:\/\/schema.org","@graph":[{"@type":"WebPage","@id":"https:\/\/nahuelproducciones.com.ar\/radioquijano\/el-profesor-jonathan-moyano-realizo-un-balance-anual-del-estudio-de-danzas-y-malambo-el-facon-y-proyecto-nuevos-desafios-para-2026\/","url":"https:\/\/nahuelproducciones.com.ar\/radioquijano\/el-profesor-jonathan-moyano-realizo-un-balance-anual-del-estudio-de-danzas-y-malambo-el-facon-y-proyecto-nuevos-desafios-para-2026\/","name":"El profesor Jonathan Moyano realiz\u00f3 un balance anual del Estudio de Danzas y Malambo EL FAC\u00d3N, y proyect\u00f3 nuevos desaf\u00edos para 2026 - RQ 99.9","isPartOf":{"@id":"https:\/\/nahuelproducciones.com.ar\/radioquijano\/#website"},"datePublished":"2026-01-30T12:35:58+00:00","dateModified":"2026-01-30T12:36:03+00:00","author":{"@id":"https:\/\/nahuelproducciones.com.ar\/radioquijano\/#\/schema\/person\/e8a4f939e2cb487fe6d0c54042c9d32c"},"description":"El Fac\u00f3n entrego de un reconocimiento al Grupo Radio Quijano 99.9 MHz, en agradecimiento por el acompa\u00f1amiento permanente, la difusi\u00f3n de las actividades","breadcrumb":{"@id":"https:\/\/nahuelproducciones.com.ar\/radioquijano\/el-profesor-jonathan-moyano-realizo-un-balance-anual-del-estudio-de-danzas-y-malambo-el-facon-y-proyecto-nuevos-desafios-para-2026\/#breadcrumb"},"inLanguage":"es","potentialAction":[{"@type":"ReadAction","target":["https:\/\/nahuelproducciones.com.ar\/radioquijano\/el-profesor-jonathan-moyano-realizo-un-balance-anual-del-estudio-de-danzas-y-malambo-el-facon-y-proyecto-nuevos-desafios-para-2026\/"]}]},{"@type":"BreadcrumbList","@id":"https:\/\/nahuelproducciones.com.ar\/radioquijano\/el-profesor-jonathan-moyano-realizo-un-balance-anual-del-estudio-de-danzas-y-malambo-el-facon-y-proyecto-nuevos-desafios-para-2026\/#breadcrumb","itemListElement":[{"@type":"ListItem","position":1,"name":"Portada","item":"https:\/\/nahuelproducciones.com.ar\/radioquijano\/"},{"@type":"ListItem","position":2,"name":"El profesor Jonathan Moyano realiz\u00f3 un balance anual del Estudio de Danzas y Malambo EL FAC\u00d3N, y proyect\u00f3 nuevos desaf\u00edos para 2026"}]},{"@type":"WebSite","@id":"https:\/\/nahuelproducciones.com.ar\/radioquijano\/#website","url":"https:\/\/nahuelproducciones.com.ar\/radioquijano\/","name":"RQ 99.9","description":"Radio Quijano 99.9 MHz","potentialAction":[{"@type":"SearchAction","target":{"@type":"EntryPoint","urlTemplate":"https:\/\/nahuelproducciones.com.ar\/radioquijano\/?s={search_term_string}"},"query-input":"required name=search_term_string"}],"inLanguage":"es"},{"@type":"Person","@id":"https:\/\/nahuelproducciones.com.ar\/radioquijano\/#\/schema\/person\/e8a4f939e2cb487fe6d0c54042c9d32c","name":"Cecilia Pastrana","image":{"@type":"ImageObject","inLanguage":"es","@id":"https:\/\/nahuelproducciones.com.ar\/radioquijano\/#\/schema\/person\/image\/","url":"https:\/\/secure.gravatar.com\/avatar\/661a3ef63a8488d4f2794ed44af8cf71420f7e106f3072c40125114df5157749?s=96&d=mm&r=g","contentUrl":"https:\/\/secure.gravatar.com\/avatar\/661a3ef63a8488d4f2794ed44af8cf71420f7e106f3072c40125114df5157749?s=96&d=mm&r=g","caption":"Cecilia Pastrana"},"sameAs":["cecy"],"url":"https:\/\/nahuelproducciones.com.ar\/radioquijano\/author\/cecy\/"}]}},"_links":{"self":[{"href":"https:\/\/nahuelproducciones.com.ar\/radioquijano\/wp-json\/wp\/v2\/posts\/11917","targetHints":{"allow":["GET"]}}],"collection":[{"href":"https:\/\/nahuelproducciones.com.ar\/radioquijano\/wp-json\/wp\/v2\/posts"}],"about":[{"href":"https:\/\/nahuelproducciones.com.ar\/radioquijano\/wp-json\/wp\/v2\/types\/post"}],"author":[{"embeddable":true,"href":"https:\/\/nahuelproducciones.com.ar\/radioquijano\/wp-json\/wp\/v2\/users\/8"}],"replies":[{"embeddable":true,"href":"https:\/\/nahuelproducciones.com.ar\/radioquijano\/wp-json\/wp\/v2\/comments?post=11917"}],"version-history":[{"count":1,"href":"https:\/\/nahuelproducciones.com.ar\/radioquijano\/wp-json\/wp\/v2\/posts\/11917\/revisions"}],"predecessor-version":[{"id":11921,"href":"https:\/\/nahuelproducciones.com.ar\/radioquijano\/wp-json\/wp\/v2\/posts\/11917\/revisions\/11921"}],"wp:featuredmedia":[{"embeddable":true,"href":"https:\/\/nahuelproducciones.com.ar\/radioquijano\/wp-json\/wp\/v2\/media\/11920"}],"wp:attachment":[{"href":"https:\/\/nahuelproducciones.com.ar\/radioquijano\/wp-json\/wp\/v2\/media?parent=11917"}],"wp:term":[{"taxonomy":"category","embeddable":true,"href":"https:\/\/nahuelproducciones.com.ar\/radioquijano\/wp-json\/wp\/v2\/categories?post=11917"},{"taxonomy":"post_tag","embeddable":true,"href":"https:\/\/nahuelproducciones.com.ar\/radioquijano\/wp-json\/wp\/v2\/tags?post=11917"}],"curies":[{"name":"wp","href":"https:\/\/api.w.org\/{rel}","templated":true}]}}