{"id":1195,"date":"2021-07-13T00:16:51","date_gmt":"2021-07-13T03:16:51","guid":{"rendered":"https:\/\/nahuelproducciones.com.ar\/radioquijano\/?p=1195"},"modified":"2021-07-13T00:20:45","modified_gmt":"2021-07-13T03:20:45","slug":"hoy-comenzo-a-funcionar-el-tren-urbano-al-valle-de-lerma-gesta-gaucha-y-desiluciono-a-los-vecinos","status":"publish","type":"post","link":"https:\/\/nahuelproducciones.com.ar\/radioquijano\/hoy-comenzo-a-funcionar-el-tren-urbano-al-valle-de-lerma-gesta-gaucha-y-desiluciono-a-los-vecinos\/","title":{"rendered":"Hoy comenz\u00f3 a funcionar el Tren Urbano al Valle de Lerma \u201cGesta Gaucha\u201d y desilusiono a los vecinos."},"content":{"rendered":"\n<p>Tres pasajeros fueron los primeros en utilizar el primer servicio. <\/p>\n\n\n\n<p>La inauguraci\u00f3n del tren fue el viernes 9 de julio, en Campo Quijano, donde el gobernador Gustavo Sa\u00e9nz estuvo presente junto al presidente de Trenes Argentinos <strong>Mart\u00edn Marinucci<\/strong>.<\/p>\n\n\n\n<p>El titular de los trenes se\u00f1al\u00f3  :\u201cHoy estamos haciendo realidad el sue\u00f1o de tantos a\u00f1os, a partir de lunes los vecinos y vecinas tendr\u00e1n aqu\u00ed el tren para hacer los recorridos de forma diaria\u201d. Un discurso que entusiasmo a todos y cuando se interiorizaron, se confirmo que solo era para que pudieran viajar aquellos trabajadores esenciales y <em>exceptuados<\/em> presentando permiso de circulaci\u00f3n , lo que produjo malestar en los vecinos que tenian intenciones de subir en el tren.<\/p>\n\n\n\n<p><strong>El tren realizar\u00e1 viajes de lunes a viernes con dos servicios diarios<\/strong>. El primero saldr\u00e1 desde Campo Quijano a las 6 de la ma\u00f1ana. El viaje hasta Salta consta de 45 kil\u00f3metros, dura 1 hora 20 minutos y tendr\u00e1 a Rosario de Lerma y Cerrillos como paradas intermedias.&nbsp;<\/p>\n\n\n\n<p>En principio funcionar\u00e1 con dos vagones y por la situaci\u00f3n sanitaria, tendr\u00e1 capacidad reducida de pasajeros, pero ya adelantaron que se ir\u00e1n incorporando m\u00e1s frecuencias de manera paulatina.<\/p>\n\n\n\n<p>De acuerdo al itinerario elaborado por Trenes Argentinos, tendr\u00e1 salidas desde Campo Quijano a las 6 y a las 11.07 y desde Salta a las 7.47 y 12.50. Los viajes tendr\u00e1n una duraci\u00f3n de 1 hora 20 minutos.<\/p>\n\n\n\n<p>Hay dos frecuencias que permiten unir los 87 kil\u00f3metros totales del recorrido entre G\u00fcemes y Quijano. El boleto costar\u00e1 30 pesos entre ambas cabeceras y 14 pesos desde la capital hasta la nueva cabecera.<\/p>\n\n\n\n<p>Acerca de los precios se detall\u00f3 que los mismos ser\u00e1n de acuerdo al tramo:<\/p>\n\n\n\n<p>Salta \u2013 Cerrillos&nbsp; $6<\/p>\n\n\n\n<p>Rosario de Lerma \u2013 Salta&nbsp; $10<\/p>\n\n\n\n<p>Salta \u2013 Campo Quijano $14.<\/p>\n\n\n\n<p>No se sabe cuando se habilitara a todos los vecinos ya que por razones sanitarias se decidi\u00f3 limitar la cantidad de pasajeros en cada viaje y que  de acuerdo al itinerario elaborado por Trenes Argentinos la normativas nacional manifiesta que es s\u00f3lo para esenciales.<\/p>\n\n\n\n<p>RQ99.9Mhz Campo Quijano<\/p>\n\n\n\n<p><\/p>\n\n\n\n<p><\/p>\n","protected":false},"excerpt":{"rendered":"<p>Tres pasajeros fueron los primeros en utilizar el primer servicio. La inauguraci\u00f3n del tren fue el viernes 9 de julio, en Campo Quijano, donde el gobernador Gustavo Sa\u00e9nz estuvo presente junto al presidente de Trenes Argentinos Mart\u00edn Marinucci. El titular de los trenes se\u00f1al\u00f3 :\u201cHoy estamos haciendo realidad el sue\u00f1o de tantos a\u00f1os, a partir [&hellip;]<\/p>\n","protected":false},"author":8,"featured_media":1196,"comment_status":"open","ping_status":"open","sticky":false,"template":"","format":"standard","meta":{"_monsterinsights_skip_tracking":false,"_monsterinsights_sitenote_active":false,"_monsterinsights_sitenote_note":"","_monsterinsights_sitenote_category":0,"footnotes":""},"categories":[16],"tags":[36,130],"class_list":["post-1195","post","type-post","status-publish","format-standard","has-post-thumbnail","hentry","category-noticias","tag-campo-quijano","tag-tren-urbano-al-valle-de-lerma-gesta-gaucha"],"yoast_head":"<!-- This site is optimized with the Yoast SEO plugin v20.8 - https:\/\/yoast.com\/wordpress\/plugins\/seo\/ -->\n<title>Hoy comenz\u00f3 a funcionar el Tren Urbano al Valle de Lerma \u201cGesta Gaucha\u201d y desilusiono a los vecinos. - RQ 99.9<\/title>\n<meta name=\"description\" content=\"Solo pueden viajar trabajadores esenciales y exceptuados presentando permiso de circulaci\u00f3n.\" \/>\n<meta name=\"robots\" content=\"index, follow, max-snippet:-1, max-image-preview:large, max-video-preview:-1\" \/>\n<link rel=\"canonical\" href=\"https:\/\/nahuelproducciones.com.ar\/radioquijano\/hoy-comenzo-a-funcionar-el-tren-urbano-al-valle-de-lerma-gesta-gaucha-y-desiluciono-a-los-vecinos\/\" \/>\n<meta property=\"og:locale\" content=\"es_ES\" \/>\n<meta property=\"og:type\" content=\"article\" \/>\n<meta property=\"og:title\" content=\"Hoy comenz\u00f3 a funcionar el Tren Urbano al Valle de Lerma \u201cGesta Gaucha\u201d y desilusiono a los vecinos. - RQ 99.9\" \/>\n<meta property=\"og:description\" content=\"Solo pueden viajar trabajadores esenciales y exceptuados presentando permiso de circulaci\u00f3n.\" \/>\n<meta property=\"og:url\" content=\"https:\/\/nahuelproducciones.com.ar\/radioquijano\/hoy-comenzo-a-funcionar-el-tren-urbano-al-valle-de-lerma-gesta-gaucha-y-desiluciono-a-los-vecinos\/\" \/>\n<meta property=\"og:site_name\" content=\"RQ 99.9\" \/>\n<meta property=\"article:publisher\" content=\"https:\/\/www.facebook.com\/nahuelproducciones999\/\" \/>\n<meta property=\"article:published_time\" content=\"2021-07-13T03:16:51+00:00\" \/>\n<meta property=\"article:modified_time\" content=\"2021-07-13T03:20:45+00:00\" \/>\n<meta property=\"og:image\" content=\"https:\/\/nahuelproducciones.com.ar\/radioquijano\/wp-content\/uploads\/2021\/07\/tren-argentino-e1626146141315.jpg\" \/>\n\t<meta property=\"og:image:width\" content=\"700\" \/>\n\t<meta property=\"og:image:height\" content=\"315\" \/>\n\t<meta property=\"og:image:type\" content=\"image\/jpeg\" \/>\n<meta name=\"author\" content=\"Cecilia Pastrana\" \/>\n<meta name=\"twitter:card\" content=\"summary_large_image\" \/>\n<meta name=\"twitter:creator\" content=\"@nahuproduciones\" \/>\n<meta name=\"twitter:site\" content=\"@nahuproduciones\" \/>\n<meta name=\"twitter:label1\" content=\"Escrito por\" \/>\n\t<meta name=\"twitter:data1\" content=\"Cecilia Pastrana\" \/>\n\t<meta name=\"twitter:label2\" content=\"Tiempo de lectura\" \/>\n\t<meta name=\"twitter:data2\" content=\"2 minutos\" \/>\n<script type=\"application\/ld+json\" class=\"yoast-schema-graph\">{\"@context\":\"https:\/\/schema.org\",\"@graph\":[{\"@type\":\"WebPage\",\"@id\":\"https:\/\/nahuelproducciones.com.ar\/radioquijano\/hoy-comenzo-a-funcionar-el-tren-urbano-al-valle-de-lerma-gesta-gaucha-y-desiluciono-a-los-vecinos\/\",\"url\":\"https:\/\/nahuelproducciones.com.ar\/radioquijano\/hoy-comenzo-a-funcionar-el-tren-urbano-al-valle-de-lerma-gesta-gaucha-y-desiluciono-a-los-vecinos\/\",\"name\":\"Hoy comenz\u00f3 a funcionar el Tren Urbano al Valle de Lerma \u201cGesta Gaucha\u201d y desilusiono a los vecinos. - RQ 99.9\",\"isPartOf\":{\"@id\":\"https:\/\/nahuelproducciones.com.ar\/radioquijano\/#website\"},\"datePublished\":\"2021-07-13T03:16:51+00:00\",\"dateModified\":\"2021-07-13T03:20:45+00:00\",\"author\":{\"@id\":\"https:\/\/nahuelproducciones.com.ar\/radioquijano\/#\/schema\/person\/e8a4f939e2cb487fe6d0c54042c9d32c\"},\"description\":\"Solo pueden viajar trabajadores esenciales y exceptuados presentando permiso de circulaci\u00f3n.\",\"breadcrumb\":{\"@id\":\"https:\/\/nahuelproducciones.com.ar\/radioquijano\/hoy-comenzo-a-funcionar-el-tren-urbano-al-valle-de-lerma-gesta-gaucha-y-desiluciono-a-los-vecinos\/#breadcrumb\"},\"inLanguage\":\"es\",\"potentialAction\":[{\"@type\":\"ReadAction\",\"target\":[\"https:\/\/nahuelproducciones.com.ar\/radioquijano\/hoy-comenzo-a-funcionar-el-tren-urbano-al-valle-de-lerma-gesta-gaucha-y-desiluciono-a-los-vecinos\/\"]}]},{\"@type\":\"BreadcrumbList\",\"@id\":\"https:\/\/nahuelproducciones.com.ar\/radioquijano\/hoy-comenzo-a-funcionar-el-tren-urbano-al-valle-de-lerma-gesta-gaucha-y-desiluciono-a-los-vecinos\/#breadcrumb\",\"itemListElement\":[{\"@type\":\"ListItem\",\"position\":1,\"name\":\"Portada\",\"item\":\"https:\/\/nahuelproducciones.com.ar\/radioquijano\/\"},{\"@type\":\"ListItem\",\"position\":2,\"name\":\"Hoy comenz\u00f3 a funcionar el Tren Urbano al Valle de Lerma \u201cGesta Gaucha\u201d y desilusiono a los vecinos.\"}]},{\"@type\":\"WebSite\",\"@id\":\"https:\/\/nahuelproducciones.com.ar\/radioquijano\/#website\",\"url\":\"https:\/\/nahuelproducciones.com.ar\/radioquijano\/\",\"name\":\"RQ 99.9\",\"description\":\"Radio Quijano 99.9 MHz\",\"potentialAction\":[{\"@type\":\"SearchAction\",\"target\":{\"@type\":\"EntryPoint\",\"urlTemplate\":\"https:\/\/nahuelproducciones.com.ar\/radioquijano\/?s={search_term_string}\"},\"query-input\":\"required name=search_term_string\"}],\"inLanguage\":\"es\"},{\"@type\":\"Person\",\"@id\":\"https:\/\/nahuelproducciones.com.ar\/radioquijano\/#\/schema\/person\/e8a4f939e2cb487fe6d0c54042c9d32c\",\"name\":\"Cecilia Pastrana\",\"image\":{\"@type\":\"ImageObject\",\"inLanguage\":\"es\",\"@id\":\"https:\/\/nahuelproducciones.com.ar\/radioquijano\/#\/schema\/person\/image\/\",\"url\":\"https:\/\/secure.gravatar.com\/avatar\/661a3ef63a8488d4f2794ed44af8cf71420f7e106f3072c40125114df5157749?s=96&d=mm&r=g\",\"contentUrl\":\"https:\/\/secure.gravatar.com\/avatar\/661a3ef63a8488d4f2794ed44af8cf71420f7e106f3072c40125114df5157749?s=96&d=mm&r=g\",\"caption\":\"Cecilia Pastrana\"},\"sameAs\":[\"cecy\"],\"url\":\"https:\/\/nahuelproducciones.com.ar\/radioquijano\/author\/cecy\/\"}]}<\/script>\n<!-- \/ Yoast SEO plugin. -->","yoast_head_json":{"title":"Hoy comenz\u00f3 a funcionar el Tren Urbano al Valle de Lerma \u201cGesta Gaucha\u201d y desilusiono a los vecinos. - RQ 99.9","description":"Solo pueden viajar trabajadores esenciales y exceptuados presentando permiso de circulaci\u00f3n.","robots":{"index":"index","follow":"follow","max-snippet":"max-snippet:-1","max-image-preview":"max-image-preview:large","max-video-preview":"max-video-preview:-1"},"canonical":"https:\/\/nahuelproducciones.com.ar\/radioquijano\/hoy-comenzo-a-funcionar-el-tren-urbano-al-valle-de-lerma-gesta-gaucha-y-desiluciono-a-los-vecinos\/","og_locale":"es_ES","og_type":"article","og_title":"Hoy comenz\u00f3 a funcionar el Tren Urbano al Valle de Lerma \u201cGesta Gaucha\u201d y desilusiono a los vecinos. - RQ 99.9","og_description":"Solo pueden viajar trabajadores esenciales y exceptuados presentando permiso de circulaci\u00f3n.","og_url":"https:\/\/nahuelproducciones.com.ar\/radioquijano\/hoy-comenzo-a-funcionar-el-tren-urbano-al-valle-de-lerma-gesta-gaucha-y-desiluciono-a-los-vecinos\/","og_site_name":"RQ 99.9","article_publisher":"https:\/\/www.facebook.com\/nahuelproducciones999\/","article_published_time":"2021-07-13T03:16:51+00:00","article_modified_time":"2021-07-13T03:20:45+00:00","og_image":[{"width":700,"height":315,"url":"https:\/\/nahuelproducciones.com.ar\/radioquijano\/wp-content\/uploads\/2021\/07\/tren-argentino-e1626146141315.jpg","type":"image\/jpeg"}],"author":"Cecilia Pastrana","twitter_card":"summary_large_image","twitter_creator":"@nahuproduciones","twitter_site":"@nahuproduciones","twitter_misc":{"Escrito por":"Cecilia Pastrana","Tiempo de lectura":"2 minutos"},"schema":{"@context":"https:\/\/schema.org","@graph":[{"@type":"WebPage","@id":"https:\/\/nahuelproducciones.com.ar\/radioquijano\/hoy-comenzo-a-funcionar-el-tren-urbano-al-valle-de-lerma-gesta-gaucha-y-desiluciono-a-los-vecinos\/","url":"https:\/\/nahuelproducciones.com.ar\/radioquijano\/hoy-comenzo-a-funcionar-el-tren-urbano-al-valle-de-lerma-gesta-gaucha-y-desiluciono-a-los-vecinos\/","name":"Hoy comenz\u00f3 a funcionar el Tren Urbano al Valle de Lerma \u201cGesta Gaucha\u201d y desilusiono a los vecinos. - RQ 99.9","isPartOf":{"@id":"https:\/\/nahuelproducciones.com.ar\/radioquijano\/#website"},"datePublished":"2021-07-13T03:16:51+00:00","dateModified":"2021-07-13T03:20:45+00:00","author":{"@id":"https:\/\/nahuelproducciones.com.ar\/radioquijano\/#\/schema\/person\/e8a4f939e2cb487fe6d0c54042c9d32c"},"description":"Solo pueden viajar trabajadores esenciales y exceptuados presentando permiso de circulaci\u00f3n.","breadcrumb":{"@id":"https:\/\/nahuelproducciones.com.ar\/radioquijano\/hoy-comenzo-a-funcionar-el-tren-urbano-al-valle-de-lerma-gesta-gaucha-y-desiluciono-a-los-vecinos\/#breadcrumb"},"inLanguage":"es","potentialAction":[{"@type":"ReadAction","target":["https:\/\/nahuelproducciones.com.ar\/radioquijano\/hoy-comenzo-a-funcionar-el-tren-urbano-al-valle-de-lerma-gesta-gaucha-y-desiluciono-a-los-vecinos\/"]}]},{"@type":"BreadcrumbList","@id":"https:\/\/nahuelproducciones.com.ar\/radioquijano\/hoy-comenzo-a-funcionar-el-tren-urbano-al-valle-de-lerma-gesta-gaucha-y-desiluciono-a-los-vecinos\/#breadcrumb","itemListElement":[{"@type":"ListItem","position":1,"name":"Portada","item":"https:\/\/nahuelproducciones.com.ar\/radioquijano\/"},{"@type":"ListItem","position":2,"name":"Hoy comenz\u00f3 a funcionar el Tren Urbano al Valle de Lerma \u201cGesta Gaucha\u201d y desilusiono a los vecinos."}]},{"@type":"WebSite","@id":"https:\/\/nahuelproducciones.com.ar\/radioquijano\/#website","url":"https:\/\/nahuelproducciones.com.ar\/radioquijano\/","name":"RQ 99.9","description":"Radio Quijano 99.9 MHz","potentialAction":[{"@type":"SearchAction","target":{"@type":"EntryPoint","urlTemplate":"https:\/\/nahuelproducciones.com.ar\/radioquijano\/?s={search_term_string}"},"query-input":"required name=search_term_string"}],"inLanguage":"es"},{"@type":"Person","@id":"https:\/\/nahuelproducciones.com.ar\/radioquijano\/#\/schema\/person\/e8a4f939e2cb487fe6d0c54042c9d32c","name":"Cecilia Pastrana","image":{"@type":"ImageObject","inLanguage":"es","@id":"https:\/\/nahuelproducciones.com.ar\/radioquijano\/#\/schema\/person\/image\/","url":"https:\/\/secure.gravatar.com\/avatar\/661a3ef63a8488d4f2794ed44af8cf71420f7e106f3072c40125114df5157749?s=96&d=mm&r=g","contentUrl":"https:\/\/secure.gravatar.com\/avatar\/661a3ef63a8488d4f2794ed44af8cf71420f7e106f3072c40125114df5157749?s=96&d=mm&r=g","caption":"Cecilia Pastrana"},"sameAs":["cecy"],"url":"https:\/\/nahuelproducciones.com.ar\/radioquijano\/author\/cecy\/"}]}},"_links":{"self":[{"href":"https:\/\/nahuelproducciones.com.ar\/radioquijano\/wp-json\/wp\/v2\/posts\/1195","targetHints":{"allow":["GET"]}}],"collection":[{"href":"https:\/\/nahuelproducciones.com.ar\/radioquijano\/wp-json\/wp\/v2\/posts"}],"about":[{"href":"https:\/\/nahuelproducciones.com.ar\/radioquijano\/wp-json\/wp\/v2\/types\/post"}],"author":[{"embeddable":true,"href":"https:\/\/nahuelproducciones.com.ar\/radioquijano\/wp-json\/wp\/v2\/users\/8"}],"replies":[{"embeddable":true,"href":"https:\/\/nahuelproducciones.com.ar\/radioquijano\/wp-json\/wp\/v2\/comments?post=1195"}],"version-history":[{"count":4,"href":"https:\/\/nahuelproducciones.com.ar\/radioquijano\/wp-json\/wp\/v2\/posts\/1195\/revisions"}],"predecessor-version":[{"id":1200,"href":"https:\/\/nahuelproducciones.com.ar\/radioquijano\/wp-json\/wp\/v2\/posts\/1195\/revisions\/1200"}],"wp:featuredmedia":[{"embeddable":true,"href":"https:\/\/nahuelproducciones.com.ar\/radioquijano\/wp-json\/wp\/v2\/media\/1196"}],"wp:attachment":[{"href":"https:\/\/nahuelproducciones.com.ar\/radioquijano\/wp-json\/wp\/v2\/media?parent=1195"}],"wp:term":[{"taxonomy":"category","embeddable":true,"href":"https:\/\/nahuelproducciones.com.ar\/radioquijano\/wp-json\/wp\/v2\/categories?post=1195"},{"taxonomy":"post_tag","embeddable":true,"href":"https:\/\/nahuelproducciones.com.ar\/radioquijano\/wp-json\/wp\/v2\/tags?post=1195"}],"curies":[{"name":"wp","href":"https:\/\/api.w.org\/{rel}","templated":true}]}}