{"id":11996,"date":"2026-02-26T13:54:02","date_gmt":"2026-02-26T16:54:02","guid":{"rendered":"https:\/\/nahuelproducciones.com.ar\/radioquijano\/?p=11996"},"modified":"2026-02-26T13:54:02","modified_gmt":"2026-02-26T16:54:02","slug":"paritarias-2026-incremento-del-10-hasta-junio-pago-del-incentivo-docente-mas-adicionales","status":"publish","type":"post","link":"https:\/\/nahuelproducciones.com.ar\/radioquijano\/paritarias-2026-incremento-del-10-hasta-junio-pago-del-incentivo-docente-mas-adicionales\/","title":{"rendered":"Paritarias 2026: incremento del 10% hasta junio, pago del incentivo docente m\u00e1s adicionales"},"content":{"rendered":"\n<p>En el primer semestre de 2026, los empleados de la&nbsp;<strong>administraci\u00f3n p\u00fablica provincial<\/strong>&nbsp;recibir\u00e1n un 10% de incremento salarial. El acuerdo que firmaron el Gobierno y los gremios incluye adem\u00e1s la reactivaci\u00f3n de la&nbsp;<strong>Compensaci\u00f3n Transitoria Docente<\/strong>, m\u00e1s el reconocimiento de \u00edtems que benefician a la totalidad de los empleados del Estado.<\/p>\n\n\n\n<p>La actualizaci\u00f3n salarial se aplicar\u00e1 de manera escalonada: 2,9% en febrero, 2% en abril, 2% en mayo y 3,1% en junio, acumulando el 10% previsto para el primer semestre del a\u00f1o. En este esquema, el pago de la Compensaci\u00f3n Transitoria Docente ser\u00e1 con retroactividad a enero.<\/p>\n\n\n\n<figure class=\"wp-block-embed is-type-rich is-provider-gestor-del-servicio wp-block-embed-gestor-del-servicio wp-embed-aspect-16-9 wp-has-aspect-ratio\"><div class=\"wp-block-embed__wrapper\">\n<iframe loading=\"lazy\" title=\"Paritarias 2026: incremento del 10% hasta junio, pago del incentivo docente m\u00e1s adicionales\" width=\"640\" height=\"360\" src=\"https:\/\/www.youtube.com\/embed\/YldSiqyjf0w?feature=oembed\" frameborder=\"0\" allow=\"accelerometer; autoplay; clipboard-write; encrypted-media; gyroscope; picture-in-picture; web-share\" referrerpolicy=\"strict-origin-when-cross-origin\" allowfullscreen><\/iframe>\n<\/div><\/figure>\n\n\n\n<p>A esta mejora se suma el otorgamiento de asistencia cr\u00edtica, dedicaci\u00f3n y alta por baja, medidas orientadas a fortalecer el funcionamiento de los servicios y reconocer el compromiso del personal en \u00e1reas clave.<\/p>\n\n\n\n<p>Asimismo, el Gobierno inform\u00f3 que se iniciar\u00e1 el proceso paulatino de regularizaci\u00f3n de ordenanzas de escuelas.<\/p>\n\n\n\n<p>Cabe recordar que desde diciembre la Provincia viene cumpliendo con una pol\u00edtica de acompa\u00f1amiento sostenido a los trabajadores, con pagos cada 15 d\u00edas, incluyendo aguinaldo y el bono extraordinario de $200.000, en el marco de una administraci\u00f3n responsable que busca sostener el empleo p\u00fablico, los servicios esenciales y el equilibrio fiscal.&nbsp;<\/p>\n\n\n\n<p>En este contexto, y en beneficio del trabajador, se destac\u00f3 que las pr\u00f3ximas 20 semanas estar\u00e1n contempladas con aumentos y adicionales, brindando previsibilidad y acompa\u00f1amiento a las familias estatales.<\/p>\n\n\n\n<figure class=\"wp-block-embed is-type-rich is-provider-gestor-del-servicio wp-block-embed-gestor-del-servicio wp-embed-aspect-16-9 wp-has-aspect-ratio\"><div class=\"wp-block-embed__wrapper\">\n<iframe loading=\"lazy\" title=\"Paritarias 2026: incremento del 10% hasta junio, pago del incentivo docente m\u00e1s adicionales\" width=\"640\" height=\"360\" src=\"https:\/\/www.youtube.com\/embed\/mhp6Uz760aw?feature=oembed\" frameborder=\"0\" allow=\"accelerometer; autoplay; clipboard-write; encrypted-media; gyroscope; picture-in-picture; web-share\" referrerpolicy=\"strict-origin-when-cross-origin\" allowfullscreen><\/iframe>\n<\/div><\/figure>\n\n\n\n<p><strong>Pago de salarios<\/strong><\/p>\n\n\n\n<p>En cuanto al cronograma de pago de sueldos, se anunci\u00f3 que el pr\u00f3ximo s\u00e1bado 28 del corriente todos los trabajadores de la administraci\u00f3n p\u00fablica percibir\u00e1n los haberes de febrero con los incrementos y el incentivo incluidos.<\/p>\n\n\n\n<p>En el encuentro participaron el jefe de Gabinete de Ministros,&nbsp;<strong>Sergio Camacho<\/strong>; el ministro de Econom\u00eda y Servicios P\u00fablicos,&nbsp;<strong>Roberto Dib Ashur<\/strong>; la ministra de Educaci\u00f3n y Cultura,&nbsp;<strong>Cristina Fiore Vi\u00f1uales<\/strong>; el ministro de Salud P\u00fablica,&nbsp;<strong>Federico Mangione<\/strong>; el coordinador Administrativo del Gobierno,&nbsp;<strong>Nicol\u00e1s Demitr\u00f3pulos<\/strong>; la secretaria General de la Gobernaci\u00f3n,&nbsp;<strong>Matilde L\u00f3pez Morillo<\/strong>; adem\u00e1s de secretarios de Estado y coordinadores de distintas \u00e1reas del Ejecutivo provincial.<\/p>\n\n\n\n<p>Estuvieron presentes todos los sectores gremiales que participan en las reuniones paritarias.<\/p>\n\n\n\n<p><\/p>\n","protected":false},"excerpt":{"rendered":"<p>En el primer semestre de 2026, los empleados de la&nbsp;administraci\u00f3n p\u00fablica provincial&nbsp;recibir\u00e1n un 10% de incremento salarial. El acuerdo que firmaron el Gobierno y los gremios incluye adem\u00e1s la reactivaci\u00f3n de la&nbsp;Compensaci\u00f3n Transitoria Docente, m\u00e1s el reconocimiento de \u00edtems que benefician a la totalidad de los empleados del Estado. La actualizaci\u00f3n salarial se aplicar\u00e1 de [&hellip;]<\/p>\n","protected":false},"author":8,"featured_media":11999,"comment_status":"open","ping_status":"open","sticky":false,"template":"","format":"standard","meta":{"_monsterinsights_skip_tracking":false,"_monsterinsights_sitenote_active":false,"_monsterinsights_sitenote_note":"","_monsterinsights_sitenote_category":0,"footnotes":""},"categories":[16],"tags":[100,1220],"class_list":["post-11996","post","type-post","status-publish","format-standard","has-post-thumbnail","hentry","category-noticias","tag-municipio-de-campo-quijano","tag-paritaria"],"yoast_head":"<!-- This site is optimized with the Yoast SEO plugin v20.8 - https:\/\/yoast.com\/wordpress\/plugins\/seo\/ -->\n<title>Paritarias 2026: incremento del 10% hasta junio, pago del incentivo docente m\u00e1s adicionales - RQ 99.9<\/title>\n<meta name=\"description\" content=\"El Gobierno y gremios firmaron el acta que establece el acuerdo salarial para el primer semestre. Este s\u00e1bado se pagar\u00e1n los sueldos de febrero.\" \/>\n<meta name=\"robots\" content=\"index, follow, max-snippet:-1, max-image-preview:large, max-video-preview:-1\" \/>\n<link rel=\"canonical\" href=\"https:\/\/nahuelproducciones.com.ar\/radioquijano\/paritarias-2026-incremento-del-10-hasta-junio-pago-del-incentivo-docente-mas-adicionales\/\" \/>\n<meta property=\"og:locale\" content=\"es_ES\" \/>\n<meta property=\"og:type\" content=\"article\" \/>\n<meta property=\"og:title\" content=\"Paritarias 2026: incremento del 10% hasta junio, pago del incentivo docente m\u00e1s adicionales - RQ 99.9\" \/>\n<meta property=\"og:description\" content=\"El Gobierno y gremios firmaron el acta que establece el acuerdo salarial para el primer semestre. Este s\u00e1bado se pagar\u00e1n los sueldos de febrero.\" \/>\n<meta property=\"og:url\" content=\"https:\/\/nahuelproducciones.com.ar\/radioquijano\/paritarias-2026-incremento-del-10-hasta-junio-pago-del-incentivo-docente-mas-adicionales\/\" \/>\n<meta property=\"og:site_name\" content=\"RQ 99.9\" \/>\n<meta property=\"article:publisher\" content=\"https:\/\/www.facebook.com\/nahuelproducciones999\/\" \/>\n<meta property=\"article:published_time\" content=\"2026-02-26T16:54:02+00:00\" \/>\n<meta property=\"og:image\" content=\"https:\/\/nahuelproducciones.com.ar\/radioquijano\/wp-content\/uploads\/2026\/02\/WhatsApp-Image-2026-02-26-at-1.36.35-PM.jpeg\" \/>\n\t<meta property=\"og:image:width\" content=\"560\" \/>\n\t<meta property=\"og:image:height\" content=\"315\" \/>\n\t<meta property=\"og:image:type\" content=\"image\/jpeg\" \/>\n<meta name=\"author\" content=\"Cecilia Pastrana\" \/>\n<meta name=\"twitter:card\" content=\"summary_large_image\" \/>\n<meta name=\"twitter:creator\" content=\"@nahuproduciones\" \/>\n<meta name=\"twitter:site\" content=\"@nahuproduciones\" \/>\n<meta name=\"twitter:label1\" content=\"Escrito por\" \/>\n\t<meta name=\"twitter:data1\" content=\"Cecilia Pastrana\" \/>\n\t<meta name=\"twitter:label2\" content=\"Tiempo de lectura\" \/>\n\t<meta name=\"twitter:data2\" content=\"2 minutos\" \/>\n<script type=\"application\/ld+json\" class=\"yoast-schema-graph\">{\"@context\":\"https:\/\/schema.org\",\"@graph\":[{\"@type\":\"WebPage\",\"@id\":\"https:\/\/nahuelproducciones.com.ar\/radioquijano\/paritarias-2026-incremento-del-10-hasta-junio-pago-del-incentivo-docente-mas-adicionales\/\",\"url\":\"https:\/\/nahuelproducciones.com.ar\/radioquijano\/paritarias-2026-incremento-del-10-hasta-junio-pago-del-incentivo-docente-mas-adicionales\/\",\"name\":\"Paritarias 2026: incremento del 10% hasta junio, pago del incentivo docente m\u00e1s adicionales - RQ 99.9\",\"isPartOf\":{\"@id\":\"https:\/\/nahuelproducciones.com.ar\/radioquijano\/#website\"},\"datePublished\":\"2026-02-26T16:54:02+00:00\",\"dateModified\":\"2026-02-26T16:54:02+00:00\",\"author\":{\"@id\":\"https:\/\/nahuelproducciones.com.ar\/radioquijano\/#\/schema\/person\/e8a4f939e2cb487fe6d0c54042c9d32c\"},\"description\":\"El Gobierno y gremios firmaron el acta que establece el acuerdo salarial para el primer semestre. Este s\u00e1bado se pagar\u00e1n los sueldos de febrero.\",\"breadcrumb\":{\"@id\":\"https:\/\/nahuelproducciones.com.ar\/radioquijano\/paritarias-2026-incremento-del-10-hasta-junio-pago-del-incentivo-docente-mas-adicionales\/#breadcrumb\"},\"inLanguage\":\"es\",\"potentialAction\":[{\"@type\":\"ReadAction\",\"target\":[\"https:\/\/nahuelproducciones.com.ar\/radioquijano\/paritarias-2026-incremento-del-10-hasta-junio-pago-del-incentivo-docente-mas-adicionales\/\"]}]},{\"@type\":\"BreadcrumbList\",\"@id\":\"https:\/\/nahuelproducciones.com.ar\/radioquijano\/paritarias-2026-incremento-del-10-hasta-junio-pago-del-incentivo-docente-mas-adicionales\/#breadcrumb\",\"itemListElement\":[{\"@type\":\"ListItem\",\"position\":1,\"name\":\"Portada\",\"item\":\"https:\/\/nahuelproducciones.com.ar\/radioquijano\/\"},{\"@type\":\"ListItem\",\"position\":2,\"name\":\"Paritarias 2026: incremento del 10% hasta junio, pago del incentivo docente m\u00e1s adicionales\"}]},{\"@type\":\"WebSite\",\"@id\":\"https:\/\/nahuelproducciones.com.ar\/radioquijano\/#website\",\"url\":\"https:\/\/nahuelproducciones.com.ar\/radioquijano\/\",\"name\":\"RQ 99.9\",\"description\":\"Radio Quijano 99.9 MHz\",\"potentialAction\":[{\"@type\":\"SearchAction\",\"target\":{\"@type\":\"EntryPoint\",\"urlTemplate\":\"https:\/\/nahuelproducciones.com.ar\/radioquijano\/?s={search_term_string}\"},\"query-input\":\"required name=search_term_string\"}],\"inLanguage\":\"es\"},{\"@type\":\"Person\",\"@id\":\"https:\/\/nahuelproducciones.com.ar\/radioquijano\/#\/schema\/person\/e8a4f939e2cb487fe6d0c54042c9d32c\",\"name\":\"Cecilia Pastrana\",\"image\":{\"@type\":\"ImageObject\",\"inLanguage\":\"es\",\"@id\":\"https:\/\/nahuelproducciones.com.ar\/radioquijano\/#\/schema\/person\/image\/\",\"url\":\"https:\/\/secure.gravatar.com\/avatar\/661a3ef63a8488d4f2794ed44af8cf71420f7e106f3072c40125114df5157749?s=96&d=mm&r=g\",\"contentUrl\":\"https:\/\/secure.gravatar.com\/avatar\/661a3ef63a8488d4f2794ed44af8cf71420f7e106f3072c40125114df5157749?s=96&d=mm&r=g\",\"caption\":\"Cecilia Pastrana\"},\"sameAs\":[\"cecy\"],\"url\":\"https:\/\/nahuelproducciones.com.ar\/radioquijano\/author\/cecy\/\"}]}<\/script>\n<!-- \/ Yoast SEO plugin. -->","yoast_head_json":{"title":"Paritarias 2026: incremento del 10% hasta junio, pago del incentivo docente m\u00e1s adicionales - RQ 99.9","description":"El Gobierno y gremios firmaron el acta que establece el acuerdo salarial para el primer semestre. Este s\u00e1bado se pagar\u00e1n los sueldos de febrero.","robots":{"index":"index","follow":"follow","max-snippet":"max-snippet:-1","max-image-preview":"max-image-preview:large","max-video-preview":"max-video-preview:-1"},"canonical":"https:\/\/nahuelproducciones.com.ar\/radioquijano\/paritarias-2026-incremento-del-10-hasta-junio-pago-del-incentivo-docente-mas-adicionales\/","og_locale":"es_ES","og_type":"article","og_title":"Paritarias 2026: incremento del 10% hasta junio, pago del incentivo docente m\u00e1s adicionales - RQ 99.9","og_description":"El Gobierno y gremios firmaron el acta que establece el acuerdo salarial para el primer semestre. Este s\u00e1bado se pagar\u00e1n los sueldos de febrero.","og_url":"https:\/\/nahuelproducciones.com.ar\/radioquijano\/paritarias-2026-incremento-del-10-hasta-junio-pago-del-incentivo-docente-mas-adicionales\/","og_site_name":"RQ 99.9","article_publisher":"https:\/\/www.facebook.com\/nahuelproducciones999\/","article_published_time":"2026-02-26T16:54:02+00:00","og_image":[{"width":560,"height":315,"url":"https:\/\/nahuelproducciones.com.ar\/radioquijano\/wp-content\/uploads\/2026\/02\/WhatsApp-Image-2026-02-26-at-1.36.35-PM.jpeg","type":"image\/jpeg"}],"author":"Cecilia Pastrana","twitter_card":"summary_large_image","twitter_creator":"@nahuproduciones","twitter_site":"@nahuproduciones","twitter_misc":{"Escrito por":"Cecilia Pastrana","Tiempo de lectura":"2 minutos"},"schema":{"@context":"https:\/\/schema.org","@graph":[{"@type":"WebPage","@id":"https:\/\/nahuelproducciones.com.ar\/radioquijano\/paritarias-2026-incremento-del-10-hasta-junio-pago-del-incentivo-docente-mas-adicionales\/","url":"https:\/\/nahuelproducciones.com.ar\/radioquijano\/paritarias-2026-incremento-del-10-hasta-junio-pago-del-incentivo-docente-mas-adicionales\/","name":"Paritarias 2026: incremento del 10% hasta junio, pago del incentivo docente m\u00e1s adicionales - RQ 99.9","isPartOf":{"@id":"https:\/\/nahuelproducciones.com.ar\/radioquijano\/#website"},"datePublished":"2026-02-26T16:54:02+00:00","dateModified":"2026-02-26T16:54:02+00:00","author":{"@id":"https:\/\/nahuelproducciones.com.ar\/radioquijano\/#\/schema\/person\/e8a4f939e2cb487fe6d0c54042c9d32c"},"description":"El Gobierno y gremios firmaron el acta que establece el acuerdo salarial para el primer semestre. Este s\u00e1bado se pagar\u00e1n los sueldos de febrero.","breadcrumb":{"@id":"https:\/\/nahuelproducciones.com.ar\/radioquijano\/paritarias-2026-incremento-del-10-hasta-junio-pago-del-incentivo-docente-mas-adicionales\/#breadcrumb"},"inLanguage":"es","potentialAction":[{"@type":"ReadAction","target":["https:\/\/nahuelproducciones.com.ar\/radioquijano\/paritarias-2026-incremento-del-10-hasta-junio-pago-del-incentivo-docente-mas-adicionales\/"]}]},{"@type":"BreadcrumbList","@id":"https:\/\/nahuelproducciones.com.ar\/radioquijano\/paritarias-2026-incremento-del-10-hasta-junio-pago-del-incentivo-docente-mas-adicionales\/#breadcrumb","itemListElement":[{"@type":"ListItem","position":1,"name":"Portada","item":"https:\/\/nahuelproducciones.com.ar\/radioquijano\/"},{"@type":"ListItem","position":2,"name":"Paritarias 2026: incremento del 10% hasta junio, pago del incentivo docente m\u00e1s adicionales"}]},{"@type":"WebSite","@id":"https:\/\/nahuelproducciones.com.ar\/radioquijano\/#website","url":"https:\/\/nahuelproducciones.com.ar\/radioquijano\/","name":"RQ 99.9","description":"Radio Quijano 99.9 MHz","potentialAction":[{"@type":"SearchAction","target":{"@type":"EntryPoint","urlTemplate":"https:\/\/nahuelproducciones.com.ar\/radioquijano\/?s={search_term_string}"},"query-input":"required name=search_term_string"}],"inLanguage":"es"},{"@type":"Person","@id":"https:\/\/nahuelproducciones.com.ar\/radioquijano\/#\/schema\/person\/e8a4f939e2cb487fe6d0c54042c9d32c","name":"Cecilia Pastrana","image":{"@type":"ImageObject","inLanguage":"es","@id":"https:\/\/nahuelproducciones.com.ar\/radioquijano\/#\/schema\/person\/image\/","url":"https:\/\/secure.gravatar.com\/avatar\/661a3ef63a8488d4f2794ed44af8cf71420f7e106f3072c40125114df5157749?s=96&d=mm&r=g","contentUrl":"https:\/\/secure.gravatar.com\/avatar\/661a3ef63a8488d4f2794ed44af8cf71420f7e106f3072c40125114df5157749?s=96&d=mm&r=g","caption":"Cecilia Pastrana"},"sameAs":["cecy"],"url":"https:\/\/nahuelproducciones.com.ar\/radioquijano\/author\/cecy\/"}]}},"_links":{"self":[{"href":"https:\/\/nahuelproducciones.com.ar\/radioquijano\/wp-json\/wp\/v2\/posts\/11996","targetHints":{"allow":["GET"]}}],"collection":[{"href":"https:\/\/nahuelproducciones.com.ar\/radioquijano\/wp-json\/wp\/v2\/posts"}],"about":[{"href":"https:\/\/nahuelproducciones.com.ar\/radioquijano\/wp-json\/wp\/v2\/types\/post"}],"author":[{"embeddable":true,"href":"https:\/\/nahuelproducciones.com.ar\/radioquijano\/wp-json\/wp\/v2\/users\/8"}],"replies":[{"embeddable":true,"href":"https:\/\/nahuelproducciones.com.ar\/radioquijano\/wp-json\/wp\/v2\/comments?post=11996"}],"version-history":[{"count":1,"href":"https:\/\/nahuelproducciones.com.ar\/radioquijano\/wp-json\/wp\/v2\/posts\/11996\/revisions"}],"predecessor-version":[{"id":12000,"href":"https:\/\/nahuelproducciones.com.ar\/radioquijano\/wp-json\/wp\/v2\/posts\/11996\/revisions\/12000"}],"wp:featuredmedia":[{"embeddable":true,"href":"https:\/\/nahuelproducciones.com.ar\/radioquijano\/wp-json\/wp\/v2\/media\/11999"}],"wp:attachment":[{"href":"https:\/\/nahuelproducciones.com.ar\/radioquijano\/wp-json\/wp\/v2\/media?parent=11996"}],"wp:term":[{"taxonomy":"category","embeddable":true,"href":"https:\/\/nahuelproducciones.com.ar\/radioquijano\/wp-json\/wp\/v2\/categories?post=11996"},{"taxonomy":"post_tag","embeddable":true,"href":"https:\/\/nahuelproducciones.com.ar\/radioquijano\/wp-json\/wp\/v2\/tags?post=11996"}],"curies":[{"name":"wp","href":"https:\/\/api.w.org\/{rel}","templated":true}]}}