{"id":12004,"date":"2026-02-26T21:23:54","date_gmt":"2026-02-27T00:23:54","guid":{"rendered":"https:\/\/nahuelproducciones.com.ar\/radioquijano\/?p=12004"},"modified":"2026-02-26T21:23:55","modified_gmt":"2026-02-27T00:23:55","slug":"campo-quijano-dos-personas-detenidas-en-la-causa-que-investiga-un-femicidio","status":"publish","type":"post","link":"https:\/\/nahuelproducciones.com.ar\/radioquijano\/campo-quijano-dos-personas-detenidas-en-la-causa-que-investiga-un-femicidio\/","title":{"rendered":"Campo Quijano: Dos personas detenidas en la causa que investiga un femicidio"},"content":{"rendered":"\n<p><em><strong>En el marco de la investigaci\u00f3n, se solicit\u00f3 que dos personas sean detenidas como sospechosos de haber colaborado activamente con el presunto femicida, quien se encuentra pr\u00f3fugo. Se desarrollan intensivas tareas de b\u00fasqueda en la zona para dar con su paradero.&nbsp;<\/strong><\/em><\/p>\n\n\n\n<p>La&nbsp;<strong>fiscal penal de la Unidad de Femicidios, Mar\u00eda Luj\u00e1n Sodero Calvet<\/strong>, inform\u00f3 que, del an\u00e1lisis de las tareas investigativas desplegadas hasta el momento, y ante la presunci\u00f3n de una activa colaboraci\u00f3n y asistencia con el principal sospechoso del femicidio de una mujer de 37 a\u00f1os, ocurrido el pasado 17 de febrero en la localidad de Campo Quijano, solicit\u00f3 ante el Juzgado de Garant\u00edas interviniente, orden de detenci\u00f3n para dos personas mayores de edad.<\/p>\n\n\n\n<p>Los dos sospechosos fueron detenidos este jueves y ser\u00e1n imputados provisionalmente por el delito de encubrimiento agravado por vincularse a un delito particularmente grave.<\/p>\n\n\n\n<p>La fiscal Sodero Calvet remarc\u00f3 que el trabajo en la zona es intensivo, contando con una base operativa en Campo Quijano, donde a diario se constituye para coordinar las tareas de b\u00fasqueda y brindar constante informaci\u00f3n a los familiares de la v\u00edctima.<\/p>\n\n\n\n<p>Se encuentran trabajando efectivos de la Unidad de Investigaci\u00f3n UGAP del CIF, efectivos policiales de la jurisdicci\u00f3n y de todos los grupos especiales de la Polic\u00eda de la Provincia, en particular de la Divisi\u00f3n Canes.<\/p>\n\n\n\n<p>Colaboran tambi\u00e9n en las tareas, efectivos de la Polic\u00eda Federal, de la Polic\u00eda de Catamarca con binomios de canes y Defensa Civil.<\/p>\n\n\n\n<p>Destac\u00f3 el trabajo que se encuentran realizando, tanto en horario diurno como nocturno, considerando la dificultades que deben afrontar por la geograf\u00eda del lugar y las inclemencias clim\u00e1ticas imperantes.<\/p>\n\n\n\n<p>Finalmente, la Fiscal invit\u00f3 a las personas que puedan aportar datos ciertos sobre el paradero del sospechoso, a presentarse en la dependencia policial m\u00e1s pr\u00f3xima o comunicarse con el Sistema de Emergencias 911.<\/p>\n\n\n\n<p><\/p>\n\n\n<div class=\"wp-block-image\">\n<figure class=\"aligncenter size-large is-resized\"><img loading=\"lazy\" decoding=\"async\" width=\"1024\" height=\"461\" src=\"https:\/\/nahuelproducciones.com.ar\/radioquijano\/wp-content\/uploads\/2026\/02\/image-1024x461.png\" alt=\"\" class=\"wp-image-12005\" style=\"width:455px;height:auto\" srcset=\"https:\/\/nahuelproducciones.com.ar\/radioquijano\/wp-content\/uploads\/2026\/02\/image-1024x461.png 1024w, https:\/\/nahuelproducciones.com.ar\/radioquijano\/wp-content\/uploads\/2026\/02\/image-300x135.png 300w, https:\/\/nahuelproducciones.com.ar\/radioquijano\/wp-content\/uploads\/2026\/02\/image-768x346.png 768w, https:\/\/nahuelproducciones.com.ar\/radioquijano\/wp-content\/uploads\/2026\/02\/image-150x67.png 150w, https:\/\/nahuelproducciones.com.ar\/radioquijano\/wp-content\/uploads\/2026\/02\/image.png 1536w\" sizes=\"auto, (max-width: 1024px) 100vw, 1024px\" \/><\/figure><\/div>\n\n<div class=\"wp-block-image\">\n<figure class=\"aligncenter size-large is-resized\"><img loading=\"lazy\" decoding=\"async\" width=\"1024\" height=\"461\" src=\"https:\/\/nahuelproducciones.com.ar\/radioquijano\/wp-content\/uploads\/2026\/02\/image-1-1024x461.png\" alt=\"\" class=\"wp-image-12006\" style=\"width:461px;height:auto\" srcset=\"https:\/\/nahuelproducciones.com.ar\/radioquijano\/wp-content\/uploads\/2026\/02\/image-1-1024x461.png 1024w, https:\/\/nahuelproducciones.com.ar\/radioquijano\/wp-content\/uploads\/2026\/02\/image-1-300x135.png 300w, https:\/\/nahuelproducciones.com.ar\/radioquijano\/wp-content\/uploads\/2026\/02\/image-1-768x346.png 768w, https:\/\/nahuelproducciones.com.ar\/radioquijano\/wp-content\/uploads\/2026\/02\/image-1-150x67.png 150w, https:\/\/nahuelproducciones.com.ar\/radioquijano\/wp-content\/uploads\/2026\/02\/image-1.png 1536w\" sizes=\"auto, (max-width: 1024px) 100vw, 1024px\" \/><\/figure><\/div>\n\n<div class=\"wp-block-image\">\n<figure class=\"aligncenter size-large is-resized\"><img loading=\"lazy\" decoding=\"async\" width=\"1024\" height=\"461\" src=\"https:\/\/nahuelproducciones.com.ar\/radioquijano\/wp-content\/uploads\/2026\/02\/image-2-1024x461.png\" alt=\"\" class=\"wp-image-12007\" style=\"width:462px;height:auto\"\/><\/figure><\/div>\n\n\n<p>Fuente: Ministerio Publico Fiscal de Salta<\/p>\n","protected":false},"excerpt":{"rendered":"<p>En el marco de la investigaci\u00f3n, se solicit\u00f3 que dos personas sean detenidas como sospechosos de haber colaborado activamente con el presunto femicida, quien se encuentra pr\u00f3fugo. Se desarrollan intensivas tareas de b\u00fasqueda en la zona para dar con su paradero.&nbsp; La&nbsp;fiscal penal de la Unidad de Femicidios, Mar\u00eda Luj\u00e1n Sodero Calvet, inform\u00f3 que, del [&hellip;]<\/p>\n","protected":false},"author":8,"featured_media":12007,"comment_status":"open","ping_status":"open","sticky":false,"template":"","format":"standard","meta":{"_monsterinsights_skip_tracking":false,"_monsterinsights_sitenote_active":false,"_monsterinsights_sitenote_note":"","_monsterinsights_sitenote_category":0,"footnotes":""},"categories":[16],"tags":[2069,100,2073,2074],"class_list":["post-12004","post","type-post","status-publish","format-standard","has-post-thumbnail","hentry","category-noticias","tag-femicidio","tag-municipio-de-campo-quijano","tag-naty","tag-serapio"],"yoast_head":"<!-- This site is optimized with the Yoast SEO plugin v20.8 - https:\/\/yoast.com\/wordpress\/plugins\/seo\/ -->\n<title>Campo Quijano: Dos personas detenidas en la causa que investiga un femicidio - RQ 99.9<\/title>\n<meta name=\"description\" content=\"La Fiscal invit\u00f3 a las personas que puedan aportar datos ciertos sobre el paradero del sospechoso, a presentarse en la dependencia policial m\u00e1s pr\u00f3xima o comunicarse con el Sistema de Emergencias 911.\" \/>\n<meta name=\"robots\" content=\"index, follow, max-snippet:-1, max-image-preview:large, max-video-preview:-1\" \/>\n<link rel=\"canonical\" href=\"https:\/\/nahuelproducciones.com.ar\/radioquijano\/campo-quijano-dos-personas-detenidas-en-la-causa-que-investiga-un-femicidio\/\" \/>\n<meta property=\"og:locale\" content=\"es_ES\" \/>\n<meta property=\"og:type\" content=\"article\" \/>\n<meta property=\"og:title\" content=\"Campo Quijano: Dos personas detenidas en la causa que investiga un femicidio - RQ 99.9\" \/>\n<meta property=\"og:description\" content=\"La Fiscal invit\u00f3 a las personas que puedan aportar datos ciertos sobre el paradero del sospechoso, a presentarse en la dependencia policial m\u00e1s pr\u00f3xima o comunicarse con el Sistema de Emergencias 911.\" \/>\n<meta property=\"og:url\" content=\"https:\/\/nahuelproducciones.com.ar\/radioquijano\/campo-quijano-dos-personas-detenidas-en-la-causa-que-investiga-un-femicidio\/\" \/>\n<meta property=\"og:site_name\" content=\"RQ 99.9\" \/>\n<meta property=\"article:publisher\" content=\"https:\/\/www.facebook.com\/nahuelproducciones999\/\" \/>\n<meta property=\"article:published_time\" content=\"2026-02-27T00:23:54+00:00\" \/>\n<meta property=\"article:modified_time\" content=\"2026-02-27T00:23:55+00:00\" \/>\n<meta property=\"og:image\" content=\"https:\/\/nahuelproducciones.com.ar\/radioquijano\/wp-content\/uploads\/2026\/02\/image-2-e1772151779112.png\" \/>\n\t<meta property=\"og:image:width\" content=\"700\" \/>\n\t<meta property=\"og:image:height\" content=\"315\" \/>\n\t<meta property=\"og:image:type\" content=\"image\/png\" \/>\n<meta name=\"author\" content=\"Cecilia Pastrana\" \/>\n<meta name=\"twitter:card\" content=\"summary_large_image\" \/>\n<meta name=\"twitter:creator\" content=\"@nahuproduciones\" \/>\n<meta name=\"twitter:site\" content=\"@nahuproduciones\" \/>\n<meta name=\"twitter:label1\" content=\"Escrito por\" \/>\n\t<meta name=\"twitter:data1\" content=\"Cecilia Pastrana\" \/>\n\t<meta name=\"twitter:label2\" content=\"Tiempo de lectura\" \/>\n\t<meta name=\"twitter:data2\" content=\"3 minutos\" \/>\n<script type=\"application\/ld+json\" class=\"yoast-schema-graph\">{\"@context\":\"https:\/\/schema.org\",\"@graph\":[{\"@type\":\"WebPage\",\"@id\":\"https:\/\/nahuelproducciones.com.ar\/radioquijano\/campo-quijano-dos-personas-detenidas-en-la-causa-que-investiga-un-femicidio\/\",\"url\":\"https:\/\/nahuelproducciones.com.ar\/radioquijano\/campo-quijano-dos-personas-detenidas-en-la-causa-que-investiga-un-femicidio\/\",\"name\":\"Campo Quijano: Dos personas detenidas en la causa que investiga un femicidio - RQ 99.9\",\"isPartOf\":{\"@id\":\"https:\/\/nahuelproducciones.com.ar\/radioquijano\/#website\"},\"datePublished\":\"2026-02-27T00:23:54+00:00\",\"dateModified\":\"2026-02-27T00:23:55+00:00\",\"author\":{\"@id\":\"https:\/\/nahuelproducciones.com.ar\/radioquijano\/#\/schema\/person\/e8a4f939e2cb487fe6d0c54042c9d32c\"},\"description\":\"La Fiscal invit\u00f3 a las personas que puedan aportar datos ciertos sobre el paradero del sospechoso, a presentarse en la dependencia policial m\u00e1s pr\u00f3xima o comunicarse con el Sistema de Emergencias 911.\",\"breadcrumb\":{\"@id\":\"https:\/\/nahuelproducciones.com.ar\/radioquijano\/campo-quijano-dos-personas-detenidas-en-la-causa-que-investiga-un-femicidio\/#breadcrumb\"},\"inLanguage\":\"es\",\"potentialAction\":[{\"@type\":\"ReadAction\",\"target\":[\"https:\/\/nahuelproducciones.com.ar\/radioquijano\/campo-quijano-dos-personas-detenidas-en-la-causa-que-investiga-un-femicidio\/\"]}]},{\"@type\":\"BreadcrumbList\",\"@id\":\"https:\/\/nahuelproducciones.com.ar\/radioquijano\/campo-quijano-dos-personas-detenidas-en-la-causa-que-investiga-un-femicidio\/#breadcrumb\",\"itemListElement\":[{\"@type\":\"ListItem\",\"position\":1,\"name\":\"Portada\",\"item\":\"https:\/\/nahuelproducciones.com.ar\/radioquijano\/\"},{\"@type\":\"ListItem\",\"position\":2,\"name\":\"Campo Quijano: Dos personas detenidas en la causa que investiga un femicidio\"}]},{\"@type\":\"WebSite\",\"@id\":\"https:\/\/nahuelproducciones.com.ar\/radioquijano\/#website\",\"url\":\"https:\/\/nahuelproducciones.com.ar\/radioquijano\/\",\"name\":\"RQ 99.9\",\"description\":\"Radio Quijano 99.9 MHz\",\"potentialAction\":[{\"@type\":\"SearchAction\",\"target\":{\"@type\":\"EntryPoint\",\"urlTemplate\":\"https:\/\/nahuelproducciones.com.ar\/radioquijano\/?s={search_term_string}\"},\"query-input\":\"required name=search_term_string\"}],\"inLanguage\":\"es\"},{\"@type\":\"Person\",\"@id\":\"https:\/\/nahuelproducciones.com.ar\/radioquijano\/#\/schema\/person\/e8a4f939e2cb487fe6d0c54042c9d32c\",\"name\":\"Cecilia Pastrana\",\"image\":{\"@type\":\"ImageObject\",\"inLanguage\":\"es\",\"@id\":\"https:\/\/nahuelproducciones.com.ar\/radioquijano\/#\/schema\/person\/image\/\",\"url\":\"https:\/\/secure.gravatar.com\/avatar\/661a3ef63a8488d4f2794ed44af8cf71420f7e106f3072c40125114df5157749?s=96&d=mm&r=g\",\"contentUrl\":\"https:\/\/secure.gravatar.com\/avatar\/661a3ef63a8488d4f2794ed44af8cf71420f7e106f3072c40125114df5157749?s=96&d=mm&r=g\",\"caption\":\"Cecilia Pastrana\"},\"sameAs\":[\"cecy\"],\"url\":\"https:\/\/nahuelproducciones.com.ar\/radioquijano\/author\/cecy\/\"}]}<\/script>\n<!-- \/ Yoast SEO plugin. -->","yoast_head_json":{"title":"Campo Quijano: Dos personas detenidas en la causa que investiga un femicidio - RQ 99.9","description":"La Fiscal invit\u00f3 a las personas que puedan aportar datos ciertos sobre el paradero del sospechoso, a presentarse en la dependencia policial m\u00e1s pr\u00f3xima o comunicarse con el Sistema de Emergencias 911.","robots":{"index":"index","follow":"follow","max-snippet":"max-snippet:-1","max-image-preview":"max-image-preview:large","max-video-preview":"max-video-preview:-1"},"canonical":"https:\/\/nahuelproducciones.com.ar\/radioquijano\/campo-quijano-dos-personas-detenidas-en-la-causa-que-investiga-un-femicidio\/","og_locale":"es_ES","og_type":"article","og_title":"Campo Quijano: Dos personas detenidas en la causa que investiga un femicidio - RQ 99.9","og_description":"La Fiscal invit\u00f3 a las personas que puedan aportar datos ciertos sobre el paradero del sospechoso, a presentarse en la dependencia policial m\u00e1s pr\u00f3xima o comunicarse con el Sistema de Emergencias 911.","og_url":"https:\/\/nahuelproducciones.com.ar\/radioquijano\/campo-quijano-dos-personas-detenidas-en-la-causa-que-investiga-un-femicidio\/","og_site_name":"RQ 99.9","article_publisher":"https:\/\/www.facebook.com\/nahuelproducciones999\/","article_published_time":"2026-02-27T00:23:54+00:00","article_modified_time":"2026-02-27T00:23:55+00:00","og_image":[{"width":700,"height":315,"url":"https:\/\/nahuelproducciones.com.ar\/radioquijano\/wp-content\/uploads\/2026\/02\/image-2-e1772151779112.png","type":"image\/png"}],"author":"Cecilia Pastrana","twitter_card":"summary_large_image","twitter_creator":"@nahuproduciones","twitter_site":"@nahuproduciones","twitter_misc":{"Escrito por":"Cecilia Pastrana","Tiempo de lectura":"3 minutos"},"schema":{"@context":"https:\/\/schema.org","@graph":[{"@type":"WebPage","@id":"https:\/\/nahuelproducciones.com.ar\/radioquijano\/campo-quijano-dos-personas-detenidas-en-la-causa-que-investiga-un-femicidio\/","url":"https:\/\/nahuelproducciones.com.ar\/radioquijano\/campo-quijano-dos-personas-detenidas-en-la-causa-que-investiga-un-femicidio\/","name":"Campo Quijano: Dos personas detenidas en la causa que investiga un femicidio - RQ 99.9","isPartOf":{"@id":"https:\/\/nahuelproducciones.com.ar\/radioquijano\/#website"},"datePublished":"2026-02-27T00:23:54+00:00","dateModified":"2026-02-27T00:23:55+00:00","author":{"@id":"https:\/\/nahuelproducciones.com.ar\/radioquijano\/#\/schema\/person\/e8a4f939e2cb487fe6d0c54042c9d32c"},"description":"La Fiscal invit\u00f3 a las personas que puedan aportar datos ciertos sobre el paradero del sospechoso, a presentarse en la dependencia policial m\u00e1s pr\u00f3xima o comunicarse con el Sistema de Emergencias 911.","breadcrumb":{"@id":"https:\/\/nahuelproducciones.com.ar\/radioquijano\/campo-quijano-dos-personas-detenidas-en-la-causa-que-investiga-un-femicidio\/#breadcrumb"},"inLanguage":"es","potentialAction":[{"@type":"ReadAction","target":["https:\/\/nahuelproducciones.com.ar\/radioquijano\/campo-quijano-dos-personas-detenidas-en-la-causa-que-investiga-un-femicidio\/"]}]},{"@type":"BreadcrumbList","@id":"https:\/\/nahuelproducciones.com.ar\/radioquijano\/campo-quijano-dos-personas-detenidas-en-la-causa-que-investiga-un-femicidio\/#breadcrumb","itemListElement":[{"@type":"ListItem","position":1,"name":"Portada","item":"https:\/\/nahuelproducciones.com.ar\/radioquijano\/"},{"@type":"ListItem","position":2,"name":"Campo Quijano: Dos personas detenidas en la causa que investiga un femicidio"}]},{"@type":"WebSite","@id":"https:\/\/nahuelproducciones.com.ar\/radioquijano\/#website","url":"https:\/\/nahuelproducciones.com.ar\/radioquijano\/","name":"RQ 99.9","description":"Radio Quijano 99.9 MHz","potentialAction":[{"@type":"SearchAction","target":{"@type":"EntryPoint","urlTemplate":"https:\/\/nahuelproducciones.com.ar\/radioquijano\/?s={search_term_string}"},"query-input":"required name=search_term_string"}],"inLanguage":"es"},{"@type":"Person","@id":"https:\/\/nahuelproducciones.com.ar\/radioquijano\/#\/schema\/person\/e8a4f939e2cb487fe6d0c54042c9d32c","name":"Cecilia Pastrana","image":{"@type":"ImageObject","inLanguage":"es","@id":"https:\/\/nahuelproducciones.com.ar\/radioquijano\/#\/schema\/person\/image\/","url":"https:\/\/secure.gravatar.com\/avatar\/661a3ef63a8488d4f2794ed44af8cf71420f7e106f3072c40125114df5157749?s=96&d=mm&r=g","contentUrl":"https:\/\/secure.gravatar.com\/avatar\/661a3ef63a8488d4f2794ed44af8cf71420f7e106f3072c40125114df5157749?s=96&d=mm&r=g","caption":"Cecilia Pastrana"},"sameAs":["cecy"],"url":"https:\/\/nahuelproducciones.com.ar\/radioquijano\/author\/cecy\/"}]}},"_links":{"self":[{"href":"https:\/\/nahuelproducciones.com.ar\/radioquijano\/wp-json\/wp\/v2\/posts\/12004","targetHints":{"allow":["GET"]}}],"collection":[{"href":"https:\/\/nahuelproducciones.com.ar\/radioquijano\/wp-json\/wp\/v2\/posts"}],"about":[{"href":"https:\/\/nahuelproducciones.com.ar\/radioquijano\/wp-json\/wp\/v2\/types\/post"}],"author":[{"embeddable":true,"href":"https:\/\/nahuelproducciones.com.ar\/radioquijano\/wp-json\/wp\/v2\/users\/8"}],"replies":[{"embeddable":true,"href":"https:\/\/nahuelproducciones.com.ar\/radioquijano\/wp-json\/wp\/v2\/comments?post=12004"}],"version-history":[{"count":1,"href":"https:\/\/nahuelproducciones.com.ar\/radioquijano\/wp-json\/wp\/v2\/posts\/12004\/revisions"}],"predecessor-version":[{"id":12008,"href":"https:\/\/nahuelproducciones.com.ar\/radioquijano\/wp-json\/wp\/v2\/posts\/12004\/revisions\/12008"}],"wp:featuredmedia":[{"embeddable":true,"href":"https:\/\/nahuelproducciones.com.ar\/radioquijano\/wp-json\/wp\/v2\/media\/12007"}],"wp:attachment":[{"href":"https:\/\/nahuelproducciones.com.ar\/radioquijano\/wp-json\/wp\/v2\/media?parent=12004"}],"wp:term":[{"taxonomy":"category","embeddable":true,"href":"https:\/\/nahuelproducciones.com.ar\/radioquijano\/wp-json\/wp\/v2\/categories?post=12004"},{"taxonomy":"post_tag","embeddable":true,"href":"https:\/\/nahuelproducciones.com.ar\/radioquijano\/wp-json\/wp\/v2\/tags?post=12004"}],"curies":[{"name":"wp","href":"https:\/\/api.w.org\/{rel}","templated":true}]}}