{"id":12032,"date":"2026-03-01T16:03:45","date_gmt":"2026-03-01T19:03:45","guid":{"rendered":"https:\/\/nahuelproducciones.com.ar\/radioquijano\/?p=12032"},"modified":"2026-03-01T16:10:27","modified_gmt":"2026-03-01T19:10:27","slug":"ufem-fue-imputado-el-presunto-femicida-de-natalia-cruz","status":"publish","type":"post","link":"https:\/\/nahuelproducciones.com.ar\/radioquijano\/ufem-fue-imputado-el-presunto-femicida-de-natalia-cruz\/","title":{"rendered":"UFEM: Fue imputado el presunto femicida de Natalia Cruz"},"content":{"rendered":"\n<p><em><strong>Este domingo se realiz\u00f3 la audiencia de imputaci\u00f3n de Daniel Orlando Serapio, quien fue detenido en cercan\u00edas de la&nbsp;Estaci\u00f3n Diego de Almagro, en el interior de una cueva, como resultado de un amplio despliegue de b\u00fasqueda.<\/strong><\/em><\/p>\n\n\n\n<p>La&nbsp;<strong>fiscal penal de la Unidad de Femicidios, Mar\u00eda Luj\u00e1n Sodero Calvet<\/strong>, imput\u00f3 de forma provisional a Daniel Orlando Serapio, como autor de los delitos de&nbsp;<em>homicidio calificado por la relaci\u00f3n de pareja preexistente y por mediar violencia de g\u00e9nero (femicidio),<\/em>&nbsp;en perjuicio de Natalia Cruz, y de&nbsp;<em>desobediencia judicial (tres hechos),<\/em>&nbsp;en concurso real.<\/p>\n\n\n\n<p>Durante la audiencia de imputaci\u00f3n el acusado fue asistido por defensa particular y tras conocer los hechos endilgados, se abstuvo de declarar. Desde la Fiscal\u00eda se solicit\u00f3 ante el Juzgado de Garant\u00edas interviniente, que permanezca detenido.<\/p>\n\n\n\n<p>El hecho ocurri\u00f3 el pasado 17 de febrero en una vivienda de Campo Quijano, donde Natalia Cruz result\u00f3 gravemente lesionada y falleci\u00f3 posteriormente en el hospital local.<\/p>\n\n\n\n<p>Serapio, expareja de la mujer y sindicado como principal sospechoso, huy\u00f3 del lugar y estuvo pr\u00f3fugo durante 11 d\u00edas en la zona de precordillera y tras un exhaustivo operativo de b\u00fasqueda, fue localizado y detenido en inmediaciones de la Estaci\u00f3n Diego de Almagro durante la noche del 27 de febrero.<\/p>\n\n\n\n<p>Seg\u00fan pudo conocerse,&nbsp;<strong>dos investigadores de la Unidad de Investigaci\u00f3n UGAP del CIF<\/strong>&nbsp;arribaron durante la tarde del viernes 27 a un puesto ubicado en la zona de inter\u00e9s. Ante la sospecha de que el acusado se encontraba en un sector elevado, iniciaron una caminata de aproximadamente dos horas hasta un segundo puesto, donde recabaron informaci\u00f3n antes de continuar el ascenso hacia una zona m\u00e1s alta.<\/p>\n\n\n\n<p>Tras otras dos horas de recorrido, ya entrada la noche, llegaron a una vivienda precaria, donde hallaron indicios que los llevaron a proseguir la b\u00fasqueda hacia un sector a\u00fan m\u00e1s elevado y de muy dif\u00edcil acceso.<\/p>\n\n\n\n<p>Al llegar al lugar y percibir ruidos, los efectivos localizaron al acusado oculto en una de las cuevas. Tras un prolongado di\u00e1logo, lograron que desistiera de su intenci\u00f3n de autolesionarse y se produjo su aprehensi\u00f3n.<\/p>\n\n\n\n<p>Entre los elementos secuestrados en el lugar, se encontr\u00f3 una mochila con diversos objetos que ser\u00edan de su uso personal.<\/p>\n\n\n\n<p>Una vez aprehendido, los investigadores iniciaron una caminata nocturna de descenso junto a Serapio, hasta arribar durante la ma\u00f1ana del s\u00e1bado 28 a la&nbsp;Estaci\u00f3n Diego de Almagro, desde donde dieron aviso a las autoridades y solicitaron refuerzos.<\/p>\n\n\n\n<p>Finalmente, la fiscal&nbsp;Sodero&nbsp;Calvet destac\u00f3 que los abogados de la querella participaron de la audiencia de imputaci\u00f3n y que familiares de la v\u00edctima estuvieron presentes en sede fiscal durante el acto procesal.<\/p>\n\n\n\n<figure class=\"wp-block-gallery has-nested-images columns-default is-cropped wp-block-gallery-1 is-layout-flex wp-block-gallery-is-layout-flex\">\n<figure class=\"wp-block-image size-large\"><img loading=\"lazy\" decoding=\"async\" width=\"1024\" height=\"472\" data-id=\"12034\" src=\"https:\/\/nahuelproducciones.com.ar\/radioquijano\/wp-content\/uploads\/2026\/03\/cueva2-1024x472.jpeg\" alt=\"\" class=\"wp-image-12034\" srcset=\"https:\/\/nahuelproducciones.com.ar\/radioquijano\/wp-content\/uploads\/2026\/03\/cueva2-1024x472.jpeg 1024w, https:\/\/nahuelproducciones.com.ar\/radioquijano\/wp-content\/uploads\/2026\/03\/cueva2-300x138.jpeg 300w, https:\/\/nahuelproducciones.com.ar\/radioquijano\/wp-content\/uploads\/2026\/03\/cueva2-768x354.jpeg 768w, https:\/\/nahuelproducciones.com.ar\/radioquijano\/wp-content\/uploads\/2026\/03\/cueva2-150x69.jpeg 150w, https:\/\/nahuelproducciones.com.ar\/radioquijano\/wp-content\/uploads\/2026\/03\/cueva2.jpeg 1280w\" sizes=\"auto, (max-width: 1024px) 100vw, 1024px\" \/><\/figure>\n\n\n\n<figure class=\"wp-block-image size-large\"><img decoding=\"async\" data-id=\"12033\" src=\"https:\/\/nahuelproducciones.com.ar\/radioquijano\/wp-content\/uploads\/2026\/03\/serapio.cueva_.ufem_.jpg\" alt=\"\" class=\"wp-image-12033\"\/><\/figure>\n\n\n\n<figure class=\"wp-block-image size-large\"><img loading=\"lazy\" decoding=\"async\" width=\"604\" height=\"1024\" data-id=\"12036\" src=\"https:\/\/nahuelproducciones.com.ar\/radioquijano\/wp-content\/uploads\/2026\/03\/serapio.detenido-604x1024.jpeg\" alt=\"\" class=\"wp-image-12036\" srcset=\"https:\/\/nahuelproducciones.com.ar\/radioquijano\/wp-content\/uploads\/2026\/03\/serapio.detenido-604x1024.jpeg 604w, https:\/\/nahuelproducciones.com.ar\/radioquijano\/wp-content\/uploads\/2026\/03\/serapio.detenido-177x300.jpeg 177w, https:\/\/nahuelproducciones.com.ar\/radioquijano\/wp-content\/uploads\/2026\/03\/serapio.detenido-150x254.jpeg 150w, https:\/\/nahuelproducciones.com.ar\/radioquijano\/wp-content\/uploads\/2026\/03\/serapio.detenido.jpeg 720w\" sizes=\"auto, (max-width: 604px) 100vw, 604px\" \/><\/figure>\n\n\n\n<figure class=\"wp-block-image size-large\"><img decoding=\"async\" data-id=\"12035\" src=\"https:\/\/nahuelproducciones.com.ar\/radioquijano\/wp-content\/uploads\/2026\/03\/ufem.detencion.serapio.jpg\" alt=\"\" class=\"wp-image-12035\"\/><\/figure>\n<\/figure>\n\n\n\n<p>Fuente: Ministerio P\u00fablico Fiscal de la Provincia de Salta<\/p>\n","protected":false},"excerpt":{"rendered":"<p>Este domingo se realiz\u00f3 la audiencia de imputaci\u00f3n de Daniel Orlando Serapio, quien fue detenido en cercan\u00edas de la&nbsp;Estaci\u00f3n Diego de Almagro, en el interior de una cueva, como resultado de un amplio despliegue de b\u00fasqueda. La&nbsp;fiscal penal de la Unidad de Femicidios, Mar\u00eda Luj\u00e1n Sodero Calvet, imput\u00f3 de forma provisional a Daniel Orlando Serapio, [&hellip;]<\/p>\n","protected":false},"author":8,"featured_media":12037,"comment_status":"open","ping_status":"open","sticky":false,"template":"","format":"standard","meta":{"_monsterinsights_skip_tracking":false,"_monsterinsights_sitenote_active":false,"_monsterinsights_sitenote_note":"","_monsterinsights_sitenote_category":0,"footnotes":""},"categories":[16],"tags":[2076,100,2075],"class_list":["post-12032","post","type-post","status-publish","format-standard","has-post-thumbnail","hentry","category-noticias","tag-daniel-orlando-serapio","tag-municipio-de-campo-quijano","tag-natalia-marilin-cruz"],"yoast_head":"<!-- This site is optimized with the Yoast SEO plugin v20.8 - https:\/\/yoast.com\/wordpress\/plugins\/seo\/ -->\n<title>UFEM: Fue imputado el presunto femicida de Natalia Cruz - RQ 99.9<\/title>\n<meta name=\"description\" content=\"Es imputado de forma provisional a Daniel Orlando Serapio, como autor de los delitos de\u00a0homicidio calificado por la relaci\u00f3n de pareja preexistente y por mediar violencia de g\u00e9nero (femicidio),\u00a0en perjuicio de Natalia Cruz, y de\u00a0desobediencia judicial (tres hechos),\u00a0en concurso real.\" \/>\n<meta name=\"robots\" content=\"index, follow, max-snippet:-1, max-image-preview:large, max-video-preview:-1\" \/>\n<link rel=\"canonical\" href=\"https:\/\/nahuelproducciones.com.ar\/radioquijano\/ufem-fue-imputado-el-presunto-femicida-de-natalia-cruz\/\" \/>\n<meta property=\"og:locale\" content=\"es_ES\" \/>\n<meta property=\"og:type\" content=\"article\" \/>\n<meta property=\"og:title\" content=\"UFEM: Fue imputado el presunto femicida de Natalia Cruz - RQ 99.9\" \/>\n<meta property=\"og:description\" content=\"Es imputado de forma provisional a Daniel Orlando Serapio, como autor de los delitos de\u00a0homicidio calificado por la relaci\u00f3n de pareja preexistente y por mediar violencia de g\u00e9nero (femicidio),\u00a0en perjuicio de Natalia Cruz, y de\u00a0desobediencia judicial (tres hechos),\u00a0en concurso real.\" \/>\n<meta property=\"og:url\" content=\"https:\/\/nahuelproducciones.com.ar\/radioquijano\/ufem-fue-imputado-el-presunto-femicida-de-natalia-cruz\/\" \/>\n<meta property=\"og:site_name\" content=\"RQ 99.9\" \/>\n<meta property=\"article:publisher\" content=\"https:\/\/www.facebook.com\/nahuelproducciones999\/\" \/>\n<meta property=\"article:published_time\" content=\"2026-03-01T19:03:45+00:00\" \/>\n<meta property=\"article:modified_time\" content=\"2026-03-01T19:10:27+00:00\" \/>\n<meta property=\"og:image\" content=\"https:\/\/nahuelproducciones.com.ar\/radioquijano\/wp-content\/uploads\/2026\/03\/serapio.cueva_.ufem_.jpg\" \/>\n\t<meta property=\"og:image:width\" content=\"700\" \/>\n\t<meta property=\"og:image:height\" content=\"735\" \/>\n\t<meta property=\"og:image:type\" content=\"image\/jpeg\" \/>\n<meta name=\"author\" content=\"Cecilia Pastrana\" \/>\n<meta name=\"twitter:card\" content=\"summary_large_image\" \/>\n<meta name=\"twitter:creator\" content=\"@nahuproduciones\" \/>\n<meta name=\"twitter:site\" content=\"@nahuproduciones\" \/>\n<meta name=\"twitter:label1\" content=\"Escrito por\" \/>\n\t<meta name=\"twitter:data1\" content=\"Cecilia Pastrana\" \/>\n\t<meta name=\"twitter:label2\" content=\"Tiempo de lectura\" \/>\n\t<meta name=\"twitter:data2\" content=\"3 minutos\" \/>\n<script type=\"application\/ld+json\" class=\"yoast-schema-graph\">{\"@context\":\"https:\/\/schema.org\",\"@graph\":[{\"@type\":\"WebPage\",\"@id\":\"https:\/\/nahuelproducciones.com.ar\/radioquijano\/ufem-fue-imputado-el-presunto-femicida-de-natalia-cruz\/\",\"url\":\"https:\/\/nahuelproducciones.com.ar\/radioquijano\/ufem-fue-imputado-el-presunto-femicida-de-natalia-cruz\/\",\"name\":\"UFEM: Fue imputado el presunto femicida de Natalia Cruz - RQ 99.9\",\"isPartOf\":{\"@id\":\"https:\/\/nahuelproducciones.com.ar\/radioquijano\/#website\"},\"datePublished\":\"2026-03-01T19:03:45+00:00\",\"dateModified\":\"2026-03-01T19:10:27+00:00\",\"author\":{\"@id\":\"https:\/\/nahuelproducciones.com.ar\/radioquijano\/#\/schema\/person\/e8a4f939e2cb487fe6d0c54042c9d32c\"},\"description\":\"Es imputado de forma provisional a Daniel Orlando Serapio, como autor de los delitos de\u00a0homicidio calificado por la relaci\u00f3n de pareja preexistente y por mediar violencia de g\u00e9nero (femicidio),\u00a0en perjuicio de Natalia Cruz, y de\u00a0desobediencia judicial (tres hechos),\u00a0en concurso real.\",\"breadcrumb\":{\"@id\":\"https:\/\/nahuelproducciones.com.ar\/radioquijano\/ufem-fue-imputado-el-presunto-femicida-de-natalia-cruz\/#breadcrumb\"},\"inLanguage\":\"es\",\"potentialAction\":[{\"@type\":\"ReadAction\",\"target\":[\"https:\/\/nahuelproducciones.com.ar\/radioquijano\/ufem-fue-imputado-el-presunto-femicida-de-natalia-cruz\/\"]}]},{\"@type\":\"BreadcrumbList\",\"@id\":\"https:\/\/nahuelproducciones.com.ar\/radioquijano\/ufem-fue-imputado-el-presunto-femicida-de-natalia-cruz\/#breadcrumb\",\"itemListElement\":[{\"@type\":\"ListItem\",\"position\":1,\"name\":\"Portada\",\"item\":\"https:\/\/nahuelproducciones.com.ar\/radioquijano\/\"},{\"@type\":\"ListItem\",\"position\":2,\"name\":\"UFEM: Fue imputado el presunto femicida de Natalia Cruz\"}]},{\"@type\":\"WebSite\",\"@id\":\"https:\/\/nahuelproducciones.com.ar\/radioquijano\/#website\",\"url\":\"https:\/\/nahuelproducciones.com.ar\/radioquijano\/\",\"name\":\"RQ 99.9\",\"description\":\"Radio Quijano 99.9 MHz\",\"potentialAction\":[{\"@type\":\"SearchAction\",\"target\":{\"@type\":\"EntryPoint\",\"urlTemplate\":\"https:\/\/nahuelproducciones.com.ar\/radioquijano\/?s={search_term_string}\"},\"query-input\":\"required name=search_term_string\"}],\"inLanguage\":\"es\"},{\"@type\":\"Person\",\"@id\":\"https:\/\/nahuelproducciones.com.ar\/radioquijano\/#\/schema\/person\/e8a4f939e2cb487fe6d0c54042c9d32c\",\"name\":\"Cecilia Pastrana\",\"image\":{\"@type\":\"ImageObject\",\"inLanguage\":\"es\",\"@id\":\"https:\/\/nahuelproducciones.com.ar\/radioquijano\/#\/schema\/person\/image\/\",\"url\":\"https:\/\/secure.gravatar.com\/avatar\/661a3ef63a8488d4f2794ed44af8cf71420f7e106f3072c40125114df5157749?s=96&d=mm&r=g\",\"contentUrl\":\"https:\/\/secure.gravatar.com\/avatar\/661a3ef63a8488d4f2794ed44af8cf71420f7e106f3072c40125114df5157749?s=96&d=mm&r=g\",\"caption\":\"Cecilia Pastrana\"},\"sameAs\":[\"cecy\"],\"url\":\"https:\/\/nahuelproducciones.com.ar\/radioquijano\/author\/cecy\/\"}]}<\/script>\n<!-- \/ Yoast SEO plugin. -->","yoast_head_json":{"title":"UFEM: Fue imputado el presunto femicida de Natalia Cruz - RQ 99.9","description":"Es imputado de forma provisional a Daniel Orlando Serapio, como autor de los delitos de\u00a0homicidio calificado por la relaci\u00f3n de pareja preexistente y por mediar violencia de g\u00e9nero (femicidio),\u00a0en perjuicio de Natalia Cruz, y de\u00a0desobediencia judicial (tres hechos),\u00a0en concurso real.","robots":{"index":"index","follow":"follow","max-snippet":"max-snippet:-1","max-image-preview":"max-image-preview:large","max-video-preview":"max-video-preview:-1"},"canonical":"https:\/\/nahuelproducciones.com.ar\/radioquijano\/ufem-fue-imputado-el-presunto-femicida-de-natalia-cruz\/","og_locale":"es_ES","og_type":"article","og_title":"UFEM: Fue imputado el presunto femicida de Natalia Cruz - RQ 99.9","og_description":"Es imputado de forma provisional a Daniel Orlando Serapio, como autor de los delitos de\u00a0homicidio calificado por la relaci\u00f3n de pareja preexistente y por mediar violencia de g\u00e9nero (femicidio),\u00a0en perjuicio de Natalia Cruz, y de\u00a0desobediencia judicial (tres hechos),\u00a0en concurso real.","og_url":"https:\/\/nahuelproducciones.com.ar\/radioquijano\/ufem-fue-imputado-el-presunto-femicida-de-natalia-cruz\/","og_site_name":"RQ 99.9","article_publisher":"https:\/\/www.facebook.com\/nahuelproducciones999\/","article_published_time":"2026-03-01T19:03:45+00:00","article_modified_time":"2026-03-01T19:10:27+00:00","og_image":[{"width":700,"height":735,"url":"https:\/\/nahuelproducciones.com.ar\/radioquijano\/wp-content\/uploads\/2026\/03\/serapio.cueva_.ufem_.jpg","type":"image\/jpeg"}],"author":"Cecilia Pastrana","twitter_card":"summary_large_image","twitter_creator":"@nahuproduciones","twitter_site":"@nahuproduciones","twitter_misc":{"Escrito por":"Cecilia Pastrana","Tiempo de lectura":"3 minutos"},"schema":{"@context":"https:\/\/schema.org","@graph":[{"@type":"WebPage","@id":"https:\/\/nahuelproducciones.com.ar\/radioquijano\/ufem-fue-imputado-el-presunto-femicida-de-natalia-cruz\/","url":"https:\/\/nahuelproducciones.com.ar\/radioquijano\/ufem-fue-imputado-el-presunto-femicida-de-natalia-cruz\/","name":"UFEM: Fue imputado el presunto femicida de Natalia Cruz - RQ 99.9","isPartOf":{"@id":"https:\/\/nahuelproducciones.com.ar\/radioquijano\/#website"},"datePublished":"2026-03-01T19:03:45+00:00","dateModified":"2026-03-01T19:10:27+00:00","author":{"@id":"https:\/\/nahuelproducciones.com.ar\/radioquijano\/#\/schema\/person\/e8a4f939e2cb487fe6d0c54042c9d32c"},"description":"Es imputado de forma provisional a Daniel Orlando Serapio, como autor de los delitos de\u00a0homicidio calificado por la relaci\u00f3n de pareja preexistente y por mediar violencia de g\u00e9nero (femicidio),\u00a0en perjuicio de Natalia Cruz, y de\u00a0desobediencia judicial (tres hechos),\u00a0en concurso real.","breadcrumb":{"@id":"https:\/\/nahuelproducciones.com.ar\/radioquijano\/ufem-fue-imputado-el-presunto-femicida-de-natalia-cruz\/#breadcrumb"},"inLanguage":"es","potentialAction":[{"@type":"ReadAction","target":["https:\/\/nahuelproducciones.com.ar\/radioquijano\/ufem-fue-imputado-el-presunto-femicida-de-natalia-cruz\/"]}]},{"@type":"BreadcrumbList","@id":"https:\/\/nahuelproducciones.com.ar\/radioquijano\/ufem-fue-imputado-el-presunto-femicida-de-natalia-cruz\/#breadcrumb","itemListElement":[{"@type":"ListItem","position":1,"name":"Portada","item":"https:\/\/nahuelproducciones.com.ar\/radioquijano\/"},{"@type":"ListItem","position":2,"name":"UFEM: Fue imputado el presunto femicida de Natalia Cruz"}]},{"@type":"WebSite","@id":"https:\/\/nahuelproducciones.com.ar\/radioquijano\/#website","url":"https:\/\/nahuelproducciones.com.ar\/radioquijano\/","name":"RQ 99.9","description":"Radio Quijano 99.9 MHz","potentialAction":[{"@type":"SearchAction","target":{"@type":"EntryPoint","urlTemplate":"https:\/\/nahuelproducciones.com.ar\/radioquijano\/?s={search_term_string}"},"query-input":"required name=search_term_string"}],"inLanguage":"es"},{"@type":"Person","@id":"https:\/\/nahuelproducciones.com.ar\/radioquijano\/#\/schema\/person\/e8a4f939e2cb487fe6d0c54042c9d32c","name":"Cecilia Pastrana","image":{"@type":"ImageObject","inLanguage":"es","@id":"https:\/\/nahuelproducciones.com.ar\/radioquijano\/#\/schema\/person\/image\/","url":"https:\/\/secure.gravatar.com\/avatar\/661a3ef63a8488d4f2794ed44af8cf71420f7e106f3072c40125114df5157749?s=96&d=mm&r=g","contentUrl":"https:\/\/secure.gravatar.com\/avatar\/661a3ef63a8488d4f2794ed44af8cf71420f7e106f3072c40125114df5157749?s=96&d=mm&r=g","caption":"Cecilia Pastrana"},"sameAs":["cecy"],"url":"https:\/\/nahuelproducciones.com.ar\/radioquijano\/author\/cecy\/"}]}},"_links":{"self":[{"href":"https:\/\/nahuelproducciones.com.ar\/radioquijano\/wp-json\/wp\/v2\/posts\/12032","targetHints":{"allow":["GET"]}}],"collection":[{"href":"https:\/\/nahuelproducciones.com.ar\/radioquijano\/wp-json\/wp\/v2\/posts"}],"about":[{"href":"https:\/\/nahuelproducciones.com.ar\/radioquijano\/wp-json\/wp\/v2\/types\/post"}],"author":[{"embeddable":true,"href":"https:\/\/nahuelproducciones.com.ar\/radioquijano\/wp-json\/wp\/v2\/users\/8"}],"replies":[{"embeddable":true,"href":"https:\/\/nahuelproducciones.com.ar\/radioquijano\/wp-json\/wp\/v2\/comments?post=12032"}],"version-history":[{"count":2,"href":"https:\/\/nahuelproducciones.com.ar\/radioquijano\/wp-json\/wp\/v2\/posts\/12032\/revisions"}],"predecessor-version":[{"id":12039,"href":"https:\/\/nahuelproducciones.com.ar\/radioquijano\/wp-json\/wp\/v2\/posts\/12032\/revisions\/12039"}],"wp:featuredmedia":[{"embeddable":true,"href":"https:\/\/nahuelproducciones.com.ar\/radioquijano\/wp-json\/wp\/v2\/media\/12037"}],"wp:attachment":[{"href":"https:\/\/nahuelproducciones.com.ar\/radioquijano\/wp-json\/wp\/v2\/media?parent=12032"}],"wp:term":[{"taxonomy":"category","embeddable":true,"href":"https:\/\/nahuelproducciones.com.ar\/radioquijano\/wp-json\/wp\/v2\/categories?post=12032"},{"taxonomy":"post_tag","embeddable":true,"href":"https:\/\/nahuelproducciones.com.ar\/radioquijano\/wp-json\/wp\/v2\/tags?post=12032"}],"curies":[{"name":"wp","href":"https:\/\/api.w.org\/{rel}","templated":true}]}}