{"id":12040,"date":"2026-03-01T22:54:49","date_gmt":"2026-03-02T01:54:49","guid":{"rendered":"https:\/\/nahuelproducciones.com.ar\/radioquijano\/?p=12040"},"modified":"2026-03-01T22:54:52","modified_gmt":"2026-03-02T01:54:52","slug":"milei-dejo-un-mensaje-sobre-la-moral-como-politica-de-estado-antes-de-la-apertura-de-sesiones","status":"publish","type":"post","link":"https:\/\/nahuelproducciones.com.ar\/radioquijano\/milei-dejo-un-mensaje-sobre-la-moral-como-politica-de-estado-antes-de-la-apertura-de-sesiones\/","title":{"rendered":"Milei dej\u00f3 un mensaje sobre \u201cla moral como pol\u00edtica de Estado\u201d antes de la apertura de sesiones"},"content":{"rendered":"\n<p>En el marco de la apertura de sesiones ordinarias del Congreso, el presidente <strong>Javier Milei<\/strong> dej\u00f3 un mensaje manuscrito en el libro protocolar antes de iniciar su discurso.<\/p>\n\n\n\n<p>\u201cLa moral como pol\u00edtica de Estado. La \u00e9tica y los valores de Occidente: la filosof\u00eda griega, el derecho romano, la actitud de los estoicos y los valores judeocristianos\u201d, escribi\u00f3 el mandatario.<\/p>\n\n\n\n<p>El texto hace referencia a los fundamentos culturales e hist\u00f3ricos que, seg\u00fan su visi\u00f3n, sustentan la civilizaci\u00f3n occidental. Tras la frase, Milei estamp\u00f3 su firma y agreg\u00f3 su consigna habitual: \u201c\u00a1VIVA LA LIBERTAD CARAJO!\u201d.<\/p>\n\n\n\n<p>El mensaje se conoci\u00f3 en la previa de su intervenci\u00f3n ante la Asamblea Legislativa, en una jornada marcada por definiciones pol\u00edticas y econ\u00f3micas del rumbo de su gesti\u00f3n.<\/p>\n\n\n\n<p>La referencia a la \u201cmoral como pol\u00edtica de Estado\u201d vuelve a poner en escena el eje discursivo del Presidente, que en reiteradas oportunidades ha planteado su gobierno como una defensa de los valores occidentales y la libertad individual.<\/p>\n\n\n\n<figure class=\"wp-block-gallery has-nested-images columns-default is-cropped wp-block-gallery-1 is-layout-flex wp-block-gallery-is-layout-flex\">\n<figure class=\"wp-block-image size-large\"><img loading=\"lazy\" decoding=\"async\" width=\"720\" height=\"394\" data-id=\"12041\" src=\"https:\/\/nahuelproducciones.com.ar\/radioquijano\/wp-content\/uploads\/2026\/03\/WhatsApp-Image-2026-03-01-at-10.30.57-PM-1.jpeg\" alt=\"\" class=\"wp-image-12041\" srcset=\"https:\/\/nahuelproducciones.com.ar\/radioquijano\/wp-content\/uploads\/2026\/03\/WhatsApp-Image-2026-03-01-at-10.30.57-PM-1.jpeg 720w, https:\/\/nahuelproducciones.com.ar\/radioquijano\/wp-content\/uploads\/2026\/03\/WhatsApp-Image-2026-03-01-at-10.30.57-PM-1-300x164.jpeg 300w, https:\/\/nahuelproducciones.com.ar\/radioquijano\/wp-content\/uploads\/2026\/03\/WhatsApp-Image-2026-03-01-at-10.30.57-PM-1-150x82.jpeg 150w\" sizes=\"auto, (max-width: 720px) 100vw, 720px\" \/><\/figure>\n\n\n\n<figure class=\"wp-block-image size-large\"><img loading=\"lazy\" decoding=\"async\" width=\"696\" height=\"382\" data-id=\"12042\" src=\"https:\/\/nahuelproducciones.com.ar\/radioquijano\/wp-content\/uploads\/2026\/03\/WhatsApp-Image-2026-03-01-at-10.30.57-PM.jpeg\" alt=\"\" class=\"wp-image-12042\" srcset=\"https:\/\/nahuelproducciones.com.ar\/radioquijano\/wp-content\/uploads\/2026\/03\/WhatsApp-Image-2026-03-01-at-10.30.57-PM.jpeg 696w, https:\/\/nahuelproducciones.com.ar\/radioquijano\/wp-content\/uploads\/2026\/03\/WhatsApp-Image-2026-03-01-at-10.30.57-PM-300x165.jpeg 300w, https:\/\/nahuelproducciones.com.ar\/radioquijano\/wp-content\/uploads\/2026\/03\/WhatsApp-Image-2026-03-01-at-10.30.57-PM-150x82.jpeg 150w\" sizes=\"auto, (max-width: 696px) 100vw, 696px\" \/><\/figure>\n\n\n\n<figure class=\"wp-block-image size-large\"><img loading=\"lazy\" decoding=\"async\" width=\"720\" height=\"405\" data-id=\"12044\" src=\"https:\/\/nahuelproducciones.com.ar\/radioquijano\/wp-content\/uploads\/2026\/03\/WhatsApp-Image-2026-03-01-at-10.30.58-PM-1.jpeg\" alt=\"\" class=\"wp-image-12044\" srcset=\"https:\/\/nahuelproducciones.com.ar\/radioquijano\/wp-content\/uploads\/2026\/03\/WhatsApp-Image-2026-03-01-at-10.30.58-PM-1.jpeg 720w, https:\/\/nahuelproducciones.com.ar\/radioquijano\/wp-content\/uploads\/2026\/03\/WhatsApp-Image-2026-03-01-at-10.30.58-PM-1-300x169.jpeg 300w, https:\/\/nahuelproducciones.com.ar\/radioquijano\/wp-content\/uploads\/2026\/03\/WhatsApp-Image-2026-03-01-at-10.30.58-PM-1-150x84.jpeg 150w\" sizes=\"auto, (max-width: 720px) 100vw, 720px\" \/><\/figure>\n\n\n\n<figure class=\"wp-block-image size-large\"><img loading=\"lazy\" decoding=\"async\" width=\"720\" height=\"380\" data-id=\"12045\" src=\"https:\/\/nahuelproducciones.com.ar\/radioquijano\/wp-content\/uploads\/2026\/03\/WhatsApp-Image-2026-03-01-at-10.30.58-PM.jpeg\" alt=\"\" class=\"wp-image-12045\" srcset=\"https:\/\/nahuelproducciones.com.ar\/radioquijano\/wp-content\/uploads\/2026\/03\/WhatsApp-Image-2026-03-01-at-10.30.58-PM.jpeg 720w, https:\/\/nahuelproducciones.com.ar\/radioquijano\/wp-content\/uploads\/2026\/03\/WhatsApp-Image-2026-03-01-at-10.30.58-PM-300x158.jpeg 300w, https:\/\/nahuelproducciones.com.ar\/radioquijano\/wp-content\/uploads\/2026\/03\/WhatsApp-Image-2026-03-01-at-10.30.58-PM-150x79.jpeg 150w\" sizes=\"auto, (max-width: 720px) 100vw, 720px\" \/><\/figure>\n<\/figure>\n\n\n\n<p><\/p>\n","protected":false},"excerpt":{"rendered":"<p>En el marco de la apertura de sesiones ordinarias del Congreso, el presidente Javier Milei dej\u00f3 un mensaje manuscrito en el libro protocolar antes de iniciar su discurso. \u201cLa moral como pol\u00edtica de Estado. La \u00e9tica y los valores de Occidente: la filosof\u00eda griega, el derecho romano, la actitud de los estoicos y los valores [&hellip;]<\/p>\n","protected":false},"author":8,"featured_media":12041,"comment_status":"open","ping_status":"open","sticky":false,"template":"","format":"standard","meta":{"_monsterinsights_skip_tracking":false,"_monsterinsights_sitenote_active":false,"_monsterinsights_sitenote_note":"","_monsterinsights_sitenote_category":0,"footnotes":""},"categories":[16],"tags":[2078,100,1368],"class_list":["post-12040","post","type-post","status-publish","format-standard","has-post-thumbnail","hentry","category-noticias","tag-escribio","tag-municipio-de-campo-quijano","tag-presidente-javier-milei"],"yoast_head":"<!-- This site is optimized with the Yoast SEO plugin v20.8 - https:\/\/yoast.com\/wordpress\/plugins\/seo\/ -->\n<title>Milei dej\u00f3 un mensaje sobre \u201cla moral como pol\u00edtica de Estado\u201d antes de la apertura de sesiones - RQ 99.9<\/title>\n<meta name=\"description\" content=\"Ra\u00edces occidentales y valores judeocristianos: el eje del mensaje manuscrito de Milei.\" \/>\n<meta name=\"robots\" content=\"index, follow, max-snippet:-1, max-image-preview:large, max-video-preview:-1\" \/>\n<link rel=\"canonical\" href=\"https:\/\/nahuelproducciones.com.ar\/radioquijano\/milei-dejo-un-mensaje-sobre-la-moral-como-politica-de-estado-antes-de-la-apertura-de-sesiones\/\" \/>\n<meta property=\"og:locale\" content=\"es_ES\" \/>\n<meta property=\"og:type\" content=\"article\" \/>\n<meta property=\"og:title\" content=\"Milei dej\u00f3 un mensaje sobre \u201cla moral como pol\u00edtica de Estado\u201d antes de la apertura de sesiones - RQ 99.9\" \/>\n<meta property=\"og:description\" content=\"Ra\u00edces occidentales y valores judeocristianos: el eje del mensaje manuscrito de Milei.\" \/>\n<meta property=\"og:url\" content=\"https:\/\/nahuelproducciones.com.ar\/radioquijano\/milei-dejo-un-mensaje-sobre-la-moral-como-politica-de-estado-antes-de-la-apertura-de-sesiones\/\" \/>\n<meta property=\"og:site_name\" content=\"RQ 99.9\" \/>\n<meta property=\"article:publisher\" content=\"https:\/\/www.facebook.com\/nahuelproducciones999\/\" \/>\n<meta property=\"article:published_time\" content=\"2026-03-02T01:54:49+00:00\" \/>\n<meta property=\"article:modified_time\" content=\"2026-03-02T01:54:52+00:00\" \/>\n<meta property=\"og:image\" content=\"https:\/\/nahuelproducciones.com.ar\/radioquijano\/wp-content\/uploads\/2026\/03\/WhatsApp-Image-2026-03-01-at-10.30.57-PM-1.jpeg\" \/>\n\t<meta property=\"og:image:width\" content=\"720\" \/>\n\t<meta property=\"og:image:height\" content=\"394\" \/>\n\t<meta property=\"og:image:type\" content=\"image\/jpeg\" \/>\n<meta name=\"author\" content=\"Cecilia Pastrana\" \/>\n<meta name=\"twitter:card\" content=\"summary_large_image\" \/>\n<meta name=\"twitter:creator\" content=\"@nahuproduciones\" \/>\n<meta name=\"twitter:site\" content=\"@nahuproduciones\" \/>\n<meta name=\"twitter:label1\" content=\"Escrito por\" \/>\n\t<meta name=\"twitter:data1\" content=\"Cecilia Pastrana\" \/>\n\t<meta name=\"twitter:label2\" content=\"Tiempo de lectura\" \/>\n\t<meta name=\"twitter:data2\" content=\"2 minutos\" \/>\n<script type=\"application\/ld+json\" class=\"yoast-schema-graph\">{\"@context\":\"https:\/\/schema.org\",\"@graph\":[{\"@type\":\"WebPage\",\"@id\":\"https:\/\/nahuelproducciones.com.ar\/radioquijano\/milei-dejo-un-mensaje-sobre-la-moral-como-politica-de-estado-antes-de-la-apertura-de-sesiones\/\",\"url\":\"https:\/\/nahuelproducciones.com.ar\/radioquijano\/milei-dejo-un-mensaje-sobre-la-moral-como-politica-de-estado-antes-de-la-apertura-de-sesiones\/\",\"name\":\"Milei dej\u00f3 un mensaje sobre \u201cla moral como pol\u00edtica de Estado\u201d antes de la apertura de sesiones - RQ 99.9\",\"isPartOf\":{\"@id\":\"https:\/\/nahuelproducciones.com.ar\/radioquijano\/#website\"},\"datePublished\":\"2026-03-02T01:54:49+00:00\",\"dateModified\":\"2026-03-02T01:54:52+00:00\",\"author\":{\"@id\":\"https:\/\/nahuelproducciones.com.ar\/radioquijano\/#\/schema\/person\/e8a4f939e2cb487fe6d0c54042c9d32c\"},\"description\":\"Ra\u00edces occidentales y valores judeocristianos: el eje del mensaje manuscrito de Milei.\",\"breadcrumb\":{\"@id\":\"https:\/\/nahuelproducciones.com.ar\/radioquijano\/milei-dejo-un-mensaje-sobre-la-moral-como-politica-de-estado-antes-de-la-apertura-de-sesiones\/#breadcrumb\"},\"inLanguage\":\"es\",\"potentialAction\":[{\"@type\":\"ReadAction\",\"target\":[\"https:\/\/nahuelproducciones.com.ar\/radioquijano\/milei-dejo-un-mensaje-sobre-la-moral-como-politica-de-estado-antes-de-la-apertura-de-sesiones\/\"]}]},{\"@type\":\"BreadcrumbList\",\"@id\":\"https:\/\/nahuelproducciones.com.ar\/radioquijano\/milei-dejo-un-mensaje-sobre-la-moral-como-politica-de-estado-antes-de-la-apertura-de-sesiones\/#breadcrumb\",\"itemListElement\":[{\"@type\":\"ListItem\",\"position\":1,\"name\":\"Portada\",\"item\":\"https:\/\/nahuelproducciones.com.ar\/radioquijano\/\"},{\"@type\":\"ListItem\",\"position\":2,\"name\":\"Milei dej\u00f3 un mensaje sobre \u201cla moral como pol\u00edtica de Estado\u201d antes de la apertura de sesiones\"}]},{\"@type\":\"WebSite\",\"@id\":\"https:\/\/nahuelproducciones.com.ar\/radioquijano\/#website\",\"url\":\"https:\/\/nahuelproducciones.com.ar\/radioquijano\/\",\"name\":\"RQ 99.9\",\"description\":\"Radio Quijano 99.9 MHz\",\"potentialAction\":[{\"@type\":\"SearchAction\",\"target\":{\"@type\":\"EntryPoint\",\"urlTemplate\":\"https:\/\/nahuelproducciones.com.ar\/radioquijano\/?s={search_term_string}\"},\"query-input\":\"required name=search_term_string\"}],\"inLanguage\":\"es\"},{\"@type\":\"Person\",\"@id\":\"https:\/\/nahuelproducciones.com.ar\/radioquijano\/#\/schema\/person\/e8a4f939e2cb487fe6d0c54042c9d32c\",\"name\":\"Cecilia Pastrana\",\"image\":{\"@type\":\"ImageObject\",\"inLanguage\":\"es\",\"@id\":\"https:\/\/nahuelproducciones.com.ar\/radioquijano\/#\/schema\/person\/image\/\",\"url\":\"https:\/\/secure.gravatar.com\/avatar\/661a3ef63a8488d4f2794ed44af8cf71420f7e106f3072c40125114df5157749?s=96&d=mm&r=g\",\"contentUrl\":\"https:\/\/secure.gravatar.com\/avatar\/661a3ef63a8488d4f2794ed44af8cf71420f7e106f3072c40125114df5157749?s=96&d=mm&r=g\",\"caption\":\"Cecilia Pastrana\"},\"sameAs\":[\"cecy\"],\"url\":\"https:\/\/nahuelproducciones.com.ar\/radioquijano\/author\/cecy\/\"}]}<\/script>\n<!-- \/ Yoast SEO plugin. -->","yoast_head_json":{"title":"Milei dej\u00f3 un mensaje sobre \u201cla moral como pol\u00edtica de Estado\u201d antes de la apertura de sesiones - RQ 99.9","description":"Ra\u00edces occidentales y valores judeocristianos: el eje del mensaje manuscrito de Milei.","robots":{"index":"index","follow":"follow","max-snippet":"max-snippet:-1","max-image-preview":"max-image-preview:large","max-video-preview":"max-video-preview:-1"},"canonical":"https:\/\/nahuelproducciones.com.ar\/radioquijano\/milei-dejo-un-mensaje-sobre-la-moral-como-politica-de-estado-antes-de-la-apertura-de-sesiones\/","og_locale":"es_ES","og_type":"article","og_title":"Milei dej\u00f3 un mensaje sobre \u201cla moral como pol\u00edtica de Estado\u201d antes de la apertura de sesiones - RQ 99.9","og_description":"Ra\u00edces occidentales y valores judeocristianos: el eje del mensaje manuscrito de Milei.","og_url":"https:\/\/nahuelproducciones.com.ar\/radioquijano\/milei-dejo-un-mensaje-sobre-la-moral-como-politica-de-estado-antes-de-la-apertura-de-sesiones\/","og_site_name":"RQ 99.9","article_publisher":"https:\/\/www.facebook.com\/nahuelproducciones999\/","article_published_time":"2026-03-02T01:54:49+00:00","article_modified_time":"2026-03-02T01:54:52+00:00","og_image":[{"width":720,"height":394,"url":"https:\/\/nahuelproducciones.com.ar\/radioquijano\/wp-content\/uploads\/2026\/03\/WhatsApp-Image-2026-03-01-at-10.30.57-PM-1.jpeg","type":"image\/jpeg"}],"author":"Cecilia Pastrana","twitter_card":"summary_large_image","twitter_creator":"@nahuproduciones","twitter_site":"@nahuproduciones","twitter_misc":{"Escrito por":"Cecilia Pastrana","Tiempo de lectura":"2 minutos"},"schema":{"@context":"https:\/\/schema.org","@graph":[{"@type":"WebPage","@id":"https:\/\/nahuelproducciones.com.ar\/radioquijano\/milei-dejo-un-mensaje-sobre-la-moral-como-politica-de-estado-antes-de-la-apertura-de-sesiones\/","url":"https:\/\/nahuelproducciones.com.ar\/radioquijano\/milei-dejo-un-mensaje-sobre-la-moral-como-politica-de-estado-antes-de-la-apertura-de-sesiones\/","name":"Milei dej\u00f3 un mensaje sobre \u201cla moral como pol\u00edtica de Estado\u201d antes de la apertura de sesiones - RQ 99.9","isPartOf":{"@id":"https:\/\/nahuelproducciones.com.ar\/radioquijano\/#website"},"datePublished":"2026-03-02T01:54:49+00:00","dateModified":"2026-03-02T01:54:52+00:00","author":{"@id":"https:\/\/nahuelproducciones.com.ar\/radioquijano\/#\/schema\/person\/e8a4f939e2cb487fe6d0c54042c9d32c"},"description":"Ra\u00edces occidentales y valores judeocristianos: el eje del mensaje manuscrito de Milei.","breadcrumb":{"@id":"https:\/\/nahuelproducciones.com.ar\/radioquijano\/milei-dejo-un-mensaje-sobre-la-moral-como-politica-de-estado-antes-de-la-apertura-de-sesiones\/#breadcrumb"},"inLanguage":"es","potentialAction":[{"@type":"ReadAction","target":["https:\/\/nahuelproducciones.com.ar\/radioquijano\/milei-dejo-un-mensaje-sobre-la-moral-como-politica-de-estado-antes-de-la-apertura-de-sesiones\/"]}]},{"@type":"BreadcrumbList","@id":"https:\/\/nahuelproducciones.com.ar\/radioquijano\/milei-dejo-un-mensaje-sobre-la-moral-como-politica-de-estado-antes-de-la-apertura-de-sesiones\/#breadcrumb","itemListElement":[{"@type":"ListItem","position":1,"name":"Portada","item":"https:\/\/nahuelproducciones.com.ar\/radioquijano\/"},{"@type":"ListItem","position":2,"name":"Milei dej\u00f3 un mensaje sobre \u201cla moral como pol\u00edtica de Estado\u201d antes de la apertura de sesiones"}]},{"@type":"WebSite","@id":"https:\/\/nahuelproducciones.com.ar\/radioquijano\/#website","url":"https:\/\/nahuelproducciones.com.ar\/radioquijano\/","name":"RQ 99.9","description":"Radio Quijano 99.9 MHz","potentialAction":[{"@type":"SearchAction","target":{"@type":"EntryPoint","urlTemplate":"https:\/\/nahuelproducciones.com.ar\/radioquijano\/?s={search_term_string}"},"query-input":"required name=search_term_string"}],"inLanguage":"es"},{"@type":"Person","@id":"https:\/\/nahuelproducciones.com.ar\/radioquijano\/#\/schema\/person\/e8a4f939e2cb487fe6d0c54042c9d32c","name":"Cecilia Pastrana","image":{"@type":"ImageObject","inLanguage":"es","@id":"https:\/\/nahuelproducciones.com.ar\/radioquijano\/#\/schema\/person\/image\/","url":"https:\/\/secure.gravatar.com\/avatar\/661a3ef63a8488d4f2794ed44af8cf71420f7e106f3072c40125114df5157749?s=96&d=mm&r=g","contentUrl":"https:\/\/secure.gravatar.com\/avatar\/661a3ef63a8488d4f2794ed44af8cf71420f7e106f3072c40125114df5157749?s=96&d=mm&r=g","caption":"Cecilia Pastrana"},"sameAs":["cecy"],"url":"https:\/\/nahuelproducciones.com.ar\/radioquijano\/author\/cecy\/"}]}},"_links":{"self":[{"href":"https:\/\/nahuelproducciones.com.ar\/radioquijano\/wp-json\/wp\/v2\/posts\/12040","targetHints":{"allow":["GET"]}}],"collection":[{"href":"https:\/\/nahuelproducciones.com.ar\/radioquijano\/wp-json\/wp\/v2\/posts"}],"about":[{"href":"https:\/\/nahuelproducciones.com.ar\/radioquijano\/wp-json\/wp\/v2\/types\/post"}],"author":[{"embeddable":true,"href":"https:\/\/nahuelproducciones.com.ar\/radioquijano\/wp-json\/wp\/v2\/users\/8"}],"replies":[{"embeddable":true,"href":"https:\/\/nahuelproducciones.com.ar\/radioquijano\/wp-json\/wp\/v2\/comments?post=12040"}],"version-history":[{"count":1,"href":"https:\/\/nahuelproducciones.com.ar\/radioquijano\/wp-json\/wp\/v2\/posts\/12040\/revisions"}],"predecessor-version":[{"id":12046,"href":"https:\/\/nahuelproducciones.com.ar\/radioquijano\/wp-json\/wp\/v2\/posts\/12040\/revisions\/12046"}],"wp:featuredmedia":[{"embeddable":true,"href":"https:\/\/nahuelproducciones.com.ar\/radioquijano\/wp-json\/wp\/v2\/media\/12041"}],"wp:attachment":[{"href":"https:\/\/nahuelproducciones.com.ar\/radioquijano\/wp-json\/wp\/v2\/media?parent=12040"}],"wp:term":[{"taxonomy":"category","embeddable":true,"href":"https:\/\/nahuelproducciones.com.ar\/radioquijano\/wp-json\/wp\/v2\/categories?post=12040"},{"taxonomy":"post_tag","embeddable":true,"href":"https:\/\/nahuelproducciones.com.ar\/radioquijano\/wp-json\/wp\/v2\/tags?post=12040"}],"curies":[{"name":"wp","href":"https:\/\/api.w.org\/{rel}","templated":true}]}}