{"id":12047,"date":"2026-03-02T01:11:37","date_gmt":"2026-03-02T04:11:37","guid":{"rendered":"https:\/\/nahuelproducciones.com.ar\/radioquijano\/?p=12047"},"modified":"2026-03-02T21:52:42","modified_gmt":"2026-03-03T00:52:42","slug":"la-familia-de-natalia-cruz-marco-la-apertura-de-sesiones-2026-en-campo-quijano","status":"publish","type":"post","link":"https:\/\/nahuelproducciones.com.ar\/radioquijano\/la-familia-de-natalia-cruz-marco-la-apertura-de-sesiones-2026-en-campo-quijano\/","title":{"rendered":"La familia de Natalia Cruz marc\u00f3 la Apertura de Sesiones 2026 en Campo Quijano."},"content":{"rendered":"\n<p>La Apertura del Per\u00edodo Ordinario de Sesiones 2026 en Campo Quijano estuvo marcada por un fuerte reclamo de justicia que modific\u00f3 el tono habitual del acto institucional realizado en la Casa de la Cultura.<\/p>\n\n\n\n<p>El intendente Lino Yonar present\u00f3 su informe anual ante el Concejo Deliberante, detallando el estado general del municipio y el balance de gesti\u00f3n correspondiente al a\u00f1o 2025. Con su mensaje, qued\u00f3 formalmente inaugurado el per\u00edodo legislativo que se extender\u00e1 hasta el 30 de noviembre.<\/p>\n\n\n\n<p>Sin embargo, la jornada tuvo un componente que trascendi\u00f3 lo estrictamente institucional.<\/p>\n\n\n\n<h3 class=\"wp-block-heading\">La autorizaci\u00f3n para hablar<\/h3>\n\n\n\n<p>Familiares y amigos de Natalia Cruz llegaron al lugar con la intenci\u00f3n de leer una carta abierta y presentar un petitorio. Antes del inicio del acto protocolar, dialogaron con el intendente y una concejal para solicitar autorizaci\u00f3n para expresarse.<\/p>\n\n\n\n<p>Seg\u00fan se inform\u00f3, el jefe comunal accedi\u00f3 al pedido y, antes de comenzar su discurso, anunci\u00f3 p\u00fablicamente que una vez finalizada su alocuci\u00f3n la familia tomar\u00eda la palabra. Incluso invit\u00f3 a los presentes a permanecer en el recinto para escuchar el mensaje.<\/p>\n\n\n\n<p>Tras el cierre del informe y la apertura formal de las sesiones, se dio paso a la lectura.<\/p>\n\n\n\n<p class=\"has-text-align-center\">Mir\u00e1 el rostro de cada uno de los funcionarios municipales<\/p>\n\n\n\n<figure class=\"wp-block-embed is-type-video is-provider-youtube wp-block-embed-youtube wp-embed-aspect-16-9 wp-has-aspect-ratio\"><div class=\"wp-block-embed__wrapper\">\n<iframe loading=\"lazy\" title=\"Familia de Natalia Cruz se dirge a las autoridades municipales de Campo Quijano\" width=\"640\" height=\"360\" src=\"https:\/\/www.youtube.com\/embed\/uK3B54YwZko?feature=oembed\" frameborder=\"0\" allow=\"accelerometer; autoplay; clipboard-write; encrypted-media; gyroscope; picture-in-picture; web-share\" referrerpolicy=\"strict-origin-when-cross-origin\" allowfullscreen><\/iframe>\n<\/div><\/figure>\n\n\n\n<h3 class=\"wp-block-heading\">\u201cNo fue un caso m\u00e1s\u201d<\/h3>\n\n\n\n<p>Bel\u00e9n Viveros ley\u00f3 la carta abierta en representaci\u00f3n de la familia y amigos.<\/p>\n\n\n\n<p>\u201cHoy no venimos a pedir en voz baja. Venimos a exigir justicia\u201d, inicia el texto.<\/p>\n\n\n\n<p>En uno de los fragmentos m\u00e1s contundentes, el documento afirma:<br>\u201cA Natalia no la mat\u00f3 solo un asesino. La mat\u00f3 la indiferencia. La mat\u00f3 la ausencia de las autoridades. La mat\u00f3 el silencio de la Municipalidad y del sector de la Mujer. La mat\u00f3 la negligencia de la Polic\u00eda. La mat\u00f3 la falta de respuesta del Hospital\u201d.<\/p>\n\n\n\n<p>La carta sostiene que cuando la familia pidi\u00f3 ayuda no obtuvo respuestas y cuestiona lo que consideran abandono institucional. \u201cBasta de funcionarios ausentes. Basta de instituciones que fallan y despu\u00e9s se lavan las manos\u201d, expresa el escrito.<\/p>\n\n\n\n<p>Adem\u00e1s, subraya que \u201cno fue un caso m\u00e1s\u201d, sino \u201cuna vida, una hija, una mujer que merec\u00eda vivir\u201d, y exige responsables concretos y condenas.<\/p>\n\n\n\n<p>En el cierre, la familia asegur\u00f3 que no callar\u00e1 ni retroceder\u00e1 hasta obtener justicia y pidi\u00f3 que no haya nunca m\u00e1s una Natalia sin protecci\u00f3n del Estado.<\/p>\n\n\n\n<h3 class=\"wp-block-heading\">El mensaje directo al intendente<\/h3>\n\n\n\n<p>Luego de la lectura, la hermana de Natalia se dirigi\u00f3 directamente al intendente, visiblemente emocionada pero firme en sus palabras.<\/p>\n\n\n\n<p>\u201cSi como intendente no gestiona, lo vamos a hacer nosotros\u201d, expres\u00f3. Tambi\u00e9n record\u00f3 que en tiempos de campa\u00f1a se habla de amor por el pueblo, pero sostuvo que cuando su familia necesit\u00f3 acompa\u00f1amiento, no lo sintieron.<\/p>\n\n\n\n<p>Durante su intervenci\u00f3n denunci\u00f3 que Naty qued\u00f3 desprotegida: se\u00f1al\u00f3 la falta de m\u00f3viles, la escasez de personal policial en la localidad y afirm\u00f3 que no se habr\u00eda cumplido la consigna que deb\u00eda garantizar su seguridad. Asimismo, reclam\u00f3 que el municipio gestione m\u00e1s recursos para la comunidad.<\/p>\n\n\n\n<h3 class=\"wp-block-heading\">Silencio, gestos y transmisi\u00f3n interrumpida<\/h3>\n\n\n\n<p>Mientras se desarrollaba la lectura de la carta y la presentaci\u00f3n del petitorio, el recinto permaneci\u00f3 en silencio. Se observaron gestos serios, miradas fijas, indiferencias y un clima de evidente tensi\u00f3n entre los funcionarios y autoridades presentes.<\/p>\n\n\n\n<p>Otro punto que gener\u00f3 comentarios fue la transmisi\u00f3n oficial del acto. La p\u00e1gina de Facebook del Concejo Deliberante continu\u00f3 emitiendo en vivo durante el reclamo. En cambio, la transmisi\u00f3n desde la p\u00e1gina oficial del Municipio no registr\u00f3 el mensaje completo de la familia.<\/p>\n\n\n\n<p>Para allegados y asistentes, el hecho result\u00f3 significativo, dado que el reclamo estaba dirigido directamente al intendente, a sus funcionarios y a la comunidad. Algunos interpretaron la interrupci\u00f3n como un nuevo gesto de distancia institucional hacia la familia.<\/p>\n\n\n\n<p>En un acto donde suelen predominar balances y anuncios de gesti\u00f3n, el dolor tom\u00f3 la palabra y el reclamo de justicia volvi\u00f3 a resonar con fuerza en la comunidad.<\/p>\n\n\n\n<p><strong>Justicia por Natalia.<\/strong><\/p>\n\n\n\n<figure class=\"wp-block-video\"><\/figure>\n\n\n\n<figure class=\"wp-block-gallery has-nested-images columns-default is-cropped wp-block-gallery-1 is-layout-flex wp-block-gallery-is-layout-flex\">\n<figure class=\"wp-block-image size-large\"><img loading=\"lazy\" decoding=\"async\" width=\"939\" height=\"518\" data-id=\"12049\" src=\"https:\/\/nahuelproducciones.com.ar\/radioquijano\/wp-content\/uploads\/2026\/03\/WhatsApp-Image-2026-03-02-at-12.35.56-AM.jpeg\" alt=\"\" class=\"wp-image-12049\" srcset=\"https:\/\/nahuelproducciones.com.ar\/radioquijano\/wp-content\/uploads\/2026\/03\/WhatsApp-Image-2026-03-02-at-12.35.56-AM.jpeg 939w, https:\/\/nahuelproducciones.com.ar\/radioquijano\/wp-content\/uploads\/2026\/03\/WhatsApp-Image-2026-03-02-at-12.35.56-AM-300x165.jpeg 300w, https:\/\/nahuelproducciones.com.ar\/radioquijano\/wp-content\/uploads\/2026\/03\/WhatsApp-Image-2026-03-02-at-12.35.56-AM-768x424.jpeg 768w, https:\/\/nahuelproducciones.com.ar\/radioquijano\/wp-content\/uploads\/2026\/03\/WhatsApp-Image-2026-03-02-at-12.35.56-AM-150x83.jpeg 150w\" sizes=\"auto, (max-width: 939px) 100vw, 939px\" \/><\/figure>\n\n\n\n<figure class=\"wp-block-image size-large\"><img loading=\"lazy\" decoding=\"async\" width=\"920\" height=\"495\" data-id=\"12053\" src=\"https:\/\/nahuelproducciones.com.ar\/radioquijano\/wp-content\/uploads\/2026\/03\/WhatsApp-Image-2026-03-02-at-12.36.12-AM.jpeg\" alt=\"\" class=\"wp-image-12053\" srcset=\"https:\/\/nahuelproducciones.com.ar\/radioquijano\/wp-content\/uploads\/2026\/03\/WhatsApp-Image-2026-03-02-at-12.36.12-AM.jpeg 920w, https:\/\/nahuelproducciones.com.ar\/radioquijano\/wp-content\/uploads\/2026\/03\/WhatsApp-Image-2026-03-02-at-12.36.12-AM-300x161.jpeg 300w, https:\/\/nahuelproducciones.com.ar\/radioquijano\/wp-content\/uploads\/2026\/03\/WhatsApp-Image-2026-03-02-at-12.36.12-AM-768x413.jpeg 768w, https:\/\/nahuelproducciones.com.ar\/radioquijano\/wp-content\/uploads\/2026\/03\/WhatsApp-Image-2026-03-02-at-12.36.12-AM-150x81.jpeg 150w\" sizes=\"auto, (max-width: 920px) 100vw, 920px\" \/><\/figure>\n\n\n\n<figure class=\"wp-block-image size-large\"><img loading=\"lazy\" decoding=\"async\" width=\"990\" height=\"489\" data-id=\"12054\" src=\"https:\/\/nahuelproducciones.com.ar\/radioquijano\/wp-content\/uploads\/2026\/03\/WhatsApp-Image-2026-03-02-at-12.22.52-AM.jpeg\" alt=\"\" class=\"wp-image-12054\" srcset=\"https:\/\/nahuelproducciones.com.ar\/radioquijano\/wp-content\/uploads\/2026\/03\/WhatsApp-Image-2026-03-02-at-12.22.52-AM.jpeg 990w, https:\/\/nahuelproducciones.com.ar\/radioquijano\/wp-content\/uploads\/2026\/03\/WhatsApp-Image-2026-03-02-at-12.22.52-AM-300x148.jpeg 300w, https:\/\/nahuelproducciones.com.ar\/radioquijano\/wp-content\/uploads\/2026\/03\/WhatsApp-Image-2026-03-02-at-12.22.52-AM-768x379.jpeg 768w, https:\/\/nahuelproducciones.com.ar\/radioquijano\/wp-content\/uploads\/2026\/03\/WhatsApp-Image-2026-03-02-at-12.22.52-AM-150x74.jpeg 150w\" sizes=\"auto, (max-width: 990px) 100vw, 990px\" \/><\/figure>\n\n\n\n<figure class=\"wp-block-image size-large\"><img loading=\"lazy\" decoding=\"async\" width=\"934\" height=\"495\" data-id=\"12051\" src=\"https:\/\/nahuelproducciones.com.ar\/radioquijano\/wp-content\/uploads\/2026\/03\/WhatsApp-Image-2026-03-02-at-12.35.41-AM.jpeg\" alt=\"\" class=\"wp-image-12051\" srcset=\"https:\/\/nahuelproducciones.com.ar\/radioquijano\/wp-content\/uploads\/2026\/03\/WhatsApp-Image-2026-03-02-at-12.35.41-AM.jpeg 934w, https:\/\/nahuelproducciones.com.ar\/radioquijano\/wp-content\/uploads\/2026\/03\/WhatsApp-Image-2026-03-02-at-12.35.41-AM-300x159.jpeg 300w, https:\/\/nahuelproducciones.com.ar\/radioquijano\/wp-content\/uploads\/2026\/03\/WhatsApp-Image-2026-03-02-at-12.35.41-AM-768x407.jpeg 768w, https:\/\/nahuelproducciones.com.ar\/radioquijano\/wp-content\/uploads\/2026\/03\/WhatsApp-Image-2026-03-02-at-12.35.41-AM-150x79.jpeg 150w\" sizes=\"auto, (max-width: 934px) 100vw, 934px\" \/><\/figure>\n\n\n\n<figure class=\"wp-block-image size-large\"><img loading=\"lazy\" decoding=\"async\" width=\"517\" height=\"345\" data-id=\"12048\" src=\"https:\/\/nahuelproducciones.com.ar\/radioquijano\/wp-content\/uploads\/2026\/03\/WhatsApp-Image-2026-03-02-at-12.21.45-AM.jpeg\" alt=\"\" class=\"wp-image-12048\" srcset=\"https:\/\/nahuelproducciones.com.ar\/radioquijano\/wp-content\/uploads\/2026\/03\/WhatsApp-Image-2026-03-02-at-12.21.45-AM.jpeg 517w, https:\/\/nahuelproducciones.com.ar\/radioquijano\/wp-content\/uploads\/2026\/03\/WhatsApp-Image-2026-03-02-at-12.21.45-AM-300x200.jpeg 300w, https:\/\/nahuelproducciones.com.ar\/radioquijano\/wp-content\/uploads\/2026\/03\/WhatsApp-Image-2026-03-02-at-12.21.45-AM-150x100.jpeg 150w\" sizes=\"auto, (max-width: 517px) 100vw, 517px\" \/><\/figure>\n\n\n\n<figure class=\"wp-block-image size-large\"><img loading=\"lazy\" decoding=\"async\" width=\"949\" height=\"527\" data-id=\"12052\" src=\"https:\/\/nahuelproducciones.com.ar\/radioquijano\/wp-content\/uploads\/2026\/03\/WhatsApp-Image-2026-03-02-at-12.35.23-AM.jpeg\" alt=\"\" class=\"wp-image-12052\" srcset=\"https:\/\/nahuelproducciones.com.ar\/radioquijano\/wp-content\/uploads\/2026\/03\/WhatsApp-Image-2026-03-02-at-12.35.23-AM.jpeg 949w, https:\/\/nahuelproducciones.com.ar\/radioquijano\/wp-content\/uploads\/2026\/03\/WhatsApp-Image-2026-03-02-at-12.35.23-AM-300x167.jpeg 300w, https:\/\/nahuelproducciones.com.ar\/radioquijano\/wp-content\/uploads\/2026\/03\/WhatsApp-Image-2026-03-02-at-12.35.23-AM-768x426.jpeg 768w, https:\/\/nahuelproducciones.com.ar\/radioquijano\/wp-content\/uploads\/2026\/03\/WhatsApp-Image-2026-03-02-at-12.35.23-AM-150x83.jpeg 150w\" sizes=\"auto, (max-width: 949px) 100vw, 949px\" \/><\/figure>\n\n\n\n<figure class=\"wp-block-image size-large\"><img decoding=\"async\" data-id=\"12050\" src=\"https:\/\/nahuelproducciones.com.ar\/radioquijano\/wp-content\/uploads\/2026\/03\/WhatsApp-Image-2026-03-02-at-12.40.08-AM.jpeg\" alt=\"\" class=\"wp-image-12050\"\/><\/figure>\n<\/figure>\n\n\n\n<p><\/p>\n","protected":false},"excerpt":{"rendered":"<p>La Apertura del Per\u00edodo Ordinario de Sesiones 2026 en Campo Quijano estuvo marcada por un fuerte reclamo de justicia que modific\u00f3 el tono habitual del acto institucional realizado en la Casa de la Cultura. El intendente Lino Yonar present\u00f3 su informe anual ante el Concejo Deliberante, detallando el estado general del municipio y el balance [&hellip;]<\/p>\n","protected":false},"author":8,"featured_media":12050,"comment_status":"open","ping_status":"open","sticky":false,"template":"","format":"standard","meta":{"_monsterinsights_skip_tracking":false,"_monsterinsights_sitenote_active":false,"_monsterinsights_sitenote_note":"","_monsterinsights_sitenote_category":0,"footnotes":""},"categories":[16],"tags":[899,100,2075],"class_list":["post-12047","post","type-post","status-publish","format-standard","has-post-thumbnail","hentry","category-noticias","tag-apertura-de-sesiones-ordinarias","tag-municipio-de-campo-quijano","tag-natalia-marilin-cruz"],"yoast_head":"<!-- This site is optimized with the Yoast SEO plugin v20.8 - https:\/\/yoast.com\/wordpress\/plugins\/seo\/ -->\n<title>La familia de Natalia Cruz marc\u00f3 la Apertura de Sesiones 2026 en Campo Quijano. - RQ 99.9<\/title>\n<meta name=\"description\" content=\"En un acto donde suelen predominar balances y anuncios de gesti\u00f3n, el dolor tom\u00f3 la palabra y el reclamo de justicia volvi\u00f3 a resonar con fuerza en la comunidad.\" \/>\n<meta name=\"robots\" content=\"index, follow, max-snippet:-1, max-image-preview:large, max-video-preview:-1\" \/>\n<link rel=\"canonical\" href=\"https:\/\/nahuelproducciones.com.ar\/radioquijano\/la-familia-de-natalia-cruz-marco-la-apertura-de-sesiones-2026-en-campo-quijano\/\" \/>\n<meta property=\"og:locale\" content=\"es_ES\" \/>\n<meta property=\"og:type\" content=\"article\" \/>\n<meta property=\"og:title\" content=\"La familia de Natalia Cruz marc\u00f3 la Apertura de Sesiones 2026 en Campo Quijano. - RQ 99.9\" \/>\n<meta property=\"og:description\" content=\"En un acto donde suelen predominar balances y anuncios de gesti\u00f3n, el dolor tom\u00f3 la palabra y el reclamo de justicia volvi\u00f3 a resonar con fuerza en la comunidad.\" \/>\n<meta property=\"og:url\" content=\"https:\/\/nahuelproducciones.com.ar\/radioquijano\/la-familia-de-natalia-cruz-marco-la-apertura-de-sesiones-2026-en-campo-quijano\/\" \/>\n<meta property=\"og:site_name\" content=\"RQ 99.9\" \/>\n<meta property=\"article:publisher\" content=\"https:\/\/www.facebook.com\/nahuelproducciones999\/\" \/>\n<meta property=\"article:published_time\" content=\"2026-03-02T04:11:37+00:00\" \/>\n<meta property=\"article:modified_time\" content=\"2026-03-03T00:52:42+00:00\" \/>\n<meta property=\"og:image\" content=\"https:\/\/nahuelproducciones.com.ar\/radioquijano\/wp-content\/uploads\/2026\/03\/WhatsApp-Image-2026-03-02-at-12.40.08-AM-e1772424682301.jpeg\" \/>\n\t<meta property=\"og:image:width\" content=\"700\" \/>\n\t<meta property=\"og:image:height\" content=\"377\" \/>\n\t<meta property=\"og:image:type\" content=\"image\/jpeg\" \/>\n<meta name=\"author\" content=\"Cecilia Pastrana\" \/>\n<meta name=\"twitter:card\" content=\"summary_large_image\" \/>\n<meta name=\"twitter:creator\" content=\"@nahuproduciones\" \/>\n<meta name=\"twitter:site\" content=\"@nahuproduciones\" \/>\n<meta name=\"twitter:label1\" content=\"Escrito por\" \/>\n\t<meta name=\"twitter:data1\" content=\"Cecilia Pastrana\" \/>\n\t<meta name=\"twitter:label2\" content=\"Tiempo de lectura\" \/>\n\t<meta name=\"twitter:data2\" content=\"5 minutos\" \/>\n<script type=\"application\/ld+json\" class=\"yoast-schema-graph\">{\"@context\":\"https:\/\/schema.org\",\"@graph\":[{\"@type\":\"WebPage\",\"@id\":\"https:\/\/nahuelproducciones.com.ar\/radioquijano\/la-familia-de-natalia-cruz-marco-la-apertura-de-sesiones-2026-en-campo-quijano\/\",\"url\":\"https:\/\/nahuelproducciones.com.ar\/radioquijano\/la-familia-de-natalia-cruz-marco-la-apertura-de-sesiones-2026-en-campo-quijano\/\",\"name\":\"La familia de Natalia Cruz marc\u00f3 la Apertura de Sesiones 2026 en Campo Quijano. - RQ 99.9\",\"isPartOf\":{\"@id\":\"https:\/\/nahuelproducciones.com.ar\/radioquijano\/#website\"},\"datePublished\":\"2026-03-02T04:11:37+00:00\",\"dateModified\":\"2026-03-03T00:52:42+00:00\",\"author\":{\"@id\":\"https:\/\/nahuelproducciones.com.ar\/radioquijano\/#\/schema\/person\/e8a4f939e2cb487fe6d0c54042c9d32c\"},\"description\":\"En un acto donde suelen predominar balances y anuncios de gesti\u00f3n, el dolor tom\u00f3 la palabra y el reclamo de justicia volvi\u00f3 a resonar con fuerza en la comunidad.\",\"breadcrumb\":{\"@id\":\"https:\/\/nahuelproducciones.com.ar\/radioquijano\/la-familia-de-natalia-cruz-marco-la-apertura-de-sesiones-2026-en-campo-quijano\/#breadcrumb\"},\"inLanguage\":\"es\",\"potentialAction\":[{\"@type\":\"ReadAction\",\"target\":[\"https:\/\/nahuelproducciones.com.ar\/radioquijano\/la-familia-de-natalia-cruz-marco-la-apertura-de-sesiones-2026-en-campo-quijano\/\"]}]},{\"@type\":\"BreadcrumbList\",\"@id\":\"https:\/\/nahuelproducciones.com.ar\/radioquijano\/la-familia-de-natalia-cruz-marco-la-apertura-de-sesiones-2026-en-campo-quijano\/#breadcrumb\",\"itemListElement\":[{\"@type\":\"ListItem\",\"position\":1,\"name\":\"Portada\",\"item\":\"https:\/\/nahuelproducciones.com.ar\/radioquijano\/\"},{\"@type\":\"ListItem\",\"position\":2,\"name\":\"La familia de Natalia Cruz marc\u00f3 la Apertura de Sesiones 2026 en Campo Quijano.\"}]},{\"@type\":\"WebSite\",\"@id\":\"https:\/\/nahuelproducciones.com.ar\/radioquijano\/#website\",\"url\":\"https:\/\/nahuelproducciones.com.ar\/radioquijano\/\",\"name\":\"RQ 99.9\",\"description\":\"Radio Quijano 99.9 MHz\",\"potentialAction\":[{\"@type\":\"SearchAction\",\"target\":{\"@type\":\"EntryPoint\",\"urlTemplate\":\"https:\/\/nahuelproducciones.com.ar\/radioquijano\/?s={search_term_string}\"},\"query-input\":\"required name=search_term_string\"}],\"inLanguage\":\"es\"},{\"@type\":\"Person\",\"@id\":\"https:\/\/nahuelproducciones.com.ar\/radioquijano\/#\/schema\/person\/e8a4f939e2cb487fe6d0c54042c9d32c\",\"name\":\"Cecilia Pastrana\",\"image\":{\"@type\":\"ImageObject\",\"inLanguage\":\"es\",\"@id\":\"https:\/\/nahuelproducciones.com.ar\/radioquijano\/#\/schema\/person\/image\/\",\"url\":\"https:\/\/secure.gravatar.com\/avatar\/661a3ef63a8488d4f2794ed44af8cf71420f7e106f3072c40125114df5157749?s=96&d=mm&r=g\",\"contentUrl\":\"https:\/\/secure.gravatar.com\/avatar\/661a3ef63a8488d4f2794ed44af8cf71420f7e106f3072c40125114df5157749?s=96&d=mm&r=g\",\"caption\":\"Cecilia Pastrana\"},\"sameAs\":[\"cecy\"],\"url\":\"https:\/\/nahuelproducciones.com.ar\/radioquijano\/author\/cecy\/\"}]}<\/script>\n<!-- \/ Yoast SEO plugin. -->","yoast_head_json":{"title":"La familia de Natalia Cruz marc\u00f3 la Apertura de Sesiones 2026 en Campo Quijano. - RQ 99.9","description":"En un acto donde suelen predominar balances y anuncios de gesti\u00f3n, el dolor tom\u00f3 la palabra y el reclamo de justicia volvi\u00f3 a resonar con fuerza en la comunidad.","robots":{"index":"index","follow":"follow","max-snippet":"max-snippet:-1","max-image-preview":"max-image-preview:large","max-video-preview":"max-video-preview:-1"},"canonical":"https:\/\/nahuelproducciones.com.ar\/radioquijano\/la-familia-de-natalia-cruz-marco-la-apertura-de-sesiones-2026-en-campo-quijano\/","og_locale":"es_ES","og_type":"article","og_title":"La familia de Natalia Cruz marc\u00f3 la Apertura de Sesiones 2026 en Campo Quijano. - RQ 99.9","og_description":"En un acto donde suelen predominar balances y anuncios de gesti\u00f3n, el dolor tom\u00f3 la palabra y el reclamo de justicia volvi\u00f3 a resonar con fuerza en la comunidad.","og_url":"https:\/\/nahuelproducciones.com.ar\/radioquijano\/la-familia-de-natalia-cruz-marco-la-apertura-de-sesiones-2026-en-campo-quijano\/","og_site_name":"RQ 99.9","article_publisher":"https:\/\/www.facebook.com\/nahuelproducciones999\/","article_published_time":"2026-03-02T04:11:37+00:00","article_modified_time":"2026-03-03T00:52:42+00:00","og_image":[{"width":700,"height":377,"url":"https:\/\/nahuelproducciones.com.ar\/radioquijano\/wp-content\/uploads\/2026\/03\/WhatsApp-Image-2026-03-02-at-12.40.08-AM-e1772424682301.jpeg","type":"image\/jpeg"}],"author":"Cecilia Pastrana","twitter_card":"summary_large_image","twitter_creator":"@nahuproduciones","twitter_site":"@nahuproduciones","twitter_misc":{"Escrito por":"Cecilia Pastrana","Tiempo de lectura":"5 minutos"},"schema":{"@context":"https:\/\/schema.org","@graph":[{"@type":"WebPage","@id":"https:\/\/nahuelproducciones.com.ar\/radioquijano\/la-familia-de-natalia-cruz-marco-la-apertura-de-sesiones-2026-en-campo-quijano\/","url":"https:\/\/nahuelproducciones.com.ar\/radioquijano\/la-familia-de-natalia-cruz-marco-la-apertura-de-sesiones-2026-en-campo-quijano\/","name":"La familia de Natalia Cruz marc\u00f3 la Apertura de Sesiones 2026 en Campo Quijano. - RQ 99.9","isPartOf":{"@id":"https:\/\/nahuelproducciones.com.ar\/radioquijano\/#website"},"datePublished":"2026-03-02T04:11:37+00:00","dateModified":"2026-03-03T00:52:42+00:00","author":{"@id":"https:\/\/nahuelproducciones.com.ar\/radioquijano\/#\/schema\/person\/e8a4f939e2cb487fe6d0c54042c9d32c"},"description":"En un acto donde suelen predominar balances y anuncios de gesti\u00f3n, el dolor tom\u00f3 la palabra y el reclamo de justicia volvi\u00f3 a resonar con fuerza en la comunidad.","breadcrumb":{"@id":"https:\/\/nahuelproducciones.com.ar\/radioquijano\/la-familia-de-natalia-cruz-marco-la-apertura-de-sesiones-2026-en-campo-quijano\/#breadcrumb"},"inLanguage":"es","potentialAction":[{"@type":"ReadAction","target":["https:\/\/nahuelproducciones.com.ar\/radioquijano\/la-familia-de-natalia-cruz-marco-la-apertura-de-sesiones-2026-en-campo-quijano\/"]}]},{"@type":"BreadcrumbList","@id":"https:\/\/nahuelproducciones.com.ar\/radioquijano\/la-familia-de-natalia-cruz-marco-la-apertura-de-sesiones-2026-en-campo-quijano\/#breadcrumb","itemListElement":[{"@type":"ListItem","position":1,"name":"Portada","item":"https:\/\/nahuelproducciones.com.ar\/radioquijano\/"},{"@type":"ListItem","position":2,"name":"La familia de Natalia Cruz marc\u00f3 la Apertura de Sesiones 2026 en Campo Quijano."}]},{"@type":"WebSite","@id":"https:\/\/nahuelproducciones.com.ar\/radioquijano\/#website","url":"https:\/\/nahuelproducciones.com.ar\/radioquijano\/","name":"RQ 99.9","description":"Radio Quijano 99.9 MHz","potentialAction":[{"@type":"SearchAction","target":{"@type":"EntryPoint","urlTemplate":"https:\/\/nahuelproducciones.com.ar\/radioquijano\/?s={search_term_string}"},"query-input":"required name=search_term_string"}],"inLanguage":"es"},{"@type":"Person","@id":"https:\/\/nahuelproducciones.com.ar\/radioquijano\/#\/schema\/person\/e8a4f939e2cb487fe6d0c54042c9d32c","name":"Cecilia Pastrana","image":{"@type":"ImageObject","inLanguage":"es","@id":"https:\/\/nahuelproducciones.com.ar\/radioquijano\/#\/schema\/person\/image\/","url":"https:\/\/secure.gravatar.com\/avatar\/661a3ef63a8488d4f2794ed44af8cf71420f7e106f3072c40125114df5157749?s=96&d=mm&r=g","contentUrl":"https:\/\/secure.gravatar.com\/avatar\/661a3ef63a8488d4f2794ed44af8cf71420f7e106f3072c40125114df5157749?s=96&d=mm&r=g","caption":"Cecilia Pastrana"},"sameAs":["cecy"],"url":"https:\/\/nahuelproducciones.com.ar\/radioquijano\/author\/cecy\/"}]}},"_links":{"self":[{"href":"https:\/\/nahuelproducciones.com.ar\/radioquijano\/wp-json\/wp\/v2\/posts\/12047","targetHints":{"allow":["GET"]}}],"collection":[{"href":"https:\/\/nahuelproducciones.com.ar\/radioquijano\/wp-json\/wp\/v2\/posts"}],"about":[{"href":"https:\/\/nahuelproducciones.com.ar\/radioquijano\/wp-json\/wp\/v2\/types\/post"}],"author":[{"embeddable":true,"href":"https:\/\/nahuelproducciones.com.ar\/radioquijano\/wp-json\/wp\/v2\/users\/8"}],"replies":[{"embeddable":true,"href":"https:\/\/nahuelproducciones.com.ar\/radioquijano\/wp-json\/wp\/v2\/comments?post=12047"}],"version-history":[{"count":2,"href":"https:\/\/nahuelproducciones.com.ar\/radioquijano\/wp-json\/wp\/v2\/posts\/12047\/revisions"}],"predecessor-version":[{"id":12061,"href":"https:\/\/nahuelproducciones.com.ar\/radioquijano\/wp-json\/wp\/v2\/posts\/12047\/revisions\/12061"}],"wp:featuredmedia":[{"embeddable":true,"href":"https:\/\/nahuelproducciones.com.ar\/radioquijano\/wp-json\/wp\/v2\/media\/12050"}],"wp:attachment":[{"href":"https:\/\/nahuelproducciones.com.ar\/radioquijano\/wp-json\/wp\/v2\/media?parent=12047"}],"wp:term":[{"taxonomy":"category","embeddable":true,"href":"https:\/\/nahuelproducciones.com.ar\/radioquijano\/wp-json\/wp\/v2\/categories?post=12047"},{"taxonomy":"post_tag","embeddable":true,"href":"https:\/\/nahuelproducciones.com.ar\/radioquijano\/wp-json\/wp\/v2\/tags?post=12047"}],"curies":[{"name":"wp","href":"https:\/\/api.w.org\/{rel}","templated":true}]}}