{"id":12057,"date":"2026-03-02T10:51:53","date_gmt":"2026-03-02T13:51:53","guid":{"rendered":"https:\/\/nahuelproducciones.com.ar\/radioquijano\/?p=12057"},"modified":"2026-03-02T10:51:53","modified_gmt":"2026-03-02T13:51:53","slug":"historico-el-lunes-comienza-el-primer-juicio-por-jurado-en-la-provincia-de-salta","status":"publish","type":"post","link":"https:\/\/nahuelproducciones.com.ar\/radioquijano\/historico-el-lunes-comienza-el-primer-juicio-por-jurado-en-la-provincia-de-salta\/","title":{"rendered":"Hist\u00f3rico: El lunes comienza el primer juicio por jurado en la Provincia de Salta."},"content":{"rendered":"\n<p>Este lunes, la provincia de Salta dar\u00e1 un paso trascendental en la modernizaci\u00f3n de su sistema de justicia con la apertura del primer juicio por jurados. El proceso estar\u00e1 bajo la direcci\u00f3n del juez t\u00e9cnico Guillermo Pereyra y representa la implementaci\u00f3n efectiva de la participaci\u00f3n ciudadana en la administraci\u00f3n de justicia penal.<\/p>\n\n\n\n<h3 class=\"wp-block-heading\">La selecci\u00f3n de los jurados: Garant\u00eda de imparcialidad<\/h3>\n\n\n\n<p>La jornada inaugural comenzar\u00e1 con la audiencia de selecci\u00f3n, donde se definir\u00e1 a los doce miembros titulares y cuatro suplentes que integrar\u00e1n el tribunal popular.<\/p>\n\n\n\n<p>\u2022&nbsp;<strong>Composici\u00f3n<\/strong>: El grupo final surgir\u00e1 de una lista de 70 potenciales jurados (35 varones y 35 mujeres) preseleccionados por sorteo.<\/p>\n\n\n\n<p>\u2022&nbsp;<strong>Privacidad<\/strong>: En cumplimiento estricto de la normativa vigente y los est\u00e1ndares internacionales, esta etapa ser\u00e1 totalmente cerrada al p\u00fablico y a la prensa para proteger la identidad y la integridad de los ciudadanos participantes.<\/p>\n\n\n\n<p>\u2022&nbsp;<strong>Procedimiento<\/strong>: Representantes de la Fiscal\u00eda y la Defensa realizar\u00e1n las entrevistas y recusaciones pertinentes hasta conformar el cuerpo definitivo. Los ciudadanos seleccionados permanecer\u00e1n aislados durante el desarrollo del proceso.<\/p>\n\n\n\n<p>Una vez finalizada esta audiencia de selecci\u00f3n comenzar\u00e1 el juicio.&nbsp;<\/p>\n\n\n\n<p>La audiencia ser\u00e1 transmitida en su fase inicial por el canal en Youtube del Poder Judicial de Salta.<\/p>\n\n\n\n<p>Fuente: Prensa del Poder Judicial de Salta.<\/p>\n","protected":false},"excerpt":{"rendered":"<p>Este lunes, la provincia de Salta dar\u00e1 un paso trascendental en la modernizaci\u00f3n de su sistema de justicia con la apertura del primer juicio por jurados. El proceso estar\u00e1 bajo la direcci\u00f3n del juez t\u00e9cnico Guillermo Pereyra y representa la implementaci\u00f3n efectiva de la participaci\u00f3n ciudadana en la administraci\u00f3n de justicia penal. La selecci\u00f3n de [&hellip;]<\/p>\n","protected":false},"author":8,"featured_media":12058,"comment_status":"open","ping_status":"open","sticky":false,"template":"","format":"standard","meta":{"_monsterinsights_skip_tracking":false,"_monsterinsights_sitenote_active":false,"_monsterinsights_sitenote_note":"","_monsterinsights_sitenote_category":0,"footnotes":""},"categories":[16],"tags":[100,2080,2079],"class_list":["post-12057","post","type-post","status-publish","format-standard","has-post-thumbnail","hentry","category-noticias","tag-municipio-de-campo-quijano","tag-poder-judicial-de-salta","tag-primer-juicio-por-jurado-en-la-provincia-de-salta"],"yoast_head":"<!-- This site is optimized with the Yoast SEO plugin v20.8 - https:\/\/yoast.com\/wordpress\/plugins\/seo\/ -->\n<title>Hist\u00f3rico: El lunes comienza el primer juicio por jurado en la Provincia de Salta. - RQ 99.9<\/title>\n<meta name=\"description\" content=\"La audiencia ser\u00e1 transmitida en su fase inicial por el canal en Youtube del Poder Judicial de Salta.\" \/>\n<meta name=\"robots\" content=\"index, follow, max-snippet:-1, max-image-preview:large, max-video-preview:-1\" \/>\n<link rel=\"canonical\" href=\"https:\/\/nahuelproducciones.com.ar\/radioquijano\/historico-el-lunes-comienza-el-primer-juicio-por-jurado-en-la-provincia-de-salta\/\" \/>\n<meta property=\"og:locale\" content=\"es_ES\" \/>\n<meta property=\"og:type\" content=\"article\" \/>\n<meta property=\"og:title\" content=\"Hist\u00f3rico: El lunes comienza el primer juicio por jurado en la Provincia de Salta. - RQ 99.9\" \/>\n<meta property=\"og:description\" content=\"La audiencia ser\u00e1 transmitida en su fase inicial por el canal en Youtube del Poder Judicial de Salta.\" \/>\n<meta property=\"og:url\" content=\"https:\/\/nahuelproducciones.com.ar\/radioquijano\/historico-el-lunes-comienza-el-primer-juicio-por-jurado-en-la-provincia-de-salta\/\" \/>\n<meta property=\"og:site_name\" content=\"RQ 99.9\" \/>\n<meta property=\"article:publisher\" content=\"https:\/\/www.facebook.com\/nahuelproducciones999\/\" \/>\n<meta property=\"article:published_time\" content=\"2026-03-02T13:51:53+00:00\" \/>\n<meta property=\"og:image\" content=\"https:\/\/nahuelproducciones.com.ar\/radioquijano\/wp-content\/uploads\/2026\/03\/2702026_juicioxjurado-e1772459425399.jpg\" \/>\n\t<meta property=\"og:image:width\" content=\"700\" \/>\n\t<meta property=\"og:image:height\" content=\"539\" \/>\n\t<meta property=\"og:image:type\" content=\"image\/jpeg\" \/>\n<meta name=\"author\" content=\"Cecilia Pastrana\" \/>\n<meta name=\"twitter:card\" content=\"summary_large_image\" \/>\n<meta name=\"twitter:creator\" content=\"@nahuproduciones\" \/>\n<meta name=\"twitter:site\" content=\"@nahuproduciones\" \/>\n<meta name=\"twitter:label1\" content=\"Escrito por\" \/>\n\t<meta name=\"twitter:data1\" content=\"Cecilia Pastrana\" \/>\n\t<meta name=\"twitter:label2\" content=\"Tiempo de lectura\" \/>\n\t<meta name=\"twitter:data2\" content=\"1 minuto\" \/>\n<script type=\"application\/ld+json\" class=\"yoast-schema-graph\">{\"@context\":\"https:\/\/schema.org\",\"@graph\":[{\"@type\":\"WebPage\",\"@id\":\"https:\/\/nahuelproducciones.com.ar\/radioquijano\/historico-el-lunes-comienza-el-primer-juicio-por-jurado-en-la-provincia-de-salta\/\",\"url\":\"https:\/\/nahuelproducciones.com.ar\/radioquijano\/historico-el-lunes-comienza-el-primer-juicio-por-jurado-en-la-provincia-de-salta\/\",\"name\":\"Hist\u00f3rico: El lunes comienza el primer juicio por jurado en la Provincia de Salta. - RQ 99.9\",\"isPartOf\":{\"@id\":\"https:\/\/nahuelproducciones.com.ar\/radioquijano\/#website\"},\"datePublished\":\"2026-03-02T13:51:53+00:00\",\"dateModified\":\"2026-03-02T13:51:53+00:00\",\"author\":{\"@id\":\"https:\/\/nahuelproducciones.com.ar\/radioquijano\/#\/schema\/person\/e8a4f939e2cb487fe6d0c54042c9d32c\"},\"description\":\"La audiencia ser\u00e1 transmitida en su fase inicial por el canal en Youtube del Poder Judicial de Salta.\",\"breadcrumb\":{\"@id\":\"https:\/\/nahuelproducciones.com.ar\/radioquijano\/historico-el-lunes-comienza-el-primer-juicio-por-jurado-en-la-provincia-de-salta\/#breadcrumb\"},\"inLanguage\":\"es\",\"potentialAction\":[{\"@type\":\"ReadAction\",\"target\":[\"https:\/\/nahuelproducciones.com.ar\/radioquijano\/historico-el-lunes-comienza-el-primer-juicio-por-jurado-en-la-provincia-de-salta\/\"]}]},{\"@type\":\"BreadcrumbList\",\"@id\":\"https:\/\/nahuelproducciones.com.ar\/radioquijano\/historico-el-lunes-comienza-el-primer-juicio-por-jurado-en-la-provincia-de-salta\/#breadcrumb\",\"itemListElement\":[{\"@type\":\"ListItem\",\"position\":1,\"name\":\"Portada\",\"item\":\"https:\/\/nahuelproducciones.com.ar\/radioquijano\/\"},{\"@type\":\"ListItem\",\"position\":2,\"name\":\"Hist\u00f3rico: El lunes comienza el primer juicio por jurado en la Provincia de Salta.\"}]},{\"@type\":\"WebSite\",\"@id\":\"https:\/\/nahuelproducciones.com.ar\/radioquijano\/#website\",\"url\":\"https:\/\/nahuelproducciones.com.ar\/radioquijano\/\",\"name\":\"RQ 99.9\",\"description\":\"Radio Quijano 99.9 MHz\",\"potentialAction\":[{\"@type\":\"SearchAction\",\"target\":{\"@type\":\"EntryPoint\",\"urlTemplate\":\"https:\/\/nahuelproducciones.com.ar\/radioquijano\/?s={search_term_string}\"},\"query-input\":\"required name=search_term_string\"}],\"inLanguage\":\"es\"},{\"@type\":\"Person\",\"@id\":\"https:\/\/nahuelproducciones.com.ar\/radioquijano\/#\/schema\/person\/e8a4f939e2cb487fe6d0c54042c9d32c\",\"name\":\"Cecilia Pastrana\",\"image\":{\"@type\":\"ImageObject\",\"inLanguage\":\"es\",\"@id\":\"https:\/\/nahuelproducciones.com.ar\/radioquijano\/#\/schema\/person\/image\/\",\"url\":\"https:\/\/secure.gravatar.com\/avatar\/661a3ef63a8488d4f2794ed44af8cf71420f7e106f3072c40125114df5157749?s=96&d=mm&r=g\",\"contentUrl\":\"https:\/\/secure.gravatar.com\/avatar\/661a3ef63a8488d4f2794ed44af8cf71420f7e106f3072c40125114df5157749?s=96&d=mm&r=g\",\"caption\":\"Cecilia Pastrana\"},\"sameAs\":[\"cecy\"],\"url\":\"https:\/\/nahuelproducciones.com.ar\/radioquijano\/author\/cecy\/\"}]}<\/script>\n<!-- \/ Yoast SEO plugin. -->","yoast_head_json":{"title":"Hist\u00f3rico: El lunes comienza el primer juicio por jurado en la Provincia de Salta. - RQ 99.9","description":"La audiencia ser\u00e1 transmitida en su fase inicial por el canal en Youtube del Poder Judicial de Salta.","robots":{"index":"index","follow":"follow","max-snippet":"max-snippet:-1","max-image-preview":"max-image-preview:large","max-video-preview":"max-video-preview:-1"},"canonical":"https:\/\/nahuelproducciones.com.ar\/radioquijano\/historico-el-lunes-comienza-el-primer-juicio-por-jurado-en-la-provincia-de-salta\/","og_locale":"es_ES","og_type":"article","og_title":"Hist\u00f3rico: El lunes comienza el primer juicio por jurado en la Provincia de Salta. - RQ 99.9","og_description":"La audiencia ser\u00e1 transmitida en su fase inicial por el canal en Youtube del Poder Judicial de Salta.","og_url":"https:\/\/nahuelproducciones.com.ar\/radioquijano\/historico-el-lunes-comienza-el-primer-juicio-por-jurado-en-la-provincia-de-salta\/","og_site_name":"RQ 99.9","article_publisher":"https:\/\/www.facebook.com\/nahuelproducciones999\/","article_published_time":"2026-03-02T13:51:53+00:00","og_image":[{"width":700,"height":539,"url":"https:\/\/nahuelproducciones.com.ar\/radioquijano\/wp-content\/uploads\/2026\/03\/2702026_juicioxjurado-e1772459425399.jpg","type":"image\/jpeg"}],"author":"Cecilia Pastrana","twitter_card":"summary_large_image","twitter_creator":"@nahuproduciones","twitter_site":"@nahuproduciones","twitter_misc":{"Escrito por":"Cecilia Pastrana","Tiempo de lectura":"1 minuto"},"schema":{"@context":"https:\/\/schema.org","@graph":[{"@type":"WebPage","@id":"https:\/\/nahuelproducciones.com.ar\/radioquijano\/historico-el-lunes-comienza-el-primer-juicio-por-jurado-en-la-provincia-de-salta\/","url":"https:\/\/nahuelproducciones.com.ar\/radioquijano\/historico-el-lunes-comienza-el-primer-juicio-por-jurado-en-la-provincia-de-salta\/","name":"Hist\u00f3rico: El lunes comienza el primer juicio por jurado en la Provincia de Salta. - RQ 99.9","isPartOf":{"@id":"https:\/\/nahuelproducciones.com.ar\/radioquijano\/#website"},"datePublished":"2026-03-02T13:51:53+00:00","dateModified":"2026-03-02T13:51:53+00:00","author":{"@id":"https:\/\/nahuelproducciones.com.ar\/radioquijano\/#\/schema\/person\/e8a4f939e2cb487fe6d0c54042c9d32c"},"description":"La audiencia ser\u00e1 transmitida en su fase inicial por el canal en Youtube del Poder Judicial de Salta.","breadcrumb":{"@id":"https:\/\/nahuelproducciones.com.ar\/radioquijano\/historico-el-lunes-comienza-el-primer-juicio-por-jurado-en-la-provincia-de-salta\/#breadcrumb"},"inLanguage":"es","potentialAction":[{"@type":"ReadAction","target":["https:\/\/nahuelproducciones.com.ar\/radioquijano\/historico-el-lunes-comienza-el-primer-juicio-por-jurado-en-la-provincia-de-salta\/"]}]},{"@type":"BreadcrumbList","@id":"https:\/\/nahuelproducciones.com.ar\/radioquijano\/historico-el-lunes-comienza-el-primer-juicio-por-jurado-en-la-provincia-de-salta\/#breadcrumb","itemListElement":[{"@type":"ListItem","position":1,"name":"Portada","item":"https:\/\/nahuelproducciones.com.ar\/radioquijano\/"},{"@type":"ListItem","position":2,"name":"Hist\u00f3rico: El lunes comienza el primer juicio por jurado en la Provincia de Salta."}]},{"@type":"WebSite","@id":"https:\/\/nahuelproducciones.com.ar\/radioquijano\/#website","url":"https:\/\/nahuelproducciones.com.ar\/radioquijano\/","name":"RQ 99.9","description":"Radio Quijano 99.9 MHz","potentialAction":[{"@type":"SearchAction","target":{"@type":"EntryPoint","urlTemplate":"https:\/\/nahuelproducciones.com.ar\/radioquijano\/?s={search_term_string}"},"query-input":"required name=search_term_string"}],"inLanguage":"es"},{"@type":"Person","@id":"https:\/\/nahuelproducciones.com.ar\/radioquijano\/#\/schema\/person\/e8a4f939e2cb487fe6d0c54042c9d32c","name":"Cecilia Pastrana","image":{"@type":"ImageObject","inLanguage":"es","@id":"https:\/\/nahuelproducciones.com.ar\/radioquijano\/#\/schema\/person\/image\/","url":"https:\/\/secure.gravatar.com\/avatar\/661a3ef63a8488d4f2794ed44af8cf71420f7e106f3072c40125114df5157749?s=96&d=mm&r=g","contentUrl":"https:\/\/secure.gravatar.com\/avatar\/661a3ef63a8488d4f2794ed44af8cf71420f7e106f3072c40125114df5157749?s=96&d=mm&r=g","caption":"Cecilia Pastrana"},"sameAs":["cecy"],"url":"https:\/\/nahuelproducciones.com.ar\/radioquijano\/author\/cecy\/"}]}},"_links":{"self":[{"href":"https:\/\/nahuelproducciones.com.ar\/radioquijano\/wp-json\/wp\/v2\/posts\/12057","targetHints":{"allow":["GET"]}}],"collection":[{"href":"https:\/\/nahuelproducciones.com.ar\/radioquijano\/wp-json\/wp\/v2\/posts"}],"about":[{"href":"https:\/\/nahuelproducciones.com.ar\/radioquijano\/wp-json\/wp\/v2\/types\/post"}],"author":[{"embeddable":true,"href":"https:\/\/nahuelproducciones.com.ar\/radioquijano\/wp-json\/wp\/v2\/users\/8"}],"replies":[{"embeddable":true,"href":"https:\/\/nahuelproducciones.com.ar\/radioquijano\/wp-json\/wp\/v2\/comments?post=12057"}],"version-history":[{"count":1,"href":"https:\/\/nahuelproducciones.com.ar\/radioquijano\/wp-json\/wp\/v2\/posts\/12057\/revisions"}],"predecessor-version":[{"id":12059,"href":"https:\/\/nahuelproducciones.com.ar\/radioquijano\/wp-json\/wp\/v2\/posts\/12057\/revisions\/12059"}],"wp:featuredmedia":[{"embeddable":true,"href":"https:\/\/nahuelproducciones.com.ar\/radioquijano\/wp-json\/wp\/v2\/media\/12058"}],"wp:attachment":[{"href":"https:\/\/nahuelproducciones.com.ar\/radioquijano\/wp-json\/wp\/v2\/media?parent=12057"}],"wp:term":[{"taxonomy":"category","embeddable":true,"href":"https:\/\/nahuelproducciones.com.ar\/radioquijano\/wp-json\/wp\/v2\/categories?post=12057"},{"taxonomy":"post_tag","embeddable":true,"href":"https:\/\/nahuelproducciones.com.ar\/radioquijano\/wp-json\/wp\/v2\/tags?post=12057"}],"curies":[{"name":"wp","href":"https:\/\/api.w.org\/{rel}","templated":true}]}}