{"id":12064,"date":"2026-03-04T23:31:29","date_gmt":"2026-03-05T02:31:29","guid":{"rendered":"https:\/\/nahuelproducciones.com.ar\/radioquijano\/?p=12064"},"modified":"2026-03-04T23:31:30","modified_gmt":"2026-03-05T02:31:30","slug":"el-procurador-general-solicito-un-informe-integral-en-el-marco-de-la-investigacion-por-el-femicidio-de-natalia-cruz","status":"publish","type":"post","link":"https:\/\/nahuelproducciones.com.ar\/radioquijano\/el-procurador-general-solicito-un-informe-integral-en-el-marco-de-la-investigacion-por-el-femicidio-de-natalia-cruz\/","title":{"rendered":"El Procurador General solicit\u00f3 un informe integral en el marco de la investigaci\u00f3n por el Femicidio de Natalia Cruz"},"content":{"rendered":"\n<p>El&nbsp;<strong>procurador general de la Provincia de Salta,&nbsp;Pedro Garc\u00eda&nbsp;Castiella<\/strong>, requiri\u00f3 formalmente a la<strong>&nbsp;fiscal de la Unidad de Femicidios (UFEM),&nbsp;Mar\u00eda Luj\u00e1n Sodero Calvet<\/strong>, la remisi\u00f3n de un informe circunstanciado vinculado a la investigaci\u00f3n por el femicidio de&nbsp;Natalia&nbsp;Marilin&nbsp;Cruz, causa en la que se encuentra imputado&nbsp;Daniel Orlando Serapio.<\/p>\n\n\n\n<p>La solicitud tiene por finalidad contar con un an\u00e1lisis integral del contexto institucional en el que se desarrollaron los hechos investigados, as\u00ed como de las intervenciones efectuadas por los distintos organismos del Estado con competencia en la materia.<\/p>\n\n\n\n<p>El requerimiento se enmarca en una instancia de evaluaci\u00f3n orientada a reconstruir de manera objetiva y articulada el funcionamiento de los mecanismos de actuaci\u00f3n frente a situaciones de violencia de g\u00e9nero de extrema gravedad. En particular, se busca relevar la secuencia de intervenciones desplegadas por el Ministerio P\u00fablico Fiscal, las fuerzas de seguridad, los organismos de asistencia y los \u00f3rganos judiciales intervinientes, conforme a los protocolos y marcos normativos vigentes.<\/p>\n\n\n\n<p>La medida responde a la necesidad de examinar la adecuaci\u00f3n, oportunidad y coordinaci\u00f3n de la respuesta institucional brindada en el caso, con el prop\u00f3sito de identificar eventuales aspectos susceptibles de mejora en los circuitos de actuaci\u00f3n y en la articulaci\u00f3n interinstitucional, como tambi\u00e9n la evaluaci\u00f3n y determinaci\u00f3n de eventuales responsabilidades.<\/p>\n\n\n\n<p>En ese sentido, el Procurador General indic\u00f3 que la revisi\u00f3n solicitada se orienta a fortalecer el funcionamiento del sistema y a consolidar los est\u00e1ndares de intervenci\u00f3n ante hechos de violencia extrema, asegurando una respuesta estatal integral, eficaz y ajustada a derecho, en l\u00ednea con los procesos que se vienen desarrollando de manera permanente, tales como la implementaci\u00f3n del sistema \u00fanico de denuncias, el sistema de consigna policial y otros mecanismos de protecci\u00f3n y seguimiento.<\/p>\n\n\n\n<p>Asimismo, record\u00f3 que la Provincia cuenta con herramientas espec\u00edficas para la prevenci\u00f3n y abordaje de la violencia de g\u00e9nero, entre ellas el sistema \u00fanico y centralizado de denuncias, que garantiza la inmediata intervenci\u00f3n de la fiscal\u00eda y del juzgado especializado, y la implementaci\u00f3n de tecnolog\u00edas de geolocalizaci\u00f3n destinadas a optimizar la actuaci\u00f3n policial.<\/p>\n\n\n\n<p>Desde el&nbsp;<strong>Ministerio P\u00fablico Fiscal<\/strong>&nbsp;se inform\u00f3 que el an\u00e1lisis requerido forma parte de un proceso institucional de revisi\u00f3n continua, orientado a reforzar los mecanismos de protecci\u00f3n de las v\u00edctimas y a consolidar criterios de actuaci\u00f3n coordinados frente a situaciones de especial vulnerabilidad.<\/p>\n\n\n\n<p>Ministerio Publico Fiscal de Salta<\/p>\n","protected":false},"excerpt":{"rendered":"<p>El&nbsp;procurador general de la Provincia de Salta,&nbsp;Pedro Garc\u00eda&nbsp;Castiella, requiri\u00f3 formalmente a la&nbsp;fiscal de la Unidad de Femicidios (UFEM),&nbsp;Mar\u00eda Luj\u00e1n Sodero Calvet, la remisi\u00f3n de un informe circunstanciado vinculado a la investigaci\u00f3n por el femicidio de&nbsp;Natalia&nbsp;Marilin&nbsp;Cruz, causa en la que se encuentra imputado&nbsp;Daniel Orlando Serapio. La solicitud tiene por finalidad contar con un an\u00e1lisis integral del [&hellip;]<\/p>\n","protected":false},"author":8,"featured_media":12035,"comment_status":"open","ping_status":"open","sticky":false,"template":"","format":"standard","meta":{"_monsterinsights_skip_tracking":false,"_monsterinsights_sitenote_active":false,"_monsterinsights_sitenote_note":"","_monsterinsights_sitenote_category":0,"footnotes":""},"categories":[16],"tags":[100,2075,2074],"class_list":["post-12064","post","type-post","status-publish","format-standard","has-post-thumbnail","hentry","category-noticias","tag-municipio-de-campo-quijano","tag-natalia-marilin-cruz","tag-serapio"],"yoast_head":"<!-- This site is optimized with the Yoast SEO plugin v20.8 - https:\/\/yoast.com\/wordpress\/plugins\/seo\/ -->\n<title>El Procurador General solicit\u00f3 un informe integral en el marco de la investigaci\u00f3n por el Femicidio de Natalia Cruz - RQ 99.9<\/title>\n<meta name=\"description\" content=\"La medida responde a la necesidad de examinar la adecuaci\u00f3n, oportunidad y coordinaci\u00f3n de la respuesta institucional brindada en el caso, con el prop\u00f3sito de identificar eventuales aspectos susceptibles de mejora en los circuitos de actuaci\u00f3n y en la articulaci\u00f3n interinstitucional, como tambi\u00e9n la evaluaci\u00f3n y determinaci\u00f3n de eventuales responsabilidades.\" \/>\n<meta name=\"robots\" content=\"index, follow, max-snippet:-1, max-image-preview:large, max-video-preview:-1\" \/>\n<link rel=\"canonical\" href=\"https:\/\/nahuelproducciones.com.ar\/radioquijano\/el-procurador-general-solicito-un-informe-integral-en-el-marco-de-la-investigacion-por-el-femicidio-de-natalia-cruz\/\" \/>\n<meta property=\"og:locale\" content=\"es_ES\" \/>\n<meta property=\"og:type\" content=\"article\" \/>\n<meta property=\"og:title\" content=\"El Procurador General solicit\u00f3 un informe integral en el marco de la investigaci\u00f3n por el Femicidio de Natalia Cruz - RQ 99.9\" \/>\n<meta property=\"og:description\" content=\"La medida responde a la necesidad de examinar la adecuaci\u00f3n, oportunidad y coordinaci\u00f3n de la respuesta institucional brindada en el caso, con el prop\u00f3sito de identificar eventuales aspectos susceptibles de mejora en los circuitos de actuaci\u00f3n y en la articulaci\u00f3n interinstitucional, como tambi\u00e9n la evaluaci\u00f3n y determinaci\u00f3n de eventuales responsabilidades.\" \/>\n<meta property=\"og:url\" content=\"https:\/\/nahuelproducciones.com.ar\/radioquijano\/el-procurador-general-solicito-un-informe-integral-en-el-marco-de-la-investigacion-por-el-femicidio-de-natalia-cruz\/\" \/>\n<meta property=\"og:site_name\" content=\"RQ 99.9\" \/>\n<meta property=\"article:publisher\" content=\"https:\/\/www.facebook.com\/nahuelproducciones999\/\" \/>\n<meta property=\"article:published_time\" content=\"2026-03-05T02:31:29+00:00\" \/>\n<meta property=\"article:modified_time\" content=\"2026-03-05T02:31:30+00:00\" \/>\n<meta property=\"og:image\" content=\"https:\/\/nahuelproducciones.com.ar\/radioquijano\/wp-content\/uploads\/2026\/03\/ufem.detencion.serapio-e1772677819727.jpg\" \/>\n\t<meta property=\"og:image:width\" content=\"700\" \/>\n\t<meta property=\"og:image:height\" content=\"371\" \/>\n\t<meta property=\"og:image:type\" content=\"image\/jpeg\" \/>\n<meta name=\"author\" content=\"Cecilia Pastrana\" \/>\n<meta name=\"twitter:card\" content=\"summary_large_image\" \/>\n<meta name=\"twitter:creator\" content=\"@nahuproduciones\" \/>\n<meta name=\"twitter:site\" content=\"@nahuproduciones\" \/>\n<meta name=\"twitter:label1\" content=\"Escrito por\" \/>\n\t<meta name=\"twitter:data1\" content=\"Cecilia Pastrana\" \/>\n\t<meta name=\"twitter:label2\" content=\"Tiempo de lectura\" \/>\n\t<meta name=\"twitter:data2\" content=\"2 minutos\" \/>\n<script type=\"application\/ld+json\" class=\"yoast-schema-graph\">{\"@context\":\"https:\/\/schema.org\",\"@graph\":[{\"@type\":\"WebPage\",\"@id\":\"https:\/\/nahuelproducciones.com.ar\/radioquijano\/el-procurador-general-solicito-un-informe-integral-en-el-marco-de-la-investigacion-por-el-femicidio-de-natalia-cruz\/\",\"url\":\"https:\/\/nahuelproducciones.com.ar\/radioquijano\/el-procurador-general-solicito-un-informe-integral-en-el-marco-de-la-investigacion-por-el-femicidio-de-natalia-cruz\/\",\"name\":\"El Procurador General solicit\u00f3 un informe integral en el marco de la investigaci\u00f3n por el Femicidio de Natalia Cruz - RQ 99.9\",\"isPartOf\":{\"@id\":\"https:\/\/nahuelproducciones.com.ar\/radioquijano\/#website\"},\"datePublished\":\"2026-03-05T02:31:29+00:00\",\"dateModified\":\"2026-03-05T02:31:30+00:00\",\"author\":{\"@id\":\"https:\/\/nahuelproducciones.com.ar\/radioquijano\/#\/schema\/person\/e8a4f939e2cb487fe6d0c54042c9d32c\"},\"description\":\"La medida responde a la necesidad de examinar la adecuaci\u00f3n, oportunidad y coordinaci\u00f3n de la respuesta institucional brindada en el caso, con el prop\u00f3sito de identificar eventuales aspectos susceptibles de mejora en los circuitos de actuaci\u00f3n y en la articulaci\u00f3n interinstitucional, como tambi\u00e9n la evaluaci\u00f3n y determinaci\u00f3n de eventuales responsabilidades.\",\"breadcrumb\":{\"@id\":\"https:\/\/nahuelproducciones.com.ar\/radioquijano\/el-procurador-general-solicito-un-informe-integral-en-el-marco-de-la-investigacion-por-el-femicidio-de-natalia-cruz\/#breadcrumb\"},\"inLanguage\":\"es\",\"potentialAction\":[{\"@type\":\"ReadAction\",\"target\":[\"https:\/\/nahuelproducciones.com.ar\/radioquijano\/el-procurador-general-solicito-un-informe-integral-en-el-marco-de-la-investigacion-por-el-femicidio-de-natalia-cruz\/\"]}]},{\"@type\":\"BreadcrumbList\",\"@id\":\"https:\/\/nahuelproducciones.com.ar\/radioquijano\/el-procurador-general-solicito-un-informe-integral-en-el-marco-de-la-investigacion-por-el-femicidio-de-natalia-cruz\/#breadcrumb\",\"itemListElement\":[{\"@type\":\"ListItem\",\"position\":1,\"name\":\"Portada\",\"item\":\"https:\/\/nahuelproducciones.com.ar\/radioquijano\/\"},{\"@type\":\"ListItem\",\"position\":2,\"name\":\"El Procurador General solicit\u00f3 un informe integral en el marco de la investigaci\u00f3n por el Femicidio de Natalia Cruz\"}]},{\"@type\":\"WebSite\",\"@id\":\"https:\/\/nahuelproducciones.com.ar\/radioquijano\/#website\",\"url\":\"https:\/\/nahuelproducciones.com.ar\/radioquijano\/\",\"name\":\"RQ 99.9\",\"description\":\"Radio Quijano 99.9 MHz\",\"potentialAction\":[{\"@type\":\"SearchAction\",\"target\":{\"@type\":\"EntryPoint\",\"urlTemplate\":\"https:\/\/nahuelproducciones.com.ar\/radioquijano\/?s={search_term_string}\"},\"query-input\":\"required name=search_term_string\"}],\"inLanguage\":\"es\"},{\"@type\":\"Person\",\"@id\":\"https:\/\/nahuelproducciones.com.ar\/radioquijano\/#\/schema\/person\/e8a4f939e2cb487fe6d0c54042c9d32c\",\"name\":\"Cecilia Pastrana\",\"image\":{\"@type\":\"ImageObject\",\"inLanguage\":\"es\",\"@id\":\"https:\/\/nahuelproducciones.com.ar\/radioquijano\/#\/schema\/person\/image\/\",\"url\":\"https:\/\/secure.gravatar.com\/avatar\/661a3ef63a8488d4f2794ed44af8cf71420f7e106f3072c40125114df5157749?s=96&d=mm&r=g\",\"contentUrl\":\"https:\/\/secure.gravatar.com\/avatar\/661a3ef63a8488d4f2794ed44af8cf71420f7e106f3072c40125114df5157749?s=96&d=mm&r=g\",\"caption\":\"Cecilia Pastrana\"},\"sameAs\":[\"cecy\"],\"url\":\"https:\/\/nahuelproducciones.com.ar\/radioquijano\/author\/cecy\/\"}]}<\/script>\n<!-- \/ Yoast SEO plugin. -->","yoast_head_json":{"title":"El Procurador General solicit\u00f3 un informe integral en el marco de la investigaci\u00f3n por el Femicidio de Natalia Cruz - RQ 99.9","description":"La medida responde a la necesidad de examinar la adecuaci\u00f3n, oportunidad y coordinaci\u00f3n de la respuesta institucional brindada en el caso, con el prop\u00f3sito de identificar eventuales aspectos susceptibles de mejora en los circuitos de actuaci\u00f3n y en la articulaci\u00f3n interinstitucional, como tambi\u00e9n la evaluaci\u00f3n y determinaci\u00f3n de eventuales responsabilidades.","robots":{"index":"index","follow":"follow","max-snippet":"max-snippet:-1","max-image-preview":"max-image-preview:large","max-video-preview":"max-video-preview:-1"},"canonical":"https:\/\/nahuelproducciones.com.ar\/radioquijano\/el-procurador-general-solicito-un-informe-integral-en-el-marco-de-la-investigacion-por-el-femicidio-de-natalia-cruz\/","og_locale":"es_ES","og_type":"article","og_title":"El Procurador General solicit\u00f3 un informe integral en el marco de la investigaci\u00f3n por el Femicidio de Natalia Cruz - RQ 99.9","og_description":"La medida responde a la necesidad de examinar la adecuaci\u00f3n, oportunidad y coordinaci\u00f3n de la respuesta institucional brindada en el caso, con el prop\u00f3sito de identificar eventuales aspectos susceptibles de mejora en los circuitos de actuaci\u00f3n y en la articulaci\u00f3n interinstitucional, como tambi\u00e9n la evaluaci\u00f3n y determinaci\u00f3n de eventuales responsabilidades.","og_url":"https:\/\/nahuelproducciones.com.ar\/radioquijano\/el-procurador-general-solicito-un-informe-integral-en-el-marco-de-la-investigacion-por-el-femicidio-de-natalia-cruz\/","og_site_name":"RQ 99.9","article_publisher":"https:\/\/www.facebook.com\/nahuelproducciones999\/","article_published_time":"2026-03-05T02:31:29+00:00","article_modified_time":"2026-03-05T02:31:30+00:00","og_image":[{"width":700,"height":371,"url":"https:\/\/nahuelproducciones.com.ar\/radioquijano\/wp-content\/uploads\/2026\/03\/ufem.detencion.serapio-e1772677819727.jpg","type":"image\/jpeg"}],"author":"Cecilia Pastrana","twitter_card":"summary_large_image","twitter_creator":"@nahuproduciones","twitter_site":"@nahuproduciones","twitter_misc":{"Escrito por":"Cecilia Pastrana","Tiempo de lectura":"2 minutos"},"schema":{"@context":"https:\/\/schema.org","@graph":[{"@type":"WebPage","@id":"https:\/\/nahuelproducciones.com.ar\/radioquijano\/el-procurador-general-solicito-un-informe-integral-en-el-marco-de-la-investigacion-por-el-femicidio-de-natalia-cruz\/","url":"https:\/\/nahuelproducciones.com.ar\/radioquijano\/el-procurador-general-solicito-un-informe-integral-en-el-marco-de-la-investigacion-por-el-femicidio-de-natalia-cruz\/","name":"El Procurador General solicit\u00f3 un informe integral en el marco de la investigaci\u00f3n por el Femicidio de Natalia Cruz - RQ 99.9","isPartOf":{"@id":"https:\/\/nahuelproducciones.com.ar\/radioquijano\/#website"},"datePublished":"2026-03-05T02:31:29+00:00","dateModified":"2026-03-05T02:31:30+00:00","author":{"@id":"https:\/\/nahuelproducciones.com.ar\/radioquijano\/#\/schema\/person\/e8a4f939e2cb487fe6d0c54042c9d32c"},"description":"La medida responde a la necesidad de examinar la adecuaci\u00f3n, oportunidad y coordinaci\u00f3n de la respuesta institucional brindada en el caso, con el prop\u00f3sito de identificar eventuales aspectos susceptibles de mejora en los circuitos de actuaci\u00f3n y en la articulaci\u00f3n interinstitucional, como tambi\u00e9n la evaluaci\u00f3n y determinaci\u00f3n de eventuales responsabilidades.","breadcrumb":{"@id":"https:\/\/nahuelproducciones.com.ar\/radioquijano\/el-procurador-general-solicito-un-informe-integral-en-el-marco-de-la-investigacion-por-el-femicidio-de-natalia-cruz\/#breadcrumb"},"inLanguage":"es","potentialAction":[{"@type":"ReadAction","target":["https:\/\/nahuelproducciones.com.ar\/radioquijano\/el-procurador-general-solicito-un-informe-integral-en-el-marco-de-la-investigacion-por-el-femicidio-de-natalia-cruz\/"]}]},{"@type":"BreadcrumbList","@id":"https:\/\/nahuelproducciones.com.ar\/radioquijano\/el-procurador-general-solicito-un-informe-integral-en-el-marco-de-la-investigacion-por-el-femicidio-de-natalia-cruz\/#breadcrumb","itemListElement":[{"@type":"ListItem","position":1,"name":"Portada","item":"https:\/\/nahuelproducciones.com.ar\/radioquijano\/"},{"@type":"ListItem","position":2,"name":"El Procurador General solicit\u00f3 un informe integral en el marco de la investigaci\u00f3n por el Femicidio de Natalia Cruz"}]},{"@type":"WebSite","@id":"https:\/\/nahuelproducciones.com.ar\/radioquijano\/#website","url":"https:\/\/nahuelproducciones.com.ar\/radioquijano\/","name":"RQ 99.9","description":"Radio Quijano 99.9 MHz","potentialAction":[{"@type":"SearchAction","target":{"@type":"EntryPoint","urlTemplate":"https:\/\/nahuelproducciones.com.ar\/radioquijano\/?s={search_term_string}"},"query-input":"required name=search_term_string"}],"inLanguage":"es"},{"@type":"Person","@id":"https:\/\/nahuelproducciones.com.ar\/radioquijano\/#\/schema\/person\/e8a4f939e2cb487fe6d0c54042c9d32c","name":"Cecilia Pastrana","image":{"@type":"ImageObject","inLanguage":"es","@id":"https:\/\/nahuelproducciones.com.ar\/radioquijano\/#\/schema\/person\/image\/","url":"https:\/\/secure.gravatar.com\/avatar\/661a3ef63a8488d4f2794ed44af8cf71420f7e106f3072c40125114df5157749?s=96&d=mm&r=g","contentUrl":"https:\/\/secure.gravatar.com\/avatar\/661a3ef63a8488d4f2794ed44af8cf71420f7e106f3072c40125114df5157749?s=96&d=mm&r=g","caption":"Cecilia Pastrana"},"sameAs":["cecy"],"url":"https:\/\/nahuelproducciones.com.ar\/radioquijano\/author\/cecy\/"}]}},"_links":{"self":[{"href":"https:\/\/nahuelproducciones.com.ar\/radioquijano\/wp-json\/wp\/v2\/posts\/12064","targetHints":{"allow":["GET"]}}],"collection":[{"href":"https:\/\/nahuelproducciones.com.ar\/radioquijano\/wp-json\/wp\/v2\/posts"}],"about":[{"href":"https:\/\/nahuelproducciones.com.ar\/radioquijano\/wp-json\/wp\/v2\/types\/post"}],"author":[{"embeddable":true,"href":"https:\/\/nahuelproducciones.com.ar\/radioquijano\/wp-json\/wp\/v2\/users\/8"}],"replies":[{"embeddable":true,"href":"https:\/\/nahuelproducciones.com.ar\/radioquijano\/wp-json\/wp\/v2\/comments?post=12064"}],"version-history":[{"count":1,"href":"https:\/\/nahuelproducciones.com.ar\/radioquijano\/wp-json\/wp\/v2\/posts\/12064\/revisions"}],"predecessor-version":[{"id":12065,"href":"https:\/\/nahuelproducciones.com.ar\/radioquijano\/wp-json\/wp\/v2\/posts\/12064\/revisions\/12065"}],"wp:featuredmedia":[{"embeddable":true,"href":"https:\/\/nahuelproducciones.com.ar\/radioquijano\/wp-json\/wp\/v2\/media\/12035"}],"wp:attachment":[{"href":"https:\/\/nahuelproducciones.com.ar\/radioquijano\/wp-json\/wp\/v2\/media?parent=12064"}],"wp:term":[{"taxonomy":"category","embeddable":true,"href":"https:\/\/nahuelproducciones.com.ar\/radioquijano\/wp-json\/wp\/v2\/categories?post=12064"},{"taxonomy":"post_tag","embeddable":true,"href":"https:\/\/nahuelproducciones.com.ar\/radioquijano\/wp-json\/wp\/v2\/tags?post=12064"}],"curies":[{"name":"wp","href":"https:\/\/api.w.org\/{rel}","templated":true}]}}