{"id":12073,"date":"2026-03-17T01:54:11","date_gmt":"2026-03-17T04:54:11","guid":{"rendered":"https:\/\/nahuelproducciones.com.ar\/radioquijano\/?p=12073"},"modified":"2026-03-17T01:56:29","modified_gmt":"2026-03-17T04:56:29","slug":"diputados-tratara-el-proyecto-de-la-carta-organica-de-campo-quijano","status":"publish","type":"post","link":"https:\/\/nahuelproducciones.com.ar\/radioquijano\/diputados-tratara-el-proyecto-de-la-carta-organica-de-campo-quijano\/","title":{"rendered":"Diputados tratar\u00e1 el proyecto de la Carta Org\u00e1nica de Campo Quijano"},"content":{"rendered":"\n<p>La C\u00e1mara de Diputados de la provincia avanzar\u00e1 este martes 17 de marzo con un tema de alto impacto institucional para el municipio de Campo Quijano: el tratamiento de su Carta Org\u00e1nica.<\/p>\n\n\n\n<p>En el marco de la 2\u00aa Sesi\u00f3n Ordinaria, el cuerpo legislativo defini\u00f3 el Acta de Labor Parlamentaria que incluye los proyectos impulsados por los distintos bloques pol\u00edticos. Entre ellos, figura el Expediente N\u00ba 91-53.554\/25, correspondiente a la Carta Municipal de Campo Quijano, iniciativa que fue incorporada al temario a partir de su elevaci\u00f3n por parte de las autoridades de las bancadas al presidente de la C\u00e1mara Baja, Esteban Amat Lacroix.<\/p>\n\n\n\n<p>Seg\u00fan se inform\u00f3, durante la ma\u00f1ana los legisladores abordar\u00e1n el proyecto en reuniones de comisi\u00f3n, donde se analizar\u00e1 su contenido y se buscar\u00e1 avanzar en la emisi\u00f3n de los dict\u00e1menes correspondientes. Cabe destacar que, hasta el momento, la iniciativa no cuenta con despacho de las comisiones de Asuntos Municipales y Transporte; Hacienda y Presupuesto; y Legislaci\u00f3n General.<\/p>\n\n\n\n<p>Ya por la tarde, el proyecto ser\u00e1 llevado al recinto para su tratamiento en sesi\u00f3n. En este sentido, no se descarta que la Carta Org\u00e1nica de Campo Quijano pueda ser aprobada en la misma jornada, lo que representar\u00eda un paso clave en el fortalecimiento institucional y la autonom\u00eda del municipio.<\/p>\n\n\n\n<p>La iniciativa se enmarca en el cupo del Bloque Todos por Salta y genera expectativas tanto en el \u00e1mbito pol\u00edtico como en la comunidad quijane\u00f1a, que sigue de cerca el avance de una herramienta fundamental para la organizaci\u00f3n y funcionamiento del gobierno local.<\/p>\n\n\n\n<div data-wp-interactive=\"core\/file\" class=\"wp-block-file\"><object data-wp-bind--hidden=\"!state.hasPdfPreview\" hidden class=\"wp-block-file__embed\" data=\"https:\/\/nahuelproducciones.com.ar\/radioquijano\/wp-content\/uploads\/2026\/03\/3.-Carta-Municipal-Campo-Quijano-1.pdf\" type=\"application\/pdf\" style=\"width:100%;height:500px\" aria-label=\"Incrustado de  Carta Municipal Campo Quijano .\"><\/object><a id=\"wp-block-file--media-f023a752-6ad5-4685-8f44-aa55a91fa37b\" href=\"https:\/\/nahuelproducciones.com.ar\/radioquijano\/wp-content\/uploads\/2026\/03\/3.-Carta-Municipal-Campo-Quijano-1.pdf\"> Carta Municipal Campo Quijano <\/a><a href=\"https:\/\/nahuelproducciones.com.ar\/radioquijano\/wp-content\/uploads\/2026\/03\/3.-Carta-Municipal-Campo-Quijano-1.pdf\" class=\"wp-block-file__button wp-element-button\" download aria-describedby=\"wp-block-file--media-f023a752-6ad5-4685-8f44-aa55a91fa37b\">Descarga<\/a><\/div>\n\n\n<div class=\"wp-block-image\">\n<figure class=\"aligncenter size-large is-resized\"><img loading=\"lazy\" decoding=\"async\" width=\"819\" height=\"1024\" src=\"https:\/\/nahuelproducciones.com.ar\/radioquijano\/wp-content\/uploads\/2026\/03\/image-819x1024.png\" alt=\"\" class=\"wp-image-12077\" style=\"width:593px;height:auto\" srcset=\"https:\/\/nahuelproducciones.com.ar\/radioquijano\/wp-content\/uploads\/2026\/03\/image-819x1024.png 819w, https:\/\/nahuelproducciones.com.ar\/radioquijano\/wp-content\/uploads\/2026\/03\/image-240x300.png 240w, https:\/\/nahuelproducciones.com.ar\/radioquijano\/wp-content\/uploads\/2026\/03\/image-768x960.png 768w, https:\/\/nahuelproducciones.com.ar\/radioquijano\/wp-content\/uploads\/2026\/03\/image-150x188.png 150w, https:\/\/nahuelproducciones.com.ar\/radioquijano\/wp-content\/uploads\/2026\/03\/image.png 1080w\" sizes=\"auto, (max-width: 819px) 100vw, 819px\" \/><\/figure><\/div>","protected":false},"excerpt":{"rendered":"<p>La C\u00e1mara de Diputados de la provincia avanzar\u00e1 este martes 17 de marzo con un tema de alto impacto institucional para el municipio de Campo Quijano: el tratamiento de su Carta Org\u00e1nica. En el marco de la 2\u00aa Sesi\u00f3n Ordinaria, el cuerpo legislativo defini\u00f3 el Acta de Labor Parlamentaria que incluye los proyectos impulsados por [&hellip;]<\/p>\n","protected":false},"author":8,"featured_media":12075,"comment_status":"open","ping_status":"open","sticky":false,"template":"","format":"standard","meta":{"_monsterinsights_skip_tracking":false,"_monsterinsights_sitenote_active":false,"_monsterinsights_sitenote_note":"","_monsterinsights_sitenote_category":0,"footnotes":""},"categories":[16],"tags":[1154,1688,100],"class_list":["post-12073","post","type-post","status-publish","format-standard","has-post-thumbnail","hentry","category-noticias","tag-camara-de-diputados-de-salta","tag-carta-organica-2","tag-municipio-de-campo-quijano"],"yoast_head":"<!-- This site is optimized with the Yoast SEO plugin v20.8 - https:\/\/yoast.com\/wordpress\/plugins\/seo\/ -->\n<title>Diputados tratar\u00e1 el proyecto de la Carta Org\u00e1nica de Campo Quijano - RQ 99.9<\/title>\n<meta name=\"description\" content=\"Por la tarde, el proyecto ser\u00e1 llevado al recinto para su tratamiento en sesi\u00f3n.\" \/>\n<meta name=\"robots\" content=\"index, follow, max-snippet:-1, max-image-preview:large, max-video-preview:-1\" \/>\n<link rel=\"canonical\" href=\"https:\/\/nahuelproducciones.com.ar\/radioquijano\/diputados-tratara-el-proyecto-de-la-carta-organica-de-campo-quijano\/\" \/>\n<meta property=\"og:locale\" content=\"es_ES\" \/>\n<meta property=\"og:type\" content=\"article\" \/>\n<meta property=\"og:title\" content=\"Diputados tratar\u00e1 el proyecto de la Carta Org\u00e1nica de Campo Quijano - RQ 99.9\" \/>\n<meta property=\"og:description\" content=\"Por la tarde, el proyecto ser\u00e1 llevado al recinto para su tratamiento en sesi\u00f3n.\" \/>\n<meta property=\"og:url\" content=\"https:\/\/nahuelproducciones.com.ar\/radioquijano\/diputados-tratara-el-proyecto-de-la-carta-organica-de-campo-quijano\/\" \/>\n<meta property=\"og:site_name\" content=\"RQ 99.9\" \/>\n<meta property=\"article:publisher\" content=\"https:\/\/www.facebook.com\/nahuelproducciones999\/\" \/>\n<meta property=\"article:published_time\" content=\"2026-03-17T04:54:11+00:00\" \/>\n<meta property=\"article:modified_time\" content=\"2026-03-17T04:56:29+00:00\" \/>\n<meta property=\"og:image\" content=\"https:\/\/nahuelproducciones.com.ar\/radioquijano\/wp-content\/uploads\/2026\/03\/WhatsApp-Image-2026-03-17-at-1.35.38-AM.jpeg\" \/>\n\t<meta property=\"og:image:width\" content=\"872\" \/>\n\t<meta property=\"og:image:height\" content=\"477\" \/>\n\t<meta property=\"og:image:type\" content=\"image\/jpeg\" \/>\n<meta name=\"author\" content=\"Cecilia Pastrana\" \/>\n<meta name=\"twitter:card\" content=\"summary_large_image\" \/>\n<meta name=\"twitter:creator\" content=\"@nahuproduciones\" \/>\n<meta name=\"twitter:site\" content=\"@nahuproduciones\" \/>\n<meta name=\"twitter:label1\" content=\"Escrito por\" \/>\n\t<meta name=\"twitter:data1\" content=\"Cecilia Pastrana\" \/>\n\t<meta name=\"twitter:label2\" content=\"Tiempo de lectura\" \/>\n\t<meta name=\"twitter:data2\" content=\"2 minutos\" \/>\n<script type=\"application\/ld+json\" class=\"yoast-schema-graph\">{\"@context\":\"https:\/\/schema.org\",\"@graph\":[{\"@type\":\"WebPage\",\"@id\":\"https:\/\/nahuelproducciones.com.ar\/radioquijano\/diputados-tratara-el-proyecto-de-la-carta-organica-de-campo-quijano\/\",\"url\":\"https:\/\/nahuelproducciones.com.ar\/radioquijano\/diputados-tratara-el-proyecto-de-la-carta-organica-de-campo-quijano\/\",\"name\":\"Diputados tratar\u00e1 el proyecto de la Carta Org\u00e1nica de Campo Quijano - RQ 99.9\",\"isPartOf\":{\"@id\":\"https:\/\/nahuelproducciones.com.ar\/radioquijano\/#website\"},\"datePublished\":\"2026-03-17T04:54:11+00:00\",\"dateModified\":\"2026-03-17T04:56:29+00:00\",\"author\":{\"@id\":\"https:\/\/nahuelproducciones.com.ar\/radioquijano\/#\/schema\/person\/e8a4f939e2cb487fe6d0c54042c9d32c\"},\"description\":\"Por la tarde, el proyecto ser\u00e1 llevado al recinto para su tratamiento en sesi\u00f3n.\",\"breadcrumb\":{\"@id\":\"https:\/\/nahuelproducciones.com.ar\/radioquijano\/diputados-tratara-el-proyecto-de-la-carta-organica-de-campo-quijano\/#breadcrumb\"},\"inLanguage\":\"es\",\"potentialAction\":[{\"@type\":\"ReadAction\",\"target\":[\"https:\/\/nahuelproducciones.com.ar\/radioquijano\/diputados-tratara-el-proyecto-de-la-carta-organica-de-campo-quijano\/\"]}]},{\"@type\":\"BreadcrumbList\",\"@id\":\"https:\/\/nahuelproducciones.com.ar\/radioquijano\/diputados-tratara-el-proyecto-de-la-carta-organica-de-campo-quijano\/#breadcrumb\",\"itemListElement\":[{\"@type\":\"ListItem\",\"position\":1,\"name\":\"Portada\",\"item\":\"https:\/\/nahuelproducciones.com.ar\/radioquijano\/\"},{\"@type\":\"ListItem\",\"position\":2,\"name\":\"Diputados tratar\u00e1 el proyecto de la Carta Org\u00e1nica de Campo Quijano\"}]},{\"@type\":\"WebSite\",\"@id\":\"https:\/\/nahuelproducciones.com.ar\/radioquijano\/#website\",\"url\":\"https:\/\/nahuelproducciones.com.ar\/radioquijano\/\",\"name\":\"RQ 99.9\",\"description\":\"Radio Quijano 99.9 MHz\",\"potentialAction\":[{\"@type\":\"SearchAction\",\"target\":{\"@type\":\"EntryPoint\",\"urlTemplate\":\"https:\/\/nahuelproducciones.com.ar\/radioquijano\/?s={search_term_string}\"},\"query-input\":\"required name=search_term_string\"}],\"inLanguage\":\"es\"},{\"@type\":\"Person\",\"@id\":\"https:\/\/nahuelproducciones.com.ar\/radioquijano\/#\/schema\/person\/e8a4f939e2cb487fe6d0c54042c9d32c\",\"name\":\"Cecilia Pastrana\",\"image\":{\"@type\":\"ImageObject\",\"inLanguage\":\"es\",\"@id\":\"https:\/\/nahuelproducciones.com.ar\/radioquijano\/#\/schema\/person\/image\/\",\"url\":\"https:\/\/secure.gravatar.com\/avatar\/661a3ef63a8488d4f2794ed44af8cf71420f7e106f3072c40125114df5157749?s=96&d=mm&r=g\",\"contentUrl\":\"https:\/\/secure.gravatar.com\/avatar\/661a3ef63a8488d4f2794ed44af8cf71420f7e106f3072c40125114df5157749?s=96&d=mm&r=g\",\"caption\":\"Cecilia Pastrana\"},\"sameAs\":[\"cecy\"],\"url\":\"https:\/\/nahuelproducciones.com.ar\/radioquijano\/author\/cecy\/\"}]}<\/script>\n<!-- \/ Yoast SEO plugin. -->","yoast_head_json":{"title":"Diputados tratar\u00e1 el proyecto de la Carta Org\u00e1nica de Campo Quijano - RQ 99.9","description":"Por la tarde, el proyecto ser\u00e1 llevado al recinto para su tratamiento en sesi\u00f3n.","robots":{"index":"index","follow":"follow","max-snippet":"max-snippet:-1","max-image-preview":"max-image-preview:large","max-video-preview":"max-video-preview:-1"},"canonical":"https:\/\/nahuelproducciones.com.ar\/radioquijano\/diputados-tratara-el-proyecto-de-la-carta-organica-de-campo-quijano\/","og_locale":"es_ES","og_type":"article","og_title":"Diputados tratar\u00e1 el proyecto de la Carta Org\u00e1nica de Campo Quijano - RQ 99.9","og_description":"Por la tarde, el proyecto ser\u00e1 llevado al recinto para su tratamiento en sesi\u00f3n.","og_url":"https:\/\/nahuelproducciones.com.ar\/radioquijano\/diputados-tratara-el-proyecto-de-la-carta-organica-de-campo-quijano\/","og_site_name":"RQ 99.9","article_publisher":"https:\/\/www.facebook.com\/nahuelproducciones999\/","article_published_time":"2026-03-17T04:54:11+00:00","article_modified_time":"2026-03-17T04:56:29+00:00","og_image":[{"width":872,"height":477,"url":"https:\/\/nahuelproducciones.com.ar\/radioquijano\/wp-content\/uploads\/2026\/03\/WhatsApp-Image-2026-03-17-at-1.35.38-AM.jpeg","type":"image\/jpeg"}],"author":"Cecilia Pastrana","twitter_card":"summary_large_image","twitter_creator":"@nahuproduciones","twitter_site":"@nahuproduciones","twitter_misc":{"Escrito por":"Cecilia Pastrana","Tiempo de lectura":"2 minutos"},"schema":{"@context":"https:\/\/schema.org","@graph":[{"@type":"WebPage","@id":"https:\/\/nahuelproducciones.com.ar\/radioquijano\/diputados-tratara-el-proyecto-de-la-carta-organica-de-campo-quijano\/","url":"https:\/\/nahuelproducciones.com.ar\/radioquijano\/diputados-tratara-el-proyecto-de-la-carta-organica-de-campo-quijano\/","name":"Diputados tratar\u00e1 el proyecto de la Carta Org\u00e1nica de Campo Quijano - RQ 99.9","isPartOf":{"@id":"https:\/\/nahuelproducciones.com.ar\/radioquijano\/#website"},"datePublished":"2026-03-17T04:54:11+00:00","dateModified":"2026-03-17T04:56:29+00:00","author":{"@id":"https:\/\/nahuelproducciones.com.ar\/radioquijano\/#\/schema\/person\/e8a4f939e2cb487fe6d0c54042c9d32c"},"description":"Por la tarde, el proyecto ser\u00e1 llevado al recinto para su tratamiento en sesi\u00f3n.","breadcrumb":{"@id":"https:\/\/nahuelproducciones.com.ar\/radioquijano\/diputados-tratara-el-proyecto-de-la-carta-organica-de-campo-quijano\/#breadcrumb"},"inLanguage":"es","potentialAction":[{"@type":"ReadAction","target":["https:\/\/nahuelproducciones.com.ar\/radioquijano\/diputados-tratara-el-proyecto-de-la-carta-organica-de-campo-quijano\/"]}]},{"@type":"BreadcrumbList","@id":"https:\/\/nahuelproducciones.com.ar\/radioquijano\/diputados-tratara-el-proyecto-de-la-carta-organica-de-campo-quijano\/#breadcrumb","itemListElement":[{"@type":"ListItem","position":1,"name":"Portada","item":"https:\/\/nahuelproducciones.com.ar\/radioquijano\/"},{"@type":"ListItem","position":2,"name":"Diputados tratar\u00e1 el proyecto de la Carta Org\u00e1nica de Campo Quijano"}]},{"@type":"WebSite","@id":"https:\/\/nahuelproducciones.com.ar\/radioquijano\/#website","url":"https:\/\/nahuelproducciones.com.ar\/radioquijano\/","name":"RQ 99.9","description":"Radio Quijano 99.9 MHz","potentialAction":[{"@type":"SearchAction","target":{"@type":"EntryPoint","urlTemplate":"https:\/\/nahuelproducciones.com.ar\/radioquijano\/?s={search_term_string}"},"query-input":"required name=search_term_string"}],"inLanguage":"es"},{"@type":"Person","@id":"https:\/\/nahuelproducciones.com.ar\/radioquijano\/#\/schema\/person\/e8a4f939e2cb487fe6d0c54042c9d32c","name":"Cecilia Pastrana","image":{"@type":"ImageObject","inLanguage":"es","@id":"https:\/\/nahuelproducciones.com.ar\/radioquijano\/#\/schema\/person\/image\/","url":"https:\/\/secure.gravatar.com\/avatar\/661a3ef63a8488d4f2794ed44af8cf71420f7e106f3072c40125114df5157749?s=96&d=mm&r=g","contentUrl":"https:\/\/secure.gravatar.com\/avatar\/661a3ef63a8488d4f2794ed44af8cf71420f7e106f3072c40125114df5157749?s=96&d=mm&r=g","caption":"Cecilia Pastrana"},"sameAs":["cecy"],"url":"https:\/\/nahuelproducciones.com.ar\/radioquijano\/author\/cecy\/"}]}},"_links":{"self":[{"href":"https:\/\/nahuelproducciones.com.ar\/radioquijano\/wp-json\/wp\/v2\/posts\/12073","targetHints":{"allow":["GET"]}}],"collection":[{"href":"https:\/\/nahuelproducciones.com.ar\/radioquijano\/wp-json\/wp\/v2\/posts"}],"about":[{"href":"https:\/\/nahuelproducciones.com.ar\/radioquijano\/wp-json\/wp\/v2\/types\/post"}],"author":[{"embeddable":true,"href":"https:\/\/nahuelproducciones.com.ar\/radioquijano\/wp-json\/wp\/v2\/users\/8"}],"replies":[{"embeddable":true,"href":"https:\/\/nahuelproducciones.com.ar\/radioquijano\/wp-json\/wp\/v2\/comments?post=12073"}],"version-history":[{"count":2,"href":"https:\/\/nahuelproducciones.com.ar\/radioquijano\/wp-json\/wp\/v2\/posts\/12073\/revisions"}],"predecessor-version":[{"id":12079,"href":"https:\/\/nahuelproducciones.com.ar\/radioquijano\/wp-json\/wp\/v2\/posts\/12073\/revisions\/12079"}],"wp:featuredmedia":[{"embeddable":true,"href":"https:\/\/nahuelproducciones.com.ar\/radioquijano\/wp-json\/wp\/v2\/media\/12075"}],"wp:attachment":[{"href":"https:\/\/nahuelproducciones.com.ar\/radioquijano\/wp-json\/wp\/v2\/media?parent=12073"}],"wp:term":[{"taxonomy":"category","embeddable":true,"href":"https:\/\/nahuelproducciones.com.ar\/radioquijano\/wp-json\/wp\/v2\/categories?post=12073"},{"taxonomy":"post_tag","embeddable":true,"href":"https:\/\/nahuelproducciones.com.ar\/radioquijano\/wp-json\/wp\/v2\/tags?post=12073"}],"curies":[{"name":"wp","href":"https:\/\/api.w.org\/{rel}","templated":true}]}}