{"id":1210,"date":"2021-07-22T01:19:32","date_gmt":"2021-07-22T04:19:32","guid":{"rendered":"https:\/\/nahuelproducciones.com.ar\/radioquijano\/?p=1210"},"modified":"2021-07-22T01:19:33","modified_gmt":"2021-07-22T04:19:33","slug":"cambio-de-circulacion-de-calle-buenos-aires-y-calle-alberdi-en-campo-quijano","status":"publish","type":"post","link":"https:\/\/nahuelproducciones.com.ar\/radioquijano\/cambio-de-circulacion-de-calle-buenos-aires-y-calle-alberdi-en-campo-quijano\/","title":{"rendered":"Cambio de circulaci\u00f3n de calle Buenos Aires  y calle Alberdi en Campo Quijano."},"content":{"rendered":"\n<p>Desde la Direcci\u00f3n de Tr\u00e1nsito, su titular el Dr. Edmundo Farf\u00e1n confirm\u00f3 a <a href=\"https:\/\/nahuelproducciones.com.ar\/index.php\/rq999\" target=\"_blank\" rel=\"noreferrer noopener\">RQ99.9Mhz<\/a> que se llevar\u00e1 adelante de acuerdo a una planificaci\u00f3n y concientizaci\u00f3n , el cambio de sentido de calles centricas del pueblo.<\/p>\n\n\n\n<p> Est\u00e1 semana se har\u00e1 concientizaci\u00f3n e informaci\u00f3n sobre las nuevas disposiciones, desde el 26 de julio se observar\u00e1 el desenvolvimiento y a partir de la  evaluaci\u00f3n final se pondr\u00e1 en funcionamiento todos los mecanismos para hacer efectivo su cumplimiento.<\/p>\n\n\n\n<p>La Ordenanza 47\/20 aprobada por el Concejo Deliberante y Promulgada por el Intendente Carlos Folloni, dispone el cambio de circulaci\u00f3n de acuerdo al siguente detalle:<\/p>\n\n\n\n<p>*Calle Buenos Aires: \u00fanico sentido de norte a sur (desde 9 de julio hacia calle 25 de mayo)<\/p>\n\n\n\n<p>*Calle 25 de Mayo: \u00fanico sentido de Este a Oeste <\/p>\n\n\n\n<p>*Alberdi: \u00fanico sentido de Sur a Norte (desde intersecci\u00f3n de 25 de mayo a 9 de julio)<\/p>\n\n\n\n<p>El Dr. Farf\u00e1n pidio a los vecinos estar atentos a estos cambios y escuchar las recomendaciones del personal de tr\u00e1nsito, as\u00ed de esta manera se podr\u00e1 evitar el aglomeramiento y reorganizar el tr\u00e1nsito por las arterias centricas que rodean la Plaza Martin Fierro .<\/p>\n\n\n\n<figure class=\"wp-block-image size-large\"><img loading=\"lazy\" decoding=\"async\" width=\"943\" height=\"1024\" src=\"https:\/\/nahuelproducciones.com.ar\/radioquijano\/wp-content\/uploads\/2021\/07\/WhatsApp-Image-2021-07-22-at-1.10.53-AM-943x1024.jpeg\" alt=\"\" class=\"wp-image-1211\" srcset=\"https:\/\/nahuelproducciones.com.ar\/radioquijano\/wp-content\/uploads\/2021\/07\/WhatsApp-Image-2021-07-22-at-1.10.53-AM-943x1024.jpeg 943w, https:\/\/nahuelproducciones.com.ar\/radioquijano\/wp-content\/uploads\/2021\/07\/WhatsApp-Image-2021-07-22-at-1.10.53-AM-276x300.jpeg 276w, https:\/\/nahuelproducciones.com.ar\/radioquijano\/wp-content\/uploads\/2021\/07\/WhatsApp-Image-2021-07-22-at-1.10.53-AM-768x834.jpeg 768w, https:\/\/nahuelproducciones.com.ar\/radioquijano\/wp-content\/uploads\/2021\/07\/WhatsApp-Image-2021-07-22-at-1.10.53-AM-150x163.jpeg 150w, https:\/\/nahuelproducciones.com.ar\/radioquijano\/wp-content\/uploads\/2021\/07\/WhatsApp-Image-2021-07-22-at-1.10.53-AM.jpeg 1080w\" sizes=\"auto, (max-width: 943px) 100vw, 943px\" \/><\/figure>\n\n\n\n<p><a href=\"https:\/\/www.facebook.com\/nahuelproducciones999\/?ref=pages_you_manage\" target=\"_blank\" rel=\"noreferrer noopener\">#RQ99.9Mhz<\/a>  <a href=\"https:\/\/nahuelproducciones.com.ar\/\" target=\"_blank\" rel=\"noreferrer noopener\">Campo Quijano<\/a><\/p>\n","protected":false},"excerpt":{"rendered":"<p>Desde la Direcci\u00f3n de Tr\u00e1nsito, su titular el Dr. Edmundo Farf\u00e1n confirm\u00f3 a RQ99.9Mhz que se llevar\u00e1 adelante de acuerdo a una planificaci\u00f3n y concientizaci\u00f3n , el cambio de sentido de calles centricas del pueblo. Est\u00e1 semana se har\u00e1 concientizaci\u00f3n e informaci\u00f3n sobre las nuevas disposiciones, desde el 26 de julio se observar\u00e1 el desenvolvimiento [&hellip;]<\/p>\n","protected":false},"author":8,"featured_media":1213,"comment_status":"open","ping_status":"open","sticky":false,"template":"","format":"standard","meta":{"_monsterinsights_skip_tracking":false,"_monsterinsights_sitenote_active":false,"_monsterinsights_sitenote_note":"","_monsterinsights_sitenote_category":0,"footnotes":""},"categories":[16],"tags":[140,139,138,141,142],"class_list":["post-1210","post","type-post","status-publish","format-standard","has-post-thumbnail","hentry","category-noticias","tag-calle-alberdi","tag-calle-buenos-aires","tag-dr-edmundo-farfan","tag-ordenanza-47-20","tag-plaza-martin-fierro"],"yoast_head":"<!-- This site is optimized with the Yoast SEO plugin v20.8 - https:\/\/yoast.com\/wordpress\/plugins\/seo\/ -->\n<title>Cambio de circulaci\u00f3n de calle Buenos Aires y calle Alberdi en Campo Quijano. - RQ 99.9<\/title>\n<meta name=\"description\" content=\"desde el 26 de julio se observar\u00e1 el desenvolvimiento y a partir de la evaluaci\u00f3n final se pondr\u00e1 en funcionamiento todos los mecanismos para hacer efectivo su cumplimiento.\" \/>\n<meta name=\"robots\" content=\"index, follow, max-snippet:-1, max-image-preview:large, max-video-preview:-1\" \/>\n<link rel=\"canonical\" href=\"https:\/\/nahuelproducciones.com.ar\/radioquijano\/cambio-de-circulacion-de-calle-buenos-aires-y-calle-alberdi-en-campo-quijano\/\" \/>\n<meta property=\"og:locale\" content=\"es_ES\" \/>\n<meta property=\"og:type\" content=\"article\" \/>\n<meta property=\"og:title\" content=\"Cambio de circulaci\u00f3n de calle Buenos Aires y calle Alberdi en Campo Quijano. - RQ 99.9\" \/>\n<meta property=\"og:description\" content=\"desde el 26 de julio se observar\u00e1 el desenvolvimiento y a partir de la evaluaci\u00f3n final se pondr\u00e1 en funcionamiento todos los mecanismos para hacer efectivo su cumplimiento.\" \/>\n<meta property=\"og:url\" content=\"https:\/\/nahuelproducciones.com.ar\/radioquijano\/cambio-de-circulacion-de-calle-buenos-aires-y-calle-alberdi-en-campo-quijano\/\" \/>\n<meta property=\"og:site_name\" content=\"RQ 99.9\" \/>\n<meta property=\"article:publisher\" content=\"https:\/\/www.facebook.com\/nahuelproducciones999\/\" \/>\n<meta property=\"article:published_time\" content=\"2021-07-22T04:19:32+00:00\" \/>\n<meta property=\"article:modified_time\" content=\"2021-07-22T04:19:33+00:00\" \/>\n<meta property=\"og:image\" content=\"https:\/\/nahuelproducciones.com.ar\/radioquijano\/wp-content\/uploads\/2021\/07\/WhatsApp-Image-2021-07-22-at-1.12.46-AM.jpeg\" \/>\n\t<meta property=\"og:image:width\" content=\"1058\" \/>\n\t<meta property=\"og:image:height\" content=\"776\" \/>\n\t<meta property=\"og:image:type\" content=\"image\/jpeg\" \/>\n<meta name=\"author\" content=\"Cecilia Pastrana\" \/>\n<meta name=\"twitter:card\" content=\"summary_large_image\" \/>\n<meta name=\"twitter:creator\" content=\"@nahuproduciones\" \/>\n<meta name=\"twitter:site\" content=\"@nahuproduciones\" \/>\n<meta name=\"twitter:label1\" content=\"Escrito por\" \/>\n\t<meta name=\"twitter:data1\" content=\"Cecilia Pastrana\" \/>\n\t<meta name=\"twitter:label2\" content=\"Tiempo de lectura\" \/>\n\t<meta name=\"twitter:data2\" content=\"2 minutos\" \/>\n<script type=\"application\/ld+json\" class=\"yoast-schema-graph\">{\"@context\":\"https:\/\/schema.org\",\"@graph\":[{\"@type\":\"WebPage\",\"@id\":\"https:\/\/nahuelproducciones.com.ar\/radioquijano\/cambio-de-circulacion-de-calle-buenos-aires-y-calle-alberdi-en-campo-quijano\/\",\"url\":\"https:\/\/nahuelproducciones.com.ar\/radioquijano\/cambio-de-circulacion-de-calle-buenos-aires-y-calle-alberdi-en-campo-quijano\/\",\"name\":\"Cambio de circulaci\u00f3n de calle Buenos Aires y calle Alberdi en Campo Quijano. - RQ 99.9\",\"isPartOf\":{\"@id\":\"https:\/\/nahuelproducciones.com.ar\/radioquijano\/#website\"},\"datePublished\":\"2021-07-22T04:19:32+00:00\",\"dateModified\":\"2021-07-22T04:19:33+00:00\",\"author\":{\"@id\":\"https:\/\/nahuelproducciones.com.ar\/radioquijano\/#\/schema\/person\/e8a4f939e2cb487fe6d0c54042c9d32c\"},\"description\":\"desde el 26 de julio se observar\u00e1 el desenvolvimiento y a partir de la evaluaci\u00f3n final se pondr\u00e1 en funcionamiento todos los mecanismos para hacer efectivo su cumplimiento.\",\"breadcrumb\":{\"@id\":\"https:\/\/nahuelproducciones.com.ar\/radioquijano\/cambio-de-circulacion-de-calle-buenos-aires-y-calle-alberdi-en-campo-quijano\/#breadcrumb\"},\"inLanguage\":\"es\",\"potentialAction\":[{\"@type\":\"ReadAction\",\"target\":[\"https:\/\/nahuelproducciones.com.ar\/radioquijano\/cambio-de-circulacion-de-calle-buenos-aires-y-calle-alberdi-en-campo-quijano\/\"]}]},{\"@type\":\"BreadcrumbList\",\"@id\":\"https:\/\/nahuelproducciones.com.ar\/radioquijano\/cambio-de-circulacion-de-calle-buenos-aires-y-calle-alberdi-en-campo-quijano\/#breadcrumb\",\"itemListElement\":[{\"@type\":\"ListItem\",\"position\":1,\"name\":\"Portada\",\"item\":\"https:\/\/nahuelproducciones.com.ar\/radioquijano\/\"},{\"@type\":\"ListItem\",\"position\":2,\"name\":\"Cambio de circulaci\u00f3n de calle Buenos Aires y calle Alberdi en Campo Quijano.\"}]},{\"@type\":\"WebSite\",\"@id\":\"https:\/\/nahuelproducciones.com.ar\/radioquijano\/#website\",\"url\":\"https:\/\/nahuelproducciones.com.ar\/radioquijano\/\",\"name\":\"RQ 99.9\",\"description\":\"Radio Quijano 99.9 MHz\",\"potentialAction\":[{\"@type\":\"SearchAction\",\"target\":{\"@type\":\"EntryPoint\",\"urlTemplate\":\"https:\/\/nahuelproducciones.com.ar\/radioquijano\/?s={search_term_string}\"},\"query-input\":\"required name=search_term_string\"}],\"inLanguage\":\"es\"},{\"@type\":\"Person\",\"@id\":\"https:\/\/nahuelproducciones.com.ar\/radioquijano\/#\/schema\/person\/e8a4f939e2cb487fe6d0c54042c9d32c\",\"name\":\"Cecilia Pastrana\",\"image\":{\"@type\":\"ImageObject\",\"inLanguage\":\"es\",\"@id\":\"https:\/\/nahuelproducciones.com.ar\/radioquijano\/#\/schema\/person\/image\/\",\"url\":\"https:\/\/secure.gravatar.com\/avatar\/661a3ef63a8488d4f2794ed44af8cf71420f7e106f3072c40125114df5157749?s=96&d=mm&r=g\",\"contentUrl\":\"https:\/\/secure.gravatar.com\/avatar\/661a3ef63a8488d4f2794ed44af8cf71420f7e106f3072c40125114df5157749?s=96&d=mm&r=g\",\"caption\":\"Cecilia Pastrana\"},\"sameAs\":[\"cecy\"],\"url\":\"https:\/\/nahuelproducciones.com.ar\/radioquijano\/author\/cecy\/\"}]}<\/script>\n<!-- \/ Yoast SEO plugin. -->","yoast_head_json":{"title":"Cambio de circulaci\u00f3n de calle Buenos Aires y calle Alberdi en Campo Quijano. - RQ 99.9","description":"desde el 26 de julio se observar\u00e1 el desenvolvimiento y a partir de la evaluaci\u00f3n final se pondr\u00e1 en funcionamiento todos los mecanismos para hacer efectivo su cumplimiento.","robots":{"index":"index","follow":"follow","max-snippet":"max-snippet:-1","max-image-preview":"max-image-preview:large","max-video-preview":"max-video-preview:-1"},"canonical":"https:\/\/nahuelproducciones.com.ar\/radioquijano\/cambio-de-circulacion-de-calle-buenos-aires-y-calle-alberdi-en-campo-quijano\/","og_locale":"es_ES","og_type":"article","og_title":"Cambio de circulaci\u00f3n de calle Buenos Aires y calle Alberdi en Campo Quijano. - RQ 99.9","og_description":"desde el 26 de julio se observar\u00e1 el desenvolvimiento y a partir de la evaluaci\u00f3n final se pondr\u00e1 en funcionamiento todos los mecanismos para hacer efectivo su cumplimiento.","og_url":"https:\/\/nahuelproducciones.com.ar\/radioquijano\/cambio-de-circulacion-de-calle-buenos-aires-y-calle-alberdi-en-campo-quijano\/","og_site_name":"RQ 99.9","article_publisher":"https:\/\/www.facebook.com\/nahuelproducciones999\/","article_published_time":"2021-07-22T04:19:32+00:00","article_modified_time":"2021-07-22T04:19:33+00:00","og_image":[{"width":1058,"height":776,"url":"https:\/\/nahuelproducciones.com.ar\/radioquijano\/wp-content\/uploads\/2021\/07\/WhatsApp-Image-2021-07-22-at-1.12.46-AM.jpeg","type":"image\/jpeg"}],"author":"Cecilia Pastrana","twitter_card":"summary_large_image","twitter_creator":"@nahuproduciones","twitter_site":"@nahuproduciones","twitter_misc":{"Escrito por":"Cecilia Pastrana","Tiempo de lectura":"2 minutos"},"schema":{"@context":"https:\/\/schema.org","@graph":[{"@type":"WebPage","@id":"https:\/\/nahuelproducciones.com.ar\/radioquijano\/cambio-de-circulacion-de-calle-buenos-aires-y-calle-alberdi-en-campo-quijano\/","url":"https:\/\/nahuelproducciones.com.ar\/radioquijano\/cambio-de-circulacion-de-calle-buenos-aires-y-calle-alberdi-en-campo-quijano\/","name":"Cambio de circulaci\u00f3n de calle Buenos Aires y calle Alberdi en Campo Quijano. - RQ 99.9","isPartOf":{"@id":"https:\/\/nahuelproducciones.com.ar\/radioquijano\/#website"},"datePublished":"2021-07-22T04:19:32+00:00","dateModified":"2021-07-22T04:19:33+00:00","author":{"@id":"https:\/\/nahuelproducciones.com.ar\/radioquijano\/#\/schema\/person\/e8a4f939e2cb487fe6d0c54042c9d32c"},"description":"desde el 26 de julio se observar\u00e1 el desenvolvimiento y a partir de la evaluaci\u00f3n final se pondr\u00e1 en funcionamiento todos los mecanismos para hacer efectivo su cumplimiento.","breadcrumb":{"@id":"https:\/\/nahuelproducciones.com.ar\/radioquijano\/cambio-de-circulacion-de-calle-buenos-aires-y-calle-alberdi-en-campo-quijano\/#breadcrumb"},"inLanguage":"es","potentialAction":[{"@type":"ReadAction","target":["https:\/\/nahuelproducciones.com.ar\/radioquijano\/cambio-de-circulacion-de-calle-buenos-aires-y-calle-alberdi-en-campo-quijano\/"]}]},{"@type":"BreadcrumbList","@id":"https:\/\/nahuelproducciones.com.ar\/radioquijano\/cambio-de-circulacion-de-calle-buenos-aires-y-calle-alberdi-en-campo-quijano\/#breadcrumb","itemListElement":[{"@type":"ListItem","position":1,"name":"Portada","item":"https:\/\/nahuelproducciones.com.ar\/radioquijano\/"},{"@type":"ListItem","position":2,"name":"Cambio de circulaci\u00f3n de calle Buenos Aires y calle Alberdi en Campo Quijano."}]},{"@type":"WebSite","@id":"https:\/\/nahuelproducciones.com.ar\/radioquijano\/#website","url":"https:\/\/nahuelproducciones.com.ar\/radioquijano\/","name":"RQ 99.9","description":"Radio Quijano 99.9 MHz","potentialAction":[{"@type":"SearchAction","target":{"@type":"EntryPoint","urlTemplate":"https:\/\/nahuelproducciones.com.ar\/radioquijano\/?s={search_term_string}"},"query-input":"required name=search_term_string"}],"inLanguage":"es"},{"@type":"Person","@id":"https:\/\/nahuelproducciones.com.ar\/radioquijano\/#\/schema\/person\/e8a4f939e2cb487fe6d0c54042c9d32c","name":"Cecilia Pastrana","image":{"@type":"ImageObject","inLanguage":"es","@id":"https:\/\/nahuelproducciones.com.ar\/radioquijano\/#\/schema\/person\/image\/","url":"https:\/\/secure.gravatar.com\/avatar\/661a3ef63a8488d4f2794ed44af8cf71420f7e106f3072c40125114df5157749?s=96&d=mm&r=g","contentUrl":"https:\/\/secure.gravatar.com\/avatar\/661a3ef63a8488d4f2794ed44af8cf71420f7e106f3072c40125114df5157749?s=96&d=mm&r=g","caption":"Cecilia Pastrana"},"sameAs":["cecy"],"url":"https:\/\/nahuelproducciones.com.ar\/radioquijano\/author\/cecy\/"}]}},"_links":{"self":[{"href":"https:\/\/nahuelproducciones.com.ar\/radioquijano\/wp-json\/wp\/v2\/posts\/1210","targetHints":{"allow":["GET"]}}],"collection":[{"href":"https:\/\/nahuelproducciones.com.ar\/radioquijano\/wp-json\/wp\/v2\/posts"}],"about":[{"href":"https:\/\/nahuelproducciones.com.ar\/radioquijano\/wp-json\/wp\/v2\/types\/post"}],"author":[{"embeddable":true,"href":"https:\/\/nahuelproducciones.com.ar\/radioquijano\/wp-json\/wp\/v2\/users\/8"}],"replies":[{"embeddable":true,"href":"https:\/\/nahuelproducciones.com.ar\/radioquijano\/wp-json\/wp\/v2\/comments?post=1210"}],"version-history":[{"count":1,"href":"https:\/\/nahuelproducciones.com.ar\/radioquijano\/wp-json\/wp\/v2\/posts\/1210\/revisions"}],"predecessor-version":[{"id":1214,"href":"https:\/\/nahuelproducciones.com.ar\/radioquijano\/wp-json\/wp\/v2\/posts\/1210\/revisions\/1214"}],"wp:featuredmedia":[{"embeddable":true,"href":"https:\/\/nahuelproducciones.com.ar\/radioquijano\/wp-json\/wp\/v2\/media\/1213"}],"wp:attachment":[{"href":"https:\/\/nahuelproducciones.com.ar\/radioquijano\/wp-json\/wp\/v2\/media?parent=1210"}],"wp:term":[{"taxonomy":"category","embeddable":true,"href":"https:\/\/nahuelproducciones.com.ar\/radioquijano\/wp-json\/wp\/v2\/categories?post=1210"},{"taxonomy":"post_tag","embeddable":true,"href":"https:\/\/nahuelproducciones.com.ar\/radioquijano\/wp-json\/wp\/v2\/tags?post=1210"}],"curies":[{"name":"wp","href":"https:\/\/api.w.org\/{rel}","templated":true}]}}