{"id":1219,"date":"2021-07-22T23:50:36","date_gmt":"2021-07-23T02:50:36","guid":{"rendered":"https:\/\/nahuelproducciones.com.ar\/radioquijano\/?p=1219"},"modified":"2021-07-22T23:50:38","modified_gmt":"2021-07-23T02:50:38","slug":"esclarecen-violento-robo-en-la-silleta","status":"publish","type":"post","link":"https:\/\/nahuelproducciones.com.ar\/radioquijano\/esclarecen-violento-robo-en-la-silleta\/","title":{"rendered":"Esclarecen violento robo en La Silleta"},"content":{"rendered":"\n<p><\/p>\n\n\n\n<p><strong><em>Una mujer y dos hombres fueron detenidos y ser\u00e1n imputados por un violento hecho ocurrido el pasado 28 de junio en una vivienda ubicada en el Enc\u00f3n chico. All\u00ed, una conocida m\u00e9dica del hospital Materno Infantil, fue sorprendida en su vivienda por los acusados, quienes la ataron de pies y manos y cubriendo su rostro, sustrajeron su veh\u00edculo y otros bienes de valor.<\/em><\/strong><\/p>\n\n\n\n<p>La <strong>fiscala penal en feria de la Unidad de Robos y Hurtos, Gabriela Buabse<\/strong>, imputar\u00e1 este jueves a <strong>una mujer de 34 a\u00f1os y a dos hombres de 45 y 65 a\u00f1os, como autores del delito de robo calificado en perjuicio de una vecina de El Enc\u00f3n Chico.<\/strong><\/p>\n\n\n\n<p>El hecho <strong>ocurri\u00f3 el pasado 28 de junio<\/strong>, cuando <strong>la mujer<\/strong>, que es una conocida profesional del hospital Materno Infantil,<strong> fue sorprendida por personas desconocidas que la ataron de pies y manos, cubrieron su rostro y le sustrajeron su veh\u00edculo y otros elementos de valor.<\/strong><\/p>\n\n\n\n<p>El grupo investigativo del Sector 82, a cargo del comisario Singh, estuvo a cargo de las<strong> tareas que permitieron individualizar a los sospechosos, que son conocidos en el ambiente delictivo y con antecedentes condenatorios.<\/strong><\/p>\n\n\n\n<p>R<strong>eunidos los elementos de convicci\u00f3n necesarios, la fiscala solicit\u00f3 al Juzgado de Garant\u00edas en feria, a cargo de la jueza Ada Zunino, orden de allanamiento y detenci\u00f3n para los domicilios de los investigados.<\/strong><\/p>\n\n\n\n<p><strong>En las \u00faltimas horas<\/strong>, personal de la<strong> Divisi\u00f3n de Delitos contra la Propiedad,<\/strong> a cargo del comisario Fabricio Nieva <strong>y del Grupo de Investigaciones Sector 82<\/strong>, <strong>en forma conjunta, dieron cumplimiento a la medida en dos viviendas ubicadas en barrio Santa Rita y Manantial Sur,<\/strong> donde se produjo la <strong>detenci\u00f3n de los tres acusados y el secuestro de elementos denunciados como sustra\u00eddos en el hecho y otros de inter\u00e9s para la investigaci\u00f3n.<\/strong><\/p>\n\n\n\n<p>La audiencia de imputaci\u00f3n de los acusados se concretar\u00e1 este jueves en sede fiscal.<\/p>\n\n\n\n<p>Fuente: Ministerio Publico Fiscal de Salta<\/p>\n\n\n\n<figure class=\"wp-block-image size-large\"><img loading=\"lazy\" decoding=\"async\" width=\"840\" height=\"440\" src=\"https:\/\/nahuelproducciones.com.ar\/radioquijano\/wp-content\/uploads\/2021\/07\/esclarecen-robo-en-la-silleta-2-jpeg.jpeg\" alt=\"\" class=\"wp-image-1221\" srcset=\"https:\/\/nahuelproducciones.com.ar\/radioquijano\/wp-content\/uploads\/2021\/07\/esclarecen-robo-en-la-silleta-2-jpeg.jpeg 840w, https:\/\/nahuelproducciones.com.ar\/radioquijano\/wp-content\/uploads\/2021\/07\/esclarecen-robo-en-la-silleta-2-jpeg-300x157.jpeg 300w, https:\/\/nahuelproducciones.com.ar\/radioquijano\/wp-content\/uploads\/2021\/07\/esclarecen-robo-en-la-silleta-2-jpeg-768x402.jpeg 768w, https:\/\/nahuelproducciones.com.ar\/radioquijano\/wp-content\/uploads\/2021\/07\/esclarecen-robo-en-la-silleta-2-jpeg-150x79.jpeg 150w\" sizes=\"auto, (max-width: 840px) 100vw, 840px\" \/><\/figure>\n\n\n\n<p><a href=\"https:\/\/nahuelproducciones.com.ar\/index.php\/rq999\" target=\"_blank\" rel=\"noreferrer noopener\">#RQ99.9Mhz<\/a>   <a href=\"https:\/\/www.facebook.com\/nahuelproducciones999\/?ref=pages_you_manage\" target=\"_blank\" rel=\"noreferrer noopener\">Municipio<\/a> <a href=\"https:\/\/nahuelproducciones.com.ar\/\" target=\"_blank\" rel=\"noreferrer noopener\">Campo Quijano<\/a><\/p>\n","protected":false},"excerpt":{"rendered":"<p>Una mujer y dos hombres fueron detenidos y ser\u00e1n imputados por un violento hecho ocurrido el pasado 28 de junio en una vivienda ubicada en el Enc\u00f3n chico. All\u00ed, una conocida m\u00e9dica del hospital Materno Infantil, fue sorprendida en su vivienda por los acusados, quienes la ataron de pies y manos y cubriendo su rostro, [&hellip;]<\/p>\n","protected":false},"author":8,"featured_media":1220,"comment_status":"open","ping_status":"open","sticky":false,"template":"","format":"standard","meta":{"_monsterinsights_skip_tracking":false,"_monsterinsights_sitenote_active":false,"_monsterinsights_sitenote_note":"","_monsterinsights_sitenote_category":0,"footnotes":""},"categories":[16],"tags":[36,146,145,144],"class_list":["post-1219","post","type-post","status-publish","format-standard","has-post-thumbnail","hentry","category-noticias","tag-campo-quijano","tag-el-encon-chico","tag-robo-en-la-silleta","tag-unidad-de-robos-y-hurtos"],"yoast_head":"<!-- This site is optimized with the Yoast SEO plugin v20.8 - https:\/\/yoast.com\/wordpress\/plugins\/seo\/ -->\n<title>Esclarecen violento robo en La Silleta - RQ 99.9<\/title>\n<meta name=\"description\" content=\"La audiencia de imputaci\u00f3n de los acusados se concretar\u00e1 este jueves en sede fiscal\" \/>\n<meta name=\"robots\" content=\"index, follow, max-snippet:-1, max-image-preview:large, max-video-preview:-1\" \/>\n<link rel=\"canonical\" href=\"https:\/\/nahuelproducciones.com.ar\/radioquijano\/esclarecen-violento-robo-en-la-silleta\/\" \/>\n<meta property=\"og:locale\" content=\"es_ES\" \/>\n<meta property=\"og:type\" content=\"article\" \/>\n<meta property=\"og:title\" content=\"Esclarecen violento robo en La Silleta - RQ 99.9\" \/>\n<meta property=\"og:description\" content=\"La audiencia de imputaci\u00f3n de los acusados se concretar\u00e1 este jueves en sede fiscal\" \/>\n<meta property=\"og:url\" content=\"https:\/\/nahuelproducciones.com.ar\/radioquijano\/esclarecen-violento-robo-en-la-silleta\/\" \/>\n<meta property=\"og:site_name\" content=\"RQ 99.9\" \/>\n<meta property=\"article:publisher\" content=\"https:\/\/www.facebook.com\/nahuelproducciones999\/\" \/>\n<meta property=\"article:published_time\" content=\"2021-07-23T02:50:36+00:00\" \/>\n<meta property=\"article:modified_time\" content=\"2021-07-23T02:50:38+00:00\" \/>\n<meta property=\"og:image\" content=\"https:\/\/nahuelproducciones.com.ar\/radioquijano\/wp-content\/uploads\/2021\/07\/Esclarecen-robo-en-la-silleta1-e1627008583974.jpeg\" \/>\n\t<meta property=\"og:image:width\" content=\"400\" \/>\n\t<meta property=\"og:image:height\" content=\"225\" \/>\n\t<meta property=\"og:image:type\" content=\"image\/jpeg\" \/>\n<meta name=\"author\" content=\"Cecilia Pastrana\" \/>\n<meta name=\"twitter:card\" content=\"summary_large_image\" \/>\n<meta name=\"twitter:creator\" content=\"@nahuproduciones\" \/>\n<meta name=\"twitter:site\" content=\"@nahuproduciones\" \/>\n<meta name=\"twitter:label1\" content=\"Escrito por\" \/>\n\t<meta name=\"twitter:data1\" content=\"Cecilia Pastrana\" \/>\n\t<meta name=\"twitter:label2\" content=\"Tiempo de lectura\" \/>\n\t<meta name=\"twitter:data2\" content=\"2 minutos\" \/>\n<script type=\"application\/ld+json\" class=\"yoast-schema-graph\">{\"@context\":\"https:\/\/schema.org\",\"@graph\":[{\"@type\":\"WebPage\",\"@id\":\"https:\/\/nahuelproducciones.com.ar\/radioquijano\/esclarecen-violento-robo-en-la-silleta\/\",\"url\":\"https:\/\/nahuelproducciones.com.ar\/radioquijano\/esclarecen-violento-robo-en-la-silleta\/\",\"name\":\"Esclarecen violento robo en La Silleta - RQ 99.9\",\"isPartOf\":{\"@id\":\"https:\/\/nahuelproducciones.com.ar\/radioquijano\/#website\"},\"datePublished\":\"2021-07-23T02:50:36+00:00\",\"dateModified\":\"2021-07-23T02:50:38+00:00\",\"author\":{\"@id\":\"https:\/\/nahuelproducciones.com.ar\/radioquijano\/#\/schema\/person\/e8a4f939e2cb487fe6d0c54042c9d32c\"},\"description\":\"La audiencia de imputaci\u00f3n de los acusados se concretar\u00e1 este jueves en sede fiscal\",\"breadcrumb\":{\"@id\":\"https:\/\/nahuelproducciones.com.ar\/radioquijano\/esclarecen-violento-robo-en-la-silleta\/#breadcrumb\"},\"inLanguage\":\"es\",\"potentialAction\":[{\"@type\":\"ReadAction\",\"target\":[\"https:\/\/nahuelproducciones.com.ar\/radioquijano\/esclarecen-violento-robo-en-la-silleta\/\"]}]},{\"@type\":\"BreadcrumbList\",\"@id\":\"https:\/\/nahuelproducciones.com.ar\/radioquijano\/esclarecen-violento-robo-en-la-silleta\/#breadcrumb\",\"itemListElement\":[{\"@type\":\"ListItem\",\"position\":1,\"name\":\"Portada\",\"item\":\"https:\/\/nahuelproducciones.com.ar\/radioquijano\/\"},{\"@type\":\"ListItem\",\"position\":2,\"name\":\"Esclarecen violento robo en La Silleta\"}]},{\"@type\":\"WebSite\",\"@id\":\"https:\/\/nahuelproducciones.com.ar\/radioquijano\/#website\",\"url\":\"https:\/\/nahuelproducciones.com.ar\/radioquijano\/\",\"name\":\"RQ 99.9\",\"description\":\"Radio Quijano 99.9 MHz\",\"potentialAction\":[{\"@type\":\"SearchAction\",\"target\":{\"@type\":\"EntryPoint\",\"urlTemplate\":\"https:\/\/nahuelproducciones.com.ar\/radioquijano\/?s={search_term_string}\"},\"query-input\":\"required name=search_term_string\"}],\"inLanguage\":\"es\"},{\"@type\":\"Person\",\"@id\":\"https:\/\/nahuelproducciones.com.ar\/radioquijano\/#\/schema\/person\/e8a4f939e2cb487fe6d0c54042c9d32c\",\"name\":\"Cecilia Pastrana\",\"image\":{\"@type\":\"ImageObject\",\"inLanguage\":\"es\",\"@id\":\"https:\/\/nahuelproducciones.com.ar\/radioquijano\/#\/schema\/person\/image\/\",\"url\":\"https:\/\/secure.gravatar.com\/avatar\/661a3ef63a8488d4f2794ed44af8cf71420f7e106f3072c40125114df5157749?s=96&d=mm&r=g\",\"contentUrl\":\"https:\/\/secure.gravatar.com\/avatar\/661a3ef63a8488d4f2794ed44af8cf71420f7e106f3072c40125114df5157749?s=96&d=mm&r=g\",\"caption\":\"Cecilia Pastrana\"},\"sameAs\":[\"cecy\"],\"url\":\"https:\/\/nahuelproducciones.com.ar\/radioquijano\/author\/cecy\/\"}]}<\/script>\n<!-- \/ Yoast SEO plugin. -->","yoast_head_json":{"title":"Esclarecen violento robo en La Silleta - RQ 99.9","description":"La audiencia de imputaci\u00f3n de los acusados se concretar\u00e1 este jueves en sede fiscal","robots":{"index":"index","follow":"follow","max-snippet":"max-snippet:-1","max-image-preview":"max-image-preview:large","max-video-preview":"max-video-preview:-1"},"canonical":"https:\/\/nahuelproducciones.com.ar\/radioquijano\/esclarecen-violento-robo-en-la-silleta\/","og_locale":"es_ES","og_type":"article","og_title":"Esclarecen violento robo en La Silleta - RQ 99.9","og_description":"La audiencia de imputaci\u00f3n de los acusados se concretar\u00e1 este jueves en sede fiscal","og_url":"https:\/\/nahuelproducciones.com.ar\/radioquijano\/esclarecen-violento-robo-en-la-silleta\/","og_site_name":"RQ 99.9","article_publisher":"https:\/\/www.facebook.com\/nahuelproducciones999\/","article_published_time":"2021-07-23T02:50:36+00:00","article_modified_time":"2021-07-23T02:50:38+00:00","og_image":[{"width":400,"height":225,"url":"https:\/\/nahuelproducciones.com.ar\/radioquijano\/wp-content\/uploads\/2021\/07\/Esclarecen-robo-en-la-silleta1-e1627008583974.jpeg","type":"image\/jpeg"}],"author":"Cecilia Pastrana","twitter_card":"summary_large_image","twitter_creator":"@nahuproduciones","twitter_site":"@nahuproduciones","twitter_misc":{"Escrito por":"Cecilia Pastrana","Tiempo de lectura":"2 minutos"},"schema":{"@context":"https:\/\/schema.org","@graph":[{"@type":"WebPage","@id":"https:\/\/nahuelproducciones.com.ar\/radioquijano\/esclarecen-violento-robo-en-la-silleta\/","url":"https:\/\/nahuelproducciones.com.ar\/radioquijano\/esclarecen-violento-robo-en-la-silleta\/","name":"Esclarecen violento robo en La Silleta - RQ 99.9","isPartOf":{"@id":"https:\/\/nahuelproducciones.com.ar\/radioquijano\/#website"},"datePublished":"2021-07-23T02:50:36+00:00","dateModified":"2021-07-23T02:50:38+00:00","author":{"@id":"https:\/\/nahuelproducciones.com.ar\/radioquijano\/#\/schema\/person\/e8a4f939e2cb487fe6d0c54042c9d32c"},"description":"La audiencia de imputaci\u00f3n de los acusados se concretar\u00e1 este jueves en sede fiscal","breadcrumb":{"@id":"https:\/\/nahuelproducciones.com.ar\/radioquijano\/esclarecen-violento-robo-en-la-silleta\/#breadcrumb"},"inLanguage":"es","potentialAction":[{"@type":"ReadAction","target":["https:\/\/nahuelproducciones.com.ar\/radioquijano\/esclarecen-violento-robo-en-la-silleta\/"]}]},{"@type":"BreadcrumbList","@id":"https:\/\/nahuelproducciones.com.ar\/radioquijano\/esclarecen-violento-robo-en-la-silleta\/#breadcrumb","itemListElement":[{"@type":"ListItem","position":1,"name":"Portada","item":"https:\/\/nahuelproducciones.com.ar\/radioquijano\/"},{"@type":"ListItem","position":2,"name":"Esclarecen violento robo en La Silleta"}]},{"@type":"WebSite","@id":"https:\/\/nahuelproducciones.com.ar\/radioquijano\/#website","url":"https:\/\/nahuelproducciones.com.ar\/radioquijano\/","name":"RQ 99.9","description":"Radio Quijano 99.9 MHz","potentialAction":[{"@type":"SearchAction","target":{"@type":"EntryPoint","urlTemplate":"https:\/\/nahuelproducciones.com.ar\/radioquijano\/?s={search_term_string}"},"query-input":"required name=search_term_string"}],"inLanguage":"es"},{"@type":"Person","@id":"https:\/\/nahuelproducciones.com.ar\/radioquijano\/#\/schema\/person\/e8a4f939e2cb487fe6d0c54042c9d32c","name":"Cecilia Pastrana","image":{"@type":"ImageObject","inLanguage":"es","@id":"https:\/\/nahuelproducciones.com.ar\/radioquijano\/#\/schema\/person\/image\/","url":"https:\/\/secure.gravatar.com\/avatar\/661a3ef63a8488d4f2794ed44af8cf71420f7e106f3072c40125114df5157749?s=96&d=mm&r=g","contentUrl":"https:\/\/secure.gravatar.com\/avatar\/661a3ef63a8488d4f2794ed44af8cf71420f7e106f3072c40125114df5157749?s=96&d=mm&r=g","caption":"Cecilia Pastrana"},"sameAs":["cecy"],"url":"https:\/\/nahuelproducciones.com.ar\/radioquijano\/author\/cecy\/"}]}},"_links":{"self":[{"href":"https:\/\/nahuelproducciones.com.ar\/radioquijano\/wp-json\/wp\/v2\/posts\/1219","targetHints":{"allow":["GET"]}}],"collection":[{"href":"https:\/\/nahuelproducciones.com.ar\/radioquijano\/wp-json\/wp\/v2\/posts"}],"about":[{"href":"https:\/\/nahuelproducciones.com.ar\/radioquijano\/wp-json\/wp\/v2\/types\/post"}],"author":[{"embeddable":true,"href":"https:\/\/nahuelproducciones.com.ar\/radioquijano\/wp-json\/wp\/v2\/users\/8"}],"replies":[{"embeddable":true,"href":"https:\/\/nahuelproducciones.com.ar\/radioquijano\/wp-json\/wp\/v2\/comments?post=1219"}],"version-history":[{"count":1,"href":"https:\/\/nahuelproducciones.com.ar\/radioquijano\/wp-json\/wp\/v2\/posts\/1219\/revisions"}],"predecessor-version":[{"id":1222,"href":"https:\/\/nahuelproducciones.com.ar\/radioquijano\/wp-json\/wp\/v2\/posts\/1219\/revisions\/1222"}],"wp:featuredmedia":[{"embeddable":true,"href":"https:\/\/nahuelproducciones.com.ar\/radioquijano\/wp-json\/wp\/v2\/media\/1220"}],"wp:attachment":[{"href":"https:\/\/nahuelproducciones.com.ar\/radioquijano\/wp-json\/wp\/v2\/media?parent=1219"}],"wp:term":[{"taxonomy":"category","embeddable":true,"href":"https:\/\/nahuelproducciones.com.ar\/radioquijano\/wp-json\/wp\/v2\/categories?post=1219"},{"taxonomy":"post_tag","embeddable":true,"href":"https:\/\/nahuelproducciones.com.ar\/radioquijano\/wp-json\/wp\/v2\/tags?post=1219"}],"curies":[{"name":"wp","href":"https:\/\/api.w.org\/{rel}","templated":true}]}}