{"id":1228,"date":"2021-07-25T01:57:26","date_gmt":"2021-07-25T04:57:26","guid":{"rendered":"https:\/\/nahuelproducciones.com.ar\/radioquijano\/?p=1228"},"modified":"2021-07-25T01:57:27","modified_gmt":"2021-07-25T04:57:27","slug":"hoy-es-la-fiesta-de-santiago-apostol","status":"publish","type":"post","link":"https:\/\/nahuelproducciones.com.ar\/radioquijano\/hoy-es-la-fiesta-de-santiago-apostol\/","title":{"rendered":"Hoy es la Fiesta de Santiago Ap\u00f3stol."},"content":{"rendered":"\n<p>Cada 25 de Julio Campo Quijano celebra la fiesta patronal en honor a Santiago Ap\u00f3stol y los fieles llegan a la Parroquia para agradecer.<\/p>\n\n\n\n<p>En este a\u00f1o se eligio como lema  \u00abEL AP\u00d3STOL SANTIAGO DE CORAZ\u00d3N PEREGRINO ACOMPA\u00d1A A CAMPO QUIJANO EN SU CAMINO\u00bb.<\/p>\n\n\n\n<p>Anoche se vivio la v\u00edspera con la presentacion de varios Coros invitados y a su t\u00e9rmino, a las 00:00 hs Santiago Ap\u00f3stol salio a bendecir a su Pueblo.<\/p>\n\n\n\n<p>Hoy la misa del Peregrino ser\u00e1 a las 08:30 hs. y a las 11:00hs se celebrar\u00e1 la Santa Misa.<\/p>\n\n\n\n<p>Concluida la Misa saldr\u00e1 la Caravana con 40 vehiculos registrados por protocolo y  acompa\u00f1ar\u00e1 a Santiago Ap\u00f3stol a recorrer las calles del pueblo.<\/p>\n\n\n\n<p>Se solicita a los vecinos , esperar al Santo Patrono en sus casas , en las veredas y saludarlo en su paso por el lugar.<\/p>\n\n\n\n<p>Al llegar Santiago Ap\u00f3stol a Nuestra Parroqu\u00eda ser\u00e1 trasladado a pie por los Gauchos de los diferentes agrupaciones y a modo de guardia de honor har\u00e1n su paso por la avenida 9 de julio con sentido calle San Mart\u00edn a calle 20 de Febrero.<\/p>\n\n\n\n<p>Se destaca este a\u00f1o el trabajo del grupo RISEN A.N.F  llevando la buena noticia por medio de la evangelizaci\u00f3n digital.<\/p>\n\n\n\n<p>Las transmisiones las realizan el grupo RISEN A.N.F. (P\u00e1gina del apostolado digital RESUCITADO Amor que Nunca Falla), retransmitida por p\u00e1gina face<a href=\"https:\/\/www.facebook.com\/parroquiasantiagoapostolcampoquijano\" target=\"_blank\" rel=\"noreferrer noopener\"> PARROQUIA SANTIAGO AP\u00d3STOL OFICIA<\/a>L y SANTIAGO COMPOSTELA, tambien por <a href=\"https:\/\/www.facebook.com\/nahuelproducciones999\/?ref=pages_you_manage\" target=\"_blank\" rel=\"noreferrer noopener\">Radio Quijano.<\/a><\/p>\n\n\n\n<p>Facebook: https:\/\/www.facebook.com\/RISEN-ANF-105171171713874\/<\/p>\n\n\n\n<p>Youtube: https:\/\/www.youtube.com\/channel\/UCcBr3szA2Ug6Tiusn7Q1GXQ<\/p>\n\n\n\n<p>Instagram: https:\/\/www.instagram.com\/risen.anf\/<\/p>\n\n\n\n<p>TikTok: https:\/\/vm.tiktok.com\/ZMe9xHrDp\/<\/p>\n\n\n\n<p>RQ99.9Mhz: https:\/\/nahuelproducciones.com.ar\/index.php\/rq999<\/p>\n\n\n\n<p>Agradecemos al PADRE JOS\u00c9 MARCOS Y COMUNIDAD PARROQUIAL SANTIAGO AP\u00d3STOL DE CAMPO QUIJANO.<\/p>\n\n\n\n<p><a href=\"https:\/\/www.facebook.com\/risenanf\" target=\"_blank\" rel=\"noreferrer noopener\">Risen #AmorQueNuncaFall<\/a>a <a href=\"https:\/\/nahuelproducciones.com.ar\/index.php\/rq999\" target=\"_blank\" rel=\"noreferrer noopener\">#RQ99.9Mhz<\/a><a href=\"https:\/\/nahuelproducciones.com.ar\/\"> Campo Quijano<\/a><\/p>\n\n\n\n<figure class=\"wp-block-image size-large\"><img loading=\"lazy\" decoding=\"async\" width=\"1024\" height=\"461\" src=\"https:\/\/nahuelproducciones.com.ar\/radioquijano\/wp-content\/uploads\/2021\/07\/WhatsApp-Image-2021-07-24-at-2.30.21-AM-1024x461.jpeg\" alt=\"\" class=\"wp-image-1230\"\/><\/figure>\n","protected":false},"excerpt":{"rendered":"<p>Cada 25 de Julio Campo Quijano celebra la fiesta patronal en honor a Santiago Ap\u00f3stol y los fieles llegan a la Parroquia para agradecer. En este a\u00f1o se eligio como lema \u00abEL AP\u00d3STOL SANTIAGO DE CORAZ\u00d3N PEREGRINO ACOMPA\u00d1A A CAMPO QUIJANO EN SU CAMINO\u00bb. Anoche se vivio la v\u00edspera con la presentacion de varios Coros [&hellip;]<\/p>\n","protected":false},"author":8,"featured_media":1229,"comment_status":"open","ping_status":"open","sticky":false,"template":"","format":"standard","meta":{"_monsterinsights_skip_tracking":false,"_monsterinsights_sitenote_active":false,"_monsterinsights_sitenote_note":"","_monsterinsights_sitenote_category":0,"footnotes":""},"categories":[2,16],"tags":[36,128,148],"class_list":["post-1228","post","type-post","status-publish","format-standard","has-post-thumbnail","hentry","category-cultura","category-noticias","tag-campo-quijano","tag-parroquia-santiago-apostol-oficial","tag-risen-a-n-f"],"yoast_head":"<!-- This site is optimized with the Yoast SEO plugin v20.8 - https:\/\/yoast.com\/wordpress\/plugins\/seo\/ -->\n<title>Hoy es la Fiesta de Santiago Ap\u00f3stol. - RQ 99.9<\/title>\n<meta name=\"description\" content=\"La misa del Peregrino ser\u00e1 a las 08:30 hs. y a las 11:00hs se celebrar\u00e1 la Santa Misa.\" \/>\n<meta name=\"robots\" content=\"index, follow, max-snippet:-1, max-image-preview:large, max-video-preview:-1\" \/>\n<link rel=\"canonical\" href=\"https:\/\/nahuelproducciones.com.ar\/radioquijano\/hoy-es-la-fiesta-de-santiago-apostol\/\" \/>\n<meta property=\"og:locale\" content=\"es_ES\" \/>\n<meta property=\"og:type\" content=\"article\" \/>\n<meta property=\"og:title\" content=\"Hoy es la Fiesta de Santiago Ap\u00f3stol. - RQ 99.9\" \/>\n<meta property=\"og:description\" content=\"La misa del Peregrino ser\u00e1 a las 08:30 hs. y a las 11:00hs se celebrar\u00e1 la Santa Misa.\" \/>\n<meta property=\"og:url\" content=\"https:\/\/nahuelproducciones.com.ar\/radioquijano\/hoy-es-la-fiesta-de-santiago-apostol\/\" \/>\n<meta property=\"og:site_name\" content=\"RQ 99.9\" \/>\n<meta property=\"article:publisher\" content=\"https:\/\/www.facebook.com\/nahuelproducciones999\/\" \/>\n<meta property=\"article:published_time\" content=\"2021-07-25T04:57:26+00:00\" \/>\n<meta property=\"article:modified_time\" content=\"2021-07-25T04:57:27+00:00\" \/>\n<meta property=\"og:image\" content=\"https:\/\/nahuelproducciones.com.ar\/radioquijano\/wp-content\/uploads\/2021\/07\/santiago-apostoljpg-e1627188753734.jpg\" \/>\n\t<meta property=\"og:image:width\" content=\"576\" \/>\n\t<meta property=\"og:image:height\" content=\"1280\" \/>\n\t<meta property=\"og:image:type\" content=\"image\/jpeg\" \/>\n<meta name=\"author\" content=\"Cecilia Pastrana\" \/>\n<meta name=\"twitter:card\" content=\"summary_large_image\" \/>\n<meta name=\"twitter:creator\" content=\"@nahuproduciones\" \/>\n<meta name=\"twitter:site\" content=\"@nahuproduciones\" \/>\n<meta name=\"twitter:label1\" content=\"Escrito por\" \/>\n\t<meta name=\"twitter:data1\" content=\"Cecilia Pastrana\" \/>\n\t<meta name=\"twitter:label2\" content=\"Tiempo de lectura\" \/>\n\t<meta name=\"twitter:data2\" content=\"2 minutos\" \/>\n<script type=\"application\/ld+json\" class=\"yoast-schema-graph\">{\"@context\":\"https:\/\/schema.org\",\"@graph\":[{\"@type\":\"WebPage\",\"@id\":\"https:\/\/nahuelproducciones.com.ar\/radioquijano\/hoy-es-la-fiesta-de-santiago-apostol\/\",\"url\":\"https:\/\/nahuelproducciones.com.ar\/radioquijano\/hoy-es-la-fiesta-de-santiago-apostol\/\",\"name\":\"Hoy es la Fiesta de Santiago Ap\u00f3stol. - RQ 99.9\",\"isPartOf\":{\"@id\":\"https:\/\/nahuelproducciones.com.ar\/radioquijano\/#website\"},\"datePublished\":\"2021-07-25T04:57:26+00:00\",\"dateModified\":\"2021-07-25T04:57:27+00:00\",\"author\":{\"@id\":\"https:\/\/nahuelproducciones.com.ar\/radioquijano\/#\/schema\/person\/e8a4f939e2cb487fe6d0c54042c9d32c\"},\"description\":\"La misa del Peregrino ser\u00e1 a las 08:30 hs. y a las 11:00hs se celebrar\u00e1 la Santa Misa.\",\"breadcrumb\":{\"@id\":\"https:\/\/nahuelproducciones.com.ar\/radioquijano\/hoy-es-la-fiesta-de-santiago-apostol\/#breadcrumb\"},\"inLanguage\":\"es\",\"potentialAction\":[{\"@type\":\"ReadAction\",\"target\":[\"https:\/\/nahuelproducciones.com.ar\/radioquijano\/hoy-es-la-fiesta-de-santiago-apostol\/\"]}]},{\"@type\":\"BreadcrumbList\",\"@id\":\"https:\/\/nahuelproducciones.com.ar\/radioquijano\/hoy-es-la-fiesta-de-santiago-apostol\/#breadcrumb\",\"itemListElement\":[{\"@type\":\"ListItem\",\"position\":1,\"name\":\"Portada\",\"item\":\"https:\/\/nahuelproducciones.com.ar\/radioquijano\/\"},{\"@type\":\"ListItem\",\"position\":2,\"name\":\"Hoy es la Fiesta de Santiago Ap\u00f3stol.\"}]},{\"@type\":\"WebSite\",\"@id\":\"https:\/\/nahuelproducciones.com.ar\/radioquijano\/#website\",\"url\":\"https:\/\/nahuelproducciones.com.ar\/radioquijano\/\",\"name\":\"RQ 99.9\",\"description\":\"Radio Quijano 99.9 MHz\",\"potentialAction\":[{\"@type\":\"SearchAction\",\"target\":{\"@type\":\"EntryPoint\",\"urlTemplate\":\"https:\/\/nahuelproducciones.com.ar\/radioquijano\/?s={search_term_string}\"},\"query-input\":\"required name=search_term_string\"}],\"inLanguage\":\"es\"},{\"@type\":\"Person\",\"@id\":\"https:\/\/nahuelproducciones.com.ar\/radioquijano\/#\/schema\/person\/e8a4f939e2cb487fe6d0c54042c9d32c\",\"name\":\"Cecilia Pastrana\",\"image\":{\"@type\":\"ImageObject\",\"inLanguage\":\"es\",\"@id\":\"https:\/\/nahuelproducciones.com.ar\/radioquijano\/#\/schema\/person\/image\/\",\"url\":\"https:\/\/secure.gravatar.com\/avatar\/661a3ef63a8488d4f2794ed44af8cf71420f7e106f3072c40125114df5157749?s=96&d=mm&r=g\",\"contentUrl\":\"https:\/\/secure.gravatar.com\/avatar\/661a3ef63a8488d4f2794ed44af8cf71420f7e106f3072c40125114df5157749?s=96&d=mm&r=g\",\"caption\":\"Cecilia Pastrana\"},\"sameAs\":[\"cecy\"],\"url\":\"https:\/\/nahuelproducciones.com.ar\/radioquijano\/author\/cecy\/\"}]}<\/script>\n<!-- \/ Yoast SEO plugin. -->","yoast_head_json":{"title":"Hoy es la Fiesta de Santiago Ap\u00f3stol. - RQ 99.9","description":"La misa del Peregrino ser\u00e1 a las 08:30 hs. y a las 11:00hs se celebrar\u00e1 la Santa Misa.","robots":{"index":"index","follow":"follow","max-snippet":"max-snippet:-1","max-image-preview":"max-image-preview:large","max-video-preview":"max-video-preview:-1"},"canonical":"https:\/\/nahuelproducciones.com.ar\/radioquijano\/hoy-es-la-fiesta-de-santiago-apostol\/","og_locale":"es_ES","og_type":"article","og_title":"Hoy es la Fiesta de Santiago Ap\u00f3stol. - RQ 99.9","og_description":"La misa del Peregrino ser\u00e1 a las 08:30 hs. y a las 11:00hs se celebrar\u00e1 la Santa Misa.","og_url":"https:\/\/nahuelproducciones.com.ar\/radioquijano\/hoy-es-la-fiesta-de-santiago-apostol\/","og_site_name":"RQ 99.9","article_publisher":"https:\/\/www.facebook.com\/nahuelproducciones999\/","article_published_time":"2021-07-25T04:57:26+00:00","article_modified_time":"2021-07-25T04:57:27+00:00","og_image":[{"width":576,"height":1280,"url":"https:\/\/nahuelproducciones.com.ar\/radioquijano\/wp-content\/uploads\/2021\/07\/santiago-apostoljpg-e1627188753734.jpg","type":"image\/jpeg"}],"author":"Cecilia Pastrana","twitter_card":"summary_large_image","twitter_creator":"@nahuproduciones","twitter_site":"@nahuproduciones","twitter_misc":{"Escrito por":"Cecilia Pastrana","Tiempo de lectura":"2 minutos"},"schema":{"@context":"https:\/\/schema.org","@graph":[{"@type":"WebPage","@id":"https:\/\/nahuelproducciones.com.ar\/radioquijano\/hoy-es-la-fiesta-de-santiago-apostol\/","url":"https:\/\/nahuelproducciones.com.ar\/radioquijano\/hoy-es-la-fiesta-de-santiago-apostol\/","name":"Hoy es la Fiesta de Santiago Ap\u00f3stol. - RQ 99.9","isPartOf":{"@id":"https:\/\/nahuelproducciones.com.ar\/radioquijano\/#website"},"datePublished":"2021-07-25T04:57:26+00:00","dateModified":"2021-07-25T04:57:27+00:00","author":{"@id":"https:\/\/nahuelproducciones.com.ar\/radioquijano\/#\/schema\/person\/e8a4f939e2cb487fe6d0c54042c9d32c"},"description":"La misa del Peregrino ser\u00e1 a las 08:30 hs. y a las 11:00hs se celebrar\u00e1 la Santa Misa.","breadcrumb":{"@id":"https:\/\/nahuelproducciones.com.ar\/radioquijano\/hoy-es-la-fiesta-de-santiago-apostol\/#breadcrumb"},"inLanguage":"es","potentialAction":[{"@type":"ReadAction","target":["https:\/\/nahuelproducciones.com.ar\/radioquijano\/hoy-es-la-fiesta-de-santiago-apostol\/"]}]},{"@type":"BreadcrumbList","@id":"https:\/\/nahuelproducciones.com.ar\/radioquijano\/hoy-es-la-fiesta-de-santiago-apostol\/#breadcrumb","itemListElement":[{"@type":"ListItem","position":1,"name":"Portada","item":"https:\/\/nahuelproducciones.com.ar\/radioquijano\/"},{"@type":"ListItem","position":2,"name":"Hoy es la Fiesta de Santiago Ap\u00f3stol."}]},{"@type":"WebSite","@id":"https:\/\/nahuelproducciones.com.ar\/radioquijano\/#website","url":"https:\/\/nahuelproducciones.com.ar\/radioquijano\/","name":"RQ 99.9","description":"Radio Quijano 99.9 MHz","potentialAction":[{"@type":"SearchAction","target":{"@type":"EntryPoint","urlTemplate":"https:\/\/nahuelproducciones.com.ar\/radioquijano\/?s={search_term_string}"},"query-input":"required name=search_term_string"}],"inLanguage":"es"},{"@type":"Person","@id":"https:\/\/nahuelproducciones.com.ar\/radioquijano\/#\/schema\/person\/e8a4f939e2cb487fe6d0c54042c9d32c","name":"Cecilia Pastrana","image":{"@type":"ImageObject","inLanguage":"es","@id":"https:\/\/nahuelproducciones.com.ar\/radioquijano\/#\/schema\/person\/image\/","url":"https:\/\/secure.gravatar.com\/avatar\/661a3ef63a8488d4f2794ed44af8cf71420f7e106f3072c40125114df5157749?s=96&d=mm&r=g","contentUrl":"https:\/\/secure.gravatar.com\/avatar\/661a3ef63a8488d4f2794ed44af8cf71420f7e106f3072c40125114df5157749?s=96&d=mm&r=g","caption":"Cecilia Pastrana"},"sameAs":["cecy"],"url":"https:\/\/nahuelproducciones.com.ar\/radioquijano\/author\/cecy\/"}]}},"_links":{"self":[{"href":"https:\/\/nahuelproducciones.com.ar\/radioquijano\/wp-json\/wp\/v2\/posts\/1228","targetHints":{"allow":["GET"]}}],"collection":[{"href":"https:\/\/nahuelproducciones.com.ar\/radioquijano\/wp-json\/wp\/v2\/posts"}],"about":[{"href":"https:\/\/nahuelproducciones.com.ar\/radioquijano\/wp-json\/wp\/v2\/types\/post"}],"author":[{"embeddable":true,"href":"https:\/\/nahuelproducciones.com.ar\/radioquijano\/wp-json\/wp\/v2\/users\/8"}],"replies":[{"embeddable":true,"href":"https:\/\/nahuelproducciones.com.ar\/radioquijano\/wp-json\/wp\/v2\/comments?post=1228"}],"version-history":[{"count":1,"href":"https:\/\/nahuelproducciones.com.ar\/radioquijano\/wp-json\/wp\/v2\/posts\/1228\/revisions"}],"predecessor-version":[{"id":1231,"href":"https:\/\/nahuelproducciones.com.ar\/radioquijano\/wp-json\/wp\/v2\/posts\/1228\/revisions\/1231"}],"wp:featuredmedia":[{"embeddable":true,"href":"https:\/\/nahuelproducciones.com.ar\/radioquijano\/wp-json\/wp\/v2\/media\/1229"}],"wp:attachment":[{"href":"https:\/\/nahuelproducciones.com.ar\/radioquijano\/wp-json\/wp\/v2\/media?parent=1228"}],"wp:term":[{"taxonomy":"category","embeddable":true,"href":"https:\/\/nahuelproducciones.com.ar\/radioquijano\/wp-json\/wp\/v2\/categories?post=1228"},{"taxonomy":"post_tag","embeddable":true,"href":"https:\/\/nahuelproducciones.com.ar\/radioquijano\/wp-json\/wp\/v2\/tags?post=1228"}],"curies":[{"name":"wp","href":"https:\/\/api.w.org\/{rel}","templated":true}]}}