{"id":12290,"date":"2026-04-28T11:26:05","date_gmt":"2026-04-28T14:26:05","guid":{"rendered":"https:\/\/nahuelproducciones.com.ar\/radioquijano\/?p=12290"},"modified":"2026-04-28T11:26:06","modified_gmt":"2026-04-28T14:26:06","slug":"peligro-en-barrio-vecinos-denuncian-que-el-enripiado-de-calle-edmundo-ibanez-provoca-danos-y-riesgos","status":"publish","type":"post","link":"https:\/\/nahuelproducciones.com.ar\/radioquijano\/peligro-en-barrio-vecinos-denuncian-que-el-enripiado-de-calle-edmundo-ibanez-provoca-danos-y-riesgos\/","title":{"rendered":"Peligro en barrio: vecinos denuncian que el enripiado de calle Edmundo Iba\u00f1ez provoca da\u00f1os y riesgos"},"content":{"rendered":"\n<p>Vecinos de la calle Edmundo Iba\u00f1ez manifestaron su preocupaci\u00f3n por la reciente intervenci\u00f3n municipal de enripiado, que lejos de mejorar la transitabilidad, estar\u00eda generando situaciones de peligro constante.<\/p>\n\n\n\n<p>Seg\u00fan relatan, se trata de una arteria con intenso tr\u00e1nsito pesado, donde el paso frecuente de camiones provoca que las piedras sueltas del enripiado sean despedidas con fuerza, impactando contra viviendas, veh\u00edculos e incluso poniendo en riesgo a las personas.<\/p>\n\n\n\n<p>\u201cEncima hay que esquivar las municiones\u201d, expres\u00f3 con indignaci\u00f3n una vecina, graficando la peligrosidad de la situaci\u00f3n. En ese sentido, cuestion\u00f3 la falta de conocimiento del terreno por parte de las autoridades: \u201cEl ingeniero del municipio no tiene idea de mi calle. El de tr\u00e1nsito tampoco. Como ellos no viven aqu\u00ed, no dimensionan el da\u00f1o\u201d.<\/p>\n\n\n\n<p>Las consecuencias ya son visibles. Ventanas rotas, como la que se observa en la imagen tomada durante la jornada, evidencian el impacto directo de las piedras que salen despedidas con cada veh\u00edculo de gran porte que circula por la zona.<\/p>\n\n\n\n<p>Los vecinos solicitan una pronta intervenci\u00f3n del municipio, ya sea mediante la compactaci\u00f3n adecuada del material, la colocaci\u00f3n de otro tipo de superficie o la regulaci\u00f3n del tr\u00e1nsito pesado, antes de que ocurra un accidente mayor.<\/p>\n\n\n\n<p>Mientras tanto, el temor crece en el barrio, donde cada cami\u00f3n que pasa no solo levanta polvo, sino tambi\u00e9n una lluvia de piedras que se convierte en un verdadero peligro cotidiano.<\/p>\n\n\n\n<figure class=\"wp-block-gallery has-nested-images columns-default is-cropped wp-block-gallery-1 is-layout-flex wp-block-gallery-is-layout-flex\">\n<figure class=\"wp-block-image size-large\"><img loading=\"lazy\" decoding=\"async\" width=\"580\" height=\"1024\" data-id=\"12292\" src=\"https:\/\/nahuelproducciones.com.ar\/radioquijano\/wp-content\/uploads\/2026\/04\/WhatsApp-Image-2026-04-27-at-10.55.24-PM-1-580x1024.jpeg\" alt=\"\" class=\"wp-image-12292\" srcset=\"https:\/\/nahuelproducciones.com.ar\/radioquijano\/wp-content\/uploads\/2026\/04\/WhatsApp-Image-2026-04-27-at-10.55.24-PM-1-580x1024.jpeg 580w, https:\/\/nahuelproducciones.com.ar\/radioquijano\/wp-content\/uploads\/2026\/04\/WhatsApp-Image-2026-04-27-at-10.55.24-PM-1-170x300.jpeg 170w, https:\/\/nahuelproducciones.com.ar\/radioquijano\/wp-content\/uploads\/2026\/04\/WhatsApp-Image-2026-04-27-at-10.55.24-PM-1-768x1355.jpeg 768w, https:\/\/nahuelproducciones.com.ar\/radioquijano\/wp-content\/uploads\/2026\/04\/WhatsApp-Image-2026-04-27-at-10.55.24-PM-1-870x1536.jpeg 870w, https:\/\/nahuelproducciones.com.ar\/radioquijano\/wp-content\/uploads\/2026\/04\/WhatsApp-Image-2026-04-27-at-10.55.24-PM-1-150x265.jpeg 150w, https:\/\/nahuelproducciones.com.ar\/radioquijano\/wp-content\/uploads\/2026\/04\/WhatsApp-Image-2026-04-27-at-10.55.24-PM-1.jpeg 906w\" sizes=\"auto, (max-width: 580px) 100vw, 580px\" \/><\/figure>\n\n\n\n<figure class=\"wp-block-image size-large\"><img loading=\"lazy\" decoding=\"async\" width=\"768\" height=\"1024\" data-id=\"12293\" src=\"https:\/\/nahuelproducciones.com.ar\/radioquijano\/wp-content\/uploads\/2026\/04\/WhatsApp-Image-2026-04-28-at-10.37.48-AM-768x1024.jpeg\" alt=\"\" class=\"wp-image-12293\" srcset=\"https:\/\/nahuelproducciones.com.ar\/radioquijano\/wp-content\/uploads\/2026\/04\/WhatsApp-Image-2026-04-28-at-10.37.48-AM-768x1024.jpeg 768w, https:\/\/nahuelproducciones.com.ar\/radioquijano\/wp-content\/uploads\/2026\/04\/WhatsApp-Image-2026-04-28-at-10.37.48-AM-225x300.jpeg 225w, https:\/\/nahuelproducciones.com.ar\/radioquijano\/wp-content\/uploads\/2026\/04\/WhatsApp-Image-2026-04-28-at-10.37.48-AM-1152x1536.jpeg 1152w, https:\/\/nahuelproducciones.com.ar\/radioquijano\/wp-content\/uploads\/2026\/04\/WhatsApp-Image-2026-04-28-at-10.37.48-AM-640x853.jpeg 640w, https:\/\/nahuelproducciones.com.ar\/radioquijano\/wp-content\/uploads\/2026\/04\/WhatsApp-Image-2026-04-28-at-10.37.48-AM-150x200.jpeg 150w, https:\/\/nahuelproducciones.com.ar\/radioquijano\/wp-content\/uploads\/2026\/04\/WhatsApp-Image-2026-04-28-at-10.37.48-AM.jpeg 1200w\" sizes=\"auto, (max-width: 768px) 100vw, 768px\" \/><\/figure>\n<\/figure>\n","protected":false},"excerpt":{"rendered":"<p>Vecinos de la calle Edmundo Iba\u00f1ez manifestaron su preocupaci\u00f3n por la reciente intervenci\u00f3n municipal de enripiado, que lejos de mejorar la transitabilidad, estar\u00eda generando situaciones de peligro constante. Seg\u00fan relatan, se trata de una arteria con intenso tr\u00e1nsito pesado, donde el paso frecuente de camiones provoca que las piedras sueltas del enripiado sean despedidas con [&hellip;]<\/p>\n","protected":false},"author":8,"featured_media":12291,"comment_status":"open","ping_status":"open","sticky":false,"template":"","format":"standard","meta":{"_monsterinsights_skip_tracking":false,"_monsterinsights_sitenote_active":false,"_monsterinsights_sitenote_note":"","_monsterinsights_sitenote_category":0,"footnotes":""},"categories":[16],"tags":[2108,100],"class_list":["post-12290","post","type-post","status-publish","format-standard","has-post-thumbnail","hentry","category-noticias","tag-calle-edmundo-ibanez","tag-municipio-de-campo-quijano"],"yoast_head":"<!-- This site is optimized with the Yoast SEO plugin v20.8 - https:\/\/yoast.com\/wordpress\/plugins\/seo\/ -->\n<title>Peligro en barrio: vecinos denuncian que el enripiado de calle Edmundo Iba\u00f1ez provoca da\u00f1os y riesgos - RQ 99.9<\/title>\n<meta name=\"description\" content=\"Cada cami\u00f3n que pasa no solo levanta polvo, sino tambi\u00e9n una lluvia de piedras que se convierte en un verdadero peligro cotidiano.\" \/>\n<meta name=\"robots\" content=\"index, follow, max-snippet:-1, max-image-preview:large, max-video-preview:-1\" \/>\n<link rel=\"canonical\" href=\"https:\/\/nahuelproducciones.com.ar\/radioquijano\/peligro-en-barrio-vecinos-denuncian-que-el-enripiado-de-calle-edmundo-ibanez-provoca-danos-y-riesgos\/\" \/>\n<meta property=\"og:locale\" content=\"es_ES\" \/>\n<meta property=\"og:type\" content=\"article\" \/>\n<meta property=\"og:title\" content=\"Peligro en barrio: vecinos denuncian que el enripiado de calle Edmundo Iba\u00f1ez provoca da\u00f1os y riesgos - RQ 99.9\" \/>\n<meta property=\"og:description\" content=\"Cada cami\u00f3n que pasa no solo levanta polvo, sino tambi\u00e9n una lluvia de piedras que se convierte en un verdadero peligro cotidiano.\" \/>\n<meta property=\"og:url\" content=\"https:\/\/nahuelproducciones.com.ar\/radioquijano\/peligro-en-barrio-vecinos-denuncian-que-el-enripiado-de-calle-edmundo-ibanez-provoca-danos-y-riesgos\/\" \/>\n<meta property=\"og:site_name\" content=\"RQ 99.9\" \/>\n<meta property=\"article:publisher\" content=\"https:\/\/www.facebook.com\/nahuelproducciones999\/\" \/>\n<meta property=\"article:published_time\" content=\"2026-04-28T14:26:05+00:00\" \/>\n<meta property=\"article:modified_time\" content=\"2026-04-28T14:26:06+00:00\" \/>\n<meta property=\"og:image\" content=\"https:\/\/nahuelproducciones.com.ar\/radioquijano\/wp-content\/uploads\/2026\/04\/WhatsApp-Image-2026-04-27-at-10.55.24-PM-e1777386259764.jpeg\" \/>\n\t<meta property=\"og:image:width\" content=\"700\" \/>\n\t<meta property=\"og:image:height\" content=\"1235\" \/>\n\t<meta property=\"og:image:type\" content=\"image\/jpeg\" \/>\n<meta name=\"author\" content=\"Cecilia Pastrana\" \/>\n<meta name=\"twitter:card\" content=\"summary_large_image\" \/>\n<meta name=\"twitter:creator\" content=\"@nahuproduciones\" \/>\n<meta name=\"twitter:site\" content=\"@nahuproduciones\" \/>\n<meta name=\"twitter:label1\" content=\"Escrito por\" \/>\n\t<meta name=\"twitter:data1\" content=\"Cecilia Pastrana\" \/>\n\t<meta name=\"twitter:label2\" content=\"Tiempo de lectura\" \/>\n\t<meta name=\"twitter:data2\" content=\"2 minutos\" \/>\n<script type=\"application\/ld+json\" class=\"yoast-schema-graph\">{\"@context\":\"https:\/\/schema.org\",\"@graph\":[{\"@type\":\"WebPage\",\"@id\":\"https:\/\/nahuelproducciones.com.ar\/radioquijano\/peligro-en-barrio-vecinos-denuncian-que-el-enripiado-de-calle-edmundo-ibanez-provoca-danos-y-riesgos\/\",\"url\":\"https:\/\/nahuelproducciones.com.ar\/radioquijano\/peligro-en-barrio-vecinos-denuncian-que-el-enripiado-de-calle-edmundo-ibanez-provoca-danos-y-riesgos\/\",\"name\":\"Peligro en barrio: vecinos denuncian que el enripiado de calle Edmundo Iba\u00f1ez provoca da\u00f1os y riesgos - RQ 99.9\",\"isPartOf\":{\"@id\":\"https:\/\/nahuelproducciones.com.ar\/radioquijano\/#website\"},\"datePublished\":\"2026-04-28T14:26:05+00:00\",\"dateModified\":\"2026-04-28T14:26:06+00:00\",\"author\":{\"@id\":\"https:\/\/nahuelproducciones.com.ar\/radioquijano\/#\/schema\/person\/e8a4f939e2cb487fe6d0c54042c9d32c\"},\"description\":\"Cada cami\u00f3n que pasa no solo levanta polvo, sino tambi\u00e9n una lluvia de piedras que se convierte en un verdadero peligro cotidiano.\",\"breadcrumb\":{\"@id\":\"https:\/\/nahuelproducciones.com.ar\/radioquijano\/peligro-en-barrio-vecinos-denuncian-que-el-enripiado-de-calle-edmundo-ibanez-provoca-danos-y-riesgos\/#breadcrumb\"},\"inLanguage\":\"es\",\"potentialAction\":[{\"@type\":\"ReadAction\",\"target\":[\"https:\/\/nahuelproducciones.com.ar\/radioquijano\/peligro-en-barrio-vecinos-denuncian-que-el-enripiado-de-calle-edmundo-ibanez-provoca-danos-y-riesgos\/\"]}]},{\"@type\":\"BreadcrumbList\",\"@id\":\"https:\/\/nahuelproducciones.com.ar\/radioquijano\/peligro-en-barrio-vecinos-denuncian-que-el-enripiado-de-calle-edmundo-ibanez-provoca-danos-y-riesgos\/#breadcrumb\",\"itemListElement\":[{\"@type\":\"ListItem\",\"position\":1,\"name\":\"Portada\",\"item\":\"https:\/\/nahuelproducciones.com.ar\/radioquijano\/\"},{\"@type\":\"ListItem\",\"position\":2,\"name\":\"Peligro en barrio: vecinos denuncian que el enripiado de calle Edmundo Iba\u00f1ez provoca da\u00f1os y riesgos\"}]},{\"@type\":\"WebSite\",\"@id\":\"https:\/\/nahuelproducciones.com.ar\/radioquijano\/#website\",\"url\":\"https:\/\/nahuelproducciones.com.ar\/radioquijano\/\",\"name\":\"RQ 99.9\",\"description\":\"Radio Quijano 99.9 MHz\",\"potentialAction\":[{\"@type\":\"SearchAction\",\"target\":{\"@type\":\"EntryPoint\",\"urlTemplate\":\"https:\/\/nahuelproducciones.com.ar\/radioquijano\/?s={search_term_string}\"},\"query-input\":\"required name=search_term_string\"}],\"inLanguage\":\"es\"},{\"@type\":\"Person\",\"@id\":\"https:\/\/nahuelproducciones.com.ar\/radioquijano\/#\/schema\/person\/e8a4f939e2cb487fe6d0c54042c9d32c\",\"name\":\"Cecilia Pastrana\",\"image\":{\"@type\":\"ImageObject\",\"inLanguage\":\"es\",\"@id\":\"https:\/\/nahuelproducciones.com.ar\/radioquijano\/#\/schema\/person\/image\/\",\"url\":\"https:\/\/secure.gravatar.com\/avatar\/661a3ef63a8488d4f2794ed44af8cf71420f7e106f3072c40125114df5157749?s=96&d=mm&r=g\",\"contentUrl\":\"https:\/\/secure.gravatar.com\/avatar\/661a3ef63a8488d4f2794ed44af8cf71420f7e106f3072c40125114df5157749?s=96&d=mm&r=g\",\"caption\":\"Cecilia Pastrana\"},\"sameAs\":[\"cecy\"],\"url\":\"https:\/\/nahuelproducciones.com.ar\/radioquijano\/author\/cecy\/\"}]}<\/script>\n<!-- \/ Yoast SEO plugin. -->","yoast_head_json":{"title":"Peligro en barrio: vecinos denuncian que el enripiado de calle Edmundo Iba\u00f1ez provoca da\u00f1os y riesgos - RQ 99.9","description":"Cada cami\u00f3n que pasa no solo levanta polvo, sino tambi\u00e9n una lluvia de piedras que se convierte en un verdadero peligro cotidiano.","robots":{"index":"index","follow":"follow","max-snippet":"max-snippet:-1","max-image-preview":"max-image-preview:large","max-video-preview":"max-video-preview:-1"},"canonical":"https:\/\/nahuelproducciones.com.ar\/radioquijano\/peligro-en-barrio-vecinos-denuncian-que-el-enripiado-de-calle-edmundo-ibanez-provoca-danos-y-riesgos\/","og_locale":"es_ES","og_type":"article","og_title":"Peligro en barrio: vecinos denuncian que el enripiado de calle Edmundo Iba\u00f1ez provoca da\u00f1os y riesgos - RQ 99.9","og_description":"Cada cami\u00f3n que pasa no solo levanta polvo, sino tambi\u00e9n una lluvia de piedras que se convierte en un verdadero peligro cotidiano.","og_url":"https:\/\/nahuelproducciones.com.ar\/radioquijano\/peligro-en-barrio-vecinos-denuncian-que-el-enripiado-de-calle-edmundo-ibanez-provoca-danos-y-riesgos\/","og_site_name":"RQ 99.9","article_publisher":"https:\/\/www.facebook.com\/nahuelproducciones999\/","article_published_time":"2026-04-28T14:26:05+00:00","article_modified_time":"2026-04-28T14:26:06+00:00","og_image":[{"width":700,"height":1235,"url":"https:\/\/nahuelproducciones.com.ar\/radioquijano\/wp-content\/uploads\/2026\/04\/WhatsApp-Image-2026-04-27-at-10.55.24-PM-e1777386259764.jpeg","type":"image\/jpeg"}],"author":"Cecilia Pastrana","twitter_card":"summary_large_image","twitter_creator":"@nahuproduciones","twitter_site":"@nahuproduciones","twitter_misc":{"Escrito por":"Cecilia Pastrana","Tiempo de lectura":"2 minutos"},"schema":{"@context":"https:\/\/schema.org","@graph":[{"@type":"WebPage","@id":"https:\/\/nahuelproducciones.com.ar\/radioquijano\/peligro-en-barrio-vecinos-denuncian-que-el-enripiado-de-calle-edmundo-ibanez-provoca-danos-y-riesgos\/","url":"https:\/\/nahuelproducciones.com.ar\/radioquijano\/peligro-en-barrio-vecinos-denuncian-que-el-enripiado-de-calle-edmundo-ibanez-provoca-danos-y-riesgos\/","name":"Peligro en barrio: vecinos denuncian que el enripiado de calle Edmundo Iba\u00f1ez provoca da\u00f1os y riesgos - RQ 99.9","isPartOf":{"@id":"https:\/\/nahuelproducciones.com.ar\/radioquijano\/#website"},"datePublished":"2026-04-28T14:26:05+00:00","dateModified":"2026-04-28T14:26:06+00:00","author":{"@id":"https:\/\/nahuelproducciones.com.ar\/radioquijano\/#\/schema\/person\/e8a4f939e2cb487fe6d0c54042c9d32c"},"description":"Cada cami\u00f3n que pasa no solo levanta polvo, sino tambi\u00e9n una lluvia de piedras que se convierte en un verdadero peligro cotidiano.","breadcrumb":{"@id":"https:\/\/nahuelproducciones.com.ar\/radioquijano\/peligro-en-barrio-vecinos-denuncian-que-el-enripiado-de-calle-edmundo-ibanez-provoca-danos-y-riesgos\/#breadcrumb"},"inLanguage":"es","potentialAction":[{"@type":"ReadAction","target":["https:\/\/nahuelproducciones.com.ar\/radioquijano\/peligro-en-barrio-vecinos-denuncian-que-el-enripiado-de-calle-edmundo-ibanez-provoca-danos-y-riesgos\/"]}]},{"@type":"BreadcrumbList","@id":"https:\/\/nahuelproducciones.com.ar\/radioquijano\/peligro-en-barrio-vecinos-denuncian-que-el-enripiado-de-calle-edmundo-ibanez-provoca-danos-y-riesgos\/#breadcrumb","itemListElement":[{"@type":"ListItem","position":1,"name":"Portada","item":"https:\/\/nahuelproducciones.com.ar\/radioquijano\/"},{"@type":"ListItem","position":2,"name":"Peligro en barrio: vecinos denuncian que el enripiado de calle Edmundo Iba\u00f1ez provoca da\u00f1os y riesgos"}]},{"@type":"WebSite","@id":"https:\/\/nahuelproducciones.com.ar\/radioquijano\/#website","url":"https:\/\/nahuelproducciones.com.ar\/radioquijano\/","name":"RQ 99.9","description":"Radio Quijano 99.9 MHz","potentialAction":[{"@type":"SearchAction","target":{"@type":"EntryPoint","urlTemplate":"https:\/\/nahuelproducciones.com.ar\/radioquijano\/?s={search_term_string}"},"query-input":"required name=search_term_string"}],"inLanguage":"es"},{"@type":"Person","@id":"https:\/\/nahuelproducciones.com.ar\/radioquijano\/#\/schema\/person\/e8a4f939e2cb487fe6d0c54042c9d32c","name":"Cecilia Pastrana","image":{"@type":"ImageObject","inLanguage":"es","@id":"https:\/\/nahuelproducciones.com.ar\/radioquijano\/#\/schema\/person\/image\/","url":"https:\/\/secure.gravatar.com\/avatar\/661a3ef63a8488d4f2794ed44af8cf71420f7e106f3072c40125114df5157749?s=96&d=mm&r=g","contentUrl":"https:\/\/secure.gravatar.com\/avatar\/661a3ef63a8488d4f2794ed44af8cf71420f7e106f3072c40125114df5157749?s=96&d=mm&r=g","caption":"Cecilia Pastrana"},"sameAs":["cecy"],"url":"https:\/\/nahuelproducciones.com.ar\/radioquijano\/author\/cecy\/"}]}},"_links":{"self":[{"href":"https:\/\/nahuelproducciones.com.ar\/radioquijano\/wp-json\/wp\/v2\/posts\/12290","targetHints":{"allow":["GET"]}}],"collection":[{"href":"https:\/\/nahuelproducciones.com.ar\/radioquijano\/wp-json\/wp\/v2\/posts"}],"about":[{"href":"https:\/\/nahuelproducciones.com.ar\/radioquijano\/wp-json\/wp\/v2\/types\/post"}],"author":[{"embeddable":true,"href":"https:\/\/nahuelproducciones.com.ar\/radioquijano\/wp-json\/wp\/v2\/users\/8"}],"replies":[{"embeddable":true,"href":"https:\/\/nahuelproducciones.com.ar\/radioquijano\/wp-json\/wp\/v2\/comments?post=12290"}],"version-history":[{"count":1,"href":"https:\/\/nahuelproducciones.com.ar\/radioquijano\/wp-json\/wp\/v2\/posts\/12290\/revisions"}],"predecessor-version":[{"id":12294,"href":"https:\/\/nahuelproducciones.com.ar\/radioquijano\/wp-json\/wp\/v2\/posts\/12290\/revisions\/12294"}],"wp:featuredmedia":[{"embeddable":true,"href":"https:\/\/nahuelproducciones.com.ar\/radioquijano\/wp-json\/wp\/v2\/media\/12291"}],"wp:attachment":[{"href":"https:\/\/nahuelproducciones.com.ar\/radioquijano\/wp-json\/wp\/v2\/media?parent=12290"}],"wp:term":[{"taxonomy":"category","embeddable":true,"href":"https:\/\/nahuelproducciones.com.ar\/radioquijano\/wp-json\/wp\/v2\/categories?post=12290"},{"taxonomy":"post_tag","embeddable":true,"href":"https:\/\/nahuelproducciones.com.ar\/radioquijano\/wp-json\/wp\/v2\/tags?post=12290"}],"curies":[{"name":"wp","href":"https:\/\/api.w.org\/{rel}","templated":true}]}}