{"id":12295,"date":"2026-04-29T21:58:25","date_gmt":"2026-04-30T00:58:25","guid":{"rendered":"https:\/\/nahuelproducciones.com.ar\/radioquijano\/?p=12295"},"modified":"2026-04-29T23:04:34","modified_gmt":"2026-04-30T02:04:34","slug":"concejales-de-campo-quijano-fijaron-sus-dietas-en-sesion-ordinaria","status":"publish","type":"post","link":"https:\/\/nahuelproducciones.com.ar\/radioquijano\/concejales-de-campo-quijano-fijaron-sus-dietas-en-sesion-ordinaria\/","title":{"rendered":"Concejales de Campo Quijano fijaron sus dietas en sesi\u00f3n ordinaria"},"content":{"rendered":"\n<p>En el marco de una sesi\u00f3n ordinaria del Concejo Deliberante de Campo Quijano, ingres\u00f3 como <strong>Expte. N\u00b0 423\/26<\/strong> el proyecto mediante el cual se establecen las dietas de los funcionarios del cuerpo legislativo, siendo posteriormente aprobado por mayor\u00eda.<\/p>\n\n\n\n<p>Seg\u00fan lo resuelto, los <strong>concejales percibir\u00e1n una dieta de $1.200.000 mensuales<\/strong>, mientras que el <strong>secretario parlamentario tendr\u00e1 una remuneraci\u00f3n de $800.000<\/strong>, y el <strong>secretario administrativo junto a los prosecretarios recibir\u00e1n $700.000<\/strong>.<\/p>\n\n\n\n<p>La votaci\u00f3n cont\u00f3 con el acompa\u00f1amiento de los concejales <strong>Torres, Orosco, Museda y Montero<\/strong>, quienes se expresaron a favor de la iniciativa. Por su parte, los concejales <strong>Tolaba y Copa votaron en contra<\/strong>.<\/p>\n\n\n\n<p>Cabe se\u00f1alar que el presidente del Concejo Deliberante, <strong>Tom\u00e1s Falcone<\/strong>, no particip\u00f3 de la votaci\u00f3n, ya que su intervenci\u00f3n se limita a casos de empate.<\/p>\n\n\n\n<p>En la misma sesi\u00f3n, tambi\u00e9n se aprob\u00f3 la <strong>incorporaci\u00f3n de asesores al Concejo Deliberante<\/strong>, design\u00e1ndose como <strong>asesor legal a Sebasti\u00e1n Alexis Cayo<\/strong> y como <strong>asesor contable a Cristian Baltazar Rodr\u00edguez<\/strong>, ambos con una remuneraci\u00f3n mensual de <strong>$800.000<\/strong>.<\/p>\n\n\n\n<p>Si bien no se detallaron p\u00fablicamente los fundamentos de cada postura durante la sesi\u00f3n, las decisiones adoptadas ya generan repercusiones en la comunidad, en un contexto donde los ingresos de los funcionarios p\u00fablicos y la estructura de asesores suelen ser objeto de debate.<\/p>\n\n\n\n<p>La aprobaci\u00f3n de este expediente se da en un escenario econ\u00f3mico complejo, lo que abre distintos posicionamientos en la ciudadan\u00eda respecto a la oportunidad y los criterios utilizados para la fijaci\u00f3n de estas dietas y designaciones.<\/p>\n\n\n<p><iframe loading=\"lazy\" src=\"https:\/\/www.facebook.com\/plugins\/video.php?height=314&#038;href=https%3A%2F%2Fwww.facebook.com%2F61554377468618%2Fvideos%2F1532508215250187%2F&#038;show_text=true&#038;width=560&#038;t=0\" width=\"560\" height=\"429\" style=\"border:none;overflow:hidden\" scrolling=\"no\" frameborder=\"0\" allowfullscreen=\"true\" allow=\"autoplay; clipboard-write; encrypted-media; picture-in-picture; web-share\" allowFullScreen=\"true\"><\/iframe><\/p>\n\n\n\n<p><\/p>\n","protected":false},"excerpt":{"rendered":"<p>En el marco de una sesi\u00f3n ordinaria del Concejo Deliberante de Campo Quijano, ingres\u00f3 como Expte. N\u00b0 423\/26 el proyecto mediante el cual se establecen las dietas de los funcionarios del cuerpo legislativo, siendo posteriormente aprobado por mayor\u00eda. Seg\u00fan lo resuelto, los concejales percibir\u00e1n una dieta de $1.200.000 mensuales, mientras que el secretario parlamentario tendr\u00e1 [&hellip;]<\/p>\n","protected":false},"author":8,"featured_media":12296,"comment_status":"open","ping_status":"open","sticky":false,"template":"","format":"standard","meta":{"_monsterinsights_skip_tracking":false,"_monsterinsights_sitenote_active":false,"_monsterinsights_sitenote_note":"","_monsterinsights_sitenote_category":0,"footnotes":""},"categories":[16],"tags":[2111,75,100],"class_list":["post-12295","post","type-post","status-publish","format-standard","has-post-thumbnail","hentry","category-noticias","tag-aumento-de-dietas","tag-concejo-deliberante-de-campo-quijano","tag-municipio-de-campo-quijano"],"yoast_head":"<!-- This site is optimized with the Yoast SEO plugin v20.8 - https:\/\/yoast.com\/wordpress\/plugins\/seo\/ -->\n<title>Concejales de Campo Quijano fijaron sus dietas en sesi\u00f3n ordinaria - RQ 99.9<\/title>\n<meta name=\"description\" content=\"Seg\u00fan lo resuelto, los concejales percibir\u00e1n una dieta de $1.200.000 mensuales de bolsillo.\" \/>\n<meta name=\"robots\" content=\"index, follow, max-snippet:-1, max-image-preview:large, max-video-preview:-1\" \/>\n<link rel=\"canonical\" href=\"https:\/\/nahuelproducciones.com.ar\/radioquijano\/concejales-de-campo-quijano-fijaron-sus-dietas-en-sesion-ordinaria\/\" \/>\n<meta property=\"og:locale\" content=\"es_ES\" \/>\n<meta property=\"og:type\" content=\"article\" \/>\n<meta property=\"og:title\" content=\"Concejales de Campo Quijano fijaron sus dietas en sesi\u00f3n ordinaria - RQ 99.9\" \/>\n<meta property=\"og:description\" content=\"Seg\u00fan lo resuelto, los concejales percibir\u00e1n una dieta de $1.200.000 mensuales de bolsillo.\" \/>\n<meta property=\"og:url\" content=\"https:\/\/nahuelproducciones.com.ar\/radioquijano\/concejales-de-campo-quijano-fijaron-sus-dietas-en-sesion-ordinaria\/\" \/>\n<meta property=\"og:site_name\" content=\"RQ 99.9\" \/>\n<meta property=\"article:publisher\" content=\"https:\/\/www.facebook.com\/nahuelproducciones999\/\" \/>\n<meta property=\"article:published_time\" content=\"2026-04-30T00:58:25+00:00\" \/>\n<meta property=\"article:modified_time\" content=\"2026-04-30T02:04:34+00:00\" \/>\n<meta property=\"og:image\" content=\"https:\/\/nahuelproducciones.com.ar\/radioquijano\/wp-content\/uploads\/2026\/04\/WhatsApp-Image-2026-04-29-at-9.57.31-PM-e1777510579178.jpeg\" \/>\n\t<meta property=\"og:image:width\" content=\"700\" \/>\n\t<meta property=\"og:image:height\" content=\"368\" \/>\n\t<meta property=\"og:image:type\" content=\"image\/jpeg\" \/>\n<meta name=\"author\" content=\"Cecilia Pastrana\" \/>\n<meta name=\"twitter:card\" content=\"summary_large_image\" \/>\n<meta name=\"twitter:creator\" content=\"@nahuproduciones\" \/>\n<meta name=\"twitter:site\" content=\"@nahuproduciones\" \/>\n<meta name=\"twitter:label1\" content=\"Escrito por\" \/>\n\t<meta name=\"twitter:data1\" content=\"Cecilia Pastrana\" \/>\n\t<meta name=\"twitter:label2\" content=\"Tiempo de lectura\" \/>\n\t<meta name=\"twitter:data2\" content=\"2 minutos\" \/>\n<script type=\"application\/ld+json\" class=\"yoast-schema-graph\">{\"@context\":\"https:\/\/schema.org\",\"@graph\":[{\"@type\":\"WebPage\",\"@id\":\"https:\/\/nahuelproducciones.com.ar\/radioquijano\/concejales-de-campo-quijano-fijaron-sus-dietas-en-sesion-ordinaria\/\",\"url\":\"https:\/\/nahuelproducciones.com.ar\/radioquijano\/concejales-de-campo-quijano-fijaron-sus-dietas-en-sesion-ordinaria\/\",\"name\":\"Concejales de Campo Quijano fijaron sus dietas en sesi\u00f3n ordinaria - RQ 99.9\",\"isPartOf\":{\"@id\":\"https:\/\/nahuelproducciones.com.ar\/radioquijano\/#website\"},\"datePublished\":\"2026-04-30T00:58:25+00:00\",\"dateModified\":\"2026-04-30T02:04:34+00:00\",\"author\":{\"@id\":\"https:\/\/nahuelproducciones.com.ar\/radioquijano\/#\/schema\/person\/e8a4f939e2cb487fe6d0c54042c9d32c\"},\"description\":\"Seg\u00fan lo resuelto, los concejales percibir\u00e1n una dieta de $1.200.000 mensuales de bolsillo.\",\"breadcrumb\":{\"@id\":\"https:\/\/nahuelproducciones.com.ar\/radioquijano\/concejales-de-campo-quijano-fijaron-sus-dietas-en-sesion-ordinaria\/#breadcrumb\"},\"inLanguage\":\"es\",\"potentialAction\":[{\"@type\":\"ReadAction\",\"target\":[\"https:\/\/nahuelproducciones.com.ar\/radioquijano\/concejales-de-campo-quijano-fijaron-sus-dietas-en-sesion-ordinaria\/\"]}]},{\"@type\":\"BreadcrumbList\",\"@id\":\"https:\/\/nahuelproducciones.com.ar\/radioquijano\/concejales-de-campo-quijano-fijaron-sus-dietas-en-sesion-ordinaria\/#breadcrumb\",\"itemListElement\":[{\"@type\":\"ListItem\",\"position\":1,\"name\":\"Portada\",\"item\":\"https:\/\/nahuelproducciones.com.ar\/radioquijano\/\"},{\"@type\":\"ListItem\",\"position\":2,\"name\":\"Concejales de Campo Quijano fijaron sus dietas en sesi\u00f3n ordinaria\"}]},{\"@type\":\"WebSite\",\"@id\":\"https:\/\/nahuelproducciones.com.ar\/radioquijano\/#website\",\"url\":\"https:\/\/nahuelproducciones.com.ar\/radioquijano\/\",\"name\":\"RQ 99.9\",\"description\":\"Radio Quijano 99.9 MHz\",\"potentialAction\":[{\"@type\":\"SearchAction\",\"target\":{\"@type\":\"EntryPoint\",\"urlTemplate\":\"https:\/\/nahuelproducciones.com.ar\/radioquijano\/?s={search_term_string}\"},\"query-input\":\"required name=search_term_string\"}],\"inLanguage\":\"es\"},{\"@type\":\"Person\",\"@id\":\"https:\/\/nahuelproducciones.com.ar\/radioquijano\/#\/schema\/person\/e8a4f939e2cb487fe6d0c54042c9d32c\",\"name\":\"Cecilia Pastrana\",\"image\":{\"@type\":\"ImageObject\",\"inLanguage\":\"es\",\"@id\":\"https:\/\/nahuelproducciones.com.ar\/radioquijano\/#\/schema\/person\/image\/\",\"url\":\"https:\/\/secure.gravatar.com\/avatar\/661a3ef63a8488d4f2794ed44af8cf71420f7e106f3072c40125114df5157749?s=96&d=mm&r=g\",\"contentUrl\":\"https:\/\/secure.gravatar.com\/avatar\/661a3ef63a8488d4f2794ed44af8cf71420f7e106f3072c40125114df5157749?s=96&d=mm&r=g\",\"caption\":\"Cecilia Pastrana\"},\"sameAs\":[\"cecy\"],\"url\":\"https:\/\/nahuelproducciones.com.ar\/radioquijano\/author\/cecy\/\"}]}<\/script>\n<!-- \/ Yoast SEO plugin. -->","yoast_head_json":{"title":"Concejales de Campo Quijano fijaron sus dietas en sesi\u00f3n ordinaria - RQ 99.9","description":"Seg\u00fan lo resuelto, los concejales percibir\u00e1n una dieta de $1.200.000 mensuales de bolsillo.","robots":{"index":"index","follow":"follow","max-snippet":"max-snippet:-1","max-image-preview":"max-image-preview:large","max-video-preview":"max-video-preview:-1"},"canonical":"https:\/\/nahuelproducciones.com.ar\/radioquijano\/concejales-de-campo-quijano-fijaron-sus-dietas-en-sesion-ordinaria\/","og_locale":"es_ES","og_type":"article","og_title":"Concejales de Campo Quijano fijaron sus dietas en sesi\u00f3n ordinaria - RQ 99.9","og_description":"Seg\u00fan lo resuelto, los concejales percibir\u00e1n una dieta de $1.200.000 mensuales de bolsillo.","og_url":"https:\/\/nahuelproducciones.com.ar\/radioquijano\/concejales-de-campo-quijano-fijaron-sus-dietas-en-sesion-ordinaria\/","og_site_name":"RQ 99.9","article_publisher":"https:\/\/www.facebook.com\/nahuelproducciones999\/","article_published_time":"2026-04-30T00:58:25+00:00","article_modified_time":"2026-04-30T02:04:34+00:00","og_image":[{"width":700,"height":368,"url":"https:\/\/nahuelproducciones.com.ar\/radioquijano\/wp-content\/uploads\/2026\/04\/WhatsApp-Image-2026-04-29-at-9.57.31-PM-e1777510579178.jpeg","type":"image\/jpeg"}],"author":"Cecilia Pastrana","twitter_card":"summary_large_image","twitter_creator":"@nahuproduciones","twitter_site":"@nahuproduciones","twitter_misc":{"Escrito por":"Cecilia Pastrana","Tiempo de lectura":"2 minutos"},"schema":{"@context":"https:\/\/schema.org","@graph":[{"@type":"WebPage","@id":"https:\/\/nahuelproducciones.com.ar\/radioquijano\/concejales-de-campo-quijano-fijaron-sus-dietas-en-sesion-ordinaria\/","url":"https:\/\/nahuelproducciones.com.ar\/radioquijano\/concejales-de-campo-quijano-fijaron-sus-dietas-en-sesion-ordinaria\/","name":"Concejales de Campo Quijano fijaron sus dietas en sesi\u00f3n ordinaria - RQ 99.9","isPartOf":{"@id":"https:\/\/nahuelproducciones.com.ar\/radioquijano\/#website"},"datePublished":"2026-04-30T00:58:25+00:00","dateModified":"2026-04-30T02:04:34+00:00","author":{"@id":"https:\/\/nahuelproducciones.com.ar\/radioquijano\/#\/schema\/person\/e8a4f939e2cb487fe6d0c54042c9d32c"},"description":"Seg\u00fan lo resuelto, los concejales percibir\u00e1n una dieta de $1.200.000 mensuales de bolsillo.","breadcrumb":{"@id":"https:\/\/nahuelproducciones.com.ar\/radioquijano\/concejales-de-campo-quijano-fijaron-sus-dietas-en-sesion-ordinaria\/#breadcrumb"},"inLanguage":"es","potentialAction":[{"@type":"ReadAction","target":["https:\/\/nahuelproducciones.com.ar\/radioquijano\/concejales-de-campo-quijano-fijaron-sus-dietas-en-sesion-ordinaria\/"]}]},{"@type":"BreadcrumbList","@id":"https:\/\/nahuelproducciones.com.ar\/radioquijano\/concejales-de-campo-quijano-fijaron-sus-dietas-en-sesion-ordinaria\/#breadcrumb","itemListElement":[{"@type":"ListItem","position":1,"name":"Portada","item":"https:\/\/nahuelproducciones.com.ar\/radioquijano\/"},{"@type":"ListItem","position":2,"name":"Concejales de Campo Quijano fijaron sus dietas en sesi\u00f3n ordinaria"}]},{"@type":"WebSite","@id":"https:\/\/nahuelproducciones.com.ar\/radioquijano\/#website","url":"https:\/\/nahuelproducciones.com.ar\/radioquijano\/","name":"RQ 99.9","description":"Radio Quijano 99.9 MHz","potentialAction":[{"@type":"SearchAction","target":{"@type":"EntryPoint","urlTemplate":"https:\/\/nahuelproducciones.com.ar\/radioquijano\/?s={search_term_string}"},"query-input":"required name=search_term_string"}],"inLanguage":"es"},{"@type":"Person","@id":"https:\/\/nahuelproducciones.com.ar\/radioquijano\/#\/schema\/person\/e8a4f939e2cb487fe6d0c54042c9d32c","name":"Cecilia Pastrana","image":{"@type":"ImageObject","inLanguage":"es","@id":"https:\/\/nahuelproducciones.com.ar\/radioquijano\/#\/schema\/person\/image\/","url":"https:\/\/secure.gravatar.com\/avatar\/661a3ef63a8488d4f2794ed44af8cf71420f7e106f3072c40125114df5157749?s=96&d=mm&r=g","contentUrl":"https:\/\/secure.gravatar.com\/avatar\/661a3ef63a8488d4f2794ed44af8cf71420f7e106f3072c40125114df5157749?s=96&d=mm&r=g","caption":"Cecilia Pastrana"},"sameAs":["cecy"],"url":"https:\/\/nahuelproducciones.com.ar\/radioquijano\/author\/cecy\/"}]}},"_links":{"self":[{"href":"https:\/\/nahuelproducciones.com.ar\/radioquijano\/wp-json\/wp\/v2\/posts\/12295","targetHints":{"allow":["GET"]}}],"collection":[{"href":"https:\/\/nahuelproducciones.com.ar\/radioquijano\/wp-json\/wp\/v2\/posts"}],"about":[{"href":"https:\/\/nahuelproducciones.com.ar\/radioquijano\/wp-json\/wp\/v2\/types\/post"}],"author":[{"embeddable":true,"href":"https:\/\/nahuelproducciones.com.ar\/radioquijano\/wp-json\/wp\/v2\/users\/8"}],"replies":[{"embeddable":true,"href":"https:\/\/nahuelproducciones.com.ar\/radioquijano\/wp-json\/wp\/v2\/comments?post=12295"}],"version-history":[{"count":1,"href":"https:\/\/nahuelproducciones.com.ar\/radioquijano\/wp-json\/wp\/v2\/posts\/12295\/revisions"}],"predecessor-version":[{"id":12297,"href":"https:\/\/nahuelproducciones.com.ar\/radioquijano\/wp-json\/wp\/v2\/posts\/12295\/revisions\/12297"}],"wp:featuredmedia":[{"embeddable":true,"href":"https:\/\/nahuelproducciones.com.ar\/radioquijano\/wp-json\/wp\/v2\/media\/12296"}],"wp:attachment":[{"href":"https:\/\/nahuelproducciones.com.ar\/radioquijano\/wp-json\/wp\/v2\/media?parent=12295"}],"wp:term":[{"taxonomy":"category","embeddable":true,"href":"https:\/\/nahuelproducciones.com.ar\/radioquijano\/wp-json\/wp\/v2\/categories?post=12295"},{"taxonomy":"post_tag","embeddable":true,"href":"https:\/\/nahuelproducciones.com.ar\/radioquijano\/wp-json\/wp\/v2\/tags?post=12295"}],"curies":[{"name":"wp","href":"https:\/\/api.w.org\/{rel}","templated":true}]}}