{"id":12298,"date":"2026-04-29T22:16:36","date_gmt":"2026-04-30T01:16:36","guid":{"rendered":"https:\/\/nahuelproducciones.com.ar\/radioquijano\/?p=12298"},"modified":"2026-04-29T22:58:41","modified_gmt":"2026-04-30T01:58:41","slug":"dia-del-animal-entre-la-celebracion-y-el-reclamo-por-politicas-publicas","status":"publish","type":"post","link":"https:\/\/nahuelproducciones.com.ar\/radioquijano\/dia-del-animal-entre-la-celebracion-y-el-reclamo-por-politicas-publicas\/","title":{"rendered":"D\u00eda del Animal: entre la celebraci\u00f3n y el reclamo por pol\u00edticas p\u00fablicas"},"content":{"rendered":"\n<p>En el marco del D\u00eda del Animal, la comunidad vuelve a poner en agenda una problem\u00e1tica que crece de manera sostenida: el abandono, el maltrato y la falta de pol\u00edticas p\u00fablicas integrales para la protecci\u00f3n de los animales.<\/p>\n\n\n\n<p>Mientras desde el municipio se impulsan actividades conmemorativas, sectores proteccionistas advierten que este tipo de celebraciones resultan insuficientes si no est\u00e1n acompa\u00f1adas por acciones concretas y sostenidas en el tiempo.<\/p>\n\n\n\n<p>En ese sentido, la voluntaria y rescatista Andy Salva en los micr\u00f3fonos de RQ99.9Mhz fue clara al plantear cu\u00e1les deber\u00edan ser las primeras medidas a implementar desde el municipio, como campa\u00f1as de castraci\u00f3n gratuitas, vacunaciones en todos los barrios del municipio y la creaci\u00f3n de un \u00e1rea de zoonosis que permita abordar de manera integral la salud animal y su v\u00ednculo con la salud p\u00fablica.<\/p>\n\n\n\n<p>\u201cUna jornada de festejo puede generar conciencia, pero no alcanza si no se traduce en medidas reales\u201d, es una de las ideas que atraviesa el reclamo de quienes trabajan diariamente en el rescate y cuidado de animales en situaci\u00f3n de vulnerabilidad.<\/p>\n\n\n\n<p>Desde distintos sectores coinciden en que el desaf\u00edo no es eliminar las celebraciones, sino complementarlas con pol\u00edticas p\u00fablicas efectivas que permitan abordar de manera estructural la problem\u00e1tica. La educaci\u00f3n, la concientizaci\u00f3n y el compromiso del Estado aparecen como ejes fundamentales para lograr un cambio real.<\/p>\n\n\n\n<p>En una fecha que invita a reflexionar, el mensaje es claro: cuidar a los animales no debe ser solo un gesto simb\u00f3lico de un d\u00eda, sino una responsabilidad colectiva que se ejerce todos los d\u00edas del a\u00f1o.<\/p>\n\n\n\n<p>Escucha la entrevista:<\/p>\n\n\n\n<figure class=\"wp-block-audio\"><audio controls src=\"https:\/\/nahuelproducciones.com.ar\/radioquijano\/wp-content\/uploads\/2026\/04\/29-04-2026-ANDY-SALVA-VOLUNTARIA-PROTECCD.mp3\"><\/audio><\/figure>\n","protected":false},"excerpt":{"rendered":"<p>En el marco del D\u00eda del Animal, la comunidad vuelve a poner en agenda una problem\u00e1tica que crece de manera sostenida: el abandono, el maltrato y la falta de pol\u00edticas p\u00fablicas integrales para la protecci\u00f3n de los animales. Mientras desde el municipio se impulsan actividades conmemorativas, sectores proteccionistas advierten que este tipo de celebraciones resultan [&hellip;]<\/p>\n","protected":false},"author":8,"featured_media":12322,"comment_status":"open","ping_status":"open","sticky":false,"template":"","format":"standard","meta":{"_monsterinsights_skip_tracking":false,"_monsterinsights_sitenote_active":false,"_monsterinsights_sitenote_note":"","_monsterinsights_sitenote_category":0,"footnotes":""},"categories":[16],"tags":[439,100,2110],"class_list":["post-12298","post","type-post","status-publish","format-standard","has-post-thumbnail","hentry","category-noticias","tag-dia-del-animal","tag-municipio-de-campo-quijano","tag-politicas-publicas"],"yoast_head":"<!-- This site is optimized with the Yoast SEO plugin v20.8 - https:\/\/yoast.com\/wordpress\/plugins\/seo\/ -->\n<title>D\u00eda del Animal: entre la celebraci\u00f3n y el reclamo por pol\u00edticas p\u00fablicas - RQ 99.9<\/title>\n<meta name=\"description\" content=\"Cuidar a los animales no debe ser solo un gesto simb\u00f3lico de un d\u00eda, sino una responsabilidad colectiva que se ejerce todos los d\u00edas del a\u00f1o.\" \/>\n<meta name=\"robots\" content=\"index, follow, max-snippet:-1, max-image-preview:large, max-video-preview:-1\" \/>\n<link rel=\"canonical\" href=\"https:\/\/nahuelproducciones.com.ar\/radioquijano\/dia-del-animal-entre-la-celebracion-y-el-reclamo-por-politicas-publicas\/\" \/>\n<meta property=\"og:locale\" content=\"es_ES\" \/>\n<meta property=\"og:type\" content=\"article\" \/>\n<meta property=\"og:title\" content=\"D\u00eda del Animal: entre la celebraci\u00f3n y el reclamo por pol\u00edticas p\u00fablicas - RQ 99.9\" \/>\n<meta property=\"og:description\" content=\"Cuidar a los animales no debe ser solo un gesto simb\u00f3lico de un d\u00eda, sino una responsabilidad colectiva que se ejerce todos los d\u00edas del a\u00f1o.\" \/>\n<meta property=\"og:url\" content=\"https:\/\/nahuelproducciones.com.ar\/radioquijano\/dia-del-animal-entre-la-celebracion-y-el-reclamo-por-politicas-publicas\/\" \/>\n<meta property=\"og:site_name\" content=\"RQ 99.9\" \/>\n<meta property=\"article:publisher\" content=\"https:\/\/www.facebook.com\/nahuelproducciones999\/\" \/>\n<meta property=\"article:published_time\" content=\"2026-04-30T01:16:36+00:00\" \/>\n<meta property=\"article:modified_time\" content=\"2026-04-30T01:58:41+00:00\" \/>\n<meta property=\"og:image\" content=\"https:\/\/nahuelproducciones.com.ar\/radioquijano\/wp-content\/uploads\/2026\/04\/Post-Instagram-Frase-Primavera-Collage-Aesthetic-Minimalista-1-e1777514201912.png\" \/>\n\t<meta property=\"og:image:width\" content=\"700\" \/>\n\t<meta property=\"og:image:height\" content=\"700\" \/>\n\t<meta property=\"og:image:type\" content=\"image\/png\" \/>\n<meta name=\"author\" content=\"Cecilia Pastrana\" \/>\n<meta name=\"twitter:card\" content=\"summary_large_image\" \/>\n<meta name=\"twitter:creator\" content=\"@nahuproduciones\" \/>\n<meta name=\"twitter:site\" content=\"@nahuproduciones\" \/>\n<meta name=\"twitter:label1\" content=\"Escrito por\" \/>\n\t<meta name=\"twitter:data1\" content=\"Cecilia Pastrana\" \/>\n\t<meta name=\"twitter:label2\" content=\"Tiempo de lectura\" \/>\n\t<meta name=\"twitter:data2\" content=\"2 minutos\" \/>\n<script type=\"application\/ld+json\" class=\"yoast-schema-graph\">{\"@context\":\"https:\/\/schema.org\",\"@graph\":[{\"@type\":\"WebPage\",\"@id\":\"https:\/\/nahuelproducciones.com.ar\/radioquijano\/dia-del-animal-entre-la-celebracion-y-el-reclamo-por-politicas-publicas\/\",\"url\":\"https:\/\/nahuelproducciones.com.ar\/radioquijano\/dia-del-animal-entre-la-celebracion-y-el-reclamo-por-politicas-publicas\/\",\"name\":\"D\u00eda del Animal: entre la celebraci\u00f3n y el reclamo por pol\u00edticas p\u00fablicas - RQ 99.9\",\"isPartOf\":{\"@id\":\"https:\/\/nahuelproducciones.com.ar\/radioquijano\/#website\"},\"datePublished\":\"2026-04-30T01:16:36+00:00\",\"dateModified\":\"2026-04-30T01:58:41+00:00\",\"author\":{\"@id\":\"https:\/\/nahuelproducciones.com.ar\/radioquijano\/#\/schema\/person\/e8a4f939e2cb487fe6d0c54042c9d32c\"},\"description\":\"Cuidar a los animales no debe ser solo un gesto simb\u00f3lico de un d\u00eda, sino una responsabilidad colectiva que se ejerce todos los d\u00edas del a\u00f1o.\",\"breadcrumb\":{\"@id\":\"https:\/\/nahuelproducciones.com.ar\/radioquijano\/dia-del-animal-entre-la-celebracion-y-el-reclamo-por-politicas-publicas\/#breadcrumb\"},\"inLanguage\":\"es\",\"potentialAction\":[{\"@type\":\"ReadAction\",\"target\":[\"https:\/\/nahuelproducciones.com.ar\/radioquijano\/dia-del-animal-entre-la-celebracion-y-el-reclamo-por-politicas-publicas\/\"]}]},{\"@type\":\"BreadcrumbList\",\"@id\":\"https:\/\/nahuelproducciones.com.ar\/radioquijano\/dia-del-animal-entre-la-celebracion-y-el-reclamo-por-politicas-publicas\/#breadcrumb\",\"itemListElement\":[{\"@type\":\"ListItem\",\"position\":1,\"name\":\"Portada\",\"item\":\"https:\/\/nahuelproducciones.com.ar\/radioquijano\/\"},{\"@type\":\"ListItem\",\"position\":2,\"name\":\"D\u00eda del Animal: entre la celebraci\u00f3n y el reclamo por pol\u00edticas p\u00fablicas\"}]},{\"@type\":\"WebSite\",\"@id\":\"https:\/\/nahuelproducciones.com.ar\/radioquijano\/#website\",\"url\":\"https:\/\/nahuelproducciones.com.ar\/radioquijano\/\",\"name\":\"RQ 99.9\",\"description\":\"Radio Quijano 99.9 MHz\",\"potentialAction\":[{\"@type\":\"SearchAction\",\"target\":{\"@type\":\"EntryPoint\",\"urlTemplate\":\"https:\/\/nahuelproducciones.com.ar\/radioquijano\/?s={search_term_string}\"},\"query-input\":\"required name=search_term_string\"}],\"inLanguage\":\"es\"},{\"@type\":\"Person\",\"@id\":\"https:\/\/nahuelproducciones.com.ar\/radioquijano\/#\/schema\/person\/e8a4f939e2cb487fe6d0c54042c9d32c\",\"name\":\"Cecilia Pastrana\",\"image\":{\"@type\":\"ImageObject\",\"inLanguage\":\"es\",\"@id\":\"https:\/\/nahuelproducciones.com.ar\/radioquijano\/#\/schema\/person\/image\/\",\"url\":\"https:\/\/secure.gravatar.com\/avatar\/661a3ef63a8488d4f2794ed44af8cf71420f7e106f3072c40125114df5157749?s=96&d=mm&r=g\",\"contentUrl\":\"https:\/\/secure.gravatar.com\/avatar\/661a3ef63a8488d4f2794ed44af8cf71420f7e106f3072c40125114df5157749?s=96&d=mm&r=g\",\"caption\":\"Cecilia Pastrana\"},\"sameAs\":[\"cecy\"],\"url\":\"https:\/\/nahuelproducciones.com.ar\/radioquijano\/author\/cecy\/\"}]}<\/script>\n<!-- \/ Yoast SEO plugin. -->","yoast_head_json":{"title":"D\u00eda del Animal: entre la celebraci\u00f3n y el reclamo por pol\u00edticas p\u00fablicas - RQ 99.9","description":"Cuidar a los animales no debe ser solo un gesto simb\u00f3lico de un d\u00eda, sino una responsabilidad colectiva que se ejerce todos los d\u00edas del a\u00f1o.","robots":{"index":"index","follow":"follow","max-snippet":"max-snippet:-1","max-image-preview":"max-image-preview:large","max-video-preview":"max-video-preview:-1"},"canonical":"https:\/\/nahuelproducciones.com.ar\/radioquijano\/dia-del-animal-entre-la-celebracion-y-el-reclamo-por-politicas-publicas\/","og_locale":"es_ES","og_type":"article","og_title":"D\u00eda del Animal: entre la celebraci\u00f3n y el reclamo por pol\u00edticas p\u00fablicas - RQ 99.9","og_description":"Cuidar a los animales no debe ser solo un gesto simb\u00f3lico de un d\u00eda, sino una responsabilidad colectiva que se ejerce todos los d\u00edas del a\u00f1o.","og_url":"https:\/\/nahuelproducciones.com.ar\/radioquijano\/dia-del-animal-entre-la-celebracion-y-el-reclamo-por-politicas-publicas\/","og_site_name":"RQ 99.9","article_publisher":"https:\/\/www.facebook.com\/nahuelproducciones999\/","article_published_time":"2026-04-30T01:16:36+00:00","article_modified_time":"2026-04-30T01:58:41+00:00","og_image":[{"width":700,"height":700,"url":"https:\/\/nahuelproducciones.com.ar\/radioquijano\/wp-content\/uploads\/2026\/04\/Post-Instagram-Frase-Primavera-Collage-Aesthetic-Minimalista-1-e1777514201912.png","type":"image\/png"}],"author":"Cecilia Pastrana","twitter_card":"summary_large_image","twitter_creator":"@nahuproduciones","twitter_site":"@nahuproduciones","twitter_misc":{"Escrito por":"Cecilia Pastrana","Tiempo de lectura":"2 minutos"},"schema":{"@context":"https:\/\/schema.org","@graph":[{"@type":"WebPage","@id":"https:\/\/nahuelproducciones.com.ar\/radioquijano\/dia-del-animal-entre-la-celebracion-y-el-reclamo-por-politicas-publicas\/","url":"https:\/\/nahuelproducciones.com.ar\/radioquijano\/dia-del-animal-entre-la-celebracion-y-el-reclamo-por-politicas-publicas\/","name":"D\u00eda del Animal: entre la celebraci\u00f3n y el reclamo por pol\u00edticas p\u00fablicas - RQ 99.9","isPartOf":{"@id":"https:\/\/nahuelproducciones.com.ar\/radioquijano\/#website"},"datePublished":"2026-04-30T01:16:36+00:00","dateModified":"2026-04-30T01:58:41+00:00","author":{"@id":"https:\/\/nahuelproducciones.com.ar\/radioquijano\/#\/schema\/person\/e8a4f939e2cb487fe6d0c54042c9d32c"},"description":"Cuidar a los animales no debe ser solo un gesto simb\u00f3lico de un d\u00eda, sino una responsabilidad colectiva que se ejerce todos los d\u00edas del a\u00f1o.","breadcrumb":{"@id":"https:\/\/nahuelproducciones.com.ar\/radioquijano\/dia-del-animal-entre-la-celebracion-y-el-reclamo-por-politicas-publicas\/#breadcrumb"},"inLanguage":"es","potentialAction":[{"@type":"ReadAction","target":["https:\/\/nahuelproducciones.com.ar\/radioquijano\/dia-del-animal-entre-la-celebracion-y-el-reclamo-por-politicas-publicas\/"]}]},{"@type":"BreadcrumbList","@id":"https:\/\/nahuelproducciones.com.ar\/radioquijano\/dia-del-animal-entre-la-celebracion-y-el-reclamo-por-politicas-publicas\/#breadcrumb","itemListElement":[{"@type":"ListItem","position":1,"name":"Portada","item":"https:\/\/nahuelproducciones.com.ar\/radioquijano\/"},{"@type":"ListItem","position":2,"name":"D\u00eda del Animal: entre la celebraci\u00f3n y el reclamo por pol\u00edticas p\u00fablicas"}]},{"@type":"WebSite","@id":"https:\/\/nahuelproducciones.com.ar\/radioquijano\/#website","url":"https:\/\/nahuelproducciones.com.ar\/radioquijano\/","name":"RQ 99.9","description":"Radio Quijano 99.9 MHz","potentialAction":[{"@type":"SearchAction","target":{"@type":"EntryPoint","urlTemplate":"https:\/\/nahuelproducciones.com.ar\/radioquijano\/?s={search_term_string}"},"query-input":"required name=search_term_string"}],"inLanguage":"es"},{"@type":"Person","@id":"https:\/\/nahuelproducciones.com.ar\/radioquijano\/#\/schema\/person\/e8a4f939e2cb487fe6d0c54042c9d32c","name":"Cecilia Pastrana","image":{"@type":"ImageObject","inLanguage":"es","@id":"https:\/\/nahuelproducciones.com.ar\/radioquijano\/#\/schema\/person\/image\/","url":"https:\/\/secure.gravatar.com\/avatar\/661a3ef63a8488d4f2794ed44af8cf71420f7e106f3072c40125114df5157749?s=96&d=mm&r=g","contentUrl":"https:\/\/secure.gravatar.com\/avatar\/661a3ef63a8488d4f2794ed44af8cf71420f7e106f3072c40125114df5157749?s=96&d=mm&r=g","caption":"Cecilia Pastrana"},"sameAs":["cecy"],"url":"https:\/\/nahuelproducciones.com.ar\/radioquijano\/author\/cecy\/"}]}},"_links":{"self":[{"href":"https:\/\/nahuelproducciones.com.ar\/radioquijano\/wp-json\/wp\/v2\/posts\/12298","targetHints":{"allow":["GET"]}}],"collection":[{"href":"https:\/\/nahuelproducciones.com.ar\/radioquijano\/wp-json\/wp\/v2\/posts"}],"about":[{"href":"https:\/\/nahuelproducciones.com.ar\/radioquijano\/wp-json\/wp\/v2\/types\/post"}],"author":[{"embeddable":true,"href":"https:\/\/nahuelproducciones.com.ar\/radioquijano\/wp-json\/wp\/v2\/users\/8"}],"replies":[{"embeddable":true,"href":"https:\/\/nahuelproducciones.com.ar\/radioquijano\/wp-json\/wp\/v2\/comments?post=12298"}],"version-history":[{"count":1,"href":"https:\/\/nahuelproducciones.com.ar\/radioquijano\/wp-json\/wp\/v2\/posts\/12298\/revisions"}],"predecessor-version":[{"id":12301,"href":"https:\/\/nahuelproducciones.com.ar\/radioquijano\/wp-json\/wp\/v2\/posts\/12298\/revisions\/12301"}],"wp:featuredmedia":[{"embeddable":true,"href":"https:\/\/nahuelproducciones.com.ar\/radioquijano\/wp-json\/wp\/v2\/media\/12322"}],"wp:attachment":[{"href":"https:\/\/nahuelproducciones.com.ar\/radioquijano\/wp-json\/wp\/v2\/media?parent=12298"}],"wp:term":[{"taxonomy":"category","embeddable":true,"href":"https:\/\/nahuelproducciones.com.ar\/radioquijano\/wp-json\/wp\/v2\/categories?post=12298"},{"taxonomy":"post_tag","embeddable":true,"href":"https:\/\/nahuelproducciones.com.ar\/radioquijano\/wp-json\/wp\/v2\/tags?post=12298"}],"curies":[{"name":"wp","href":"https:\/\/api.w.org\/{rel}","templated":true}]}}