{"id":12302,"date":"2026-04-29T22:22:47","date_gmt":"2026-04-30T01:22:47","guid":{"rendered":"https:\/\/nahuelproducciones.com.ar\/radioquijano\/?p=12302"},"modified":"2026-04-29T23:03:22","modified_gmt":"2026-04-30T02:03:22","slug":"el-gobierno-de-salta-adelanta-el-pago-de-sueldos-de-abril-en-el-marco-del-dia-del-trabajador","status":"publish","type":"post","link":"https:\/\/nahuelproducciones.com.ar\/radioquijano\/el-gobierno-de-salta-adelanta-el-pago-de-sueldos-de-abril-en-el-marco-del-dia-del-trabajador\/","title":{"rendered":"El Gobierno de Salta adelanta el pago de sueldos de abril en el marco del D\u00eda del Trabajador"},"content":{"rendered":"\n<p>El&nbsp;<strong>Gobierno de la Provincia de Salta&nbsp;<\/strong>inform\u00f3 que los sueldos correspondientes al mes de abril de 2026 ser\u00e1n abonados en una \u00fanica jornada.<\/p>\n\n\n\n<p>De esta manera, ma\u00f1ana jueves&nbsp;30 de abril se acreditar\u00e1n los haberes para la totalidad de los trabajadores de la administraci\u00f3n p\u00fablica provincial, incluyendo los sectores de salud, seguridad, educaci\u00f3n, administraci\u00f3n central y organismos descentralizados.<\/p>\n\n\n\n<p>La medida se adopta en v\u00edsperas del D\u00eda del Trabajador, con el objetivo de que los agentes estatales dispongan de sus salarios antes de la conmemoraci\u00f3n, brindando mayor previsibilidad y organizaci\u00f3n.<\/p>\n\n\n\n<p>Con esta decisi\u00f3n, el Ejecutivo provincial reafirma su compromiso con el cumplimiento en tiempo y forma del pago de sueldos y el acompa\u00f1amiento a los trabajadores del Estado.<\/p>\n\n\n\n<hr class=\"wp-block-separator has-alpha-channel-opacity\"\/>\n\n\n\n<p>Fuente:&nbsp;<strong>Secretar\u00eda de Prensa y Comunicaci\u00f3n<\/strong><\/p>\n","protected":false},"excerpt":{"rendered":"<p>El&nbsp;Gobierno de la Provincia de Salta&nbsp;inform\u00f3 que los sueldos correspondientes al mes de abril de 2026 ser\u00e1n abonados en una \u00fanica jornada. De esta manera, ma\u00f1ana jueves&nbsp;30 de abril se acreditar\u00e1n los haberes para la totalidad de los trabajadores de la administraci\u00f3n p\u00fablica provincial, incluyendo los sectores de salud, seguridad, educaci\u00f3n, administraci\u00f3n central y organismos [&hellip;]<\/p>\n","protected":false},"author":8,"featured_media":12303,"comment_status":"open","ping_status":"open","sticky":false,"template":"","format":"standard","meta":{"_monsterinsights_skip_tracking":false,"_monsterinsights_sitenote_active":false,"_monsterinsights_sitenote_note":"","_monsterinsights_sitenote_category":0,"footnotes":""},"categories":[16],"tags":[764,100,1502],"class_list":["post-12302","post","type-post","status-publish","format-standard","has-post-thumbnail","hentry","category-noticias","tag-gob-de-la-prov","tag-municipio-de-campo-quijano","tag-sueldos-de-la-administracion-publica-provincial"],"yoast_head":"<!-- This site is optimized with the Yoast SEO plugin v20.8 - https:\/\/yoast.com\/wordpress\/plugins\/seo\/ -->\n<title>El Gobierno de Salta adelanta el pago de sueldos de abril en el marco del D\u00eda del Trabajador - RQ 99.9<\/title>\n<meta name=\"description\" content=\"La totalidad de los empleados p\u00fablicos provinciales percibir\u00e1 sus haberes el 30 de abril.\" \/>\n<meta name=\"robots\" content=\"index, follow, max-snippet:-1, max-image-preview:large, max-video-preview:-1\" \/>\n<link rel=\"canonical\" href=\"https:\/\/nahuelproducciones.com.ar\/radioquijano\/el-gobierno-de-salta-adelanta-el-pago-de-sueldos-de-abril-en-el-marco-del-dia-del-trabajador\/\" \/>\n<meta property=\"og:locale\" content=\"es_ES\" \/>\n<meta property=\"og:type\" content=\"article\" \/>\n<meta property=\"og:title\" content=\"El Gobierno de Salta adelanta el pago de sueldos de abril en el marco del D\u00eda del Trabajador - RQ 99.9\" \/>\n<meta property=\"og:description\" content=\"La totalidad de los empleados p\u00fablicos provinciales percibir\u00e1 sus haberes el 30 de abril.\" \/>\n<meta property=\"og:url\" content=\"https:\/\/nahuelproducciones.com.ar\/radioquijano\/el-gobierno-de-salta-adelanta-el-pago-de-sueldos-de-abril-en-el-marco-del-dia-del-trabajador\/\" \/>\n<meta property=\"og:site_name\" content=\"RQ 99.9\" \/>\n<meta property=\"article:publisher\" content=\"https:\/\/www.facebook.com\/nahuelproducciones999\/\" \/>\n<meta property=\"article:published_time\" content=\"2026-04-30T01:22:47+00:00\" \/>\n<meta property=\"article:modified_time\" content=\"2026-04-30T02:03:22+00:00\" \/>\n<meta property=\"og:image\" content=\"https:\/\/nahuelproducciones.com.ar\/radioquijano\/wp-content\/uploads\/2026\/04\/107519-el-gobierno-de-salta-adelanta-el-pago-de-sueldos-de-abril-en-el-marco-del-dia-del-trabajador-e1777512131857.webp\" \/>\n\t<meta property=\"og:image:width\" content=\"700\" \/>\n\t<meta property=\"og:image:height\" content=\"394\" \/>\n\t<meta property=\"og:image:type\" content=\"image\/webp\" \/>\n<meta name=\"author\" content=\"Cecilia Pastrana\" \/>\n<meta name=\"twitter:card\" content=\"summary_large_image\" \/>\n<meta name=\"twitter:creator\" content=\"@nahuproduciones\" \/>\n<meta name=\"twitter:site\" content=\"@nahuproduciones\" \/>\n<meta name=\"twitter:label1\" content=\"Escrito por\" \/>\n\t<meta name=\"twitter:data1\" content=\"Cecilia Pastrana\" \/>\n\t<meta name=\"twitter:label2\" content=\"Tiempo de lectura\" \/>\n\t<meta name=\"twitter:data2\" content=\"1 minuto\" \/>\n<script type=\"application\/ld+json\" class=\"yoast-schema-graph\">{\"@context\":\"https:\/\/schema.org\",\"@graph\":[{\"@type\":\"WebPage\",\"@id\":\"https:\/\/nahuelproducciones.com.ar\/radioquijano\/el-gobierno-de-salta-adelanta-el-pago-de-sueldos-de-abril-en-el-marco-del-dia-del-trabajador\/\",\"url\":\"https:\/\/nahuelproducciones.com.ar\/radioquijano\/el-gobierno-de-salta-adelanta-el-pago-de-sueldos-de-abril-en-el-marco-del-dia-del-trabajador\/\",\"name\":\"El Gobierno de Salta adelanta el pago de sueldos de abril en el marco del D\u00eda del Trabajador - RQ 99.9\",\"isPartOf\":{\"@id\":\"https:\/\/nahuelproducciones.com.ar\/radioquijano\/#website\"},\"datePublished\":\"2026-04-30T01:22:47+00:00\",\"dateModified\":\"2026-04-30T02:03:22+00:00\",\"author\":{\"@id\":\"https:\/\/nahuelproducciones.com.ar\/radioquijano\/#\/schema\/person\/e8a4f939e2cb487fe6d0c54042c9d32c\"},\"description\":\"La totalidad de los empleados p\u00fablicos provinciales percibir\u00e1 sus haberes el 30 de abril.\",\"breadcrumb\":{\"@id\":\"https:\/\/nahuelproducciones.com.ar\/radioquijano\/el-gobierno-de-salta-adelanta-el-pago-de-sueldos-de-abril-en-el-marco-del-dia-del-trabajador\/#breadcrumb\"},\"inLanguage\":\"es\",\"potentialAction\":[{\"@type\":\"ReadAction\",\"target\":[\"https:\/\/nahuelproducciones.com.ar\/radioquijano\/el-gobierno-de-salta-adelanta-el-pago-de-sueldos-de-abril-en-el-marco-del-dia-del-trabajador\/\"]}]},{\"@type\":\"BreadcrumbList\",\"@id\":\"https:\/\/nahuelproducciones.com.ar\/radioquijano\/el-gobierno-de-salta-adelanta-el-pago-de-sueldos-de-abril-en-el-marco-del-dia-del-trabajador\/#breadcrumb\",\"itemListElement\":[{\"@type\":\"ListItem\",\"position\":1,\"name\":\"Portada\",\"item\":\"https:\/\/nahuelproducciones.com.ar\/radioquijano\/\"},{\"@type\":\"ListItem\",\"position\":2,\"name\":\"El Gobierno de Salta adelanta el pago de sueldos de abril en el marco del D\u00eda del Trabajador\"}]},{\"@type\":\"WebSite\",\"@id\":\"https:\/\/nahuelproducciones.com.ar\/radioquijano\/#website\",\"url\":\"https:\/\/nahuelproducciones.com.ar\/radioquijano\/\",\"name\":\"RQ 99.9\",\"description\":\"Radio Quijano 99.9 MHz\",\"potentialAction\":[{\"@type\":\"SearchAction\",\"target\":{\"@type\":\"EntryPoint\",\"urlTemplate\":\"https:\/\/nahuelproducciones.com.ar\/radioquijano\/?s={search_term_string}\"},\"query-input\":\"required name=search_term_string\"}],\"inLanguage\":\"es\"},{\"@type\":\"Person\",\"@id\":\"https:\/\/nahuelproducciones.com.ar\/radioquijano\/#\/schema\/person\/e8a4f939e2cb487fe6d0c54042c9d32c\",\"name\":\"Cecilia Pastrana\",\"image\":{\"@type\":\"ImageObject\",\"inLanguage\":\"es\",\"@id\":\"https:\/\/nahuelproducciones.com.ar\/radioquijano\/#\/schema\/person\/image\/\",\"url\":\"https:\/\/secure.gravatar.com\/avatar\/661a3ef63a8488d4f2794ed44af8cf71420f7e106f3072c40125114df5157749?s=96&d=mm&r=g\",\"contentUrl\":\"https:\/\/secure.gravatar.com\/avatar\/661a3ef63a8488d4f2794ed44af8cf71420f7e106f3072c40125114df5157749?s=96&d=mm&r=g\",\"caption\":\"Cecilia Pastrana\"},\"sameAs\":[\"cecy\"],\"url\":\"https:\/\/nahuelproducciones.com.ar\/radioquijano\/author\/cecy\/\"}]}<\/script>\n<!-- \/ Yoast SEO plugin. -->","yoast_head_json":{"title":"El Gobierno de Salta adelanta el pago de sueldos de abril en el marco del D\u00eda del Trabajador - RQ 99.9","description":"La totalidad de los empleados p\u00fablicos provinciales percibir\u00e1 sus haberes el 30 de abril.","robots":{"index":"index","follow":"follow","max-snippet":"max-snippet:-1","max-image-preview":"max-image-preview:large","max-video-preview":"max-video-preview:-1"},"canonical":"https:\/\/nahuelproducciones.com.ar\/radioquijano\/el-gobierno-de-salta-adelanta-el-pago-de-sueldos-de-abril-en-el-marco-del-dia-del-trabajador\/","og_locale":"es_ES","og_type":"article","og_title":"El Gobierno de Salta adelanta el pago de sueldos de abril en el marco del D\u00eda del Trabajador - RQ 99.9","og_description":"La totalidad de los empleados p\u00fablicos provinciales percibir\u00e1 sus haberes el 30 de abril.","og_url":"https:\/\/nahuelproducciones.com.ar\/radioquijano\/el-gobierno-de-salta-adelanta-el-pago-de-sueldos-de-abril-en-el-marco-del-dia-del-trabajador\/","og_site_name":"RQ 99.9","article_publisher":"https:\/\/www.facebook.com\/nahuelproducciones999\/","article_published_time":"2026-04-30T01:22:47+00:00","article_modified_time":"2026-04-30T02:03:22+00:00","og_image":[{"width":700,"height":394,"url":"https:\/\/nahuelproducciones.com.ar\/radioquijano\/wp-content\/uploads\/2026\/04\/107519-el-gobierno-de-salta-adelanta-el-pago-de-sueldos-de-abril-en-el-marco-del-dia-del-trabajador-e1777512131857.webp","type":"image\/webp"}],"author":"Cecilia Pastrana","twitter_card":"summary_large_image","twitter_creator":"@nahuproduciones","twitter_site":"@nahuproduciones","twitter_misc":{"Escrito por":"Cecilia Pastrana","Tiempo de lectura":"1 minuto"},"schema":{"@context":"https:\/\/schema.org","@graph":[{"@type":"WebPage","@id":"https:\/\/nahuelproducciones.com.ar\/radioquijano\/el-gobierno-de-salta-adelanta-el-pago-de-sueldos-de-abril-en-el-marco-del-dia-del-trabajador\/","url":"https:\/\/nahuelproducciones.com.ar\/radioquijano\/el-gobierno-de-salta-adelanta-el-pago-de-sueldos-de-abril-en-el-marco-del-dia-del-trabajador\/","name":"El Gobierno de Salta adelanta el pago de sueldos de abril en el marco del D\u00eda del Trabajador - RQ 99.9","isPartOf":{"@id":"https:\/\/nahuelproducciones.com.ar\/radioquijano\/#website"},"datePublished":"2026-04-30T01:22:47+00:00","dateModified":"2026-04-30T02:03:22+00:00","author":{"@id":"https:\/\/nahuelproducciones.com.ar\/radioquijano\/#\/schema\/person\/e8a4f939e2cb487fe6d0c54042c9d32c"},"description":"La totalidad de los empleados p\u00fablicos provinciales percibir\u00e1 sus haberes el 30 de abril.","breadcrumb":{"@id":"https:\/\/nahuelproducciones.com.ar\/radioquijano\/el-gobierno-de-salta-adelanta-el-pago-de-sueldos-de-abril-en-el-marco-del-dia-del-trabajador\/#breadcrumb"},"inLanguage":"es","potentialAction":[{"@type":"ReadAction","target":["https:\/\/nahuelproducciones.com.ar\/radioquijano\/el-gobierno-de-salta-adelanta-el-pago-de-sueldos-de-abril-en-el-marco-del-dia-del-trabajador\/"]}]},{"@type":"BreadcrumbList","@id":"https:\/\/nahuelproducciones.com.ar\/radioquijano\/el-gobierno-de-salta-adelanta-el-pago-de-sueldos-de-abril-en-el-marco-del-dia-del-trabajador\/#breadcrumb","itemListElement":[{"@type":"ListItem","position":1,"name":"Portada","item":"https:\/\/nahuelproducciones.com.ar\/radioquijano\/"},{"@type":"ListItem","position":2,"name":"El Gobierno de Salta adelanta el pago de sueldos de abril en el marco del D\u00eda del Trabajador"}]},{"@type":"WebSite","@id":"https:\/\/nahuelproducciones.com.ar\/radioquijano\/#website","url":"https:\/\/nahuelproducciones.com.ar\/radioquijano\/","name":"RQ 99.9","description":"Radio Quijano 99.9 MHz","potentialAction":[{"@type":"SearchAction","target":{"@type":"EntryPoint","urlTemplate":"https:\/\/nahuelproducciones.com.ar\/radioquijano\/?s={search_term_string}"},"query-input":"required name=search_term_string"}],"inLanguage":"es"},{"@type":"Person","@id":"https:\/\/nahuelproducciones.com.ar\/radioquijano\/#\/schema\/person\/e8a4f939e2cb487fe6d0c54042c9d32c","name":"Cecilia Pastrana","image":{"@type":"ImageObject","inLanguage":"es","@id":"https:\/\/nahuelproducciones.com.ar\/radioquijano\/#\/schema\/person\/image\/","url":"https:\/\/secure.gravatar.com\/avatar\/661a3ef63a8488d4f2794ed44af8cf71420f7e106f3072c40125114df5157749?s=96&d=mm&r=g","contentUrl":"https:\/\/secure.gravatar.com\/avatar\/661a3ef63a8488d4f2794ed44af8cf71420f7e106f3072c40125114df5157749?s=96&d=mm&r=g","caption":"Cecilia Pastrana"},"sameAs":["cecy"],"url":"https:\/\/nahuelproducciones.com.ar\/radioquijano\/author\/cecy\/"}]}},"_links":{"self":[{"href":"https:\/\/nahuelproducciones.com.ar\/radioquijano\/wp-json\/wp\/v2\/posts\/12302","targetHints":{"allow":["GET"]}}],"collection":[{"href":"https:\/\/nahuelproducciones.com.ar\/radioquijano\/wp-json\/wp\/v2\/posts"}],"about":[{"href":"https:\/\/nahuelproducciones.com.ar\/radioquijano\/wp-json\/wp\/v2\/types\/post"}],"author":[{"embeddable":true,"href":"https:\/\/nahuelproducciones.com.ar\/radioquijano\/wp-json\/wp\/v2\/users\/8"}],"replies":[{"embeddable":true,"href":"https:\/\/nahuelproducciones.com.ar\/radioquijano\/wp-json\/wp\/v2\/comments?post=12302"}],"version-history":[{"count":1,"href":"https:\/\/nahuelproducciones.com.ar\/radioquijano\/wp-json\/wp\/v2\/posts\/12302\/revisions"}],"predecessor-version":[{"id":12304,"href":"https:\/\/nahuelproducciones.com.ar\/radioquijano\/wp-json\/wp\/v2\/posts\/12302\/revisions\/12304"}],"wp:featuredmedia":[{"embeddable":true,"href":"https:\/\/nahuelproducciones.com.ar\/radioquijano\/wp-json\/wp\/v2\/media\/12303"}],"wp:attachment":[{"href":"https:\/\/nahuelproducciones.com.ar\/radioquijano\/wp-json\/wp\/v2\/media?parent=12302"}],"wp:term":[{"taxonomy":"category","embeddable":true,"href":"https:\/\/nahuelproducciones.com.ar\/radioquijano\/wp-json\/wp\/v2\/categories?post=12302"},{"taxonomy":"post_tag","embeddable":true,"href":"https:\/\/nahuelproducciones.com.ar\/radioquijano\/wp-json\/wp\/v2\/tags?post=12302"}],"curies":[{"name":"wp","href":"https:\/\/api.w.org\/{rel}","templated":true}]}}