{"id":12305,"date":"2026-04-29T22:48:24","date_gmt":"2026-04-30T01:48:24","guid":{"rendered":"https:\/\/nahuelproducciones.com.ar\/radioquijano\/?p=12305"},"modified":"2026-04-29T22:51:09","modified_gmt":"2026-04-30T01:51:09","slug":"la-armada-argentina-abrio-inscripciones-oportunidad-para-jovenes-saltenos","status":"publish","type":"post","link":"https:\/\/nahuelproducciones.com.ar\/radioquijano\/la-armada-argentina-abrio-inscripciones-oportunidad-para-jovenes-saltenos\/","title":{"rendered":"La Armada Argentina abri\u00f3 inscripciones: oportunidad para j\u00f3venes salte\u00f1os"},"content":{"rendered":"\n<p>En el marco de una nueva convocatoria nacional, la Armada Argentina abri\u00f3 oficialmente las inscripciones para el ingreso 2027, una propuesta que ofrece formaci\u00f3n profesional gratuita y salida laboral dentro de la instituci\u00f3n.<\/p>\n\n\n\n<p>Durante una entrevista brindada a Radio Quijano, el Suboficial Principal Juan Farf\u00e1n, encargado de la Delegaci\u00f3n de Incorporaci\u00f3n Naval Salta, brind\u00f3 detalles sobre esta oportunidad destinada a j\u00f3venes de toda la provincia.<\/p>\n\n\n\n<p>La convocatoria estar\u00e1 abierta hasta el <strong>9 de octubre<\/strong> para quienes deseen ingresar a la Escuela Naval Militar, en la carrera de Oficiales (Cadetes), o a la Escuela de Suboficiales de la Armada, en la carrera de Suboficiales (Aspirantes).<\/p>\n\n\n\n<p>Seg\u00fan explic\u00f3 Farf\u00e1n, pueden postularse j\u00f3venes que est\u00e9n cursando el \u00faltimo a\u00f1o del secundario o que ya lo hayan finalizado, con un l\u00edmite de <strong>24 a\u00f1os al 1 de marzo del a\u00f1o de ingreso<\/strong>, adem\u00e1s de cumplir con las condiciones psicof\u00edsicas requeridas.<\/p>\n\n\n\n<p>Uno de los aspectos m\u00e1s destacados de la propuesta es que se trata de una <strong>formaci\u00f3n integral gratuita<\/strong>, con t\u00edtulos de nivel superior avalados por el Ministerio de Educaci\u00f3n de la Naci\u00f3n. Adem\u00e1s, los aspirantes cuentan con beneficios como <strong>haber mensual, alojamiento, alimentaci\u00f3n, vestuario y cobertura social<\/strong> durante su formaci\u00f3n.<\/p>\n\n\n\n<p>El proceso de inscripci\u00f3n se realiza de manera online a trav\u00e9s del sitio oficial<br>&#x1f449; <a href=\"https:\/\/www.incorporacion.armada.mil.ar\/\">https:\/\/www.incorporacion.armada.mil.ar\/<\/a><br>donde los interesados deben completar sus datos y seleccionar la modalidad de ingreso.<\/p>\n\n\n\n<p>Tambi\u00e9n pueden acercarse personalmente a la Delegaci\u00f3n Naval Salta, ubicada en Avenida San Mart\u00edn 603, en el horario de 07:30 a 14:00, o comunicarse al tel\u00e9fono (0387) 4317-747 para recibir asesoramiento.<\/p>\n\n\n\n<p>Por otro lado, se inform\u00f3 que contin\u00faa abierta la inscripci\u00f3n para el <strong>Cuerpo Profesional<\/strong>, destinada a universitarios, en este caso hasta el <strong>12 de junio<\/strong>.<\/p>\n\n\n\n<p>Desde la Delegaci\u00f3n destacaron que esta convocatoria representa una <strong>gran oportunidad para la juventud<\/strong>, no solo por la formaci\u00f3n acad\u00e9mica, sino tambi\u00e9n por la posibilidad de desarrollar una carrera con estabilidad, disciplina y vocaci\u00f3n de servicio al pa\u00eds.<\/p>\n\n\n\n<p>La entrevista completa con el Suboficial Principal Juan Farf\u00e1n se encuentra disponible en Radio Quijano:<\/p>\n\n\n\n<figure class=\"wp-block-audio\"><audio controls src=\"https:\/\/nahuelproducciones.com.ar\/radioquijano\/wp-content\/uploads\/2026\/04\/24-04-2026-Farfan-armada.mp3\"><\/audio><\/figure>\n\n\n\n<p>Esc.Naval.mil.ar <\/p>\n\n\n\n<figure class=\"wp-block-gallery has-nested-images columns-default is-cropped wp-block-gallery-1 is-layout-flex wp-block-gallery-is-layout-flex\">\n<figure class=\"wp-block-image size-large\"><img loading=\"lazy\" decoding=\"async\" width=\"576\" height=\"1024\" data-id=\"12312\" src=\"https:\/\/nahuelproducciones.com.ar\/radioquijano\/wp-content\/uploads\/2026\/04\/WhatsApp-Image-2026-04-23-at-1.06.48-PM-576x1024.jpeg\" alt=\"\" class=\"wp-image-12312\" srcset=\"https:\/\/nahuelproducciones.com.ar\/radioquijano\/wp-content\/uploads\/2026\/04\/WhatsApp-Image-2026-04-23-at-1.06.48-PM-576x1024.jpeg 576w, https:\/\/nahuelproducciones.com.ar\/radioquijano\/wp-content\/uploads\/2026\/04\/WhatsApp-Image-2026-04-23-at-1.06.48-PM-169x300.jpeg 169w, https:\/\/nahuelproducciones.com.ar\/radioquijano\/wp-content\/uploads\/2026\/04\/WhatsApp-Image-2026-04-23-at-1.06.48-PM-150x267.jpeg 150w, https:\/\/nahuelproducciones.com.ar\/radioquijano\/wp-content\/uploads\/2026\/04\/WhatsApp-Image-2026-04-23-at-1.06.48-PM.jpeg 720w\" sizes=\"auto, (max-width: 576px) 100vw, 576px\" \/><\/figure>\n\n\n\n<figure class=\"wp-block-image size-large\"><img loading=\"lazy\" decoding=\"async\" width=\"1024\" height=\"1024\" data-id=\"12310\" src=\"https:\/\/nahuelproducciones.com.ar\/radioquijano\/wp-content\/uploads\/2026\/04\/WhatsApp-Image-2026-04-23-at-1.06.49-PM-1-1024x1024.jpeg\" alt=\"\" class=\"wp-image-12310\" srcset=\"https:\/\/nahuelproducciones.com.ar\/radioquijano\/wp-content\/uploads\/2026\/04\/WhatsApp-Image-2026-04-23-at-1.06.49-PM-1-1024x1024.jpeg 1024w, https:\/\/nahuelproducciones.com.ar\/radioquijano\/wp-content\/uploads\/2026\/04\/WhatsApp-Image-2026-04-23-at-1.06.49-PM-1-300x300.jpeg 300w, https:\/\/nahuelproducciones.com.ar\/radioquijano\/wp-content\/uploads\/2026\/04\/WhatsApp-Image-2026-04-23-at-1.06.49-PM-1-768x768.jpeg 768w, https:\/\/nahuelproducciones.com.ar\/radioquijano\/wp-content\/uploads\/2026\/04\/WhatsApp-Image-2026-04-23-at-1.06.49-PM-1-96x96.jpeg 96w, https:\/\/nahuelproducciones.com.ar\/radioquijano\/wp-content\/uploads\/2026\/04\/WhatsApp-Image-2026-04-23-at-1.06.49-PM-1-150x150.jpeg 150w, https:\/\/nahuelproducciones.com.ar\/radioquijano\/wp-content\/uploads\/2026\/04\/WhatsApp-Image-2026-04-23-at-1.06.49-PM-1.jpeg 1080w\" sizes=\"auto, (max-width: 1024px) 100vw, 1024px\" \/><\/figure>\n\n\n\n<figure class=\"wp-block-image size-large\"><img loading=\"lazy\" decoding=\"async\" width=\"1024\" height=\"1024\" data-id=\"12308\" src=\"https:\/\/nahuelproducciones.com.ar\/radioquijano\/wp-content\/uploads\/2026\/04\/WhatsApp-Image-2026-04-23-at-1.06.49-PM-2-1024x1024.jpeg\" alt=\"\" class=\"wp-image-12308\" srcset=\"https:\/\/nahuelproducciones.com.ar\/radioquijano\/wp-content\/uploads\/2026\/04\/WhatsApp-Image-2026-04-23-at-1.06.49-PM-2-1024x1024.jpeg 1024w, https:\/\/nahuelproducciones.com.ar\/radioquijano\/wp-content\/uploads\/2026\/04\/WhatsApp-Image-2026-04-23-at-1.06.49-PM-2-300x300.jpeg 300w, https:\/\/nahuelproducciones.com.ar\/radioquijano\/wp-content\/uploads\/2026\/04\/WhatsApp-Image-2026-04-23-at-1.06.49-PM-2-768x768.jpeg 768w, https:\/\/nahuelproducciones.com.ar\/radioquijano\/wp-content\/uploads\/2026\/04\/WhatsApp-Image-2026-04-23-at-1.06.49-PM-2-96x96.jpeg 96w, https:\/\/nahuelproducciones.com.ar\/radioquijano\/wp-content\/uploads\/2026\/04\/WhatsApp-Image-2026-04-23-at-1.06.49-PM-2-150x150.jpeg 150w, https:\/\/nahuelproducciones.com.ar\/radioquijano\/wp-content\/uploads\/2026\/04\/WhatsApp-Image-2026-04-23-at-1.06.49-PM-2.jpeg 1080w\" sizes=\"auto, (max-width: 1024px) 100vw, 1024px\" \/><\/figure>\n\n\n\n<figure class=\"wp-block-image size-large\"><img loading=\"lazy\" decoding=\"async\" width=\"576\" height=\"1024\" data-id=\"12309\" src=\"https:\/\/nahuelproducciones.com.ar\/radioquijano\/wp-content\/uploads\/2026\/04\/WhatsApp-Image-2026-04-23-at-1.06.49-PM-576x1024.jpeg\" alt=\"\" class=\"wp-image-12309\" srcset=\"https:\/\/nahuelproducciones.com.ar\/radioquijano\/wp-content\/uploads\/2026\/04\/WhatsApp-Image-2026-04-23-at-1.06.49-PM-576x1024.jpeg 576w, https:\/\/nahuelproducciones.com.ar\/radioquijano\/wp-content\/uploads\/2026\/04\/WhatsApp-Image-2026-04-23-at-1.06.49-PM-169x300.jpeg 169w, https:\/\/nahuelproducciones.com.ar\/radioquijano\/wp-content\/uploads\/2026\/04\/WhatsApp-Image-2026-04-23-at-1.06.49-PM-150x267.jpeg 150w, https:\/\/nahuelproducciones.com.ar\/radioquijano\/wp-content\/uploads\/2026\/04\/WhatsApp-Image-2026-04-23-at-1.06.49-PM.jpeg 720w\" sizes=\"auto, (max-width: 576px) 100vw, 576px\" \/><\/figure>\n\n\n\n<figure class=\"wp-block-image size-large\"><img loading=\"lazy\" decoding=\"async\" width=\"1024\" height=\"576\" data-id=\"12314\" src=\"https:\/\/nahuelproducciones.com.ar\/radioquijano\/wp-content\/uploads\/2026\/04\/WhatsApp-Image-2026-04-23-at-1.35.25-PM-1-1024x576.jpeg\" alt=\"\" class=\"wp-image-12314\" srcset=\"https:\/\/nahuelproducciones.com.ar\/radioquijano\/wp-content\/uploads\/2026\/04\/WhatsApp-Image-2026-04-23-at-1.35.25-PM-1-1024x576.jpeg 1024w, https:\/\/nahuelproducciones.com.ar\/radioquijano\/wp-content\/uploads\/2026\/04\/WhatsApp-Image-2026-04-23-at-1.35.25-PM-1-300x169.jpeg 300w, https:\/\/nahuelproducciones.com.ar\/radioquijano\/wp-content\/uploads\/2026\/04\/WhatsApp-Image-2026-04-23-at-1.35.25-PM-1-768x432.jpeg 768w, https:\/\/nahuelproducciones.com.ar\/radioquijano\/wp-content\/uploads\/2026\/04\/WhatsApp-Image-2026-04-23-at-1.35.25-PM-1-1536x864.jpeg 1536w, https:\/\/nahuelproducciones.com.ar\/radioquijano\/wp-content\/uploads\/2026\/04\/WhatsApp-Image-2026-04-23-at-1.35.25-PM-1-150x84.jpeg 150w, https:\/\/nahuelproducciones.com.ar\/radioquijano\/wp-content\/uploads\/2026\/04\/WhatsApp-Image-2026-04-23-at-1.35.25-PM-1.jpeg 1600w\" sizes=\"auto, (max-width: 1024px) 100vw, 1024px\" \/><\/figure>\n\n\n\n<figure class=\"wp-block-image size-large\"><img loading=\"lazy\" decoding=\"async\" width=\"576\" height=\"1024\" data-id=\"12320\" src=\"https:\/\/nahuelproducciones.com.ar\/radioquijano\/wp-content\/uploads\/2026\/04\/WhatsApp-Image-2026-04-23-at-1.35.25-PM-2-576x1024.jpeg\" alt=\"\" class=\"wp-image-12320\" srcset=\"https:\/\/nahuelproducciones.com.ar\/radioquijano\/wp-content\/uploads\/2026\/04\/WhatsApp-Image-2026-04-23-at-1.35.25-PM-2-576x1024.jpeg 576w, https:\/\/nahuelproducciones.com.ar\/radioquijano\/wp-content\/uploads\/2026\/04\/WhatsApp-Image-2026-04-23-at-1.35.25-PM-2-169x300.jpeg 169w, https:\/\/nahuelproducciones.com.ar\/radioquijano\/wp-content\/uploads\/2026\/04\/WhatsApp-Image-2026-04-23-at-1.35.25-PM-2-768x1365.jpeg 768w, https:\/\/nahuelproducciones.com.ar\/radioquijano\/wp-content\/uploads\/2026\/04\/WhatsApp-Image-2026-04-23-at-1.35.25-PM-2-864x1536.jpeg 864w, https:\/\/nahuelproducciones.com.ar\/radioquijano\/wp-content\/uploads\/2026\/04\/WhatsApp-Image-2026-04-23-at-1.35.25-PM-2-150x267.jpeg 150w, https:\/\/nahuelproducciones.com.ar\/radioquijano\/wp-content\/uploads\/2026\/04\/WhatsApp-Image-2026-04-23-at-1.35.25-PM-2.jpeg 900w\" sizes=\"auto, (max-width: 576px) 100vw, 576px\" \/><\/figure>\n\n\n\n<figure class=\"wp-block-image size-large\"><img loading=\"lazy\" decoding=\"async\" width=\"819\" height=\"1024\" data-id=\"12317\" src=\"https:\/\/nahuelproducciones.com.ar\/radioquijano\/wp-content\/uploads\/2026\/04\/WhatsApp-Image-2026-04-27-at-12.54.16-PM-819x1024.jpeg\" alt=\"\" class=\"wp-image-12317\" srcset=\"https:\/\/nahuelproducciones.com.ar\/radioquijano\/wp-content\/uploads\/2026\/04\/WhatsApp-Image-2026-04-27-at-12.54.16-PM-819x1024.jpeg 819w, https:\/\/nahuelproducciones.com.ar\/radioquijano\/wp-content\/uploads\/2026\/04\/WhatsApp-Image-2026-04-27-at-12.54.16-PM-240x300.jpeg 240w, https:\/\/nahuelproducciones.com.ar\/radioquijano\/wp-content\/uploads\/2026\/04\/WhatsApp-Image-2026-04-27-at-12.54.16-PM-768x960.jpeg 768w, https:\/\/nahuelproducciones.com.ar\/radioquijano\/wp-content\/uploads\/2026\/04\/WhatsApp-Image-2026-04-27-at-12.54.16-PM-150x188.jpeg 150w, https:\/\/nahuelproducciones.com.ar\/radioquijano\/wp-content\/uploads\/2026\/04\/WhatsApp-Image-2026-04-27-at-12.54.16-PM.jpeg 1080w\" sizes=\"auto, (max-width: 819px) 100vw, 819px\" \/><\/figure>\n\n\n\n<figure class=\"wp-block-image size-large\"><img loading=\"lazy\" decoding=\"async\" width=\"819\" height=\"1024\" data-id=\"12319\" src=\"https:\/\/nahuelproducciones.com.ar\/radioquijano\/wp-content\/uploads\/2026\/04\/WhatsApp-Image-2026-04-27-at-12.54.16-PM-1-819x1024.jpeg\" alt=\"\" class=\"wp-image-12319\" srcset=\"https:\/\/nahuelproducciones.com.ar\/radioquijano\/wp-content\/uploads\/2026\/04\/WhatsApp-Image-2026-04-27-at-12.54.16-PM-1-819x1024.jpeg 819w, https:\/\/nahuelproducciones.com.ar\/radioquijano\/wp-content\/uploads\/2026\/04\/WhatsApp-Image-2026-04-27-at-12.54.16-PM-1-240x300.jpeg 240w, https:\/\/nahuelproducciones.com.ar\/radioquijano\/wp-content\/uploads\/2026\/04\/WhatsApp-Image-2026-04-27-at-12.54.16-PM-1-768x960.jpeg 768w, https:\/\/nahuelproducciones.com.ar\/radioquijano\/wp-content\/uploads\/2026\/04\/WhatsApp-Image-2026-04-27-at-12.54.16-PM-1-150x188.jpeg 150w, https:\/\/nahuelproducciones.com.ar\/radioquijano\/wp-content\/uploads\/2026\/04\/WhatsApp-Image-2026-04-27-at-12.54.16-PM-1.jpeg 1080w\" sizes=\"auto, (max-width: 819px) 100vw, 819px\" \/><\/figure>\n<\/figure>\n","protected":false},"excerpt":{"rendered":"<p>En el marco de una nueva convocatoria nacional, la Armada Argentina abri\u00f3 oficialmente las inscripciones para el ingreso 2027, una propuesta que ofrece formaci\u00f3n profesional gratuita y salida laboral dentro de la instituci\u00f3n. Durante una entrevista brindada a Radio Quijano, el Suboficial Principal Juan Farf\u00e1n, encargado de la Delegaci\u00f3n de Incorporaci\u00f3n Naval Salta, brind\u00f3 detalles [&hellip;]<\/p>\n","protected":false},"author":8,"featured_media":12307,"comment_status":"open","ping_status":"open","sticky":false,"template":"","format":"standard","meta":{"_monsterinsights_skip_tracking":false,"_monsterinsights_sitenote_active":false,"_monsterinsights_sitenote_note":"","_monsterinsights_sitenote_category":0,"footnotes":""},"categories":[16],"tags":[1074,2109,100,1960],"class_list":["post-12305","post","type-post","status-publish","format-standard","has-post-thumbnail","hentry","category-noticias","tag-inscripciones-abiertas","tag-la-armada-argentina","tag-municipio-de-campo-quijano","tag-suboficial-principal-juan-farfan"],"yoast_head":"<!-- This site is optimized with the Yoast SEO plugin v20.8 - https:\/\/yoast.com\/wordpress\/plugins\/seo\/ -->\n<title>La Armada Argentina abri\u00f3 inscripciones: oportunidad para j\u00f3venes salte\u00f1os - RQ 99.9<\/title>\n<meta name=\"description\" content=\"A trav\u00e9s de esta convocatoria, la Instituci\u00f3n busca integrar profesionales comprometidos que deseen proyectar su carrera en un entorno de excelencia. Su aporte t\u00e9cnico y acad\u00e9mico ser\u00e1 fundamental para el cumplimiento de las misiones operativas y log\u00edsticas que lleva adelante la Armada Argentina.\" \/>\n<meta name=\"robots\" content=\"index, follow, max-snippet:-1, max-image-preview:large, max-video-preview:-1\" \/>\n<link rel=\"canonical\" href=\"https:\/\/nahuelproducciones.com.ar\/radioquijano\/la-armada-argentina-abrio-inscripciones-oportunidad-para-jovenes-saltenos\/\" \/>\n<meta property=\"og:locale\" content=\"es_ES\" \/>\n<meta property=\"og:type\" content=\"article\" \/>\n<meta property=\"og:title\" content=\"La Armada Argentina abri\u00f3 inscripciones: oportunidad para j\u00f3venes salte\u00f1os - RQ 99.9\" \/>\n<meta property=\"og:description\" content=\"A trav\u00e9s de esta convocatoria, la Instituci\u00f3n busca integrar profesionales comprometidos que deseen proyectar su carrera en un entorno de excelencia. Su aporte t\u00e9cnico y acad\u00e9mico ser\u00e1 fundamental para el cumplimiento de las misiones operativas y log\u00edsticas que lleva adelante la Armada Argentina.\" \/>\n<meta property=\"og:url\" content=\"https:\/\/nahuelproducciones.com.ar\/radioquijano\/la-armada-argentina-abrio-inscripciones-oportunidad-para-jovenes-saltenos\/\" \/>\n<meta property=\"og:site_name\" content=\"RQ 99.9\" \/>\n<meta property=\"article:publisher\" content=\"https:\/\/www.facebook.com\/nahuelproducciones999\/\" \/>\n<meta property=\"article:published_time\" content=\"2026-04-30T01:48:24+00:00\" \/>\n<meta property=\"article:modified_time\" content=\"2026-04-30T01:51:09+00:00\" \/>\n<meta property=\"og:image\" content=\"https:\/\/nahuelproducciones.com.ar\/radioquijano\/wp-content\/uploads\/2026\/04\/Post-Instagram-Frase-Primavera-Collage-Aesthetic-Minimalista--e1777513228156.png\" \/>\n\t<meta property=\"og:image:width\" content=\"700\" \/>\n\t<meta property=\"og:image:height\" content=\"700\" \/>\n\t<meta property=\"og:image:type\" content=\"image\/png\" \/>\n<meta name=\"author\" content=\"Cecilia Pastrana\" \/>\n<meta name=\"twitter:card\" content=\"summary_large_image\" \/>\n<meta name=\"twitter:creator\" content=\"@nahuproduciones\" \/>\n<meta name=\"twitter:site\" content=\"@nahuproduciones\" \/>\n<meta name=\"twitter:label1\" content=\"Escrito por\" \/>\n\t<meta name=\"twitter:data1\" content=\"Cecilia Pastrana\" \/>\n\t<meta name=\"twitter:label2\" content=\"Tiempo de lectura\" \/>\n\t<meta name=\"twitter:data2\" content=\"4 minutos\" \/>\n<script type=\"application\/ld+json\" class=\"yoast-schema-graph\">{\"@context\":\"https:\/\/schema.org\",\"@graph\":[{\"@type\":\"WebPage\",\"@id\":\"https:\/\/nahuelproducciones.com.ar\/radioquijano\/la-armada-argentina-abrio-inscripciones-oportunidad-para-jovenes-saltenos\/\",\"url\":\"https:\/\/nahuelproducciones.com.ar\/radioquijano\/la-armada-argentina-abrio-inscripciones-oportunidad-para-jovenes-saltenos\/\",\"name\":\"La Armada Argentina abri\u00f3 inscripciones: oportunidad para j\u00f3venes salte\u00f1os - RQ 99.9\",\"isPartOf\":{\"@id\":\"https:\/\/nahuelproducciones.com.ar\/radioquijano\/#website\"},\"datePublished\":\"2026-04-30T01:48:24+00:00\",\"dateModified\":\"2026-04-30T01:51:09+00:00\",\"author\":{\"@id\":\"https:\/\/nahuelproducciones.com.ar\/radioquijano\/#\/schema\/person\/e8a4f939e2cb487fe6d0c54042c9d32c\"},\"description\":\"A trav\u00e9s de esta convocatoria, la Instituci\u00f3n busca integrar profesionales comprometidos que deseen proyectar su carrera en un entorno de excelencia. Su aporte t\u00e9cnico y acad\u00e9mico ser\u00e1 fundamental para el cumplimiento de las misiones operativas y log\u00edsticas que lleva adelante la Armada Argentina.\",\"breadcrumb\":{\"@id\":\"https:\/\/nahuelproducciones.com.ar\/radioquijano\/la-armada-argentina-abrio-inscripciones-oportunidad-para-jovenes-saltenos\/#breadcrumb\"},\"inLanguage\":\"es\",\"potentialAction\":[{\"@type\":\"ReadAction\",\"target\":[\"https:\/\/nahuelproducciones.com.ar\/radioquijano\/la-armada-argentina-abrio-inscripciones-oportunidad-para-jovenes-saltenos\/\"]}]},{\"@type\":\"BreadcrumbList\",\"@id\":\"https:\/\/nahuelproducciones.com.ar\/radioquijano\/la-armada-argentina-abrio-inscripciones-oportunidad-para-jovenes-saltenos\/#breadcrumb\",\"itemListElement\":[{\"@type\":\"ListItem\",\"position\":1,\"name\":\"Portada\",\"item\":\"https:\/\/nahuelproducciones.com.ar\/radioquijano\/\"},{\"@type\":\"ListItem\",\"position\":2,\"name\":\"La Armada Argentina abri\u00f3 inscripciones: oportunidad para j\u00f3venes salte\u00f1os\"}]},{\"@type\":\"WebSite\",\"@id\":\"https:\/\/nahuelproducciones.com.ar\/radioquijano\/#website\",\"url\":\"https:\/\/nahuelproducciones.com.ar\/radioquijano\/\",\"name\":\"RQ 99.9\",\"description\":\"Radio Quijano 99.9 MHz\",\"potentialAction\":[{\"@type\":\"SearchAction\",\"target\":{\"@type\":\"EntryPoint\",\"urlTemplate\":\"https:\/\/nahuelproducciones.com.ar\/radioquijano\/?s={search_term_string}\"},\"query-input\":\"required name=search_term_string\"}],\"inLanguage\":\"es\"},{\"@type\":\"Person\",\"@id\":\"https:\/\/nahuelproducciones.com.ar\/radioquijano\/#\/schema\/person\/e8a4f939e2cb487fe6d0c54042c9d32c\",\"name\":\"Cecilia Pastrana\",\"image\":{\"@type\":\"ImageObject\",\"inLanguage\":\"es\",\"@id\":\"https:\/\/nahuelproducciones.com.ar\/radioquijano\/#\/schema\/person\/image\/\",\"url\":\"https:\/\/secure.gravatar.com\/avatar\/661a3ef63a8488d4f2794ed44af8cf71420f7e106f3072c40125114df5157749?s=96&d=mm&r=g\",\"contentUrl\":\"https:\/\/secure.gravatar.com\/avatar\/661a3ef63a8488d4f2794ed44af8cf71420f7e106f3072c40125114df5157749?s=96&d=mm&r=g\",\"caption\":\"Cecilia Pastrana\"},\"sameAs\":[\"cecy\"],\"url\":\"https:\/\/nahuelproducciones.com.ar\/radioquijano\/author\/cecy\/\"}]}<\/script>\n<!-- \/ Yoast SEO plugin. -->","yoast_head_json":{"title":"La Armada Argentina abri\u00f3 inscripciones: oportunidad para j\u00f3venes salte\u00f1os - RQ 99.9","description":"A trav\u00e9s de esta convocatoria, la Instituci\u00f3n busca integrar profesionales comprometidos que deseen proyectar su carrera en un entorno de excelencia. Su aporte t\u00e9cnico y acad\u00e9mico ser\u00e1 fundamental para el cumplimiento de las misiones operativas y log\u00edsticas que lleva adelante la Armada Argentina.","robots":{"index":"index","follow":"follow","max-snippet":"max-snippet:-1","max-image-preview":"max-image-preview:large","max-video-preview":"max-video-preview:-1"},"canonical":"https:\/\/nahuelproducciones.com.ar\/radioquijano\/la-armada-argentina-abrio-inscripciones-oportunidad-para-jovenes-saltenos\/","og_locale":"es_ES","og_type":"article","og_title":"La Armada Argentina abri\u00f3 inscripciones: oportunidad para j\u00f3venes salte\u00f1os - RQ 99.9","og_description":"A trav\u00e9s de esta convocatoria, la Instituci\u00f3n busca integrar profesionales comprometidos que deseen proyectar su carrera en un entorno de excelencia. Su aporte t\u00e9cnico y acad\u00e9mico ser\u00e1 fundamental para el cumplimiento de las misiones operativas y log\u00edsticas que lleva adelante la Armada Argentina.","og_url":"https:\/\/nahuelproducciones.com.ar\/radioquijano\/la-armada-argentina-abrio-inscripciones-oportunidad-para-jovenes-saltenos\/","og_site_name":"RQ 99.9","article_publisher":"https:\/\/www.facebook.com\/nahuelproducciones999\/","article_published_time":"2026-04-30T01:48:24+00:00","article_modified_time":"2026-04-30T01:51:09+00:00","og_image":[{"width":700,"height":700,"url":"https:\/\/nahuelproducciones.com.ar\/radioquijano\/wp-content\/uploads\/2026\/04\/Post-Instagram-Frase-Primavera-Collage-Aesthetic-Minimalista--e1777513228156.png","type":"image\/png"}],"author":"Cecilia Pastrana","twitter_card":"summary_large_image","twitter_creator":"@nahuproduciones","twitter_site":"@nahuproduciones","twitter_misc":{"Escrito por":"Cecilia Pastrana","Tiempo de lectura":"4 minutos"},"schema":{"@context":"https:\/\/schema.org","@graph":[{"@type":"WebPage","@id":"https:\/\/nahuelproducciones.com.ar\/radioquijano\/la-armada-argentina-abrio-inscripciones-oportunidad-para-jovenes-saltenos\/","url":"https:\/\/nahuelproducciones.com.ar\/radioquijano\/la-armada-argentina-abrio-inscripciones-oportunidad-para-jovenes-saltenos\/","name":"La Armada Argentina abri\u00f3 inscripciones: oportunidad para j\u00f3venes salte\u00f1os - RQ 99.9","isPartOf":{"@id":"https:\/\/nahuelproducciones.com.ar\/radioquijano\/#website"},"datePublished":"2026-04-30T01:48:24+00:00","dateModified":"2026-04-30T01:51:09+00:00","author":{"@id":"https:\/\/nahuelproducciones.com.ar\/radioquijano\/#\/schema\/person\/e8a4f939e2cb487fe6d0c54042c9d32c"},"description":"A trav\u00e9s de esta convocatoria, la Instituci\u00f3n busca integrar profesionales comprometidos que deseen proyectar su carrera en un entorno de excelencia. Su aporte t\u00e9cnico y acad\u00e9mico ser\u00e1 fundamental para el cumplimiento de las misiones operativas y log\u00edsticas que lleva adelante la Armada Argentina.","breadcrumb":{"@id":"https:\/\/nahuelproducciones.com.ar\/radioquijano\/la-armada-argentina-abrio-inscripciones-oportunidad-para-jovenes-saltenos\/#breadcrumb"},"inLanguage":"es","potentialAction":[{"@type":"ReadAction","target":["https:\/\/nahuelproducciones.com.ar\/radioquijano\/la-armada-argentina-abrio-inscripciones-oportunidad-para-jovenes-saltenos\/"]}]},{"@type":"BreadcrumbList","@id":"https:\/\/nahuelproducciones.com.ar\/radioquijano\/la-armada-argentina-abrio-inscripciones-oportunidad-para-jovenes-saltenos\/#breadcrumb","itemListElement":[{"@type":"ListItem","position":1,"name":"Portada","item":"https:\/\/nahuelproducciones.com.ar\/radioquijano\/"},{"@type":"ListItem","position":2,"name":"La Armada Argentina abri\u00f3 inscripciones: oportunidad para j\u00f3venes salte\u00f1os"}]},{"@type":"WebSite","@id":"https:\/\/nahuelproducciones.com.ar\/radioquijano\/#website","url":"https:\/\/nahuelproducciones.com.ar\/radioquijano\/","name":"RQ 99.9","description":"Radio Quijano 99.9 MHz","potentialAction":[{"@type":"SearchAction","target":{"@type":"EntryPoint","urlTemplate":"https:\/\/nahuelproducciones.com.ar\/radioquijano\/?s={search_term_string}"},"query-input":"required name=search_term_string"}],"inLanguage":"es"},{"@type":"Person","@id":"https:\/\/nahuelproducciones.com.ar\/radioquijano\/#\/schema\/person\/e8a4f939e2cb487fe6d0c54042c9d32c","name":"Cecilia Pastrana","image":{"@type":"ImageObject","inLanguage":"es","@id":"https:\/\/nahuelproducciones.com.ar\/radioquijano\/#\/schema\/person\/image\/","url":"https:\/\/secure.gravatar.com\/avatar\/661a3ef63a8488d4f2794ed44af8cf71420f7e106f3072c40125114df5157749?s=96&d=mm&r=g","contentUrl":"https:\/\/secure.gravatar.com\/avatar\/661a3ef63a8488d4f2794ed44af8cf71420f7e106f3072c40125114df5157749?s=96&d=mm&r=g","caption":"Cecilia Pastrana"},"sameAs":["cecy"],"url":"https:\/\/nahuelproducciones.com.ar\/radioquijano\/author\/cecy\/"}]}},"_links":{"self":[{"href":"https:\/\/nahuelproducciones.com.ar\/radioquijano\/wp-json\/wp\/v2\/posts\/12305","targetHints":{"allow":["GET"]}}],"collection":[{"href":"https:\/\/nahuelproducciones.com.ar\/radioquijano\/wp-json\/wp\/v2\/posts"}],"about":[{"href":"https:\/\/nahuelproducciones.com.ar\/radioquijano\/wp-json\/wp\/v2\/types\/post"}],"author":[{"embeddable":true,"href":"https:\/\/nahuelproducciones.com.ar\/radioquijano\/wp-json\/wp\/v2\/users\/8"}],"replies":[{"embeddable":true,"href":"https:\/\/nahuelproducciones.com.ar\/radioquijano\/wp-json\/wp\/v2\/comments?post=12305"}],"version-history":[{"count":2,"href":"https:\/\/nahuelproducciones.com.ar\/radioquijano\/wp-json\/wp\/v2\/posts\/12305\/revisions"}],"predecessor-version":[{"id":12321,"href":"https:\/\/nahuelproducciones.com.ar\/radioquijano\/wp-json\/wp\/v2\/posts\/12305\/revisions\/12321"}],"wp:featuredmedia":[{"embeddable":true,"href":"https:\/\/nahuelproducciones.com.ar\/radioquijano\/wp-json\/wp\/v2\/media\/12307"}],"wp:attachment":[{"href":"https:\/\/nahuelproducciones.com.ar\/radioquijano\/wp-json\/wp\/v2\/media?parent=12305"}],"wp:term":[{"taxonomy":"category","embeddable":true,"href":"https:\/\/nahuelproducciones.com.ar\/radioquijano\/wp-json\/wp\/v2\/categories?post=12305"},{"taxonomy":"post_tag","embeddable":true,"href":"https:\/\/nahuelproducciones.com.ar\/radioquijano\/wp-json\/wp\/v2\/tags?post=12305"}],"curies":[{"name":"wp","href":"https:\/\/api.w.org\/{rel}","templated":true}]}}