{"id":12324,"date":"2026-04-29T23:07:33","date_gmt":"2026-04-30T02:07:33","guid":{"rendered":"https:\/\/nahuelproducciones.com.ar\/radioquijano\/?p=12324"},"modified":"2026-04-29T23:07:35","modified_gmt":"2026-04-30T02:07:35","slug":"servicio-de-colectivos-para-manana-jueves-30-y-viernes-1-de-mayo","status":"publish","type":"post","link":"https:\/\/nahuelproducciones.com.ar\/radioquijano\/servicio-de-colectivos-para-manana-jueves-30-y-viernes-1-de-mayo\/","title":{"rendered":"Servicio de colectivos para ma\u00f1ana jueves 30 y viernes 1 de mayo"},"content":{"rendered":"\n<p>SAETA informa a sus usuarios que en el marco de cumplirse este viernes 1 de mayo el feriado nacional por el D\u00eda del Trabajador, el servicio de transporte de pasajeros para toda el \u00e1rea metropolitana operar\u00e1 con el siguiente diagrama:<\/p>\n\n\n\n<p><strong>Jueves 30 de abril:<\/strong><\/p>\n\n\n\n<p>Los coches del transporte a Coronel Moldes circular\u00e1n en la ciudad de Salta s\u00f3lo hasta las 21 mientras que el resto del servicio interurbano lo har\u00e1 hasta las 22 hs.. Los del \u00e1mbito urbano lo har\u00e1n hasta las 22:30, horarios en que el \u00faltimo servicio de cada l\u00ednea pasar\u00e1 por el centro de la ciudad con destino a los barrios y desde all\u00ed a las empresas para su guardado ya que el servicio finalizar\u00e1 a las 24hs.<\/p>\n\n\n\n<p><strong>Viernes 1 de mayo:<\/strong><\/p>\n\n\n\n<p>Las operaciones iniciar\u00e1n a Hs.10:00 y finalizar\u00e1n a Hs. 22:00, con intervalo de paso por las paradas de 42\u2019 promedio para urbanos y 50\u2019 promedios para interurbanos.<\/p>\n\n\n\n<p><strong>S\u00f3lo funcionar\u00e1n las siguientes l\u00edneas:<\/strong><\/p>\n\n\n\n<p>1A, 1B, 1C,<\/p>\n\n\n\n<p>2A, 2B, 2C, 2D 2E, 2F, 2G, 2 ROSARIO DE LERMA,<\/p>\n\n\n\n<p>3A, 3B, 3C,<\/p>\n\n\n\n<p>4A, 4 SAUCE, 4A ROMERO, 4B, 4C, 4D, 4 LA CIENAGA,<\/p>\n\n\n\n<p>5A, 5B, 5C, 5 CHICOANA, 5 LA MERCED, 5 CONGRESO, 5 SANTA TERESITA,<\/p>\n\n\n\n<p>6A, 6B, 6C, 6 LA CALDERA, 6 CAMPO QUIJANO,<\/p>\n\n\n\n<p>7A, 7B, 7C, 7D, 7E, 7 SAN AGUSTIN R21, 7 SAN AGUSTIN R26, 7 SAN LORENZO,<\/p>\n\n\n\n<p>8A, 8B, 8C, 8 TRANSVERSAL, TRONCAL N-S, TRONCAL NORTE-OESTE.<\/p>\n\n\n\n<p>SERVICIO SALTA \u2013CORONEL MOLDES.<\/p>\n\n\n\n<p>El servicio se restablecer\u00e1 con normalidad desde la 0 hora del s\u00e1bado 2.<\/p>\n\n\n\n<hr class=\"wp-block-separator has-alpha-channel-opacity\"\/>\n\n\n\n<p>Fuente:&nbsp;<strong>Secretar\u00eda de Prensa y Comunicaci\u00f3n<\/strong><\/p>\n","protected":false},"excerpt":{"rendered":"<p>SAETA informa a sus usuarios que en el marco de cumplirse este viernes 1 de mayo el feriado nacional por el D\u00eda del Trabajador, el servicio de transporte de pasajeros para toda el \u00e1rea metropolitana operar\u00e1 con el siguiente diagrama: Jueves 30 de abril: Los coches del transporte a Coronel Moldes circular\u00e1n en la ciudad [&hellip;]<\/p>\n","protected":false},"author":8,"featured_media":12325,"comment_status":"open","ping_status":"open","sticky":false,"template":"","format":"standard","meta":{"_monsterinsights_skip_tracking":false,"_monsterinsights_sitenote_active":false,"_monsterinsights_sitenote_note":"","_monsterinsights_sitenote_category":0,"footnotes":""},"categories":[16],"tags":[2112,2113,100,1951],"class_list":["post-12324","post","type-post","status-publish","format-standard","has-post-thumbnail","hentry","category-noticias","tag-dia-del-trabajador","tag-feriado-nacional","tag-municipio-de-campo-quijano","tag-saeta-s-a-2"],"yoast_head":"<!-- This site is optimized with the Yoast SEO plugin v20.8 - https:\/\/yoast.com\/wordpress\/plugins\/seo\/ -->\n<title>Servicio de colectivos para ma\u00f1ana jueves 30 y viernes 1 de mayo - RQ 99.9<\/title>\n<meta name=\"description\" content=\"Este jueves los coches del transporte interurbano circular\u00e1n hasta las 22 hs. mientras que los del \u00e1mbito urbano lo har\u00e1n hasta las 22:30. El viernes 1 de mayo los colectivos circular\u00e1n s\u00f3lo entre las 10:00 y las 22:00.\" \/>\n<meta name=\"robots\" content=\"index, follow, max-snippet:-1, max-image-preview:large, max-video-preview:-1\" \/>\n<link rel=\"canonical\" href=\"https:\/\/nahuelproducciones.com.ar\/radioquijano\/servicio-de-colectivos-para-manana-jueves-30-y-viernes-1-de-mayo\/\" \/>\n<meta property=\"og:locale\" content=\"es_ES\" \/>\n<meta property=\"og:type\" content=\"article\" \/>\n<meta property=\"og:title\" content=\"Servicio de colectivos para ma\u00f1ana jueves 30 y viernes 1 de mayo - RQ 99.9\" \/>\n<meta property=\"og:description\" content=\"Este jueves los coches del transporte interurbano circular\u00e1n hasta las 22 hs. mientras que los del \u00e1mbito urbano lo har\u00e1n hasta las 22:30. El viernes 1 de mayo los colectivos circular\u00e1n s\u00f3lo entre las 10:00 y las 22:00.\" \/>\n<meta property=\"og:url\" content=\"https:\/\/nahuelproducciones.com.ar\/radioquijano\/servicio-de-colectivos-para-manana-jueves-30-y-viernes-1-de-mayo\/\" \/>\n<meta property=\"og:site_name\" content=\"RQ 99.9\" \/>\n<meta property=\"article:publisher\" content=\"https:\/\/www.facebook.com\/nahuelproducciones999\/\" \/>\n<meta property=\"article:published_time\" content=\"2026-04-30T02:07:33+00:00\" \/>\n<meta property=\"article:modified_time\" content=\"2026-04-30T02:07:35+00:00\" \/>\n<meta property=\"og:image\" content=\"https:\/\/nahuelproducciones.com.ar\/radioquijano\/wp-content\/uploads\/2026\/04\/107604-servicio-de-colectivos-para-maniana-jueves-30-y-viernes-1-de-mayo-e1777514788884.webp\" \/>\n\t<meta property=\"og:image:width\" content=\"700\" \/>\n\t<meta property=\"og:image:height\" content=\"394\" \/>\n\t<meta property=\"og:image:type\" content=\"image\/webp\" \/>\n<meta name=\"author\" content=\"Cecilia Pastrana\" \/>\n<meta name=\"twitter:card\" content=\"summary_large_image\" \/>\n<meta name=\"twitter:creator\" content=\"@nahuproduciones\" \/>\n<meta name=\"twitter:site\" content=\"@nahuproduciones\" \/>\n<meta name=\"twitter:label1\" content=\"Escrito por\" \/>\n\t<meta name=\"twitter:data1\" content=\"Cecilia Pastrana\" \/>\n\t<meta name=\"twitter:label2\" content=\"Tiempo de lectura\" \/>\n\t<meta name=\"twitter:data2\" content=\"2 minutos\" \/>\n<script type=\"application\/ld+json\" class=\"yoast-schema-graph\">{\"@context\":\"https:\/\/schema.org\",\"@graph\":[{\"@type\":\"WebPage\",\"@id\":\"https:\/\/nahuelproducciones.com.ar\/radioquijano\/servicio-de-colectivos-para-manana-jueves-30-y-viernes-1-de-mayo\/\",\"url\":\"https:\/\/nahuelproducciones.com.ar\/radioquijano\/servicio-de-colectivos-para-manana-jueves-30-y-viernes-1-de-mayo\/\",\"name\":\"Servicio de colectivos para ma\u00f1ana jueves 30 y viernes 1 de mayo - RQ 99.9\",\"isPartOf\":{\"@id\":\"https:\/\/nahuelproducciones.com.ar\/radioquijano\/#website\"},\"datePublished\":\"2026-04-30T02:07:33+00:00\",\"dateModified\":\"2026-04-30T02:07:35+00:00\",\"author\":{\"@id\":\"https:\/\/nahuelproducciones.com.ar\/radioquijano\/#\/schema\/person\/e8a4f939e2cb487fe6d0c54042c9d32c\"},\"description\":\"Este jueves los coches del transporte interurbano circular\u00e1n hasta las 22 hs. mientras que los del \u00e1mbito urbano lo har\u00e1n hasta las 22:30. El viernes 1 de mayo los colectivos circular\u00e1n s\u00f3lo entre las 10:00 y las 22:00.\",\"breadcrumb\":{\"@id\":\"https:\/\/nahuelproducciones.com.ar\/radioquijano\/servicio-de-colectivos-para-manana-jueves-30-y-viernes-1-de-mayo\/#breadcrumb\"},\"inLanguage\":\"es\",\"potentialAction\":[{\"@type\":\"ReadAction\",\"target\":[\"https:\/\/nahuelproducciones.com.ar\/radioquijano\/servicio-de-colectivos-para-manana-jueves-30-y-viernes-1-de-mayo\/\"]}]},{\"@type\":\"BreadcrumbList\",\"@id\":\"https:\/\/nahuelproducciones.com.ar\/radioquijano\/servicio-de-colectivos-para-manana-jueves-30-y-viernes-1-de-mayo\/#breadcrumb\",\"itemListElement\":[{\"@type\":\"ListItem\",\"position\":1,\"name\":\"Portada\",\"item\":\"https:\/\/nahuelproducciones.com.ar\/radioquijano\/\"},{\"@type\":\"ListItem\",\"position\":2,\"name\":\"Servicio de colectivos para ma\u00f1ana jueves 30 y viernes 1 de mayo\"}]},{\"@type\":\"WebSite\",\"@id\":\"https:\/\/nahuelproducciones.com.ar\/radioquijano\/#website\",\"url\":\"https:\/\/nahuelproducciones.com.ar\/radioquijano\/\",\"name\":\"RQ 99.9\",\"description\":\"Radio Quijano 99.9 MHz\",\"potentialAction\":[{\"@type\":\"SearchAction\",\"target\":{\"@type\":\"EntryPoint\",\"urlTemplate\":\"https:\/\/nahuelproducciones.com.ar\/radioquijano\/?s={search_term_string}\"},\"query-input\":\"required name=search_term_string\"}],\"inLanguage\":\"es\"},{\"@type\":\"Person\",\"@id\":\"https:\/\/nahuelproducciones.com.ar\/radioquijano\/#\/schema\/person\/e8a4f939e2cb487fe6d0c54042c9d32c\",\"name\":\"Cecilia Pastrana\",\"image\":{\"@type\":\"ImageObject\",\"inLanguage\":\"es\",\"@id\":\"https:\/\/nahuelproducciones.com.ar\/radioquijano\/#\/schema\/person\/image\/\",\"url\":\"https:\/\/secure.gravatar.com\/avatar\/661a3ef63a8488d4f2794ed44af8cf71420f7e106f3072c40125114df5157749?s=96&d=mm&r=g\",\"contentUrl\":\"https:\/\/secure.gravatar.com\/avatar\/661a3ef63a8488d4f2794ed44af8cf71420f7e106f3072c40125114df5157749?s=96&d=mm&r=g\",\"caption\":\"Cecilia Pastrana\"},\"sameAs\":[\"cecy\"],\"url\":\"https:\/\/nahuelproducciones.com.ar\/radioquijano\/author\/cecy\/\"}]}<\/script>\n<!-- \/ Yoast SEO plugin. -->","yoast_head_json":{"title":"Servicio de colectivos para ma\u00f1ana jueves 30 y viernes 1 de mayo - RQ 99.9","description":"Este jueves los coches del transporte interurbano circular\u00e1n hasta las 22 hs. mientras que los del \u00e1mbito urbano lo har\u00e1n hasta las 22:30. El viernes 1 de mayo los colectivos circular\u00e1n s\u00f3lo entre las 10:00 y las 22:00.","robots":{"index":"index","follow":"follow","max-snippet":"max-snippet:-1","max-image-preview":"max-image-preview:large","max-video-preview":"max-video-preview:-1"},"canonical":"https:\/\/nahuelproducciones.com.ar\/radioquijano\/servicio-de-colectivos-para-manana-jueves-30-y-viernes-1-de-mayo\/","og_locale":"es_ES","og_type":"article","og_title":"Servicio de colectivos para ma\u00f1ana jueves 30 y viernes 1 de mayo - RQ 99.9","og_description":"Este jueves los coches del transporte interurbano circular\u00e1n hasta las 22 hs. mientras que los del \u00e1mbito urbano lo har\u00e1n hasta las 22:30. El viernes 1 de mayo los colectivos circular\u00e1n s\u00f3lo entre las 10:00 y las 22:00.","og_url":"https:\/\/nahuelproducciones.com.ar\/radioquijano\/servicio-de-colectivos-para-manana-jueves-30-y-viernes-1-de-mayo\/","og_site_name":"RQ 99.9","article_publisher":"https:\/\/www.facebook.com\/nahuelproducciones999\/","article_published_time":"2026-04-30T02:07:33+00:00","article_modified_time":"2026-04-30T02:07:35+00:00","og_image":[{"width":700,"height":394,"url":"https:\/\/nahuelproducciones.com.ar\/radioquijano\/wp-content\/uploads\/2026\/04\/107604-servicio-de-colectivos-para-maniana-jueves-30-y-viernes-1-de-mayo-e1777514788884.webp","type":"image\/webp"}],"author":"Cecilia Pastrana","twitter_card":"summary_large_image","twitter_creator":"@nahuproduciones","twitter_site":"@nahuproduciones","twitter_misc":{"Escrito por":"Cecilia Pastrana","Tiempo de lectura":"2 minutos"},"schema":{"@context":"https:\/\/schema.org","@graph":[{"@type":"WebPage","@id":"https:\/\/nahuelproducciones.com.ar\/radioquijano\/servicio-de-colectivos-para-manana-jueves-30-y-viernes-1-de-mayo\/","url":"https:\/\/nahuelproducciones.com.ar\/radioquijano\/servicio-de-colectivos-para-manana-jueves-30-y-viernes-1-de-mayo\/","name":"Servicio de colectivos para ma\u00f1ana jueves 30 y viernes 1 de mayo - RQ 99.9","isPartOf":{"@id":"https:\/\/nahuelproducciones.com.ar\/radioquijano\/#website"},"datePublished":"2026-04-30T02:07:33+00:00","dateModified":"2026-04-30T02:07:35+00:00","author":{"@id":"https:\/\/nahuelproducciones.com.ar\/radioquijano\/#\/schema\/person\/e8a4f939e2cb487fe6d0c54042c9d32c"},"description":"Este jueves los coches del transporte interurbano circular\u00e1n hasta las 22 hs. mientras que los del \u00e1mbito urbano lo har\u00e1n hasta las 22:30. El viernes 1 de mayo los colectivos circular\u00e1n s\u00f3lo entre las 10:00 y las 22:00.","breadcrumb":{"@id":"https:\/\/nahuelproducciones.com.ar\/radioquijano\/servicio-de-colectivos-para-manana-jueves-30-y-viernes-1-de-mayo\/#breadcrumb"},"inLanguage":"es","potentialAction":[{"@type":"ReadAction","target":["https:\/\/nahuelproducciones.com.ar\/radioquijano\/servicio-de-colectivos-para-manana-jueves-30-y-viernes-1-de-mayo\/"]}]},{"@type":"BreadcrumbList","@id":"https:\/\/nahuelproducciones.com.ar\/radioquijano\/servicio-de-colectivos-para-manana-jueves-30-y-viernes-1-de-mayo\/#breadcrumb","itemListElement":[{"@type":"ListItem","position":1,"name":"Portada","item":"https:\/\/nahuelproducciones.com.ar\/radioquijano\/"},{"@type":"ListItem","position":2,"name":"Servicio de colectivos para ma\u00f1ana jueves 30 y viernes 1 de mayo"}]},{"@type":"WebSite","@id":"https:\/\/nahuelproducciones.com.ar\/radioquijano\/#website","url":"https:\/\/nahuelproducciones.com.ar\/radioquijano\/","name":"RQ 99.9","description":"Radio Quijano 99.9 MHz","potentialAction":[{"@type":"SearchAction","target":{"@type":"EntryPoint","urlTemplate":"https:\/\/nahuelproducciones.com.ar\/radioquijano\/?s={search_term_string}"},"query-input":"required name=search_term_string"}],"inLanguage":"es"},{"@type":"Person","@id":"https:\/\/nahuelproducciones.com.ar\/radioquijano\/#\/schema\/person\/e8a4f939e2cb487fe6d0c54042c9d32c","name":"Cecilia Pastrana","image":{"@type":"ImageObject","inLanguage":"es","@id":"https:\/\/nahuelproducciones.com.ar\/radioquijano\/#\/schema\/person\/image\/","url":"https:\/\/secure.gravatar.com\/avatar\/661a3ef63a8488d4f2794ed44af8cf71420f7e106f3072c40125114df5157749?s=96&d=mm&r=g","contentUrl":"https:\/\/secure.gravatar.com\/avatar\/661a3ef63a8488d4f2794ed44af8cf71420f7e106f3072c40125114df5157749?s=96&d=mm&r=g","caption":"Cecilia Pastrana"},"sameAs":["cecy"],"url":"https:\/\/nahuelproducciones.com.ar\/radioquijano\/author\/cecy\/"}]}},"_links":{"self":[{"href":"https:\/\/nahuelproducciones.com.ar\/radioquijano\/wp-json\/wp\/v2\/posts\/12324","targetHints":{"allow":["GET"]}}],"collection":[{"href":"https:\/\/nahuelproducciones.com.ar\/radioquijano\/wp-json\/wp\/v2\/posts"}],"about":[{"href":"https:\/\/nahuelproducciones.com.ar\/radioquijano\/wp-json\/wp\/v2\/types\/post"}],"author":[{"embeddable":true,"href":"https:\/\/nahuelproducciones.com.ar\/radioquijano\/wp-json\/wp\/v2\/users\/8"}],"replies":[{"embeddable":true,"href":"https:\/\/nahuelproducciones.com.ar\/radioquijano\/wp-json\/wp\/v2\/comments?post=12324"}],"version-history":[{"count":1,"href":"https:\/\/nahuelproducciones.com.ar\/radioquijano\/wp-json\/wp\/v2\/posts\/12324\/revisions"}],"predecessor-version":[{"id":12326,"href":"https:\/\/nahuelproducciones.com.ar\/radioquijano\/wp-json\/wp\/v2\/posts\/12324\/revisions\/12326"}],"wp:featuredmedia":[{"embeddable":true,"href":"https:\/\/nahuelproducciones.com.ar\/radioquijano\/wp-json\/wp\/v2\/media\/12325"}],"wp:attachment":[{"href":"https:\/\/nahuelproducciones.com.ar\/radioquijano\/wp-json\/wp\/v2\/media?parent=12324"}],"wp:term":[{"taxonomy":"category","embeddable":true,"href":"https:\/\/nahuelproducciones.com.ar\/radioquijano\/wp-json\/wp\/v2\/categories?post=12324"},{"taxonomy":"post_tag","embeddable":true,"href":"https:\/\/nahuelproducciones.com.ar\/radioquijano\/wp-json\/wp\/v2\/tags?post=12324"}],"curies":[{"name":"wp","href":"https:\/\/api.w.org\/{rel}","templated":true}]}}