{"id":12327,"date":"2026-04-30T14:31:58","date_gmt":"2026-04-30T17:31:58","guid":{"rendered":"https:\/\/nahuelproducciones.com.ar\/radioquijano\/?p=12327"},"modified":"2026-04-30T14:36:53","modified_gmt":"2026-04-30T17:36:53","slug":"volver-a-las-raices-y-defender-la-cultura-la-voz-de-olver-osan-chilo-desde-radio-quijano","status":"publish","type":"post","link":"https:\/\/nahuelproducciones.com.ar\/radioquijano\/volver-a-las-raices-y-defender-la-cultura-la-voz-de-olver-osan-chilo-desde-radio-quijano\/","title":{"rendered":"Volver a las ra\u00edces y defender la cultura: la voz de Olver Osan Chilo desde Radio Quijano"},"content":{"rendered":"\n<p>El docente y escritor Olver Osan Chilo, radicado en Buenos Aires y reconocido por su labor educativa y su compromiso con la literatura, dialog\u00f3 en una entrevista telef\u00f3nica con Radio Quijano, donde dej\u00f3 reflexiones profundas sobre la realidad cultural de Rosario de Lerma.<\/p>\n\n\n\n<p>Chilo mantiene un v\u00ednculo activo con su pueblo natal, participando en encuentros literarios y compartiendo su experiencia con estudiantes y amantes de la escritura. Su mirada no es distante est\u00e1 atravesada por la emoci\u00f3n, la memoria y el compromiso con la cultura local.<\/p>\n\n\n\n<p>En ese sentido, destac\u00f3 el valor cultural de la comunidad, dijo que \u00abRosario de Lerma tiene en sus escritores una riqueza invaluable. Gracias, amigos, por reconocer, fortalecer y apoyar estos espacios que, con tanto esfuerzo, siguen dejando huellas que perdurar\u00e1n en el tiempo. Entre los municipios, es uno de los pocos que cuenta con una antolog\u00eda\u201d.<\/p>\n\n\n\n<p>Sus palabras reflejan no solo orgullo, sino tambi\u00e9n una identidad cultural que se construye colectivamente y que encuentra en la escritura una forma de expresi\u00f3n y permanencia.<\/p>\n\n\n\n<p>Sin embargo, durante la entrevista tambi\u00e9n expres\u00f3 su preocupaci\u00f3n por la situaci\u00f3n actual de la biblioteca municipal.<br>\u201cLa biblioteca est\u00e1 cerrada por refacci\u00f3n y no hay un espacio alternativo\u201d, advirti\u00f3, poniendo en evidencia el impacto que esto genera en la vida cultural de la comunidad.<\/p>\n\n\n\n<p>La falta de un lugar alternativo, aunque sea de manera transitoria, deja sin uno de sus principales espacios a estudiantes, lectores y actores culturales, en un contexto donde el acceso a la lectura resulta fundamental.<\/p>\n\n\n\n<p>Desde su experiencia como docente y escritor, Chilo no solo analiza la realidad, sino que invita a reflexionar sobre el rol de la cultura en la sociedad. Para \u00e9l, la cultura no es un complemento, sino una necesidad que debe ser acompa\u00f1ada con pol\u00edticas concretas y sostenidas en el tiempo.<\/p>\n\n\n\n<p>En la entrevista completa se podr\u00e1 escuchar en profundidad el pensamiento de un referente que, a trav\u00e9s de la palabra, sigue generando conciencia y dejando huella.<\/p>\n\n\n\n<figure class=\"wp-block-audio\"><audio controls src=\"https:\/\/nahuelproducciones.com.ar\/radioquijano\/wp-content\/uploads\/2026\/04\/30-04-2026-docente-y-escritor-Olver-Osan-Chilo.mp3\"><\/audio><\/figure>\n\n\n\n<figure class=\"wp-block-gallery has-nested-images columns-default is-cropped wp-block-gallery-1 is-layout-flex wp-block-gallery-is-layout-flex\">\n<figure class=\"wp-block-image size-large\"><img loading=\"lazy\" decoding=\"async\" width=\"767\" height=\"1024\" data-id=\"12335\" src=\"https:\/\/nahuelproducciones.com.ar\/radioquijano\/wp-content\/uploads\/2026\/04\/681213230_2704605506600687_885496273788334241_n-1-767x1024.jpg\" alt=\"\" class=\"wp-image-12335\" srcset=\"https:\/\/nahuelproducciones.com.ar\/radioquijano\/wp-content\/uploads\/2026\/04\/681213230_2704605506600687_885496273788334241_n-1-767x1024.jpg 767w, https:\/\/nahuelproducciones.com.ar\/radioquijano\/wp-content\/uploads\/2026\/04\/681213230_2704605506600687_885496273788334241_n-1-225x300.jpg 225w, https:\/\/nahuelproducciones.com.ar\/radioquijano\/wp-content\/uploads\/2026\/04\/681213230_2704605506600687_885496273788334241_n-1-768x1025.jpg 768w, https:\/\/nahuelproducciones.com.ar\/radioquijano\/wp-content\/uploads\/2026\/04\/681213230_2704605506600687_885496273788334241_n-1-1151x1536.jpg 1151w, https:\/\/nahuelproducciones.com.ar\/radioquijano\/wp-content\/uploads\/2026\/04\/681213230_2704605506600687_885496273788334241_n-1-640x853.jpg 640w, https:\/\/nahuelproducciones.com.ar\/radioquijano\/wp-content\/uploads\/2026\/04\/681213230_2704605506600687_885496273788334241_n-1-150x200.jpg 150w, https:\/\/nahuelproducciones.com.ar\/radioquijano\/wp-content\/uploads\/2026\/04\/681213230_2704605506600687_885496273788334241_n-1.jpg 1534w\" sizes=\"auto, (max-width: 767px) 100vw, 767px\" \/><\/figure>\n\n\n\n<figure class=\"wp-block-image size-large\"><img loading=\"lazy\" decoding=\"async\" width=\"768\" height=\"1024\" data-id=\"12334\" src=\"https:\/\/nahuelproducciones.com.ar\/radioquijano\/wp-content\/uploads\/2026\/04\/682049321_2704605873267317_5643009998122413143_n-1-768x1024.jpg\" alt=\"\" class=\"wp-image-12334\" srcset=\"https:\/\/nahuelproducciones.com.ar\/radioquijano\/wp-content\/uploads\/2026\/04\/682049321_2704605873267317_5643009998122413143_n-1-768x1024.jpg 768w, https:\/\/nahuelproducciones.com.ar\/radioquijano\/wp-content\/uploads\/2026\/04\/682049321_2704605873267317_5643009998122413143_n-1-225x300.jpg 225w, https:\/\/nahuelproducciones.com.ar\/radioquijano\/wp-content\/uploads\/2026\/04\/682049321_2704605873267317_5643009998122413143_n-1-1152x1536.jpg 1152w, https:\/\/nahuelproducciones.com.ar\/radioquijano\/wp-content\/uploads\/2026\/04\/682049321_2704605873267317_5643009998122413143_n-1-640x853.jpg 640w, https:\/\/nahuelproducciones.com.ar\/radioquijano\/wp-content\/uploads\/2026\/04\/682049321_2704605873267317_5643009998122413143_n-1-150x200.jpg 150w, https:\/\/nahuelproducciones.com.ar\/radioquijano\/wp-content\/uploads\/2026\/04\/682049321_2704605873267317_5643009998122413143_n-1.jpg 1200w\" sizes=\"auto, (max-width: 768px) 100vw, 768px\" \/><\/figure>\n<\/figure>\n\n\n\n<p>Fotos del prefil de facebook de Morales Sandra Liliana.<\/p>\n\n\n\n<p><\/p>\n","protected":false},"excerpt":{"rendered":"<p>El docente y escritor Olver Osan Chilo, radicado en Buenos Aires y reconocido por su labor educativa y su compromiso con la literatura, dialog\u00f3 en una entrevista telef\u00f3nica con Radio Quijano, donde dej\u00f3 reflexiones profundas sobre la realidad cultural de Rosario de Lerma. Chilo mantiene un v\u00ednculo activo con su pueblo natal, participando en encuentros [&hellip;]<\/p>\n","protected":false},"author":8,"featured_media":12329,"comment_status":"open","ping_status":"open","sticky":false,"template":"","format":"standard","meta":{"_monsterinsights_skip_tracking":false,"_monsterinsights_sitenote_active":false,"_monsterinsights_sitenote_note":"","_monsterinsights_sitenote_category":0,"footnotes":""},"categories":[16],"tags":[100,2114,47],"class_list":["post-12327","post","type-post","status-publish","format-standard","has-post-thumbnail","hentry","category-noticias","tag-municipio-de-campo-quijano","tag-olver-osan-chilo","tag-rosario-de-lerma"],"yoast_head":"<!-- This site is optimized with the Yoast SEO plugin v20.8 - https:\/\/yoast.com\/wordpress\/plugins\/seo\/ -->\n<title>Volver a las ra\u00edces y defender la cultura: la voz de Olver Osan Chilo desde Radio Quijano - RQ 99.9<\/title>\n<meta name=\"description\" content=\"Rosario de Lerma tiene en sus escritores una riqueza invaluable.\" \/>\n<meta name=\"robots\" content=\"index, follow, max-snippet:-1, max-image-preview:large, max-video-preview:-1\" \/>\n<link rel=\"canonical\" href=\"https:\/\/nahuelproducciones.com.ar\/radioquijano\/volver-a-las-raices-y-defender-la-cultura-la-voz-de-olver-osan-chilo-desde-radio-quijano\/\" \/>\n<meta property=\"og:locale\" content=\"es_ES\" \/>\n<meta property=\"og:type\" content=\"article\" \/>\n<meta property=\"og:title\" content=\"Volver a las ra\u00edces y defender la cultura: la voz de Olver Osan Chilo desde Radio Quijano - RQ 99.9\" \/>\n<meta property=\"og:description\" content=\"Rosario de Lerma tiene en sus escritores una riqueza invaluable.\" \/>\n<meta property=\"og:url\" content=\"https:\/\/nahuelproducciones.com.ar\/radioquijano\/volver-a-las-raices-y-defender-la-cultura-la-voz-de-olver-osan-chilo-desde-radio-quijano\/\" \/>\n<meta property=\"og:site_name\" content=\"RQ 99.9\" \/>\n<meta property=\"article:publisher\" content=\"https:\/\/www.facebook.com\/nahuelproducciones999\/\" \/>\n<meta property=\"article:published_time\" content=\"2026-04-30T17:31:58+00:00\" \/>\n<meta property=\"article:modified_time\" content=\"2026-04-30T17:36:53+00:00\" \/>\n<meta property=\"og:image\" content=\"https:\/\/nahuelproducciones.com.ar\/radioquijano\/wp-content\/uploads\/2026\/04\/WhatsApp-Image-2026-04-30-at-2.26.47-PM-e1777570193520.jpeg\" \/>\n\t<meta property=\"og:image:width\" content=\"700\" \/>\n\t<meta property=\"og:image:height\" content=\"424\" \/>\n\t<meta property=\"og:image:type\" content=\"image\/jpeg\" \/>\n<meta name=\"author\" content=\"Cecilia Pastrana\" \/>\n<meta name=\"twitter:card\" content=\"summary_large_image\" \/>\n<meta name=\"twitter:creator\" content=\"@nahuproduciones\" \/>\n<meta name=\"twitter:site\" content=\"@nahuproduciones\" \/>\n<meta name=\"twitter:label1\" content=\"Escrito por\" \/>\n\t<meta name=\"twitter:data1\" content=\"Cecilia Pastrana\" \/>\n\t<meta name=\"twitter:label2\" content=\"Tiempo de lectura\" \/>\n\t<meta name=\"twitter:data2\" content=\"2 minutos\" \/>\n<script type=\"application\/ld+json\" class=\"yoast-schema-graph\">{\"@context\":\"https:\/\/schema.org\",\"@graph\":[{\"@type\":\"WebPage\",\"@id\":\"https:\/\/nahuelproducciones.com.ar\/radioquijano\/volver-a-las-raices-y-defender-la-cultura-la-voz-de-olver-osan-chilo-desde-radio-quijano\/\",\"url\":\"https:\/\/nahuelproducciones.com.ar\/radioquijano\/volver-a-las-raices-y-defender-la-cultura-la-voz-de-olver-osan-chilo-desde-radio-quijano\/\",\"name\":\"Volver a las ra\u00edces y defender la cultura: la voz de Olver Osan Chilo desde Radio Quijano - RQ 99.9\",\"isPartOf\":{\"@id\":\"https:\/\/nahuelproducciones.com.ar\/radioquijano\/#website\"},\"datePublished\":\"2026-04-30T17:31:58+00:00\",\"dateModified\":\"2026-04-30T17:36:53+00:00\",\"author\":{\"@id\":\"https:\/\/nahuelproducciones.com.ar\/radioquijano\/#\/schema\/person\/e8a4f939e2cb487fe6d0c54042c9d32c\"},\"description\":\"Rosario de Lerma tiene en sus escritores una riqueza invaluable.\",\"breadcrumb\":{\"@id\":\"https:\/\/nahuelproducciones.com.ar\/radioquijano\/volver-a-las-raices-y-defender-la-cultura-la-voz-de-olver-osan-chilo-desde-radio-quijano\/#breadcrumb\"},\"inLanguage\":\"es\",\"potentialAction\":[{\"@type\":\"ReadAction\",\"target\":[\"https:\/\/nahuelproducciones.com.ar\/radioquijano\/volver-a-las-raices-y-defender-la-cultura-la-voz-de-olver-osan-chilo-desde-radio-quijano\/\"]}]},{\"@type\":\"BreadcrumbList\",\"@id\":\"https:\/\/nahuelproducciones.com.ar\/radioquijano\/volver-a-las-raices-y-defender-la-cultura-la-voz-de-olver-osan-chilo-desde-radio-quijano\/#breadcrumb\",\"itemListElement\":[{\"@type\":\"ListItem\",\"position\":1,\"name\":\"Portada\",\"item\":\"https:\/\/nahuelproducciones.com.ar\/radioquijano\/\"},{\"@type\":\"ListItem\",\"position\":2,\"name\":\"Volver a las ra\u00edces y defender la cultura: la voz de Olver Osan Chilo desde Radio Quijano\"}]},{\"@type\":\"WebSite\",\"@id\":\"https:\/\/nahuelproducciones.com.ar\/radioquijano\/#website\",\"url\":\"https:\/\/nahuelproducciones.com.ar\/radioquijano\/\",\"name\":\"RQ 99.9\",\"description\":\"Radio Quijano 99.9 MHz\",\"potentialAction\":[{\"@type\":\"SearchAction\",\"target\":{\"@type\":\"EntryPoint\",\"urlTemplate\":\"https:\/\/nahuelproducciones.com.ar\/radioquijano\/?s={search_term_string}\"},\"query-input\":\"required name=search_term_string\"}],\"inLanguage\":\"es\"},{\"@type\":\"Person\",\"@id\":\"https:\/\/nahuelproducciones.com.ar\/radioquijano\/#\/schema\/person\/e8a4f939e2cb487fe6d0c54042c9d32c\",\"name\":\"Cecilia Pastrana\",\"image\":{\"@type\":\"ImageObject\",\"inLanguage\":\"es\",\"@id\":\"https:\/\/nahuelproducciones.com.ar\/radioquijano\/#\/schema\/person\/image\/\",\"url\":\"https:\/\/secure.gravatar.com\/avatar\/661a3ef63a8488d4f2794ed44af8cf71420f7e106f3072c40125114df5157749?s=96&d=mm&r=g\",\"contentUrl\":\"https:\/\/secure.gravatar.com\/avatar\/661a3ef63a8488d4f2794ed44af8cf71420f7e106f3072c40125114df5157749?s=96&d=mm&r=g\",\"caption\":\"Cecilia Pastrana\"},\"sameAs\":[\"cecy\"],\"url\":\"https:\/\/nahuelproducciones.com.ar\/radioquijano\/author\/cecy\/\"}]}<\/script>\n<!-- \/ Yoast SEO plugin. -->","yoast_head_json":{"title":"Volver a las ra\u00edces y defender la cultura: la voz de Olver Osan Chilo desde Radio Quijano - RQ 99.9","description":"Rosario de Lerma tiene en sus escritores una riqueza invaluable.","robots":{"index":"index","follow":"follow","max-snippet":"max-snippet:-1","max-image-preview":"max-image-preview:large","max-video-preview":"max-video-preview:-1"},"canonical":"https:\/\/nahuelproducciones.com.ar\/radioquijano\/volver-a-las-raices-y-defender-la-cultura-la-voz-de-olver-osan-chilo-desde-radio-quijano\/","og_locale":"es_ES","og_type":"article","og_title":"Volver a las ra\u00edces y defender la cultura: la voz de Olver Osan Chilo desde Radio Quijano - RQ 99.9","og_description":"Rosario de Lerma tiene en sus escritores una riqueza invaluable.","og_url":"https:\/\/nahuelproducciones.com.ar\/radioquijano\/volver-a-las-raices-y-defender-la-cultura-la-voz-de-olver-osan-chilo-desde-radio-quijano\/","og_site_name":"RQ 99.9","article_publisher":"https:\/\/www.facebook.com\/nahuelproducciones999\/","article_published_time":"2026-04-30T17:31:58+00:00","article_modified_time":"2026-04-30T17:36:53+00:00","og_image":[{"width":700,"height":424,"url":"https:\/\/nahuelproducciones.com.ar\/radioquijano\/wp-content\/uploads\/2026\/04\/WhatsApp-Image-2026-04-30-at-2.26.47-PM-e1777570193520.jpeg","type":"image\/jpeg"}],"author":"Cecilia Pastrana","twitter_card":"summary_large_image","twitter_creator":"@nahuproduciones","twitter_site":"@nahuproduciones","twitter_misc":{"Escrito por":"Cecilia Pastrana","Tiempo de lectura":"2 minutos"},"schema":{"@context":"https:\/\/schema.org","@graph":[{"@type":"WebPage","@id":"https:\/\/nahuelproducciones.com.ar\/radioquijano\/volver-a-las-raices-y-defender-la-cultura-la-voz-de-olver-osan-chilo-desde-radio-quijano\/","url":"https:\/\/nahuelproducciones.com.ar\/radioquijano\/volver-a-las-raices-y-defender-la-cultura-la-voz-de-olver-osan-chilo-desde-radio-quijano\/","name":"Volver a las ra\u00edces y defender la cultura: la voz de Olver Osan Chilo desde Radio Quijano - RQ 99.9","isPartOf":{"@id":"https:\/\/nahuelproducciones.com.ar\/radioquijano\/#website"},"datePublished":"2026-04-30T17:31:58+00:00","dateModified":"2026-04-30T17:36:53+00:00","author":{"@id":"https:\/\/nahuelproducciones.com.ar\/radioquijano\/#\/schema\/person\/e8a4f939e2cb487fe6d0c54042c9d32c"},"description":"Rosario de Lerma tiene en sus escritores una riqueza invaluable.","breadcrumb":{"@id":"https:\/\/nahuelproducciones.com.ar\/radioquijano\/volver-a-las-raices-y-defender-la-cultura-la-voz-de-olver-osan-chilo-desde-radio-quijano\/#breadcrumb"},"inLanguage":"es","potentialAction":[{"@type":"ReadAction","target":["https:\/\/nahuelproducciones.com.ar\/radioquijano\/volver-a-las-raices-y-defender-la-cultura-la-voz-de-olver-osan-chilo-desde-radio-quijano\/"]}]},{"@type":"BreadcrumbList","@id":"https:\/\/nahuelproducciones.com.ar\/radioquijano\/volver-a-las-raices-y-defender-la-cultura-la-voz-de-olver-osan-chilo-desde-radio-quijano\/#breadcrumb","itemListElement":[{"@type":"ListItem","position":1,"name":"Portada","item":"https:\/\/nahuelproducciones.com.ar\/radioquijano\/"},{"@type":"ListItem","position":2,"name":"Volver a las ra\u00edces y defender la cultura: la voz de Olver Osan Chilo desde Radio Quijano"}]},{"@type":"WebSite","@id":"https:\/\/nahuelproducciones.com.ar\/radioquijano\/#website","url":"https:\/\/nahuelproducciones.com.ar\/radioquijano\/","name":"RQ 99.9","description":"Radio Quijano 99.9 MHz","potentialAction":[{"@type":"SearchAction","target":{"@type":"EntryPoint","urlTemplate":"https:\/\/nahuelproducciones.com.ar\/radioquijano\/?s={search_term_string}"},"query-input":"required name=search_term_string"}],"inLanguage":"es"},{"@type":"Person","@id":"https:\/\/nahuelproducciones.com.ar\/radioquijano\/#\/schema\/person\/e8a4f939e2cb487fe6d0c54042c9d32c","name":"Cecilia Pastrana","image":{"@type":"ImageObject","inLanguage":"es","@id":"https:\/\/nahuelproducciones.com.ar\/radioquijano\/#\/schema\/person\/image\/","url":"https:\/\/secure.gravatar.com\/avatar\/661a3ef63a8488d4f2794ed44af8cf71420f7e106f3072c40125114df5157749?s=96&d=mm&r=g","contentUrl":"https:\/\/secure.gravatar.com\/avatar\/661a3ef63a8488d4f2794ed44af8cf71420f7e106f3072c40125114df5157749?s=96&d=mm&r=g","caption":"Cecilia Pastrana"},"sameAs":["cecy"],"url":"https:\/\/nahuelproducciones.com.ar\/radioquijano\/author\/cecy\/"}]}},"_links":{"self":[{"href":"https:\/\/nahuelproducciones.com.ar\/radioquijano\/wp-json\/wp\/v2\/posts\/12327","targetHints":{"allow":["GET"]}}],"collection":[{"href":"https:\/\/nahuelproducciones.com.ar\/radioquijano\/wp-json\/wp\/v2\/posts"}],"about":[{"href":"https:\/\/nahuelproducciones.com.ar\/radioquijano\/wp-json\/wp\/v2\/types\/post"}],"author":[{"embeddable":true,"href":"https:\/\/nahuelproducciones.com.ar\/radioquijano\/wp-json\/wp\/v2\/users\/8"}],"replies":[{"embeddable":true,"href":"https:\/\/nahuelproducciones.com.ar\/radioquijano\/wp-json\/wp\/v2\/comments?post=12327"}],"version-history":[{"count":2,"href":"https:\/\/nahuelproducciones.com.ar\/radioquijano\/wp-json\/wp\/v2\/posts\/12327\/revisions"}],"predecessor-version":[{"id":12336,"href":"https:\/\/nahuelproducciones.com.ar\/radioquijano\/wp-json\/wp\/v2\/posts\/12327\/revisions\/12336"}],"wp:featuredmedia":[{"embeddable":true,"href":"https:\/\/nahuelproducciones.com.ar\/radioquijano\/wp-json\/wp\/v2\/media\/12329"}],"wp:attachment":[{"href":"https:\/\/nahuelproducciones.com.ar\/radioquijano\/wp-json\/wp\/v2\/media?parent=12327"}],"wp:term":[{"taxonomy":"category","embeddable":true,"href":"https:\/\/nahuelproducciones.com.ar\/radioquijano\/wp-json\/wp\/v2\/categories?post=12327"},{"taxonomy":"post_tag","embeddable":true,"href":"https:\/\/nahuelproducciones.com.ar\/radioquijano\/wp-json\/wp\/v2\/tags?post=12327"}],"curies":[{"name":"wp","href":"https:\/\/api.w.org\/{rel}","templated":true}]}}