{"id":1244,"date":"2021-07-29T00:51:05","date_gmt":"2021-07-29T03:51:05","guid":{"rendered":"https:\/\/nahuelproducciones.com.ar\/radioquijano\/?p=1244"},"modified":"2021-07-29T00:51:07","modified_gmt":"2021-07-29T03:51:07","slug":"daniel-echazu-anuncio-que-donara-su-dieta-de-senador","status":"publish","type":"post","link":"https:\/\/nahuelproducciones.com.ar\/radioquijano\/daniel-echazu-anuncio-que-donara-su-dieta-de-senador\/","title":{"rendered":"Daniel Echazu anunci\u00f3 que donar\u00e1 su dieta de senador ."},"content":{"rendered":"\n<p>El candidato a Senador por Rosario de Lerma, lista 3 de la UCR anunci\u00f3 este martes en Conferencia de Prensa, que donar\u00e1 la totalidad de su dieta en caso de ser electo.<\/p>\n\n\n\n<p>Para darle legalidad, ante escribano lo dejo por escrito, para que quede constancia de sus dichos.<\/p>\n\n\n\n<p>Justific\u00f3 su decisi\u00f3n en el hecho de que en este contexto de pandemia, inflaci\u00f3n, desempleo y fuertes cuestionamientos a la clase politica , es necesario dar una se\u00f1al de que verdaderamente quiere lograr un cambio .<\/p>\n\n\n\n<p>La idea es crear una cuenta bancaria donde el dinero se depositar\u00e1 para que con \u00e9l, se puedan concretar los proyectos que se eval\u00faen y beneficien a los vecinos.<\/p>\n\n\n\n<p>Manifest\u00f3 el candidato que \u00e9l continuara viviendo de sus ingresos actuales y que la dieta ser\u00e1 para ayudar y dar mas oportunidades a quienes realmente las necesiten.<\/p>\n\n\n\n<p>Echazu es candidato a Senador y esta acompa\u00f1ado por Nora Torres como candidata a Convencional Constituyente y por Ariel Gallardo candidato a concejal para estas elecciones del 15 de agosto.<\/p>\n\n\n\n<p><a href=\"https:\/\/nahuelproducciones.com.ar\/index.php\/rq999\" target=\"_blank\" rel=\"noreferrer noopener\">#RQ99.9Mhz<\/a>  <a href=\"https:\/\/www.facebook.com\/nahuelproducciones999\/?ref=pages_you_manage\" target=\"_blank\" rel=\"noreferrer noopener\">CAMPO QUIJANO<\/a><\/p>\n\n\n\n<figure class=\"wp-block-gallery columns-2 is-cropped wp-block-gallery-1 is-layout-flex wp-block-gallery-is-layout-flex\"><ul class=\"blocks-gallery-grid\"><li class=\"blocks-gallery-item\"><figure><img loading=\"lazy\" decoding=\"async\" width=\"762\" height=\"1024\" src=\"https:\/\/nahuelproducciones.com.ar\/radioquijano\/wp-content\/uploads\/2021\/07\/WhatsApp-Image-2021-07-29-at-12.40.51-AM-762x1024.jpeg\" alt=\"\" data-id=\"1248\" data-full-url=\"https:\/\/nahuelproducciones.com.ar\/radioquijano\/wp-content\/uploads\/2021\/07\/WhatsApp-Image-2021-07-29-at-12.40.51-AM.jpeg\" data-link=\"https:\/\/nahuelproducciones.com.ar\/radioquijano\/?attachment_id=1248\" class=\"wp-image-1248\" srcset=\"https:\/\/nahuelproducciones.com.ar\/radioquijano\/wp-content\/uploads\/2021\/07\/WhatsApp-Image-2021-07-29-at-12.40.51-AM-762x1024.jpeg 762w, https:\/\/nahuelproducciones.com.ar\/radioquijano\/wp-content\/uploads\/2021\/07\/WhatsApp-Image-2021-07-29-at-12.40.51-AM-223x300.jpeg 223w, https:\/\/nahuelproducciones.com.ar\/radioquijano\/wp-content\/uploads\/2021\/07\/WhatsApp-Image-2021-07-29-at-12.40.51-AM-768x1033.jpeg 768w, https:\/\/nahuelproducciones.com.ar\/radioquijano\/wp-content\/uploads\/2021\/07\/WhatsApp-Image-2021-07-29-at-12.40.51-AM-150x202.jpeg 150w, https:\/\/nahuelproducciones.com.ar\/radioquijano\/wp-content\/uploads\/2021\/07\/WhatsApp-Image-2021-07-29-at-12.40.51-AM.jpeg 920w\" sizes=\"auto, (max-width: 762px) 100vw, 762px\" \/><\/figure><\/li><li class=\"blocks-gallery-item\"><figure><img loading=\"lazy\" decoding=\"async\" width=\"751\" height=\"1024\" src=\"https:\/\/nahuelproducciones.com.ar\/radioquijano\/wp-content\/uploads\/2021\/07\/WhatsApp-Image-2021-07-29-at-12.40.51-AM-1-1-751x1024.jpeg\" alt=\"\" data-id=\"1247\" data-full-url=\"https:\/\/nahuelproducciones.com.ar\/radioquijano\/wp-content\/uploads\/2021\/07\/WhatsApp-Image-2021-07-29-at-12.40.51-AM-1-1.jpeg\" data-link=\"https:\/\/nahuelproducciones.com.ar\/radioquijano\/?attachment_id=1247\" class=\"wp-image-1247\" srcset=\"https:\/\/nahuelproducciones.com.ar\/radioquijano\/wp-content\/uploads\/2021\/07\/WhatsApp-Image-2021-07-29-at-12.40.51-AM-1-1-751x1024.jpeg 751w, https:\/\/nahuelproducciones.com.ar\/radioquijano\/wp-content\/uploads\/2021\/07\/WhatsApp-Image-2021-07-29-at-12.40.51-AM-1-1-220x300.jpeg 220w, https:\/\/nahuelproducciones.com.ar\/radioquijano\/wp-content\/uploads\/2021\/07\/WhatsApp-Image-2021-07-29-at-12.40.51-AM-1-1-768x1048.jpeg 768w, https:\/\/nahuelproducciones.com.ar\/radioquijano\/wp-content\/uploads\/2021\/07\/WhatsApp-Image-2021-07-29-at-12.40.51-AM-1-1-150x205.jpeg 150w, https:\/\/nahuelproducciones.com.ar\/radioquijano\/wp-content\/uploads\/2021\/07\/WhatsApp-Image-2021-07-29-at-12.40.51-AM-1-1.jpeg 892w\" sizes=\"auto, (max-width: 751px) 100vw, 751px\" \/><\/figure><\/li><\/ul><\/figure>\n\n\n\n<p><\/p>\n","protected":false},"excerpt":{"rendered":"<p>El candidato a Senador por Rosario de Lerma, lista 3 de la UCR anunci\u00f3 este martes en Conferencia de Prensa, que donar\u00e1 la totalidad de su dieta en caso de ser electo. Para darle legalidad, ante escribano lo dejo por escrito, para que quede constancia de sus dichos. Justific\u00f3 su decisi\u00f3n en el hecho de [&hellip;]<\/p>\n","protected":false},"author":8,"featured_media":1245,"comment_status":"open","ping_status":"open","sticky":false,"template":"","format":"standard","meta":{"_monsterinsights_skip_tracking":false,"_monsterinsights_sitenote_active":false,"_monsterinsights_sitenote_note":"","_monsterinsights_sitenote_category":0,"footnotes":""},"categories":[16],"tags":[],"class_list":["post-1244","post","type-post","status-publish","format-standard","has-post-thumbnail","hentry","category-noticias"],"yoast_head":"<!-- This site is optimized with the Yoast SEO plugin v20.8 - https:\/\/yoast.com\/wordpress\/plugins\/seo\/ -->\n<title>Daniel Echazu anunci\u00f3 que donar\u00e1 su dieta de senador . - RQ 99.9<\/title>\n<meta name=\"description\" content=\"Es candidato a Senador por Rosario de Lerma, lista 3 de la UCR.\" \/>\n<meta name=\"robots\" content=\"index, follow, max-snippet:-1, max-image-preview:large, max-video-preview:-1\" \/>\n<link rel=\"canonical\" href=\"https:\/\/nahuelproducciones.com.ar\/radioquijano\/daniel-echazu-anuncio-que-donara-su-dieta-de-senador\/\" \/>\n<meta property=\"og:locale\" content=\"es_ES\" \/>\n<meta property=\"og:type\" content=\"article\" \/>\n<meta property=\"og:title\" content=\"Daniel Echazu anunci\u00f3 que donar\u00e1 su dieta de senador . - RQ 99.9\" \/>\n<meta property=\"og:description\" content=\"Es candidato a Senador por Rosario de Lerma, lista 3 de la UCR.\" \/>\n<meta property=\"og:url\" content=\"https:\/\/nahuelproducciones.com.ar\/radioquijano\/daniel-echazu-anuncio-que-donara-su-dieta-de-senador\/\" \/>\n<meta property=\"og:site_name\" content=\"RQ 99.9\" \/>\n<meta property=\"article:publisher\" content=\"https:\/\/www.facebook.com\/nahuelproducciones999\/\" \/>\n<meta property=\"article:published_time\" content=\"2021-07-29T03:51:05+00:00\" \/>\n<meta property=\"article:modified_time\" content=\"2021-07-29T03:51:07+00:00\" \/>\n<meta property=\"og:image\" content=\"https:\/\/nahuelproducciones.com.ar\/radioquijano\/wp-content\/uploads\/2021\/07\/lista-3-UCR-e1627530411765.jpg\" \/>\n\t<meta property=\"og:image:width\" content=\"700\" \/>\n\t<meta property=\"og:image:height\" content=\"460\" \/>\n\t<meta property=\"og:image:type\" content=\"image\/jpeg\" \/>\n<meta name=\"author\" content=\"Cecilia Pastrana\" \/>\n<meta name=\"twitter:card\" content=\"summary_large_image\" \/>\n<meta name=\"twitter:creator\" content=\"@nahuproduciones\" \/>\n<meta name=\"twitter:site\" content=\"@nahuproduciones\" \/>\n<meta name=\"twitter:label1\" content=\"Escrito por\" \/>\n\t<meta name=\"twitter:data1\" content=\"Cecilia Pastrana\" \/>\n\t<meta name=\"twitter:label2\" content=\"Tiempo de lectura\" \/>\n\t<meta name=\"twitter:data2\" content=\"2 minutos\" \/>\n<script type=\"application\/ld+json\" class=\"yoast-schema-graph\">{\"@context\":\"https:\/\/schema.org\",\"@graph\":[{\"@type\":\"WebPage\",\"@id\":\"https:\/\/nahuelproducciones.com.ar\/radioquijano\/daniel-echazu-anuncio-que-donara-su-dieta-de-senador\/\",\"url\":\"https:\/\/nahuelproducciones.com.ar\/radioquijano\/daniel-echazu-anuncio-que-donara-su-dieta-de-senador\/\",\"name\":\"Daniel Echazu anunci\u00f3 que donar\u00e1 su dieta de senador . - RQ 99.9\",\"isPartOf\":{\"@id\":\"https:\/\/nahuelproducciones.com.ar\/radioquijano\/#website\"},\"datePublished\":\"2021-07-29T03:51:05+00:00\",\"dateModified\":\"2021-07-29T03:51:07+00:00\",\"author\":{\"@id\":\"https:\/\/nahuelproducciones.com.ar\/radioquijano\/#\/schema\/person\/e8a4f939e2cb487fe6d0c54042c9d32c\"},\"description\":\"Es candidato a Senador por Rosario de Lerma, lista 3 de la UCR.\",\"breadcrumb\":{\"@id\":\"https:\/\/nahuelproducciones.com.ar\/radioquijano\/daniel-echazu-anuncio-que-donara-su-dieta-de-senador\/#breadcrumb\"},\"inLanguage\":\"es\",\"potentialAction\":[{\"@type\":\"ReadAction\",\"target\":[\"https:\/\/nahuelproducciones.com.ar\/radioquijano\/daniel-echazu-anuncio-que-donara-su-dieta-de-senador\/\"]}]},{\"@type\":\"BreadcrumbList\",\"@id\":\"https:\/\/nahuelproducciones.com.ar\/radioquijano\/daniel-echazu-anuncio-que-donara-su-dieta-de-senador\/#breadcrumb\",\"itemListElement\":[{\"@type\":\"ListItem\",\"position\":1,\"name\":\"Portada\",\"item\":\"https:\/\/nahuelproducciones.com.ar\/radioquijano\/\"},{\"@type\":\"ListItem\",\"position\":2,\"name\":\"Daniel Echazu anunci\u00f3 que donar\u00e1 su dieta de senador .\"}]},{\"@type\":\"WebSite\",\"@id\":\"https:\/\/nahuelproducciones.com.ar\/radioquijano\/#website\",\"url\":\"https:\/\/nahuelproducciones.com.ar\/radioquijano\/\",\"name\":\"RQ 99.9\",\"description\":\"Radio Quijano 99.9 MHz\",\"potentialAction\":[{\"@type\":\"SearchAction\",\"target\":{\"@type\":\"EntryPoint\",\"urlTemplate\":\"https:\/\/nahuelproducciones.com.ar\/radioquijano\/?s={search_term_string}\"},\"query-input\":\"required name=search_term_string\"}],\"inLanguage\":\"es\"},{\"@type\":\"Person\",\"@id\":\"https:\/\/nahuelproducciones.com.ar\/radioquijano\/#\/schema\/person\/e8a4f939e2cb487fe6d0c54042c9d32c\",\"name\":\"Cecilia Pastrana\",\"image\":{\"@type\":\"ImageObject\",\"inLanguage\":\"es\",\"@id\":\"https:\/\/nahuelproducciones.com.ar\/radioquijano\/#\/schema\/person\/image\/\",\"url\":\"https:\/\/secure.gravatar.com\/avatar\/661a3ef63a8488d4f2794ed44af8cf71420f7e106f3072c40125114df5157749?s=96&d=mm&r=g\",\"contentUrl\":\"https:\/\/secure.gravatar.com\/avatar\/661a3ef63a8488d4f2794ed44af8cf71420f7e106f3072c40125114df5157749?s=96&d=mm&r=g\",\"caption\":\"Cecilia Pastrana\"},\"sameAs\":[\"cecy\"],\"url\":\"https:\/\/nahuelproducciones.com.ar\/radioquijano\/author\/cecy\/\"}]}<\/script>\n<!-- \/ Yoast SEO plugin. -->","yoast_head_json":{"title":"Daniel Echazu anunci\u00f3 que donar\u00e1 su dieta de senador . - RQ 99.9","description":"Es candidato a Senador por Rosario de Lerma, lista 3 de la UCR.","robots":{"index":"index","follow":"follow","max-snippet":"max-snippet:-1","max-image-preview":"max-image-preview:large","max-video-preview":"max-video-preview:-1"},"canonical":"https:\/\/nahuelproducciones.com.ar\/radioquijano\/daniel-echazu-anuncio-que-donara-su-dieta-de-senador\/","og_locale":"es_ES","og_type":"article","og_title":"Daniel Echazu anunci\u00f3 que donar\u00e1 su dieta de senador . - RQ 99.9","og_description":"Es candidato a Senador por Rosario de Lerma, lista 3 de la UCR.","og_url":"https:\/\/nahuelproducciones.com.ar\/radioquijano\/daniel-echazu-anuncio-que-donara-su-dieta-de-senador\/","og_site_name":"RQ 99.9","article_publisher":"https:\/\/www.facebook.com\/nahuelproducciones999\/","article_published_time":"2021-07-29T03:51:05+00:00","article_modified_time":"2021-07-29T03:51:07+00:00","og_image":[{"width":700,"height":460,"url":"https:\/\/nahuelproducciones.com.ar\/radioquijano\/wp-content\/uploads\/2021\/07\/lista-3-UCR-e1627530411765.jpg","type":"image\/jpeg"}],"author":"Cecilia Pastrana","twitter_card":"summary_large_image","twitter_creator":"@nahuproduciones","twitter_site":"@nahuproduciones","twitter_misc":{"Escrito por":"Cecilia Pastrana","Tiempo de lectura":"2 minutos"},"schema":{"@context":"https:\/\/schema.org","@graph":[{"@type":"WebPage","@id":"https:\/\/nahuelproducciones.com.ar\/radioquijano\/daniel-echazu-anuncio-que-donara-su-dieta-de-senador\/","url":"https:\/\/nahuelproducciones.com.ar\/radioquijano\/daniel-echazu-anuncio-que-donara-su-dieta-de-senador\/","name":"Daniel Echazu anunci\u00f3 que donar\u00e1 su dieta de senador . - RQ 99.9","isPartOf":{"@id":"https:\/\/nahuelproducciones.com.ar\/radioquijano\/#website"},"datePublished":"2021-07-29T03:51:05+00:00","dateModified":"2021-07-29T03:51:07+00:00","author":{"@id":"https:\/\/nahuelproducciones.com.ar\/radioquijano\/#\/schema\/person\/e8a4f939e2cb487fe6d0c54042c9d32c"},"description":"Es candidato a Senador por Rosario de Lerma, lista 3 de la UCR.","breadcrumb":{"@id":"https:\/\/nahuelproducciones.com.ar\/radioquijano\/daniel-echazu-anuncio-que-donara-su-dieta-de-senador\/#breadcrumb"},"inLanguage":"es","potentialAction":[{"@type":"ReadAction","target":["https:\/\/nahuelproducciones.com.ar\/radioquijano\/daniel-echazu-anuncio-que-donara-su-dieta-de-senador\/"]}]},{"@type":"BreadcrumbList","@id":"https:\/\/nahuelproducciones.com.ar\/radioquijano\/daniel-echazu-anuncio-que-donara-su-dieta-de-senador\/#breadcrumb","itemListElement":[{"@type":"ListItem","position":1,"name":"Portada","item":"https:\/\/nahuelproducciones.com.ar\/radioquijano\/"},{"@type":"ListItem","position":2,"name":"Daniel Echazu anunci\u00f3 que donar\u00e1 su dieta de senador ."}]},{"@type":"WebSite","@id":"https:\/\/nahuelproducciones.com.ar\/radioquijano\/#website","url":"https:\/\/nahuelproducciones.com.ar\/radioquijano\/","name":"RQ 99.9","description":"Radio Quijano 99.9 MHz","potentialAction":[{"@type":"SearchAction","target":{"@type":"EntryPoint","urlTemplate":"https:\/\/nahuelproducciones.com.ar\/radioquijano\/?s={search_term_string}"},"query-input":"required name=search_term_string"}],"inLanguage":"es"},{"@type":"Person","@id":"https:\/\/nahuelproducciones.com.ar\/radioquijano\/#\/schema\/person\/e8a4f939e2cb487fe6d0c54042c9d32c","name":"Cecilia Pastrana","image":{"@type":"ImageObject","inLanguage":"es","@id":"https:\/\/nahuelproducciones.com.ar\/radioquijano\/#\/schema\/person\/image\/","url":"https:\/\/secure.gravatar.com\/avatar\/661a3ef63a8488d4f2794ed44af8cf71420f7e106f3072c40125114df5157749?s=96&d=mm&r=g","contentUrl":"https:\/\/secure.gravatar.com\/avatar\/661a3ef63a8488d4f2794ed44af8cf71420f7e106f3072c40125114df5157749?s=96&d=mm&r=g","caption":"Cecilia Pastrana"},"sameAs":["cecy"],"url":"https:\/\/nahuelproducciones.com.ar\/radioquijano\/author\/cecy\/"}]}},"_links":{"self":[{"href":"https:\/\/nahuelproducciones.com.ar\/radioquijano\/wp-json\/wp\/v2\/posts\/1244","targetHints":{"allow":["GET"]}}],"collection":[{"href":"https:\/\/nahuelproducciones.com.ar\/radioquijano\/wp-json\/wp\/v2\/posts"}],"about":[{"href":"https:\/\/nahuelproducciones.com.ar\/radioquijano\/wp-json\/wp\/v2\/types\/post"}],"author":[{"embeddable":true,"href":"https:\/\/nahuelproducciones.com.ar\/radioquijano\/wp-json\/wp\/v2\/users\/8"}],"replies":[{"embeddable":true,"href":"https:\/\/nahuelproducciones.com.ar\/radioquijano\/wp-json\/wp\/v2\/comments?post=1244"}],"version-history":[{"count":1,"href":"https:\/\/nahuelproducciones.com.ar\/radioquijano\/wp-json\/wp\/v2\/posts\/1244\/revisions"}],"predecessor-version":[{"id":1249,"href":"https:\/\/nahuelproducciones.com.ar\/radioquijano\/wp-json\/wp\/v2\/posts\/1244\/revisions\/1249"}],"wp:featuredmedia":[{"embeddable":true,"href":"https:\/\/nahuelproducciones.com.ar\/radioquijano\/wp-json\/wp\/v2\/media\/1245"}],"wp:attachment":[{"href":"https:\/\/nahuelproducciones.com.ar\/radioquijano\/wp-json\/wp\/v2\/media?parent=1244"}],"wp:term":[{"taxonomy":"category","embeddable":true,"href":"https:\/\/nahuelproducciones.com.ar\/radioquijano\/wp-json\/wp\/v2\/categories?post=1244"},{"taxonomy":"post_tag","embeddable":true,"href":"https:\/\/nahuelproducciones.com.ar\/radioquijano\/wp-json\/wp\/v2\/tags?post=1244"}],"curies":[{"name":"wp","href":"https:\/\/api.w.org\/{rel}","templated":true}]}}