{"id":1293,"date":"2021-08-03T23:31:40","date_gmt":"2021-08-04T02:31:40","guid":{"rendered":"https:\/\/nahuelproducciones.com.ar\/radioquijano\/?p=1293"},"modified":"2021-08-03T23:31:42","modified_gmt":"2021-08-04T02:31:42","slug":"vecinos-del-barrio-libertad-unidos-en-el-recuerdo","status":"publish","type":"post","link":"https:\/\/nahuelproducciones.com.ar\/radioquijano\/vecinos-del-barrio-libertad-unidos-en-el-recuerdo\/","title":{"rendered":"Vecinos del Barrio Libertad unidos en el recuerdo."},"content":{"rendered":"\n<p>El s\u00e1bado 31 de Julio se presento  la Muestra Barrial de Recuerdos y de Objetos Antiguos denominada \u00bb Un pedacito de historia en Libertad 1.921 &#8211; 2.021&#8243;. <\/p>\n\n\n\n<p>La barriada en adhesi\u00f3n al Centenario de Campo Quijano se dio cita desde las  16:00 hs  en la Plazoleta \u00abPaso de Sico\u00bb.<\/p>\n\n\n\n<p>En el perfil de facebook del Barrio Libertad se agradeci\u00f3 a las familias que se sumaron a la convocatoria a todos, a los expositores , a las familias Iba\u00f1ez-V\u00e1squez, Ca\u00f1izares, Nolasco -Abalos, Burgos, Alvarez -Stucky, Cari -Guaimas, Zerpa -Medina, Laimes, Rosas-Cardozo, Arjona, Arias -Guantay, Salas Alvarez y amigos del barrio L\u00f3pez, Valenzuela.<\/p>\n\n\n\n<p>Fueron muchos los que colaboraron y se nombraron en los reconocimientos como al Sr. Jos\u00e9 Zarate por el sonido, Sr. Nelson Guaymas en musicalizaci\u00f3n, Sr. Mauro Arjona por la energ\u00eda el\u00e9ctrica, Sr. Hern\u00e1n Salas por el pr\u00e9stamo del micr\u00f3fono, Sr. Carlos Guaim\u00e1s y Sra. Angelita Rodr\u00edguez por el pr\u00e9stamo de tablones, manteles y carrito para transportar. A las sras Miriam Ramos, Mar\u00eda Cari, Claudia Burgos, Sarita Ca\u00f1izares, Julieta Mendoza, Sr. Martin Salas quienes se pusieron al hombro la organizaci\u00f3n de este evento. <\/p>\n\n\n\n<p>Una tarde que dejo en  la memoria hechos y personas que aunque no est\u00e1n siguen en el recuerdo.Tambi\u00e9n  resaltaron la emoci\u00f3n de saber que en el Barrio hay un jovencito Eduardo Martinez de tan s\u00f3lo 16 a\u00f1os que se dedica a escribir relatos y poemas. <\/p>\n\n\n\n<p>Grandes cosas se pueden concretar cuando los vecinos se unen y encuentran objetivos comunes. Se espera con mucha expectativa una nueva fecha, que traiga desde el recuerdo grandes momentos.<\/p>\n\n\n\n<p>Muchas felicidades por la idea y la organizaci\u00f3n a toda los vecinos.<\/p>\n\n\n\n<p><\/p>\n\n\n\n<p>Compartimos algunas fotos del perfil del <a href=\"https:\/\/www.facebook.com\/BarrioLibertadQuijano\">Barrio Olavarria<\/a><\/p>\n\n\n\n<figure class=\"wp-block-gallery columns-3 is-cropped wp-block-gallery-1 is-layout-flex wp-block-gallery-is-layout-flex\"><ul class=\"blocks-gallery-grid\"><li class=\"blocks-gallery-item\"><figure><img loading=\"lazy\" decoding=\"async\" width=\"1024\" height=\"768\" src=\"https:\/\/nahuelproducciones.com.ar\/radioquijano\/wp-content\/uploads\/2021\/08\/bolleria-buen-gusto-1024x768.jpg\" alt=\"\" data-id=\"1301\" data-full-url=\"https:\/\/nahuelproducciones.com.ar\/radioquijano\/wp-content\/uploads\/2021\/08\/bolleria-buen-gusto-e1628044074733.jpg\" data-link=\"https:\/\/nahuelproducciones.com.ar\/radioquijano\/?attachment_id=1301\" class=\"wp-image-1301\"\/><\/figure><\/li><li class=\"blocks-gallery-item\"><figure><img loading=\"lazy\" decoding=\"async\" width=\"1024\" height=\"768\" src=\"https:\/\/nahuelproducciones.com.ar\/radioquijano\/wp-content\/uploads\/2021\/08\/canizares-toconas-1024x768.jpg\" alt=\"\" data-id=\"1300\" data-full-url=\"https:\/\/nahuelproducciones.com.ar\/radioquijano\/wp-content\/uploads\/2021\/08\/canizares-toconas.jpg\" data-link=\"https:\/\/nahuelproducciones.com.ar\/radioquijano\/?attachment_id=1300\" class=\"wp-image-1300\" srcset=\"https:\/\/nahuelproducciones.com.ar\/radioquijano\/wp-content\/uploads\/2021\/08\/canizares-toconas-1024x768.jpg 1024w, https:\/\/nahuelproducciones.com.ar\/radioquijano\/wp-content\/uploads\/2021\/08\/canizares-toconas-300x225.jpg 300w, https:\/\/nahuelproducciones.com.ar\/radioquijano\/wp-content\/uploads\/2021\/08\/canizares-toconas-768x576.jpg 768w, https:\/\/nahuelproducciones.com.ar\/radioquijano\/wp-content\/uploads\/2021\/08\/canizares-toconas-150x113.jpg 150w, https:\/\/nahuelproducciones.com.ar\/radioquijano\/wp-content\/uploads\/2021\/08\/canizares-toconas.jpg 1280w\" sizes=\"auto, (max-width: 1024px) 100vw, 1024px\" \/><\/figure><\/li><li class=\"blocks-gallery-item\"><figure><img loading=\"lazy\" decoding=\"async\" width=\"1024\" height=\"768\" src=\"https:\/\/nahuelproducciones.com.ar\/radioquijano\/wp-content\/uploads\/2021\/08\/flia-stuky-1024x768.jpg\" alt=\"\" data-id=\"1299\" data-full-url=\"https:\/\/nahuelproducciones.com.ar\/radioquijano\/wp-content\/uploads\/2021\/08\/flia-stuky.jpg\" data-link=\"https:\/\/nahuelproducciones.com.ar\/radioquijano\/?attachment_id=1299\" class=\"wp-image-1299\" srcset=\"https:\/\/nahuelproducciones.com.ar\/radioquijano\/wp-content\/uploads\/2021\/08\/flia-stuky-1024x768.jpg 1024w, https:\/\/nahuelproducciones.com.ar\/radioquijano\/wp-content\/uploads\/2021\/08\/flia-stuky-300x225.jpg 300w, https:\/\/nahuelproducciones.com.ar\/radioquijano\/wp-content\/uploads\/2021\/08\/flia-stuky-768x576.jpg 768w, https:\/\/nahuelproducciones.com.ar\/radioquijano\/wp-content\/uploads\/2021\/08\/flia-stuky-150x113.jpg 150w, https:\/\/nahuelproducciones.com.ar\/radioquijano\/wp-content\/uploads\/2021\/08\/flia-stuky.jpg 1280w\" sizes=\"auto, (max-width: 1024px) 100vw, 1024px\" \/><\/figure><\/li><li class=\"blocks-gallery-item\"><figure><img loading=\"lazy\" decoding=\"async\" width=\"1024\" height=\"768\" src=\"https:\/\/nahuelproducciones.com.ar\/radioquijano\/wp-content\/uploads\/2021\/08\/flia-arias-1024x768.jpg\" alt=\"\" data-id=\"1298\" data-full-url=\"https:\/\/nahuelproducciones.com.ar\/radioquijano\/wp-content\/uploads\/2021\/08\/flia-arias.jpg\" data-link=\"https:\/\/nahuelproducciones.com.ar\/radioquijano\/?attachment_id=1298\" class=\"wp-image-1298\" srcset=\"https:\/\/nahuelproducciones.com.ar\/radioquijano\/wp-content\/uploads\/2021\/08\/flia-arias-1024x768.jpg 1024w, https:\/\/nahuelproducciones.com.ar\/radioquijano\/wp-content\/uploads\/2021\/08\/flia-arias-300x225.jpg 300w, https:\/\/nahuelproducciones.com.ar\/radioquijano\/wp-content\/uploads\/2021\/08\/flia-arias-768x576.jpg 768w, https:\/\/nahuelproducciones.com.ar\/radioquijano\/wp-content\/uploads\/2021\/08\/flia-arias-150x113.jpg 150w, https:\/\/nahuelproducciones.com.ar\/radioquijano\/wp-content\/uploads\/2021\/08\/flia-arias.jpg 1280w\" sizes=\"auto, (max-width: 1024px) 100vw, 1024px\" \/><\/figure><\/li><li class=\"blocks-gallery-item\"><figure><img loading=\"lazy\" decoding=\"async\" width=\"1024\" height=\"768\" src=\"https:\/\/nahuelproducciones.com.ar\/radioquijano\/wp-content\/uploads\/2021\/08\/flia-ibanez-vazquez-1024x768.jpg\" alt=\"\" data-id=\"1297\" data-full-url=\"https:\/\/nahuelproducciones.com.ar\/radioquijano\/wp-content\/uploads\/2021\/08\/flia-ibanez-vazquez.jpg\" data-link=\"https:\/\/nahuelproducciones.com.ar\/radioquijano\/?attachment_id=1297\" class=\"wp-image-1297\" srcset=\"https:\/\/nahuelproducciones.com.ar\/radioquijano\/wp-content\/uploads\/2021\/08\/flia-ibanez-vazquez-1024x768.jpg 1024w, https:\/\/nahuelproducciones.com.ar\/radioquijano\/wp-content\/uploads\/2021\/08\/flia-ibanez-vazquez-300x225.jpg 300w, https:\/\/nahuelproducciones.com.ar\/radioquijano\/wp-content\/uploads\/2021\/08\/flia-ibanez-vazquez-768x576.jpg 768w, https:\/\/nahuelproducciones.com.ar\/radioquijano\/wp-content\/uploads\/2021\/08\/flia-ibanez-vazquez-150x113.jpg 150w, https:\/\/nahuelproducciones.com.ar\/radioquijano\/wp-content\/uploads\/2021\/08\/flia-ibanez-vazquez.jpg 1280w\" sizes=\"auto, (max-width: 1024px) 100vw, 1024px\" \/><\/figure><\/li><li class=\"blocks-gallery-item\"><figure><img loading=\"lazy\" decoding=\"async\" width=\"768\" height=\"1024\" src=\"https:\/\/nahuelproducciones.com.ar\/radioquijano\/wp-content\/uploads\/2021\/08\/flia-angel-julia-nolasco-768x1024.jpg\" alt=\"\" data-id=\"1296\" data-full-url=\"https:\/\/nahuelproducciones.com.ar\/radioquijano\/wp-content\/uploads\/2021\/08\/flia-angel-julia-nolasco-e1628044156686.jpg\" data-link=\"https:\/\/nahuelproducciones.com.ar\/radioquijano\/?attachment_id=1296\" class=\"wp-image-1296\"\/><\/figure><\/li><li class=\"blocks-gallery-item\"><figure><img loading=\"lazy\" decoding=\"async\" width=\"1024\" height=\"678\" src=\"https:\/\/nahuelproducciones.com.ar\/radioquijano\/wp-content\/uploads\/2021\/08\/vecinos-barrio-libertad2-1024x678.jpg\" alt=\"\" data-id=\"1294\" data-full-url=\"https:\/\/nahuelproducciones.com.ar\/radioquijano\/wp-content\/uploads\/2021\/08\/vecinos-barrio-libertad2.jpg\" data-link=\"https:\/\/nahuelproducciones.com.ar\/radioquijano\/?attachment_id=1294\" class=\"wp-image-1294\" srcset=\"https:\/\/nahuelproducciones.com.ar\/radioquijano\/wp-content\/uploads\/2021\/08\/vecinos-barrio-libertad2-1024x678.jpg 1024w, https:\/\/nahuelproducciones.com.ar\/radioquijano\/wp-content\/uploads\/2021\/08\/vecinos-barrio-libertad2-300x199.jpg 300w, https:\/\/nahuelproducciones.com.ar\/radioquijano\/wp-content\/uploads\/2021\/08\/vecinos-barrio-libertad2-768x508.jpg 768w, https:\/\/nahuelproducciones.com.ar\/radioquijano\/wp-content\/uploads\/2021\/08\/vecinos-barrio-libertad2-150x99.jpg 150w, https:\/\/nahuelproducciones.com.ar\/radioquijano\/wp-content\/uploads\/2021\/08\/vecinos-barrio-libertad2.jpg 1280w\" sizes=\"auto, (max-width: 1024px) 100vw, 1024px\" \/><\/figure><\/li><li class=\"blocks-gallery-item\"><figure><img loading=\"lazy\" decoding=\"async\" width=\"1024\" height=\"678\" src=\"https:\/\/nahuelproducciones.com.ar\/radioquijano\/wp-content\/uploads\/2021\/08\/vecinoa-barrio-libertad1-1024x678.jpg\" alt=\"\" data-id=\"1295\" data-full-url=\"https:\/\/nahuelproducciones.com.ar\/radioquijano\/wp-content\/uploads\/2021\/08\/vecinoa-barrio-libertad1-e1628044092877.jpg\" data-link=\"https:\/\/nahuelproducciones.com.ar\/radioquijano\/?attachment_id=1295\" class=\"wp-image-1295\"\/><\/figure><\/li><\/ul><\/figure>\n\n\n\n<p>\u00b7<a href=\"https:\/\/nahuelproducciones.com.ar\/index.php\/rq999\" target=\"_blank\" rel=\"noreferrer noopener\">RQ99.9Mhz<\/a>  <a href=\"https:\/\/www.facebook.com\/nahuelproducciones999\/photos\/a.1688540704737890\/3054560991469181\" target=\"_blank\" rel=\"noreferrer noopener\">Campo Quijano.<\/a><\/p>\n","protected":false},"excerpt":{"rendered":"<p>Muestra Barrial de Recuerdos y de Objetos Antiguos denominada \u00bb Un pedacito de historia en Libertad 1.921 &#8211; 2.021&#8243;. <\/p>\n","protected":false},"author":8,"featured_media":1295,"comment_status":"open","ping_status":"open","sticky":false,"template":"","format":"standard","meta":{"_monsterinsights_skip_tracking":false,"_monsterinsights_sitenote_active":false,"_monsterinsights_sitenote_note":"","_monsterinsights_sitenote_category":0,"footnotes":""},"categories":[2,16],"tags":[157,36,158],"class_list":["post-1293","post","type-post","status-publish","format-standard","has-post-thumbnail","hentry","category-cultura","category-noticias","tag-barrio-libertad","tag-campo-quijano","tag-plazoleta-paso-de-sico"],"yoast_head":"<!-- This site is optimized with the Yoast SEO plugin v20.8 - https:\/\/yoast.com\/wordpress\/plugins\/seo\/ -->\n<title>Vecinos del Barrio Libertad unidos en el recuerdo. - RQ 99.9<\/title>\n<meta name=\"description\" content=\"Muestra Barrial de Recuerdos y de Objetos Antiguos denominada &quot; Un pedacito de historia en Libertad 1.921 - 2.021&quot;.\" \/>\n<meta name=\"robots\" content=\"index, follow, max-snippet:-1, max-image-preview:large, max-video-preview:-1\" \/>\n<link rel=\"canonical\" href=\"https:\/\/nahuelproducciones.com.ar\/radioquijano\/vecinos-del-barrio-libertad-unidos-en-el-recuerdo\/\" \/>\n<meta property=\"og:locale\" content=\"es_ES\" \/>\n<meta property=\"og:type\" content=\"article\" \/>\n<meta property=\"og:title\" content=\"Vecinos del Barrio Libertad unidos en el recuerdo. - RQ 99.9\" \/>\n<meta property=\"og:description\" content=\"Muestra Barrial de Recuerdos y de Objetos Antiguos denominada &quot; Un pedacito de historia en Libertad 1.921 - 2.021&quot;.\" \/>\n<meta property=\"og:url\" content=\"https:\/\/nahuelproducciones.com.ar\/radioquijano\/vecinos-del-barrio-libertad-unidos-en-el-recuerdo\/\" \/>\n<meta property=\"og:site_name\" content=\"RQ 99.9\" \/>\n<meta property=\"article:publisher\" content=\"https:\/\/www.facebook.com\/nahuelproducciones999\/\" \/>\n<meta property=\"article:published_time\" content=\"2021-08-04T02:31:40+00:00\" \/>\n<meta property=\"article:modified_time\" content=\"2021-08-04T02:31:42+00:00\" \/>\n<meta property=\"og:image\" content=\"https:\/\/nahuelproducciones.com.ar\/radioquijano\/wp-content\/uploads\/2021\/08\/vecinoa-barrio-libertad1-e1628044092877.jpg\" \/>\n\t<meta property=\"og:image:width\" content=\"700\" \/>\n\t<meta property=\"og:image:height\" content=\"463\" \/>\n\t<meta property=\"og:image:type\" content=\"image\/jpeg\" \/>\n<meta name=\"author\" content=\"Cecilia Pastrana\" \/>\n<meta name=\"twitter:card\" content=\"summary_large_image\" \/>\n<meta name=\"twitter:creator\" content=\"@nahuproduciones\" \/>\n<meta name=\"twitter:site\" content=\"@nahuproduciones\" \/>\n<meta name=\"twitter:label1\" content=\"Escrito por\" \/>\n\t<meta name=\"twitter:data1\" content=\"Cecilia Pastrana\" \/>\n\t<meta name=\"twitter:label2\" content=\"Tiempo de lectura\" \/>\n\t<meta name=\"twitter:data2\" content=\"3 minutos\" \/>\n<script type=\"application\/ld+json\" class=\"yoast-schema-graph\">{\"@context\":\"https:\/\/schema.org\",\"@graph\":[{\"@type\":\"WebPage\",\"@id\":\"https:\/\/nahuelproducciones.com.ar\/radioquijano\/vecinos-del-barrio-libertad-unidos-en-el-recuerdo\/\",\"url\":\"https:\/\/nahuelproducciones.com.ar\/radioquijano\/vecinos-del-barrio-libertad-unidos-en-el-recuerdo\/\",\"name\":\"Vecinos del Barrio Libertad unidos en el recuerdo. - RQ 99.9\",\"isPartOf\":{\"@id\":\"https:\/\/nahuelproducciones.com.ar\/radioquijano\/#website\"},\"datePublished\":\"2021-08-04T02:31:40+00:00\",\"dateModified\":\"2021-08-04T02:31:42+00:00\",\"author\":{\"@id\":\"https:\/\/nahuelproducciones.com.ar\/radioquijano\/#\/schema\/person\/e8a4f939e2cb487fe6d0c54042c9d32c\"},\"description\":\"Muestra Barrial de Recuerdos y de Objetos Antiguos denominada \\\" Un pedacito de historia en Libertad 1.921 - 2.021\\\".\",\"breadcrumb\":{\"@id\":\"https:\/\/nahuelproducciones.com.ar\/radioquijano\/vecinos-del-barrio-libertad-unidos-en-el-recuerdo\/#breadcrumb\"},\"inLanguage\":\"es\",\"potentialAction\":[{\"@type\":\"ReadAction\",\"target\":[\"https:\/\/nahuelproducciones.com.ar\/radioquijano\/vecinos-del-barrio-libertad-unidos-en-el-recuerdo\/\"]}]},{\"@type\":\"BreadcrumbList\",\"@id\":\"https:\/\/nahuelproducciones.com.ar\/radioquijano\/vecinos-del-barrio-libertad-unidos-en-el-recuerdo\/#breadcrumb\",\"itemListElement\":[{\"@type\":\"ListItem\",\"position\":1,\"name\":\"Portada\",\"item\":\"https:\/\/nahuelproducciones.com.ar\/radioquijano\/\"},{\"@type\":\"ListItem\",\"position\":2,\"name\":\"Vecinos del Barrio Libertad unidos en el recuerdo.\"}]},{\"@type\":\"WebSite\",\"@id\":\"https:\/\/nahuelproducciones.com.ar\/radioquijano\/#website\",\"url\":\"https:\/\/nahuelproducciones.com.ar\/radioquijano\/\",\"name\":\"RQ 99.9\",\"description\":\"Radio Quijano 99.9 MHz\",\"potentialAction\":[{\"@type\":\"SearchAction\",\"target\":{\"@type\":\"EntryPoint\",\"urlTemplate\":\"https:\/\/nahuelproducciones.com.ar\/radioquijano\/?s={search_term_string}\"},\"query-input\":\"required name=search_term_string\"}],\"inLanguage\":\"es\"},{\"@type\":\"Person\",\"@id\":\"https:\/\/nahuelproducciones.com.ar\/radioquijano\/#\/schema\/person\/e8a4f939e2cb487fe6d0c54042c9d32c\",\"name\":\"Cecilia Pastrana\",\"image\":{\"@type\":\"ImageObject\",\"inLanguage\":\"es\",\"@id\":\"https:\/\/nahuelproducciones.com.ar\/radioquijano\/#\/schema\/person\/image\/\",\"url\":\"https:\/\/secure.gravatar.com\/avatar\/661a3ef63a8488d4f2794ed44af8cf71420f7e106f3072c40125114df5157749?s=96&d=mm&r=g\",\"contentUrl\":\"https:\/\/secure.gravatar.com\/avatar\/661a3ef63a8488d4f2794ed44af8cf71420f7e106f3072c40125114df5157749?s=96&d=mm&r=g\",\"caption\":\"Cecilia Pastrana\"},\"sameAs\":[\"cecy\"],\"url\":\"https:\/\/nahuelproducciones.com.ar\/radioquijano\/author\/cecy\/\"}]}<\/script>\n<!-- \/ Yoast SEO plugin. -->","yoast_head_json":{"title":"Vecinos del Barrio Libertad unidos en el recuerdo. - RQ 99.9","description":"Muestra Barrial de Recuerdos y de Objetos Antiguos denominada \" Un pedacito de historia en Libertad 1.921 - 2.021\".","robots":{"index":"index","follow":"follow","max-snippet":"max-snippet:-1","max-image-preview":"max-image-preview:large","max-video-preview":"max-video-preview:-1"},"canonical":"https:\/\/nahuelproducciones.com.ar\/radioquijano\/vecinos-del-barrio-libertad-unidos-en-el-recuerdo\/","og_locale":"es_ES","og_type":"article","og_title":"Vecinos del Barrio Libertad unidos en el recuerdo. - RQ 99.9","og_description":"Muestra Barrial de Recuerdos y de Objetos Antiguos denominada \" Un pedacito de historia en Libertad 1.921 - 2.021\".","og_url":"https:\/\/nahuelproducciones.com.ar\/radioquijano\/vecinos-del-barrio-libertad-unidos-en-el-recuerdo\/","og_site_name":"RQ 99.9","article_publisher":"https:\/\/www.facebook.com\/nahuelproducciones999\/","article_published_time":"2021-08-04T02:31:40+00:00","article_modified_time":"2021-08-04T02:31:42+00:00","og_image":[{"width":700,"height":463,"url":"https:\/\/nahuelproducciones.com.ar\/radioquijano\/wp-content\/uploads\/2021\/08\/vecinoa-barrio-libertad1-e1628044092877.jpg","type":"image\/jpeg"}],"author":"Cecilia Pastrana","twitter_card":"summary_large_image","twitter_creator":"@nahuproduciones","twitter_site":"@nahuproduciones","twitter_misc":{"Escrito por":"Cecilia Pastrana","Tiempo de lectura":"3 minutos"},"schema":{"@context":"https:\/\/schema.org","@graph":[{"@type":"WebPage","@id":"https:\/\/nahuelproducciones.com.ar\/radioquijano\/vecinos-del-barrio-libertad-unidos-en-el-recuerdo\/","url":"https:\/\/nahuelproducciones.com.ar\/radioquijano\/vecinos-del-barrio-libertad-unidos-en-el-recuerdo\/","name":"Vecinos del Barrio Libertad unidos en el recuerdo. - RQ 99.9","isPartOf":{"@id":"https:\/\/nahuelproducciones.com.ar\/radioquijano\/#website"},"datePublished":"2021-08-04T02:31:40+00:00","dateModified":"2021-08-04T02:31:42+00:00","author":{"@id":"https:\/\/nahuelproducciones.com.ar\/radioquijano\/#\/schema\/person\/e8a4f939e2cb487fe6d0c54042c9d32c"},"description":"Muestra Barrial de Recuerdos y de Objetos Antiguos denominada \" Un pedacito de historia en Libertad 1.921 - 2.021\".","breadcrumb":{"@id":"https:\/\/nahuelproducciones.com.ar\/radioquijano\/vecinos-del-barrio-libertad-unidos-en-el-recuerdo\/#breadcrumb"},"inLanguage":"es","potentialAction":[{"@type":"ReadAction","target":["https:\/\/nahuelproducciones.com.ar\/radioquijano\/vecinos-del-barrio-libertad-unidos-en-el-recuerdo\/"]}]},{"@type":"BreadcrumbList","@id":"https:\/\/nahuelproducciones.com.ar\/radioquijano\/vecinos-del-barrio-libertad-unidos-en-el-recuerdo\/#breadcrumb","itemListElement":[{"@type":"ListItem","position":1,"name":"Portada","item":"https:\/\/nahuelproducciones.com.ar\/radioquijano\/"},{"@type":"ListItem","position":2,"name":"Vecinos del Barrio Libertad unidos en el recuerdo."}]},{"@type":"WebSite","@id":"https:\/\/nahuelproducciones.com.ar\/radioquijano\/#website","url":"https:\/\/nahuelproducciones.com.ar\/radioquijano\/","name":"RQ 99.9","description":"Radio Quijano 99.9 MHz","potentialAction":[{"@type":"SearchAction","target":{"@type":"EntryPoint","urlTemplate":"https:\/\/nahuelproducciones.com.ar\/radioquijano\/?s={search_term_string}"},"query-input":"required name=search_term_string"}],"inLanguage":"es"},{"@type":"Person","@id":"https:\/\/nahuelproducciones.com.ar\/radioquijano\/#\/schema\/person\/e8a4f939e2cb487fe6d0c54042c9d32c","name":"Cecilia Pastrana","image":{"@type":"ImageObject","inLanguage":"es","@id":"https:\/\/nahuelproducciones.com.ar\/radioquijano\/#\/schema\/person\/image\/","url":"https:\/\/secure.gravatar.com\/avatar\/661a3ef63a8488d4f2794ed44af8cf71420f7e106f3072c40125114df5157749?s=96&d=mm&r=g","contentUrl":"https:\/\/secure.gravatar.com\/avatar\/661a3ef63a8488d4f2794ed44af8cf71420f7e106f3072c40125114df5157749?s=96&d=mm&r=g","caption":"Cecilia Pastrana"},"sameAs":["cecy"],"url":"https:\/\/nahuelproducciones.com.ar\/radioquijano\/author\/cecy\/"}]}},"_links":{"self":[{"href":"https:\/\/nahuelproducciones.com.ar\/radioquijano\/wp-json\/wp\/v2\/posts\/1293","targetHints":{"allow":["GET"]}}],"collection":[{"href":"https:\/\/nahuelproducciones.com.ar\/radioquijano\/wp-json\/wp\/v2\/posts"}],"about":[{"href":"https:\/\/nahuelproducciones.com.ar\/radioquijano\/wp-json\/wp\/v2\/types\/post"}],"author":[{"embeddable":true,"href":"https:\/\/nahuelproducciones.com.ar\/radioquijano\/wp-json\/wp\/v2\/users\/8"}],"replies":[{"embeddable":true,"href":"https:\/\/nahuelproducciones.com.ar\/radioquijano\/wp-json\/wp\/v2\/comments?post=1293"}],"version-history":[{"count":1,"href":"https:\/\/nahuelproducciones.com.ar\/radioquijano\/wp-json\/wp\/v2\/posts\/1293\/revisions"}],"predecessor-version":[{"id":1302,"href":"https:\/\/nahuelproducciones.com.ar\/radioquijano\/wp-json\/wp\/v2\/posts\/1293\/revisions\/1302"}],"wp:featuredmedia":[{"embeddable":true,"href":"https:\/\/nahuelproducciones.com.ar\/radioquijano\/wp-json\/wp\/v2\/media\/1295"}],"wp:attachment":[{"href":"https:\/\/nahuelproducciones.com.ar\/radioquijano\/wp-json\/wp\/v2\/media?parent=1293"}],"wp:term":[{"taxonomy":"category","embeddable":true,"href":"https:\/\/nahuelproducciones.com.ar\/radioquijano\/wp-json\/wp\/v2\/categories?post=1293"},{"taxonomy":"post_tag","embeddable":true,"href":"https:\/\/nahuelproducciones.com.ar\/radioquijano\/wp-json\/wp\/v2\/tags?post=1293"}],"curies":[{"name":"wp","href":"https:\/\/api.w.org\/{rel}","templated":true}]}}