{"id":1303,"date":"2021-08-04T00:06:21","date_gmt":"2021-08-04T03:06:21","guid":{"rendered":"https:\/\/nahuelproducciones.com.ar\/radioquijano\/?p=1303"},"modified":"2021-08-04T08:03:41","modified_gmt":"2021-08-04T11:03:41","slug":"rifa-del-barrio-el-canal-por-los-festejos-del-dia-del-nino","status":"publish","type":"post","link":"https:\/\/nahuelproducciones.com.ar\/radioquijano\/rifa-del-barrio-el-canal-por-los-festejos-del-dia-del-nino\/","title":{"rendered":"Rifa del Barrio El Canal por los festejos del D\u00eda del Ni\u00f1o."},"content":{"rendered":"\n<p>Se vende los n\u00fameros  de la rifa para la recaudaci\u00f3n de fondos que ayuden al desarrollo de los Festejos del D\u00eda del Ni\u00f1o del <a href=\"https:\/\/www.facebook.com\/profile.php?id=100068375711362\" target=\"_blank\" rel=\"noreferrer noopener\">Barrio El Canal de Campo Quijano.<\/a><\/p>\n\n\n\n<p>Tiene importantes premios y se sortear\u00e1 el pr\u00f3ximo 20 de agosto por RQ99.9Mhz a las 12:00 hs.<\/p>\n\n\n\n<p>Cada a\u00f1o el grupo de vecinos desarrolla una serie de actividades recreativas, juegos, se da la merienda, y m\u00e1s sorpresas para los ni\u00f1os. Con la pandemia sera con protocolos para evitar el contagio covid 19.<\/p>\n\n\n\n<p>Los Premios ser\u00e1n:<\/p>\n\n\n\n<p>1\u00b0 Una campera XL<\/p>\n\n\n\n<p>2\u00b0 Una blusa blanca talle M<\/p>\n\n\n\n<p>3\u00b0 Una botella deportiva<\/p>\n\n\n\n<p>4\u00b0 Un par de sapos N\u00b0 37<\/p>\n\n\n\n<p>5\u00b0 Tres pares de medias deportivas<\/p>\n\n\n\n<p>6\u00b0 Una torta<\/p>\n\n\n\n<p>7\u00b0 Una pasta frola<\/p>\n\n\n\n<p>El precio de cada n\u00famero es de $100<\/p>\n\n\n\n<p>Podes llamar al celular 3875 19-0718 de Claudio y consultar para mas informaci\u00f3n o compra .<\/p>\n\n\n\n<p>Se viene el D\u00eda del ni\u00f1o y como todos los a\u00f1os el grupo quiere que los chicos pasen su d\u00eda lleno de sorpresas y sonrisas .<\/p>\n\n\n\n<p>\u00b7<a href=\"https:\/\/nahuelproducciones.com.ar\/index.php\/rq999\" target=\"_blank\" rel=\"noreferrer noopener\">RQ99.9Mhz <\/a><a href=\"https:\/\/nahuelproducciones.com.ar\/\" target=\"_blank\" rel=\"noreferrer noopener\">Campo Quijano<\/a><\/p>\n","protected":false},"excerpt":{"rendered":"<p>Se vende los n\u00fameros de la rifa para la recaudaci\u00f3n de fondos que ayuden al desarrollo de los Festejos del D\u00eda del Ni\u00f1o del Barrio El Canal de Campo Quijano. Tiene importantes premios y se sortear\u00e1 el pr\u00f3ximo 20 de agosto por RQ99.9Mhz a las 12:00 hs. Cada a\u00f1o el grupo de vecinos desarrolla una [&hellip;]<\/p>\n","protected":false},"author":8,"featured_media":1304,"comment_status":"open","ping_status":"open","sticky":false,"template":"","format":"standard","meta":{"_monsterinsights_skip_tracking":false,"_monsterinsights_sitenote_active":false,"_monsterinsights_sitenote_note":"","_monsterinsights_sitenote_category":0,"footnotes":""},"categories":[16],"tags":[159,36,160],"class_list":["post-1303","post","type-post","status-publish","format-standard","has-post-thumbnail","hentry","category-noticias","tag-barrio-el-canal","tag-campo-quijano","tag-rifa-del-dia-del-nino"],"yoast_head":"<!-- This site is optimized with the Yoast SEO plugin v20.8 - https:\/\/yoast.com\/wordpress\/plugins\/seo\/ -->\n<title>Rifa del Barrio El Canal por los festejos del D\u00eda del Ni\u00f1o. - RQ 99.9<\/title>\n<meta name=\"description\" content=\"Se sortear\u00e1 el pr\u00f3ximo 20 de agosto por RQ99.9Mhz a las 12:00 hs.\" \/>\n<meta name=\"robots\" content=\"index, follow, max-snippet:-1, max-image-preview:large, max-video-preview:-1\" \/>\n<link rel=\"canonical\" href=\"https:\/\/nahuelproducciones.com.ar\/radioquijano\/rifa-del-barrio-el-canal-por-los-festejos-del-dia-del-nino\/\" \/>\n<meta property=\"og:locale\" content=\"es_ES\" \/>\n<meta property=\"og:type\" content=\"article\" \/>\n<meta property=\"og:title\" content=\"Rifa del Barrio El Canal por los festejos del D\u00eda del Ni\u00f1o. - RQ 99.9\" \/>\n<meta property=\"og:description\" content=\"Se sortear\u00e1 el pr\u00f3ximo 20 de agosto por RQ99.9Mhz a las 12:00 hs.\" \/>\n<meta property=\"og:url\" content=\"https:\/\/nahuelproducciones.com.ar\/radioquijano\/rifa-del-barrio-el-canal-por-los-festejos-del-dia-del-nino\/\" \/>\n<meta property=\"og:site_name\" content=\"RQ 99.9\" \/>\n<meta property=\"article:publisher\" content=\"https:\/\/www.facebook.com\/nahuelproducciones999\/\" \/>\n<meta property=\"article:published_time\" content=\"2021-08-04T03:06:21+00:00\" \/>\n<meta property=\"article:modified_time\" content=\"2021-08-04T11:03:41+00:00\" \/>\n<meta property=\"og:image\" content=\"https:\/\/nahuelproducciones.com.ar\/radioquijano\/wp-content\/uploads\/2021\/08\/rifa-barrio-el-canal-dia-del-nino-e1628046284287.jpeg\" \/>\n\t<meta property=\"og:image:width\" content=\"700\" \/>\n\t<meta property=\"og:image:height\" content=\"933\" \/>\n\t<meta property=\"og:image:type\" content=\"image\/jpeg\" \/>\n<meta name=\"author\" content=\"Cecilia Pastrana\" \/>\n<meta name=\"twitter:card\" content=\"summary_large_image\" \/>\n<meta name=\"twitter:creator\" content=\"@nahuproduciones\" \/>\n<meta name=\"twitter:site\" content=\"@nahuproduciones\" \/>\n<meta name=\"twitter:label1\" content=\"Escrito por\" \/>\n\t<meta name=\"twitter:data1\" content=\"Cecilia Pastrana\" \/>\n\t<meta name=\"twitter:label2\" content=\"Tiempo de lectura\" \/>\n\t<meta name=\"twitter:data2\" content=\"1 minuto\" \/>\n<script type=\"application\/ld+json\" class=\"yoast-schema-graph\">{\"@context\":\"https:\/\/schema.org\",\"@graph\":[{\"@type\":\"WebPage\",\"@id\":\"https:\/\/nahuelproducciones.com.ar\/radioquijano\/rifa-del-barrio-el-canal-por-los-festejos-del-dia-del-nino\/\",\"url\":\"https:\/\/nahuelproducciones.com.ar\/radioquijano\/rifa-del-barrio-el-canal-por-los-festejos-del-dia-del-nino\/\",\"name\":\"Rifa del Barrio El Canal por los festejos del D\u00eda del Ni\u00f1o. - RQ 99.9\",\"isPartOf\":{\"@id\":\"https:\/\/nahuelproducciones.com.ar\/radioquijano\/#website\"},\"datePublished\":\"2021-08-04T03:06:21+00:00\",\"dateModified\":\"2021-08-04T11:03:41+00:00\",\"author\":{\"@id\":\"https:\/\/nahuelproducciones.com.ar\/radioquijano\/#\/schema\/person\/e8a4f939e2cb487fe6d0c54042c9d32c\"},\"description\":\"Se sortear\u00e1 el pr\u00f3ximo 20 de agosto por RQ99.9Mhz a las 12:00 hs.\",\"breadcrumb\":{\"@id\":\"https:\/\/nahuelproducciones.com.ar\/radioquijano\/rifa-del-barrio-el-canal-por-los-festejos-del-dia-del-nino\/#breadcrumb\"},\"inLanguage\":\"es\",\"potentialAction\":[{\"@type\":\"ReadAction\",\"target\":[\"https:\/\/nahuelproducciones.com.ar\/radioquijano\/rifa-del-barrio-el-canal-por-los-festejos-del-dia-del-nino\/\"]}]},{\"@type\":\"BreadcrumbList\",\"@id\":\"https:\/\/nahuelproducciones.com.ar\/radioquijano\/rifa-del-barrio-el-canal-por-los-festejos-del-dia-del-nino\/#breadcrumb\",\"itemListElement\":[{\"@type\":\"ListItem\",\"position\":1,\"name\":\"Portada\",\"item\":\"https:\/\/nahuelproducciones.com.ar\/radioquijano\/\"},{\"@type\":\"ListItem\",\"position\":2,\"name\":\"Rifa del Barrio El Canal por los festejos del D\u00eda del Ni\u00f1o.\"}]},{\"@type\":\"WebSite\",\"@id\":\"https:\/\/nahuelproducciones.com.ar\/radioquijano\/#website\",\"url\":\"https:\/\/nahuelproducciones.com.ar\/radioquijano\/\",\"name\":\"RQ 99.9\",\"description\":\"Radio Quijano 99.9 MHz\",\"potentialAction\":[{\"@type\":\"SearchAction\",\"target\":{\"@type\":\"EntryPoint\",\"urlTemplate\":\"https:\/\/nahuelproducciones.com.ar\/radioquijano\/?s={search_term_string}\"},\"query-input\":\"required name=search_term_string\"}],\"inLanguage\":\"es\"},{\"@type\":\"Person\",\"@id\":\"https:\/\/nahuelproducciones.com.ar\/radioquijano\/#\/schema\/person\/e8a4f939e2cb487fe6d0c54042c9d32c\",\"name\":\"Cecilia Pastrana\",\"image\":{\"@type\":\"ImageObject\",\"inLanguage\":\"es\",\"@id\":\"https:\/\/nahuelproducciones.com.ar\/radioquijano\/#\/schema\/person\/image\/\",\"url\":\"https:\/\/secure.gravatar.com\/avatar\/661a3ef63a8488d4f2794ed44af8cf71420f7e106f3072c40125114df5157749?s=96&d=mm&r=g\",\"contentUrl\":\"https:\/\/secure.gravatar.com\/avatar\/661a3ef63a8488d4f2794ed44af8cf71420f7e106f3072c40125114df5157749?s=96&d=mm&r=g\",\"caption\":\"Cecilia Pastrana\"},\"sameAs\":[\"cecy\"],\"url\":\"https:\/\/nahuelproducciones.com.ar\/radioquijano\/author\/cecy\/\"}]}<\/script>\n<!-- \/ Yoast SEO plugin. -->","yoast_head_json":{"title":"Rifa del Barrio El Canal por los festejos del D\u00eda del Ni\u00f1o. - RQ 99.9","description":"Se sortear\u00e1 el pr\u00f3ximo 20 de agosto por RQ99.9Mhz a las 12:00 hs.","robots":{"index":"index","follow":"follow","max-snippet":"max-snippet:-1","max-image-preview":"max-image-preview:large","max-video-preview":"max-video-preview:-1"},"canonical":"https:\/\/nahuelproducciones.com.ar\/radioquijano\/rifa-del-barrio-el-canal-por-los-festejos-del-dia-del-nino\/","og_locale":"es_ES","og_type":"article","og_title":"Rifa del Barrio El Canal por los festejos del D\u00eda del Ni\u00f1o. - RQ 99.9","og_description":"Se sortear\u00e1 el pr\u00f3ximo 20 de agosto por RQ99.9Mhz a las 12:00 hs.","og_url":"https:\/\/nahuelproducciones.com.ar\/radioquijano\/rifa-del-barrio-el-canal-por-los-festejos-del-dia-del-nino\/","og_site_name":"RQ 99.9","article_publisher":"https:\/\/www.facebook.com\/nahuelproducciones999\/","article_published_time":"2021-08-04T03:06:21+00:00","article_modified_time":"2021-08-04T11:03:41+00:00","og_image":[{"width":700,"height":933,"url":"https:\/\/nahuelproducciones.com.ar\/radioquijano\/wp-content\/uploads\/2021\/08\/rifa-barrio-el-canal-dia-del-nino-e1628046284287.jpeg","type":"image\/jpeg"}],"author":"Cecilia Pastrana","twitter_card":"summary_large_image","twitter_creator":"@nahuproduciones","twitter_site":"@nahuproduciones","twitter_misc":{"Escrito por":"Cecilia Pastrana","Tiempo de lectura":"1 minuto"},"schema":{"@context":"https:\/\/schema.org","@graph":[{"@type":"WebPage","@id":"https:\/\/nahuelproducciones.com.ar\/radioquijano\/rifa-del-barrio-el-canal-por-los-festejos-del-dia-del-nino\/","url":"https:\/\/nahuelproducciones.com.ar\/radioquijano\/rifa-del-barrio-el-canal-por-los-festejos-del-dia-del-nino\/","name":"Rifa del Barrio El Canal por los festejos del D\u00eda del Ni\u00f1o. - RQ 99.9","isPartOf":{"@id":"https:\/\/nahuelproducciones.com.ar\/radioquijano\/#website"},"datePublished":"2021-08-04T03:06:21+00:00","dateModified":"2021-08-04T11:03:41+00:00","author":{"@id":"https:\/\/nahuelproducciones.com.ar\/radioquijano\/#\/schema\/person\/e8a4f939e2cb487fe6d0c54042c9d32c"},"description":"Se sortear\u00e1 el pr\u00f3ximo 20 de agosto por RQ99.9Mhz a las 12:00 hs.","breadcrumb":{"@id":"https:\/\/nahuelproducciones.com.ar\/radioquijano\/rifa-del-barrio-el-canal-por-los-festejos-del-dia-del-nino\/#breadcrumb"},"inLanguage":"es","potentialAction":[{"@type":"ReadAction","target":["https:\/\/nahuelproducciones.com.ar\/radioquijano\/rifa-del-barrio-el-canal-por-los-festejos-del-dia-del-nino\/"]}]},{"@type":"BreadcrumbList","@id":"https:\/\/nahuelproducciones.com.ar\/radioquijano\/rifa-del-barrio-el-canal-por-los-festejos-del-dia-del-nino\/#breadcrumb","itemListElement":[{"@type":"ListItem","position":1,"name":"Portada","item":"https:\/\/nahuelproducciones.com.ar\/radioquijano\/"},{"@type":"ListItem","position":2,"name":"Rifa del Barrio El Canal por los festejos del D\u00eda del Ni\u00f1o."}]},{"@type":"WebSite","@id":"https:\/\/nahuelproducciones.com.ar\/radioquijano\/#website","url":"https:\/\/nahuelproducciones.com.ar\/radioquijano\/","name":"RQ 99.9","description":"Radio Quijano 99.9 MHz","potentialAction":[{"@type":"SearchAction","target":{"@type":"EntryPoint","urlTemplate":"https:\/\/nahuelproducciones.com.ar\/radioquijano\/?s={search_term_string}"},"query-input":"required name=search_term_string"}],"inLanguage":"es"},{"@type":"Person","@id":"https:\/\/nahuelproducciones.com.ar\/radioquijano\/#\/schema\/person\/e8a4f939e2cb487fe6d0c54042c9d32c","name":"Cecilia Pastrana","image":{"@type":"ImageObject","inLanguage":"es","@id":"https:\/\/nahuelproducciones.com.ar\/radioquijano\/#\/schema\/person\/image\/","url":"https:\/\/secure.gravatar.com\/avatar\/661a3ef63a8488d4f2794ed44af8cf71420f7e106f3072c40125114df5157749?s=96&d=mm&r=g","contentUrl":"https:\/\/secure.gravatar.com\/avatar\/661a3ef63a8488d4f2794ed44af8cf71420f7e106f3072c40125114df5157749?s=96&d=mm&r=g","caption":"Cecilia Pastrana"},"sameAs":["cecy"],"url":"https:\/\/nahuelproducciones.com.ar\/radioquijano\/author\/cecy\/"}]}},"_links":{"self":[{"href":"https:\/\/nahuelproducciones.com.ar\/radioquijano\/wp-json\/wp\/v2\/posts\/1303","targetHints":{"allow":["GET"]}}],"collection":[{"href":"https:\/\/nahuelproducciones.com.ar\/radioquijano\/wp-json\/wp\/v2\/posts"}],"about":[{"href":"https:\/\/nahuelproducciones.com.ar\/radioquijano\/wp-json\/wp\/v2\/types\/post"}],"author":[{"embeddable":true,"href":"https:\/\/nahuelproducciones.com.ar\/radioquijano\/wp-json\/wp\/v2\/users\/8"}],"replies":[{"embeddable":true,"href":"https:\/\/nahuelproducciones.com.ar\/radioquijano\/wp-json\/wp\/v2\/comments?post=1303"}],"version-history":[{"count":2,"href":"https:\/\/nahuelproducciones.com.ar\/radioquijano\/wp-json\/wp\/v2\/posts\/1303\/revisions"}],"predecessor-version":[{"id":1306,"href":"https:\/\/nahuelproducciones.com.ar\/radioquijano\/wp-json\/wp\/v2\/posts\/1303\/revisions\/1306"}],"wp:featuredmedia":[{"embeddable":true,"href":"https:\/\/nahuelproducciones.com.ar\/radioquijano\/wp-json\/wp\/v2\/media\/1304"}],"wp:attachment":[{"href":"https:\/\/nahuelproducciones.com.ar\/radioquijano\/wp-json\/wp\/v2\/media?parent=1303"}],"wp:term":[{"taxonomy":"category","embeddable":true,"href":"https:\/\/nahuelproducciones.com.ar\/radioquijano\/wp-json\/wp\/v2\/categories?post=1303"},{"taxonomy":"post_tag","embeddable":true,"href":"https:\/\/nahuelproducciones.com.ar\/radioquijano\/wp-json\/wp\/v2\/tags?post=1303"}],"curies":[{"name":"wp","href":"https:\/\/api.w.org\/{rel}","templated":true}]}}