{"id":1334,"date":"2021-08-21T01:56:22","date_gmt":"2021-08-21T04:56:22","guid":{"rendered":"https:\/\/nahuelproducciones.com.ar\/radioquijano\/?p=1334"},"modified":"2021-08-21T03:00:17","modified_gmt":"2021-08-21T06:00:17","slug":"convocatoria-a-feriantes-del-municipio-de-campo-quijano","status":"publish","type":"post","link":"https:\/\/nahuelproducciones.com.ar\/radioquijano\/convocatoria-a-feriantes-del-municipio-de-campo-quijano\/","title":{"rendered":"Convocatoria a feriantes del municipio de Campo Quijano."},"content":{"rendered":"\n<p>Con la idea de conformar con personar\u00eda jur\u00eddica una Asociaci\u00f3n civil sin fines de lucro FAE (Feria de Artesanos y Emprendedores) y diversidad de g\u00e9nero, los feriantes de 25 de mayo realizaran una reuni\u00f3n informativa.<\/p>\n\n\n\n<figure class=\"wp-block-audio\"><audio controls src=\"blob:https:\/\/nahuelproducciones.com.ar\/c22b6e00-54e0-4467-a9ed-6ce303bc3f56\"><\/audio><\/figure>\n\n\n\n<p>Daniel Garz\u00f3n y Adri\u00e1n Martinez invitaron  en <a href=\"https:\/\/www.facebook.com\/Radio-Quijano-999-102294874524832\/?ref=pages_you_manage\">RQ99.9Mhz <\/a>  a todos los interesados  a participar de la reuni\u00f3n  en la Glorieta de Plaza Mart\u00edn Fierro, el d\u00eda domingo 22 de agosto a 10:00 hs.<\/p>\n\n\n\n<p>Comentaron que  los asistentes deber\u00e1n llevar fotocopia DNI para armar la n\u00f3mina de asociados .<\/p>\n\n\n\n<p>El grupo de autoconvocados de la feria de artesanos y emprendedores, tambi\u00e9n presentar\u00e1n el  estatuto y el  acta constitutiva de la nueva asociaci\u00f3n .<\/p>\n\n\n\n<p>Ante la situaci\u00f3n que  atravesaron y atraviesan en esta \u00e9poca de pandemia, supone un  inmenso desaf\u00edo de repensar como realizamos nuestro trabajo, los emprendimientos y lograr capacitaciones y herramientas para poder sostener el crecimiento. <\/p>\n\n\n\n<p>Son muchas las propuestas que se presentaran en la reuni\u00f3n, como el deseo de tener una obra social y lograr el acompa\u00f1amiento a todos los que quieran hacer proyectos, escuchando sus demandas y proponiendo soluciones para que emprender sea m\u00e1s f\u00e1cil, dijeron los feriantes.<\/p>\n\n\n\n<figure class=\"wp-block-image size-large is-resized\"><img loading=\"lazy\" decoding=\"async\" src=\"https:\/\/nahuelproducciones.com.ar\/radioquijano\/wp-content\/uploads\/2021\/08\/ASOC.SIN-FINES-DE-LUCRO-FAE-FERIANTES-Y-EMPRENDEDORES-844x1024.jpeg\" alt=\"\" class=\"wp-image-1335\" width=\"809\" height=\"981\"\/><\/figure>\n\n\n\n\n\n<p>RQ99.9Mhz  <a href=\"https:\/\/www.facebook.com\/nahuelproducciones999\/?ref=pages_you_manage\" target=\"_blank\" rel=\"noreferrer noopener\">Campo Quijano.<\/a><\/p>\n","protected":false},"excerpt":{"rendered":"<p>Con la idea de conformar con personar\u00eda jur\u00eddica una Asociaci\u00f3n civil sin fines de lucro FAE (Feria de Artesanos y Emprendedores) y diversidad de g\u00e9nero, los feriantes de 25 de mayo realizaran una reuni\u00f3n informativa. Daniel Garz\u00f3n y Adri\u00e1n Martinez invitaron en RQ99.9Mhz a todos los interesados a participar de la reuni\u00f3n en la Glorieta [&hellip;]<\/p>\n","protected":false},"author":8,"featured_media":1144,"comment_status":"open","ping_status":"open","sticky":false,"template":"","format":"standard","meta":{"_monsterinsights_skip_tracking":false,"_monsterinsights_sitenote_active":false,"_monsterinsights_sitenote_note":"","_monsterinsights_sitenote_category":0,"footnotes":""},"categories":[16],"tags":[36,164,163,71],"class_list":["post-1334","post","type-post","status-publish","format-standard","has-post-thumbnail","hentry","category-noticias","tag-campo-quijano","tag-fae-feria-de-artesanos-y-emprendedores-y-diversidad-de-genero","tag-grupo-de-autoconvocados-de-la-feria-de-artesanos-y-emprendedore","tag-municipalidad-de-campo-quijano"],"yoast_head":"<!-- This site is optimized with the Yoast SEO plugin v20.8 - https:\/\/yoast.com\/wordpress\/plugins\/seo\/ -->\n<title>Convocatoria a feriantes del municipio de Campo Quijano. - RQ 99.9<\/title>\n<meta name=\"description\" content=\"La reuni\u00f3n ser\u00e1 en la Glorieta de Plaza Mart\u00edn Fierro, el d\u00eda domingo 22 de agosto a 10:00 hs.\" \/>\n<meta name=\"robots\" content=\"index, follow, max-snippet:-1, max-image-preview:large, max-video-preview:-1\" \/>\n<link rel=\"canonical\" href=\"https:\/\/nahuelproducciones.com.ar\/radioquijano\/convocatoria-a-feriantes-del-municipio-de-campo-quijano\/\" \/>\n<meta property=\"og:locale\" content=\"es_ES\" \/>\n<meta property=\"og:type\" content=\"article\" \/>\n<meta property=\"og:title\" content=\"Convocatoria a feriantes del municipio de Campo Quijano. - RQ 99.9\" \/>\n<meta property=\"og:description\" content=\"La reuni\u00f3n ser\u00e1 en la Glorieta de Plaza Mart\u00edn Fierro, el d\u00eda domingo 22 de agosto a 10:00 hs.\" \/>\n<meta property=\"og:url\" content=\"https:\/\/nahuelproducciones.com.ar\/radioquijano\/convocatoria-a-feriantes-del-municipio-de-campo-quijano\/\" \/>\n<meta property=\"og:site_name\" content=\"RQ 99.9\" \/>\n<meta property=\"article:publisher\" content=\"https:\/\/www.facebook.com\/nahuelproducciones999\/\" \/>\n<meta property=\"article:published_time\" content=\"2021-08-21T04:56:22+00:00\" \/>\n<meta property=\"article:modified_time\" content=\"2021-08-21T06:00:17+00:00\" \/>\n<meta property=\"og:image\" content=\"https:\/\/nahuelproducciones.com.ar\/radioquijano\/wp-content\/uploads\/2021\/06\/feria-de-campo-quijano.jpg\" \/>\n\t<meta property=\"og:image:width\" content=\"700\" \/>\n\t<meta property=\"og:image:height\" content=\"350\" \/>\n\t<meta property=\"og:image:type\" content=\"image\/jpeg\" \/>\n<meta name=\"author\" content=\"Cecilia Pastrana\" \/>\n<meta name=\"twitter:card\" content=\"summary_large_image\" \/>\n<meta name=\"twitter:creator\" content=\"@nahuproduciones\" \/>\n<meta name=\"twitter:site\" content=\"@nahuproduciones\" \/>\n<meta name=\"twitter:label1\" content=\"Escrito por\" \/>\n\t<meta name=\"twitter:data1\" content=\"Cecilia Pastrana\" \/>\n\t<meta name=\"twitter:label2\" content=\"Tiempo de lectura\" \/>\n\t<meta name=\"twitter:data2\" content=\"2 minutos\" \/>\n<script type=\"application\/ld+json\" class=\"yoast-schema-graph\">{\"@context\":\"https:\/\/schema.org\",\"@graph\":[{\"@type\":\"WebPage\",\"@id\":\"https:\/\/nahuelproducciones.com.ar\/radioquijano\/convocatoria-a-feriantes-del-municipio-de-campo-quijano\/\",\"url\":\"https:\/\/nahuelproducciones.com.ar\/radioquijano\/convocatoria-a-feriantes-del-municipio-de-campo-quijano\/\",\"name\":\"Convocatoria a feriantes del municipio de Campo Quijano. - RQ 99.9\",\"isPartOf\":{\"@id\":\"https:\/\/nahuelproducciones.com.ar\/radioquijano\/#website\"},\"datePublished\":\"2021-08-21T04:56:22+00:00\",\"dateModified\":\"2021-08-21T06:00:17+00:00\",\"author\":{\"@id\":\"https:\/\/nahuelproducciones.com.ar\/radioquijano\/#\/schema\/person\/e8a4f939e2cb487fe6d0c54042c9d32c\"},\"description\":\"La reuni\u00f3n ser\u00e1 en la Glorieta de Plaza Mart\u00edn Fierro, el d\u00eda domingo 22 de agosto a 10:00 hs.\",\"breadcrumb\":{\"@id\":\"https:\/\/nahuelproducciones.com.ar\/radioquijano\/convocatoria-a-feriantes-del-municipio-de-campo-quijano\/#breadcrumb\"},\"inLanguage\":\"es\",\"potentialAction\":[{\"@type\":\"ReadAction\",\"target\":[\"https:\/\/nahuelproducciones.com.ar\/radioquijano\/convocatoria-a-feriantes-del-municipio-de-campo-quijano\/\"]}]},{\"@type\":\"BreadcrumbList\",\"@id\":\"https:\/\/nahuelproducciones.com.ar\/radioquijano\/convocatoria-a-feriantes-del-municipio-de-campo-quijano\/#breadcrumb\",\"itemListElement\":[{\"@type\":\"ListItem\",\"position\":1,\"name\":\"Portada\",\"item\":\"https:\/\/nahuelproducciones.com.ar\/radioquijano\/\"},{\"@type\":\"ListItem\",\"position\":2,\"name\":\"Convocatoria a feriantes del municipio de Campo Quijano.\"}]},{\"@type\":\"WebSite\",\"@id\":\"https:\/\/nahuelproducciones.com.ar\/radioquijano\/#website\",\"url\":\"https:\/\/nahuelproducciones.com.ar\/radioquijano\/\",\"name\":\"RQ 99.9\",\"description\":\"Radio Quijano 99.9 MHz\",\"potentialAction\":[{\"@type\":\"SearchAction\",\"target\":{\"@type\":\"EntryPoint\",\"urlTemplate\":\"https:\/\/nahuelproducciones.com.ar\/radioquijano\/?s={search_term_string}\"},\"query-input\":\"required name=search_term_string\"}],\"inLanguage\":\"es\"},{\"@type\":\"Person\",\"@id\":\"https:\/\/nahuelproducciones.com.ar\/radioquijano\/#\/schema\/person\/e8a4f939e2cb487fe6d0c54042c9d32c\",\"name\":\"Cecilia Pastrana\",\"image\":{\"@type\":\"ImageObject\",\"inLanguage\":\"es\",\"@id\":\"https:\/\/nahuelproducciones.com.ar\/radioquijano\/#\/schema\/person\/image\/\",\"url\":\"https:\/\/secure.gravatar.com\/avatar\/661a3ef63a8488d4f2794ed44af8cf71420f7e106f3072c40125114df5157749?s=96&d=mm&r=g\",\"contentUrl\":\"https:\/\/secure.gravatar.com\/avatar\/661a3ef63a8488d4f2794ed44af8cf71420f7e106f3072c40125114df5157749?s=96&d=mm&r=g\",\"caption\":\"Cecilia Pastrana\"},\"sameAs\":[\"cecy\"],\"url\":\"https:\/\/nahuelproducciones.com.ar\/radioquijano\/author\/cecy\/\"}]}<\/script>\n<!-- \/ Yoast SEO plugin. -->","yoast_head_json":{"title":"Convocatoria a feriantes del municipio de Campo Quijano. - RQ 99.9","description":"La reuni\u00f3n ser\u00e1 en la Glorieta de Plaza Mart\u00edn Fierro, el d\u00eda domingo 22 de agosto a 10:00 hs.","robots":{"index":"index","follow":"follow","max-snippet":"max-snippet:-1","max-image-preview":"max-image-preview:large","max-video-preview":"max-video-preview:-1"},"canonical":"https:\/\/nahuelproducciones.com.ar\/radioquijano\/convocatoria-a-feriantes-del-municipio-de-campo-quijano\/","og_locale":"es_ES","og_type":"article","og_title":"Convocatoria a feriantes del municipio de Campo Quijano. - RQ 99.9","og_description":"La reuni\u00f3n ser\u00e1 en la Glorieta de Plaza Mart\u00edn Fierro, el d\u00eda domingo 22 de agosto a 10:00 hs.","og_url":"https:\/\/nahuelproducciones.com.ar\/radioquijano\/convocatoria-a-feriantes-del-municipio-de-campo-quijano\/","og_site_name":"RQ 99.9","article_publisher":"https:\/\/www.facebook.com\/nahuelproducciones999\/","article_published_time":"2021-08-21T04:56:22+00:00","article_modified_time":"2021-08-21T06:00:17+00:00","og_image":[{"width":700,"height":350,"url":"https:\/\/nahuelproducciones.com.ar\/radioquijano\/wp-content\/uploads\/2021\/06\/feria-de-campo-quijano.jpg","type":"image\/jpeg"}],"author":"Cecilia Pastrana","twitter_card":"summary_large_image","twitter_creator":"@nahuproduciones","twitter_site":"@nahuproduciones","twitter_misc":{"Escrito por":"Cecilia Pastrana","Tiempo de lectura":"2 minutos"},"schema":{"@context":"https:\/\/schema.org","@graph":[{"@type":"WebPage","@id":"https:\/\/nahuelproducciones.com.ar\/radioquijano\/convocatoria-a-feriantes-del-municipio-de-campo-quijano\/","url":"https:\/\/nahuelproducciones.com.ar\/radioquijano\/convocatoria-a-feriantes-del-municipio-de-campo-quijano\/","name":"Convocatoria a feriantes del municipio de Campo Quijano. - RQ 99.9","isPartOf":{"@id":"https:\/\/nahuelproducciones.com.ar\/radioquijano\/#website"},"datePublished":"2021-08-21T04:56:22+00:00","dateModified":"2021-08-21T06:00:17+00:00","author":{"@id":"https:\/\/nahuelproducciones.com.ar\/radioquijano\/#\/schema\/person\/e8a4f939e2cb487fe6d0c54042c9d32c"},"description":"La reuni\u00f3n ser\u00e1 en la Glorieta de Plaza Mart\u00edn Fierro, el d\u00eda domingo 22 de agosto a 10:00 hs.","breadcrumb":{"@id":"https:\/\/nahuelproducciones.com.ar\/radioquijano\/convocatoria-a-feriantes-del-municipio-de-campo-quijano\/#breadcrumb"},"inLanguage":"es","potentialAction":[{"@type":"ReadAction","target":["https:\/\/nahuelproducciones.com.ar\/radioquijano\/convocatoria-a-feriantes-del-municipio-de-campo-quijano\/"]}]},{"@type":"BreadcrumbList","@id":"https:\/\/nahuelproducciones.com.ar\/radioquijano\/convocatoria-a-feriantes-del-municipio-de-campo-quijano\/#breadcrumb","itemListElement":[{"@type":"ListItem","position":1,"name":"Portada","item":"https:\/\/nahuelproducciones.com.ar\/radioquijano\/"},{"@type":"ListItem","position":2,"name":"Convocatoria a feriantes del municipio de Campo Quijano."}]},{"@type":"WebSite","@id":"https:\/\/nahuelproducciones.com.ar\/radioquijano\/#website","url":"https:\/\/nahuelproducciones.com.ar\/radioquijano\/","name":"RQ 99.9","description":"Radio Quijano 99.9 MHz","potentialAction":[{"@type":"SearchAction","target":{"@type":"EntryPoint","urlTemplate":"https:\/\/nahuelproducciones.com.ar\/radioquijano\/?s={search_term_string}"},"query-input":"required name=search_term_string"}],"inLanguage":"es"},{"@type":"Person","@id":"https:\/\/nahuelproducciones.com.ar\/radioquijano\/#\/schema\/person\/e8a4f939e2cb487fe6d0c54042c9d32c","name":"Cecilia Pastrana","image":{"@type":"ImageObject","inLanguage":"es","@id":"https:\/\/nahuelproducciones.com.ar\/radioquijano\/#\/schema\/person\/image\/","url":"https:\/\/secure.gravatar.com\/avatar\/661a3ef63a8488d4f2794ed44af8cf71420f7e106f3072c40125114df5157749?s=96&d=mm&r=g","contentUrl":"https:\/\/secure.gravatar.com\/avatar\/661a3ef63a8488d4f2794ed44af8cf71420f7e106f3072c40125114df5157749?s=96&d=mm&r=g","caption":"Cecilia Pastrana"},"sameAs":["cecy"],"url":"https:\/\/nahuelproducciones.com.ar\/radioquijano\/author\/cecy\/"}]}},"_links":{"self":[{"href":"https:\/\/nahuelproducciones.com.ar\/radioquijano\/wp-json\/wp\/v2\/posts\/1334","targetHints":{"allow":["GET"]}}],"collection":[{"href":"https:\/\/nahuelproducciones.com.ar\/radioquijano\/wp-json\/wp\/v2\/posts"}],"about":[{"href":"https:\/\/nahuelproducciones.com.ar\/radioquijano\/wp-json\/wp\/v2\/types\/post"}],"author":[{"embeddable":true,"href":"https:\/\/nahuelproducciones.com.ar\/radioquijano\/wp-json\/wp\/v2\/users\/8"}],"replies":[{"embeddable":true,"href":"https:\/\/nahuelproducciones.com.ar\/radioquijano\/wp-json\/wp\/v2\/comments?post=1334"}],"version-history":[{"count":3,"href":"https:\/\/nahuelproducciones.com.ar\/radioquijano\/wp-json\/wp\/v2\/posts\/1334\/revisions"}],"predecessor-version":[{"id":1345,"href":"https:\/\/nahuelproducciones.com.ar\/radioquijano\/wp-json\/wp\/v2\/posts\/1334\/revisions\/1345"}],"wp:featuredmedia":[{"embeddable":true,"href":"https:\/\/nahuelproducciones.com.ar\/radioquijano\/wp-json\/wp\/v2\/media\/1144"}],"wp:attachment":[{"href":"https:\/\/nahuelproducciones.com.ar\/radioquijano\/wp-json\/wp\/v2\/media?parent=1334"}],"wp:term":[{"taxonomy":"category","embeddable":true,"href":"https:\/\/nahuelproducciones.com.ar\/radioquijano\/wp-json\/wp\/v2\/categories?post=1334"},{"taxonomy":"post_tag","embeddable":true,"href":"https:\/\/nahuelproducciones.com.ar\/radioquijano\/wp-json\/wp\/v2\/tags?post=1334"}],"curies":[{"name":"wp","href":"https:\/\/api.w.org\/{rel}","templated":true}]}}