{"id":1337,"date":"2021-08-21T02:32:14","date_gmt":"2021-08-21T05:32:14","guid":{"rendered":"https:\/\/nahuelproducciones.com.ar\/radioquijano\/?p=1337"},"modified":"2021-08-21T03:17:06","modified_gmt":"2021-08-21T06:17:06","slug":"piden-la-creacion-del-curso-1-ano-division-1-del-ciclo-basico-del-colegio-n-5149-gesta-guemesiana","status":"publish","type":"post","link":"https:\/\/nahuelproducciones.com.ar\/radioquijano\/piden-la-creacion-del-curso-1-ano-division-1-del-ciclo-basico-del-colegio-n-5149-gesta-guemesiana\/","title":{"rendered":"Pedir\u00e1n  la creaci\u00f3n del curso  1\u00b0 A\u00f1o Divisi\u00f3n 1\u00b0 del Ciclo B\u00e1sico del Colegio N\u00b0 5149 \u00abGesta G\u00fcemesiana\u00bb"},"content":{"rendered":"\n<p>La Directora Profesora Josefina F. L\u00f3pez, invita a los padres o tutores de los alumnos de 7\u00b0 grado de  las siguientes ESCUELAS VIRREY TOLEDO N\u00b04.631. JUAN JOS\u00c9 BOSCO N\u00b0 4.656. RUDECINDO ALVARADO N\u00b0 4.033. SUBMARINO ARA SALTA N\u00b0 4634. JOS\u00c9 EUSTAQUIO ALDERETE N\u00b0 4330, a una reuni\u00f3n informativa.<\/p>\n\n\n\n<figure class=\"wp-block-audio\"><audio controls src=\"https:\/\/nahuelproducciones.com.ar\/radioquijano\/wp-content\/uploads\/2021\/08\/20-08-2021-Profe-Josefina-Diaz-Gesta-Guemesiana.mp3\"><\/audio><\/figure>\n\n\n\n<p> El D\u00eda Lunes 23 de Agosto a horas 14:OO , se reunir\u00e1n en el Colegi\u00f2 N\u00b0 5149 \u00abGesta G\u00fcemesiana\u00bb para plantear la importancia de contar con la  firma como aval para la Creaci\u00f3n del Turno Ma\u00f1ana con los respectivos<br>Cursos de 1\u00b0 A\u00f1o. Divisi\u00f3n 1\u00b0 del Ciclo B\u00e1sico. Per\u00edodo Lectivo 2022.<\/p>\n\n\n\n<p>El nuevo edificio se construy\u00f3 desde cero en un predio adyacente a la escuela primaria donde compart\u00eda instalaciones para el dictado de las clases desde sus inicios y se inauguro recientemente.<\/p>\n\n\n\n<p>La directora cont\u00f3 en RQ99.9Mhz que la instituci\u00f3n cuenta con cinco aulas para nivel medio, un taller multiprop\u00f3sito, biblioteca, un \u00e1rea de gobierno y un S.U.M. cubierto con ba\u00f1os.<\/p>\n\n\n\n<p>Cuenta con mas comodidades en el edific\u00f3, como una sala de profesores, patios de lectura y formaci\u00f3n, ba\u00f1os para alumnos, alumnas, docentes y personas con discapacidad, rampa de acceso y tanque de reserva.<\/p>\n\n\n\n<figure class=\"wp-block-image size-large\"><img loading=\"lazy\" decoding=\"async\" width=\"782\" height=\"1024\" src=\"https:\/\/nahuelproducciones.com.ar\/radioquijano\/wp-content\/uploads\/2021\/08\/creacion-de-1-ano-782x1024.jpeg\" alt=\"\" class=\"wp-image-1338\"\/><\/figure>\n\n\n\n<p><a href=\"https:\/\/www.facebook.com\/nahuelproducciones999\/?ref=pages_you_manage\" target=\"_blank\" rel=\"noreferrer noopener\">RQ99.9Mhz<\/a> <a href=\"https:\/\/nahuelproducciones.com.ar\/index.php\/rq999\" target=\"_blank\" rel=\"noreferrer noopener\">CAMPO QUIJANO<\/a><\/p>\n","protected":false},"excerpt":{"rendered":"<p>La Directora Profesora Josefina F. L\u00f3pez, invita a los padres o tutores de los alumnos de 7\u00b0 grado de las siguientes ESCUELAS VIRREY TOLEDO N\u00b04.631. JUAN JOS\u00c9 BOSCO N\u00b0 4.656. RUDECINDO ALVARADO N\u00b0 4.033. SUBMARINO ARA SALTA N\u00b0 4634. JOS\u00c9 EUSTAQUIO ALDERETE N\u00b0 4330, a una reuni\u00f3n informativa. El D\u00eda Lunes 23 de Agosto a [&hellip;]<\/p>\n","protected":false},"author":8,"featured_media":1339,"comment_status":"open","ping_status":"open","sticky":false,"template":"","format":"standard","meta":{"_monsterinsights_skip_tracking":false,"_monsterinsights_sitenote_active":false,"_monsterinsights_sitenote_note":"","_monsterinsights_sitenote_category":0,"footnotes":""},"categories":[2,16],"tags":[36,165,71,47],"class_list":["post-1337","post","type-post","status-publish","format-standard","has-post-thumbnail","hentry","category-cultura","category-noticias","tag-campo-quijano","tag-colegio-n-5149-gesta-guemesiana","tag-municipalidad-de-campo-quijano","tag-rosario-de-lerma"],"yoast_head":"<!-- This site is optimized with the Yoast SEO plugin v20.8 - https:\/\/yoast.com\/wordpress\/plugins\/seo\/ -->\n<title>Pedir\u00e1n la creaci\u00f3n del curso 1\u00b0 A\u00f1o Divisi\u00f3n 1\u00b0 del Ciclo B\u00e1sico del Colegio N\u00b0 5149 &quot;Gesta G\u00fcemesiana&quot; - RQ 99.9<\/title>\n<meta name=\"description\" content=\"El D\u00eda Lunes 23 de Agosto a horas 14:OO , se reunir\u00e1n en el Colegi\u00f2 N\u00aa5149 &quot;Gesta G\u00fcemesiana&quot;\" \/>\n<meta name=\"robots\" content=\"index, follow, max-snippet:-1, max-image-preview:large, max-video-preview:-1\" \/>\n<link rel=\"canonical\" href=\"https:\/\/nahuelproducciones.com.ar\/radioquijano\/piden-la-creacion-del-curso-1-ano-division-1-del-ciclo-basico-del-colegio-n-5149-gesta-guemesiana\/\" \/>\n<meta property=\"og:locale\" content=\"es_ES\" \/>\n<meta property=\"og:type\" content=\"article\" \/>\n<meta property=\"og:title\" content=\"Pedir\u00e1n la creaci\u00f3n del curso 1\u00b0 A\u00f1o Divisi\u00f3n 1\u00b0 del Ciclo B\u00e1sico del Colegio N\u00b0 5149 &quot;Gesta G\u00fcemesiana&quot; - RQ 99.9\" \/>\n<meta property=\"og:description\" content=\"El D\u00eda Lunes 23 de Agosto a horas 14:OO , se reunir\u00e1n en el Colegi\u00f2 N\u00aa5149 &quot;Gesta G\u00fcemesiana&quot;\" \/>\n<meta property=\"og:url\" content=\"https:\/\/nahuelproducciones.com.ar\/radioquijano\/piden-la-creacion-del-curso-1-ano-division-1-del-ciclo-basico-del-colegio-n-5149-gesta-guemesiana\/\" \/>\n<meta property=\"og:site_name\" content=\"RQ 99.9\" \/>\n<meta property=\"article:publisher\" content=\"https:\/\/www.facebook.com\/nahuelproducciones999\/\" \/>\n<meta property=\"article:published_time\" content=\"2021-08-21T05:32:14+00:00\" \/>\n<meta property=\"article:modified_time\" content=\"2021-08-21T06:17:06+00:00\" \/>\n<meta property=\"og:image\" content=\"https:\/\/nahuelproducciones.com.ar\/radioquijano\/wp-content\/uploads\/2021\/08\/gesta-guemesiana-e1629523666256.jpg\" \/>\n\t<meta property=\"og:image:width\" content=\"700\" \/>\n\t<meta property=\"og:image:height\" content=\"467\" \/>\n\t<meta property=\"og:image:type\" content=\"image\/jpeg\" \/>\n<meta name=\"author\" content=\"Cecilia Pastrana\" \/>\n<meta name=\"twitter:card\" content=\"summary_large_image\" \/>\n<meta name=\"twitter:creator\" content=\"@nahuproduciones\" \/>\n<meta name=\"twitter:site\" content=\"@nahuproduciones\" \/>\n<meta name=\"twitter:label1\" content=\"Escrito por\" \/>\n\t<meta name=\"twitter:data1\" content=\"Cecilia Pastrana\" \/>\n\t<meta name=\"twitter:label2\" content=\"Tiempo de lectura\" \/>\n\t<meta name=\"twitter:data2\" content=\"2 minutos\" \/>\n<script type=\"application\/ld+json\" class=\"yoast-schema-graph\">{\"@context\":\"https:\/\/schema.org\",\"@graph\":[{\"@type\":\"WebPage\",\"@id\":\"https:\/\/nahuelproducciones.com.ar\/radioquijano\/piden-la-creacion-del-curso-1-ano-division-1-del-ciclo-basico-del-colegio-n-5149-gesta-guemesiana\/\",\"url\":\"https:\/\/nahuelproducciones.com.ar\/radioquijano\/piden-la-creacion-del-curso-1-ano-division-1-del-ciclo-basico-del-colegio-n-5149-gesta-guemesiana\/\",\"name\":\"Pedir\u00e1n la creaci\u00f3n del curso 1\u00b0 A\u00f1o Divisi\u00f3n 1\u00b0 del Ciclo B\u00e1sico del Colegio N\u00b0 5149 \\\"Gesta G\u00fcemesiana\\\" - RQ 99.9\",\"isPartOf\":{\"@id\":\"https:\/\/nahuelproducciones.com.ar\/radioquijano\/#website\"},\"datePublished\":\"2021-08-21T05:32:14+00:00\",\"dateModified\":\"2021-08-21T06:17:06+00:00\",\"author\":{\"@id\":\"https:\/\/nahuelproducciones.com.ar\/radioquijano\/#\/schema\/person\/e8a4f939e2cb487fe6d0c54042c9d32c\"},\"description\":\"El D\u00eda Lunes 23 de Agosto a horas 14:OO , se reunir\u00e1n en el Colegi\u00f2 N\u00aa5149 \\\"Gesta G\u00fcemesiana\\\"\",\"breadcrumb\":{\"@id\":\"https:\/\/nahuelproducciones.com.ar\/radioquijano\/piden-la-creacion-del-curso-1-ano-division-1-del-ciclo-basico-del-colegio-n-5149-gesta-guemesiana\/#breadcrumb\"},\"inLanguage\":\"es\",\"potentialAction\":[{\"@type\":\"ReadAction\",\"target\":[\"https:\/\/nahuelproducciones.com.ar\/radioquijano\/piden-la-creacion-del-curso-1-ano-division-1-del-ciclo-basico-del-colegio-n-5149-gesta-guemesiana\/\"]}]},{\"@type\":\"BreadcrumbList\",\"@id\":\"https:\/\/nahuelproducciones.com.ar\/radioquijano\/piden-la-creacion-del-curso-1-ano-division-1-del-ciclo-basico-del-colegio-n-5149-gesta-guemesiana\/#breadcrumb\",\"itemListElement\":[{\"@type\":\"ListItem\",\"position\":1,\"name\":\"Portada\",\"item\":\"https:\/\/nahuelproducciones.com.ar\/radioquijano\/\"},{\"@type\":\"ListItem\",\"position\":2,\"name\":\"Pedir\u00e1n la creaci\u00f3n del curso 1\u00b0 A\u00f1o Divisi\u00f3n 1\u00b0 del Ciclo B\u00e1sico del Colegio N\u00b0 5149 \u00abGesta G\u00fcemesiana\u00bb\"}]},{\"@type\":\"WebSite\",\"@id\":\"https:\/\/nahuelproducciones.com.ar\/radioquijano\/#website\",\"url\":\"https:\/\/nahuelproducciones.com.ar\/radioquijano\/\",\"name\":\"RQ 99.9\",\"description\":\"Radio Quijano 99.9 MHz\",\"potentialAction\":[{\"@type\":\"SearchAction\",\"target\":{\"@type\":\"EntryPoint\",\"urlTemplate\":\"https:\/\/nahuelproducciones.com.ar\/radioquijano\/?s={search_term_string}\"},\"query-input\":\"required name=search_term_string\"}],\"inLanguage\":\"es\"},{\"@type\":\"Person\",\"@id\":\"https:\/\/nahuelproducciones.com.ar\/radioquijano\/#\/schema\/person\/e8a4f939e2cb487fe6d0c54042c9d32c\",\"name\":\"Cecilia Pastrana\",\"image\":{\"@type\":\"ImageObject\",\"inLanguage\":\"es\",\"@id\":\"https:\/\/nahuelproducciones.com.ar\/radioquijano\/#\/schema\/person\/image\/\",\"url\":\"https:\/\/secure.gravatar.com\/avatar\/661a3ef63a8488d4f2794ed44af8cf71420f7e106f3072c40125114df5157749?s=96&d=mm&r=g\",\"contentUrl\":\"https:\/\/secure.gravatar.com\/avatar\/661a3ef63a8488d4f2794ed44af8cf71420f7e106f3072c40125114df5157749?s=96&d=mm&r=g\",\"caption\":\"Cecilia Pastrana\"},\"sameAs\":[\"cecy\"],\"url\":\"https:\/\/nahuelproducciones.com.ar\/radioquijano\/author\/cecy\/\"}]}<\/script>\n<!-- \/ Yoast SEO plugin. -->","yoast_head_json":{"title":"Pedir\u00e1n la creaci\u00f3n del curso 1\u00b0 A\u00f1o Divisi\u00f3n 1\u00b0 del Ciclo B\u00e1sico del Colegio N\u00b0 5149 \"Gesta G\u00fcemesiana\" - RQ 99.9","description":"El D\u00eda Lunes 23 de Agosto a horas 14:OO , se reunir\u00e1n en el Colegi\u00f2 N\u00aa5149 \"Gesta G\u00fcemesiana\"","robots":{"index":"index","follow":"follow","max-snippet":"max-snippet:-1","max-image-preview":"max-image-preview:large","max-video-preview":"max-video-preview:-1"},"canonical":"https:\/\/nahuelproducciones.com.ar\/radioquijano\/piden-la-creacion-del-curso-1-ano-division-1-del-ciclo-basico-del-colegio-n-5149-gesta-guemesiana\/","og_locale":"es_ES","og_type":"article","og_title":"Pedir\u00e1n la creaci\u00f3n del curso 1\u00b0 A\u00f1o Divisi\u00f3n 1\u00b0 del Ciclo B\u00e1sico del Colegio N\u00b0 5149 \"Gesta G\u00fcemesiana\" - RQ 99.9","og_description":"El D\u00eda Lunes 23 de Agosto a horas 14:OO , se reunir\u00e1n en el Colegi\u00f2 N\u00aa5149 \"Gesta G\u00fcemesiana\"","og_url":"https:\/\/nahuelproducciones.com.ar\/radioquijano\/piden-la-creacion-del-curso-1-ano-division-1-del-ciclo-basico-del-colegio-n-5149-gesta-guemesiana\/","og_site_name":"RQ 99.9","article_publisher":"https:\/\/www.facebook.com\/nahuelproducciones999\/","article_published_time":"2021-08-21T05:32:14+00:00","article_modified_time":"2021-08-21T06:17:06+00:00","og_image":[{"width":700,"height":467,"url":"https:\/\/nahuelproducciones.com.ar\/radioquijano\/wp-content\/uploads\/2021\/08\/gesta-guemesiana-e1629523666256.jpg","type":"image\/jpeg"}],"author":"Cecilia Pastrana","twitter_card":"summary_large_image","twitter_creator":"@nahuproduciones","twitter_site":"@nahuproduciones","twitter_misc":{"Escrito por":"Cecilia Pastrana","Tiempo de lectura":"2 minutos"},"schema":{"@context":"https:\/\/schema.org","@graph":[{"@type":"WebPage","@id":"https:\/\/nahuelproducciones.com.ar\/radioquijano\/piden-la-creacion-del-curso-1-ano-division-1-del-ciclo-basico-del-colegio-n-5149-gesta-guemesiana\/","url":"https:\/\/nahuelproducciones.com.ar\/radioquijano\/piden-la-creacion-del-curso-1-ano-division-1-del-ciclo-basico-del-colegio-n-5149-gesta-guemesiana\/","name":"Pedir\u00e1n la creaci\u00f3n del curso 1\u00b0 A\u00f1o Divisi\u00f3n 1\u00b0 del Ciclo B\u00e1sico del Colegio N\u00b0 5149 \"Gesta G\u00fcemesiana\" - RQ 99.9","isPartOf":{"@id":"https:\/\/nahuelproducciones.com.ar\/radioquijano\/#website"},"datePublished":"2021-08-21T05:32:14+00:00","dateModified":"2021-08-21T06:17:06+00:00","author":{"@id":"https:\/\/nahuelproducciones.com.ar\/radioquijano\/#\/schema\/person\/e8a4f939e2cb487fe6d0c54042c9d32c"},"description":"El D\u00eda Lunes 23 de Agosto a horas 14:OO , se reunir\u00e1n en el Colegi\u00f2 N\u00aa5149 \"Gesta G\u00fcemesiana\"","breadcrumb":{"@id":"https:\/\/nahuelproducciones.com.ar\/radioquijano\/piden-la-creacion-del-curso-1-ano-division-1-del-ciclo-basico-del-colegio-n-5149-gesta-guemesiana\/#breadcrumb"},"inLanguage":"es","potentialAction":[{"@type":"ReadAction","target":["https:\/\/nahuelproducciones.com.ar\/radioquijano\/piden-la-creacion-del-curso-1-ano-division-1-del-ciclo-basico-del-colegio-n-5149-gesta-guemesiana\/"]}]},{"@type":"BreadcrumbList","@id":"https:\/\/nahuelproducciones.com.ar\/radioquijano\/piden-la-creacion-del-curso-1-ano-division-1-del-ciclo-basico-del-colegio-n-5149-gesta-guemesiana\/#breadcrumb","itemListElement":[{"@type":"ListItem","position":1,"name":"Portada","item":"https:\/\/nahuelproducciones.com.ar\/radioquijano\/"},{"@type":"ListItem","position":2,"name":"Pedir\u00e1n la creaci\u00f3n del curso 1\u00b0 A\u00f1o Divisi\u00f3n 1\u00b0 del Ciclo B\u00e1sico del Colegio N\u00b0 5149 \u00abGesta G\u00fcemesiana\u00bb"}]},{"@type":"WebSite","@id":"https:\/\/nahuelproducciones.com.ar\/radioquijano\/#website","url":"https:\/\/nahuelproducciones.com.ar\/radioquijano\/","name":"RQ 99.9","description":"Radio Quijano 99.9 MHz","potentialAction":[{"@type":"SearchAction","target":{"@type":"EntryPoint","urlTemplate":"https:\/\/nahuelproducciones.com.ar\/radioquijano\/?s={search_term_string}"},"query-input":"required name=search_term_string"}],"inLanguage":"es"},{"@type":"Person","@id":"https:\/\/nahuelproducciones.com.ar\/radioquijano\/#\/schema\/person\/e8a4f939e2cb487fe6d0c54042c9d32c","name":"Cecilia Pastrana","image":{"@type":"ImageObject","inLanguage":"es","@id":"https:\/\/nahuelproducciones.com.ar\/radioquijano\/#\/schema\/person\/image\/","url":"https:\/\/secure.gravatar.com\/avatar\/661a3ef63a8488d4f2794ed44af8cf71420f7e106f3072c40125114df5157749?s=96&d=mm&r=g","contentUrl":"https:\/\/secure.gravatar.com\/avatar\/661a3ef63a8488d4f2794ed44af8cf71420f7e106f3072c40125114df5157749?s=96&d=mm&r=g","caption":"Cecilia Pastrana"},"sameAs":["cecy"],"url":"https:\/\/nahuelproducciones.com.ar\/radioquijano\/author\/cecy\/"}]}},"_links":{"self":[{"href":"https:\/\/nahuelproducciones.com.ar\/radioquijano\/wp-json\/wp\/v2\/posts\/1337","targetHints":{"allow":["GET"]}}],"collection":[{"href":"https:\/\/nahuelproducciones.com.ar\/radioquijano\/wp-json\/wp\/v2\/posts"}],"about":[{"href":"https:\/\/nahuelproducciones.com.ar\/radioquijano\/wp-json\/wp\/v2\/types\/post"}],"author":[{"embeddable":true,"href":"https:\/\/nahuelproducciones.com.ar\/radioquijano\/wp-json\/wp\/v2\/users\/8"}],"replies":[{"embeddable":true,"href":"https:\/\/nahuelproducciones.com.ar\/radioquijano\/wp-json\/wp\/v2\/comments?post=1337"}],"version-history":[{"count":5,"href":"https:\/\/nahuelproducciones.com.ar\/radioquijano\/wp-json\/wp\/v2\/posts\/1337\/revisions"}],"predecessor-version":[{"id":1352,"href":"https:\/\/nahuelproducciones.com.ar\/radioquijano\/wp-json\/wp\/v2\/posts\/1337\/revisions\/1352"}],"wp:featuredmedia":[{"embeddable":true,"href":"https:\/\/nahuelproducciones.com.ar\/radioquijano\/wp-json\/wp\/v2\/media\/1339"}],"wp:attachment":[{"href":"https:\/\/nahuelproducciones.com.ar\/radioquijano\/wp-json\/wp\/v2\/media?parent=1337"}],"wp:term":[{"taxonomy":"category","embeddable":true,"href":"https:\/\/nahuelproducciones.com.ar\/radioquijano\/wp-json\/wp\/v2\/categories?post=1337"},{"taxonomy":"post_tag","embeddable":true,"href":"https:\/\/nahuelproducciones.com.ar\/radioquijano\/wp-json\/wp\/v2\/tags?post=1337"}],"curies":[{"name":"wp","href":"https:\/\/api.w.org\/{rel}","templated":true}]}}