{"id":1357,"date":"2021-08-30T15:00:31","date_gmt":"2021-08-30T18:00:31","guid":{"rendered":"https:\/\/nahuelproducciones.com.ar\/radioquijano\/?p=1357"},"modified":"2021-08-30T15:00:32","modified_gmt":"2021-08-30T18:00:32","slug":"paro-de-trabajadores-municipales-de-campo-quijano","status":"publish","type":"post","link":"https:\/\/nahuelproducciones.com.ar\/radioquijano\/paro-de-trabajadores-municipales-de-campo-quijano\/","title":{"rendered":"Paro de trabajadores Municipales de Campo Quijano."},"content":{"rendered":"\n<p>La comunicaci\u00f3n de Paro se concret\u00f3 una vez cerrada la \u00faltima audiencia de Conciliaci\u00f3n Obligatoria del d\u00eda viernes 27 de agosto realizada en la Secretar\u00eda de Trabajo y en donde los trabajadores no encontraron respuestas favorables al petitorio.<\/p>\n\n\n\n<figure class=\"wp-block-audio\"><audio controls src=\"https:\/\/nahuelproducciones.com.ar\/radioquijano\/wp-content\/uploads\/2021\/08\/30-08-2021-Daniel-Sosa-Delegado-de-ATE-en-Campo-Quijano-Inicio-de-Paro-Municipal-por-tiempo-indeterminado.mp3\"><\/audio><figcaption>Daniel Sosa Delegado municipal de ATE <\/figcaption><\/figure>\n\n\n\n<p>Los trabajadores iniciaron el PARO por tiempo indeterminado a consecuencia de haber comparecido en todas las conciliaciones en la Secretaria de Trabajo de la Provincia pero sin poder llegar a un acuerdo favorable a los trabajadores municipales<\/p>\n\n\n\n<p>La representaci\u00f3n sindical manifest\u00f3 que desde el 22 de abril del presente a\u00f1o hab\u00edan iniciado la presentaci\u00f3n de los petitorios y en el mes de  julio nuevamente se hicieron pedidos pero con la convocatoria al paro por no recibir ning\u00fan tipo de respuestas por parte del ejecutivo municipal.<\/p>\n\n\n\n<p>Sosa manifiesta que del petitorio inicial solo se pudo llegar a un mediano acuerdo en referencia a la entrega de los recibos de sueldo antes del 10 de cada mes. Los otros items fueron tratados pero siempre con la intenci\u00f3n de imponer lo que el ejecutivo cree que es lo justo para el trabajador. <\/p>\n\n\n\n<p><\/p>\n\n\n\n<p><\/p>\n","protected":false},"excerpt":{"rendered":"<p>La comunicaci\u00f3n de Paro se concret\u00f3 una vez cerrada la \u00faltima audiencia de Conciliaci\u00f3n Obligatoria del d\u00eda viernes 27 de agosto realizada en la Secretar\u00eda de Trabajo y en donde los trabajadores no encontraron respuestas favorables al petitorio. Los trabajadores iniciaron el PARO por tiempo indeterminado a consecuencia de haber comparecido en todas las conciliaciones [&hellip;]<\/p>\n","protected":false},"author":8,"featured_media":1362,"comment_status":"open","ping_status":"open","sticky":false,"template":"","format":"standard","meta":{"_monsterinsights_skip_tracking":false,"_monsterinsights_sitenote_active":false,"_monsterinsights_sitenote_note":"","_monsterinsights_sitenote_category":0,"footnotes":""},"categories":[16],"tags":[36,58,75,63,71,100,62],"class_list":["post-1357","post","type-post","status-publish","format-standard","has-post-thumbnail","hentry","category-noticias","tag-campo-quijano","tag-carlos-folloni","tag-concejo-deliberante-de-campo-quijano","tag-lino-yonar","tag-municipalidad-de-campo-quijano","tag-municipio-de-campo-quijano","tag-topo-ramos"],"yoast_head":"<!-- This site is optimized with the Yoast SEO plugin v20.8 - https:\/\/yoast.com\/wordpress\/plugins\/seo\/ -->\n<title>Paro de trabajadores Municipales de Campo Quijano. - RQ 99.9<\/title>\n<meta name=\"robots\" content=\"index, follow, max-snippet:-1, max-image-preview:large, max-video-preview:-1\" \/>\n<link rel=\"canonical\" href=\"https:\/\/nahuelproducciones.com.ar\/radioquijano\/paro-de-trabajadores-municipales-de-campo-quijano\/\" \/>\n<meta property=\"og:locale\" content=\"es_ES\" \/>\n<meta property=\"og:type\" content=\"article\" \/>\n<meta property=\"og:title\" content=\"Paro de trabajadores Municipales de Campo Quijano. - RQ 99.9\" \/>\n<meta property=\"og:description\" content=\"La comunicaci\u00f3n de Paro se concret\u00f3 una vez cerrada la \u00faltima audiencia de Conciliaci\u00f3n Obligatoria del d\u00eda viernes 27 de agosto realizada en la Secretar\u00eda de Trabajo y en donde los trabajadores no encontraron respuestas favorables al petitorio. Los trabajadores iniciaron el PARO por tiempo indeterminado a consecuencia de haber comparecido en todas las conciliaciones [&hellip;]\" \/>\n<meta property=\"og:url\" content=\"https:\/\/nahuelproducciones.com.ar\/radioquijano\/paro-de-trabajadores-municipales-de-campo-quijano\/\" \/>\n<meta property=\"og:site_name\" content=\"RQ 99.9\" \/>\n<meta property=\"article:publisher\" content=\"https:\/\/www.facebook.com\/nahuelproducciones999\/\" \/>\n<meta property=\"article:published_time\" content=\"2021-08-30T18:00:31+00:00\" \/>\n<meta property=\"article:modified_time\" content=\"2021-08-30T18:00:32+00:00\" \/>\n<meta property=\"og:image\" content=\"https:\/\/nahuelproducciones.com.ar\/radioquijano\/wp-content\/uploads\/2021\/08\/WhatsApp-Image-2021-08-30-at-14.51.32.jpeg\" \/>\n\t<meta property=\"og:image:width\" content=\"700\" \/>\n\t<meta property=\"og:image:height\" content=\"350\" \/>\n\t<meta property=\"og:image:type\" content=\"image\/jpeg\" \/>\n<meta name=\"author\" content=\"Cecilia Pastrana\" \/>\n<meta name=\"twitter:card\" content=\"summary_large_image\" \/>\n<meta name=\"twitter:creator\" content=\"@nahuproduciones\" \/>\n<meta name=\"twitter:site\" content=\"@nahuproduciones\" \/>\n<meta name=\"twitter:label1\" content=\"Escrito por\" \/>\n\t<meta name=\"twitter:data1\" content=\"Cecilia Pastrana\" \/>\n\t<meta name=\"twitter:label2\" content=\"Tiempo de lectura\" \/>\n\t<meta name=\"twitter:data2\" content=\"1 minuto\" \/>\n<script type=\"application\/ld+json\" class=\"yoast-schema-graph\">{\"@context\":\"https:\/\/schema.org\",\"@graph\":[{\"@type\":\"WebPage\",\"@id\":\"https:\/\/nahuelproducciones.com.ar\/radioquijano\/paro-de-trabajadores-municipales-de-campo-quijano\/\",\"url\":\"https:\/\/nahuelproducciones.com.ar\/radioquijano\/paro-de-trabajadores-municipales-de-campo-quijano\/\",\"name\":\"Paro de trabajadores Municipales de Campo Quijano. - RQ 99.9\",\"isPartOf\":{\"@id\":\"https:\/\/nahuelproducciones.com.ar\/radioquijano\/#website\"},\"datePublished\":\"2021-08-30T18:00:31+00:00\",\"dateModified\":\"2021-08-30T18:00:32+00:00\",\"author\":{\"@id\":\"https:\/\/nahuelproducciones.com.ar\/radioquijano\/#\/schema\/person\/e8a4f939e2cb487fe6d0c54042c9d32c\"},\"breadcrumb\":{\"@id\":\"https:\/\/nahuelproducciones.com.ar\/radioquijano\/paro-de-trabajadores-municipales-de-campo-quijano\/#breadcrumb\"},\"inLanguage\":\"es\",\"potentialAction\":[{\"@type\":\"ReadAction\",\"target\":[\"https:\/\/nahuelproducciones.com.ar\/radioquijano\/paro-de-trabajadores-municipales-de-campo-quijano\/\"]}]},{\"@type\":\"BreadcrumbList\",\"@id\":\"https:\/\/nahuelproducciones.com.ar\/radioquijano\/paro-de-trabajadores-municipales-de-campo-quijano\/#breadcrumb\",\"itemListElement\":[{\"@type\":\"ListItem\",\"position\":1,\"name\":\"Portada\",\"item\":\"https:\/\/nahuelproducciones.com.ar\/radioquijano\/\"},{\"@type\":\"ListItem\",\"position\":2,\"name\":\"Paro de trabajadores Municipales de Campo Quijano.\"}]},{\"@type\":\"WebSite\",\"@id\":\"https:\/\/nahuelproducciones.com.ar\/radioquijano\/#website\",\"url\":\"https:\/\/nahuelproducciones.com.ar\/radioquijano\/\",\"name\":\"RQ 99.9\",\"description\":\"Radio Quijano 99.9 MHz\",\"potentialAction\":[{\"@type\":\"SearchAction\",\"target\":{\"@type\":\"EntryPoint\",\"urlTemplate\":\"https:\/\/nahuelproducciones.com.ar\/radioquijano\/?s={search_term_string}\"},\"query-input\":\"required name=search_term_string\"}],\"inLanguage\":\"es\"},{\"@type\":\"Person\",\"@id\":\"https:\/\/nahuelproducciones.com.ar\/radioquijano\/#\/schema\/person\/e8a4f939e2cb487fe6d0c54042c9d32c\",\"name\":\"Cecilia Pastrana\",\"image\":{\"@type\":\"ImageObject\",\"inLanguage\":\"es\",\"@id\":\"https:\/\/nahuelproducciones.com.ar\/radioquijano\/#\/schema\/person\/image\/\",\"url\":\"https:\/\/secure.gravatar.com\/avatar\/661a3ef63a8488d4f2794ed44af8cf71420f7e106f3072c40125114df5157749?s=96&d=mm&r=g\",\"contentUrl\":\"https:\/\/secure.gravatar.com\/avatar\/661a3ef63a8488d4f2794ed44af8cf71420f7e106f3072c40125114df5157749?s=96&d=mm&r=g\",\"caption\":\"Cecilia Pastrana\"},\"sameAs\":[\"cecy\"],\"url\":\"https:\/\/nahuelproducciones.com.ar\/radioquijano\/author\/cecy\/\"}]}<\/script>\n<!-- \/ Yoast SEO plugin. -->","yoast_head_json":{"title":"Paro de trabajadores Municipales de Campo Quijano. - RQ 99.9","robots":{"index":"index","follow":"follow","max-snippet":"max-snippet:-1","max-image-preview":"max-image-preview:large","max-video-preview":"max-video-preview:-1"},"canonical":"https:\/\/nahuelproducciones.com.ar\/radioquijano\/paro-de-trabajadores-municipales-de-campo-quijano\/","og_locale":"es_ES","og_type":"article","og_title":"Paro de trabajadores Municipales de Campo Quijano. - RQ 99.9","og_description":"La comunicaci\u00f3n de Paro se concret\u00f3 una vez cerrada la \u00faltima audiencia de Conciliaci\u00f3n Obligatoria del d\u00eda viernes 27 de agosto realizada en la Secretar\u00eda de Trabajo y en donde los trabajadores no encontraron respuestas favorables al petitorio. Los trabajadores iniciaron el PARO por tiempo indeterminado a consecuencia de haber comparecido en todas las conciliaciones [&hellip;]","og_url":"https:\/\/nahuelproducciones.com.ar\/radioquijano\/paro-de-trabajadores-municipales-de-campo-quijano\/","og_site_name":"RQ 99.9","article_publisher":"https:\/\/www.facebook.com\/nahuelproducciones999\/","article_published_time":"2021-08-30T18:00:31+00:00","article_modified_time":"2021-08-30T18:00:32+00:00","og_image":[{"width":700,"height":350,"url":"https:\/\/nahuelproducciones.com.ar\/radioquijano\/wp-content\/uploads\/2021\/08\/WhatsApp-Image-2021-08-30-at-14.51.32.jpeg","type":"image\/jpeg"}],"author":"Cecilia Pastrana","twitter_card":"summary_large_image","twitter_creator":"@nahuproduciones","twitter_site":"@nahuproduciones","twitter_misc":{"Escrito por":"Cecilia Pastrana","Tiempo de lectura":"1 minuto"},"schema":{"@context":"https:\/\/schema.org","@graph":[{"@type":"WebPage","@id":"https:\/\/nahuelproducciones.com.ar\/radioquijano\/paro-de-trabajadores-municipales-de-campo-quijano\/","url":"https:\/\/nahuelproducciones.com.ar\/radioquijano\/paro-de-trabajadores-municipales-de-campo-quijano\/","name":"Paro de trabajadores Municipales de Campo Quijano. - RQ 99.9","isPartOf":{"@id":"https:\/\/nahuelproducciones.com.ar\/radioquijano\/#website"},"datePublished":"2021-08-30T18:00:31+00:00","dateModified":"2021-08-30T18:00:32+00:00","author":{"@id":"https:\/\/nahuelproducciones.com.ar\/radioquijano\/#\/schema\/person\/e8a4f939e2cb487fe6d0c54042c9d32c"},"breadcrumb":{"@id":"https:\/\/nahuelproducciones.com.ar\/radioquijano\/paro-de-trabajadores-municipales-de-campo-quijano\/#breadcrumb"},"inLanguage":"es","potentialAction":[{"@type":"ReadAction","target":["https:\/\/nahuelproducciones.com.ar\/radioquijano\/paro-de-trabajadores-municipales-de-campo-quijano\/"]}]},{"@type":"BreadcrumbList","@id":"https:\/\/nahuelproducciones.com.ar\/radioquijano\/paro-de-trabajadores-municipales-de-campo-quijano\/#breadcrumb","itemListElement":[{"@type":"ListItem","position":1,"name":"Portada","item":"https:\/\/nahuelproducciones.com.ar\/radioquijano\/"},{"@type":"ListItem","position":2,"name":"Paro de trabajadores Municipales de Campo Quijano."}]},{"@type":"WebSite","@id":"https:\/\/nahuelproducciones.com.ar\/radioquijano\/#website","url":"https:\/\/nahuelproducciones.com.ar\/radioquijano\/","name":"RQ 99.9","description":"Radio Quijano 99.9 MHz","potentialAction":[{"@type":"SearchAction","target":{"@type":"EntryPoint","urlTemplate":"https:\/\/nahuelproducciones.com.ar\/radioquijano\/?s={search_term_string}"},"query-input":"required name=search_term_string"}],"inLanguage":"es"},{"@type":"Person","@id":"https:\/\/nahuelproducciones.com.ar\/radioquijano\/#\/schema\/person\/e8a4f939e2cb487fe6d0c54042c9d32c","name":"Cecilia Pastrana","image":{"@type":"ImageObject","inLanguage":"es","@id":"https:\/\/nahuelproducciones.com.ar\/radioquijano\/#\/schema\/person\/image\/","url":"https:\/\/secure.gravatar.com\/avatar\/661a3ef63a8488d4f2794ed44af8cf71420f7e106f3072c40125114df5157749?s=96&d=mm&r=g","contentUrl":"https:\/\/secure.gravatar.com\/avatar\/661a3ef63a8488d4f2794ed44af8cf71420f7e106f3072c40125114df5157749?s=96&d=mm&r=g","caption":"Cecilia Pastrana"},"sameAs":["cecy"],"url":"https:\/\/nahuelproducciones.com.ar\/radioquijano\/author\/cecy\/"}]}},"_links":{"self":[{"href":"https:\/\/nahuelproducciones.com.ar\/radioquijano\/wp-json\/wp\/v2\/posts\/1357","targetHints":{"allow":["GET"]}}],"collection":[{"href":"https:\/\/nahuelproducciones.com.ar\/radioquijano\/wp-json\/wp\/v2\/posts"}],"about":[{"href":"https:\/\/nahuelproducciones.com.ar\/radioquijano\/wp-json\/wp\/v2\/types\/post"}],"author":[{"embeddable":true,"href":"https:\/\/nahuelproducciones.com.ar\/radioquijano\/wp-json\/wp\/v2\/users\/8"}],"replies":[{"embeddable":true,"href":"https:\/\/nahuelproducciones.com.ar\/radioquijano\/wp-json\/wp\/v2\/comments?post=1357"}],"version-history":[{"count":2,"href":"https:\/\/nahuelproducciones.com.ar\/radioquijano\/wp-json\/wp\/v2\/posts\/1357\/revisions"}],"predecessor-version":[{"id":1363,"href":"https:\/\/nahuelproducciones.com.ar\/radioquijano\/wp-json\/wp\/v2\/posts\/1357\/revisions\/1363"}],"wp:featuredmedia":[{"embeddable":true,"href":"https:\/\/nahuelproducciones.com.ar\/radioquijano\/wp-json\/wp\/v2\/media\/1362"}],"wp:attachment":[{"href":"https:\/\/nahuelproducciones.com.ar\/radioquijano\/wp-json\/wp\/v2\/media?parent=1357"}],"wp:term":[{"taxonomy":"category","embeddable":true,"href":"https:\/\/nahuelproducciones.com.ar\/radioquijano\/wp-json\/wp\/v2\/categories?post=1357"},{"taxonomy":"post_tag","embeddable":true,"href":"https:\/\/nahuelproducciones.com.ar\/radioquijano\/wp-json\/wp\/v2\/tags?post=1357"}],"curies":[{"name":"wp","href":"https:\/\/api.w.org\/{rel}","templated":true}]}}