{"id":1364,"date":"2021-08-31T10:43:49","date_gmt":"2021-08-31T13:43:49","guid":{"rendered":"https:\/\/nahuelproducciones.com.ar\/radioquijano\/?p=1364"},"modified":"2021-08-31T10:43:50","modified_gmt":"2021-08-31T13:43:50","slug":"paso-2021-quienes-son-los-candidatos-y-que-se-vota-provincia-de-salta","status":"publish","type":"post","link":"https:\/\/nahuelproducciones.com.ar\/radioquijano\/paso-2021-quienes-son-los-candidatos-y-que-se-vota-provincia-de-salta\/","title":{"rendered":"Paso 2021: Qui\u00e9nes son los candidatos y qu\u00e9 se vota provincia de Salta."},"content":{"rendered":"\n<p>Las Paso 2021 ya est\u00e1n en marcha tras la presentaci\u00f3n de todos los espacios pol\u00edticos de sus boletas y el cierre de listas de candidatos para las elecciones Primarias, Abiertas, Simult\u00e1neas y Obligatorias, que se votar\u00e1 el 12 de septiembre.<\/p>\n\n\n\n<p>Ese d\u00eda, los argentinos ser\u00e1n convocados a las urnas para&nbsp;definir qu\u00e9 candidatos disputar\u00e1n las elecciones generales del 14 de noviembre, en la cual se elegir\u00e1n 127 diputados y 24 senadores.<\/p>\n\n\n\n<p>En Salta habr\u00e1 elecciones internas para definir las listas finales en el Frente de Todos, en Juntos por el Cambio + y en el Frente de Izquierda de Trabajadores-Unidad.&nbsp;En esta provincia se renuevan tres de las siete bancas de diputados nacionales que posee.<\/p>\n\n\n\n<p>El Frente de Todos, acord\u00f3 que la lista la encabece el ex ministro de Hacienda de Salta y actual subsecretario de Relaciones con las Provincias del Ministerio del interior, Emiliano Estrada.&nbsp;Una segunda lista, ir\u00e1 con Jorge Guaym\u00e1s, Kity Blanco y Jorge Villaz\u00f3n.<\/p>\n\n\n\n<p>A esto se sum\u00f3 la salida del partido Felicidad del Frente de Todos, por falta de coincidencias con el sector oficialista salte\u00f1o. La agrupaci\u00f3n se presenta con precandidatos propios: Tane Da Souza, seguido por Mar\u00eda Laura Thomas y Guido Giacosa. Por su parte, el Frente S\u00ed + PRS, acord\u00f3 la presentaci\u00f3n de una lista con Felipe Biella, secundado por Elsa Pereyra.<\/p>\n\n\n\n<p>El partido Pol\u00edtica Obrera, que tiene como referente a Jorge Altamira, saldr\u00e1 solo en las elecciones nacionales, y postula al ex diputado provincial Julio Quintana, seguido por Daniela Romano, del Frente de Artistas, y el referente de la juventud obrera, Miguel Garc\u00eda.<\/p>\n\n\n\n<p>El Frente de Izquierda y de Trabajadores Unidad, integrado por el Partido de los Trabajadores por el Socialismo (PTS), el Movimiento Socialista de los Trabajadores y el Frente Unidad Trabajadora, llega a las Paso 2021 con dos listas, de las cuales una est\u00e1 encabezada por la ex concejal Cristina Foffani.<\/p>\n\n\n\n<p>La otra la lista, Evolucionemos la Izquierda, lleva en primer t\u00e9rmino a Andrea Villegas.<\/p>\n\n\n\n<p>El frente Juntos por el Cambio, conformado por Propuesta Republicana, la Uni\u00f3n C\u00edvica Radical y Ahora Patria, tambi\u00e9n llega a las primarias con m\u00e1s de una lista, de las cuales una est\u00e1 encabezada por In\u00e9s Liendo, del PRO de Salta Capital.<\/p>\n\n\n\n<p>El ex secretario general del PRO, Nicol\u00e1s Avellaneda, ser\u00e1 precandidato en otro espacio interno de este frente; en el que tambi\u00e9n competir\u00e1n otras dos n\u00f3minas, encabezadas por el diputado Carlos Zapata, por Ahora Patria, y por su par de la UCR, H\u00e9ctor Chib\u00e1n.<\/p>\n\n\n\n<p>Fuente: <strong>iProfesional<\/strong><\/p>\n\n\n\n<p><\/p>\n\n\n\n<p><a href=\"#RQ99.9Mhz\" target=\"_blank\" rel=\"noreferrer noopener\">#RQ99.9Mhz<\/a>  <a href=\"https:\/\/www.facebook.com\/nahuelproducciones999\/?ref=pages_you_manage\">CAMPO QUIJANO<\/a> <a href=\"https:\/\/www.facebook.com\/Radio-Quijano-999-102294874524832\/\" target=\"_blank\" rel=\"noreferrer noopener\">Radio Quijano<\/a><\/p>\n","protected":false},"excerpt":{"rendered":"<p>Las Paso 2021 ya est\u00e1n en marcha tras la presentaci\u00f3n de todos los espacios pol\u00edticos de sus boletas y el cierre de listas de candidatos para las elecciones Primarias, Abiertas, Simult\u00e1neas y Obligatorias, que se votar\u00e1 el 12 de septiembre. Ese d\u00eda, los argentinos ser\u00e1n convocados a las urnas para&nbsp;definir qu\u00e9 candidatos disputar\u00e1n las elecciones [&hellip;]<\/p>\n","protected":false},"author":8,"featured_media":1365,"comment_status":"open","ping_status":"open","sticky":false,"template":"","format":"standard","meta":{"_monsterinsights_skip_tracking":false,"_monsterinsights_sitenote_active":false,"_monsterinsights_sitenote_note":"","_monsterinsights_sitenote_category":0,"footnotes":""},"categories":[16],"tags":[36,166,28],"class_list":["post-1364","post","type-post","status-publish","format-standard","has-post-thumbnail","hentry","category-noticias","tag-campo-quijano","tag-paso-2021","tag-salta"],"yoast_head":"<!-- This site is optimized with the Yoast SEO plugin v20.8 - https:\/\/yoast.com\/wordpress\/plugins\/seo\/ -->\n<title>Paso 2021: Qui\u00e9nes son los candidatos y qu\u00e9 se vota provincia de Salta. - RQ 99.9<\/title>\n<meta name=\"description\" content=\"Las elecciones Primarias, Abiertas, Simult\u00e1neas y Obligatorias, que se votar\u00e1 el 12 de septiembre.\" \/>\n<meta name=\"robots\" content=\"index, follow, max-snippet:-1, max-image-preview:large, max-video-preview:-1\" \/>\n<link rel=\"canonical\" href=\"https:\/\/nahuelproducciones.com.ar\/radioquijano\/paso-2021-quienes-son-los-candidatos-y-que-se-vota-provincia-de-salta\/\" \/>\n<meta property=\"og:locale\" content=\"es_ES\" \/>\n<meta property=\"og:type\" content=\"article\" \/>\n<meta property=\"og:title\" content=\"Paso 2021: Qui\u00e9nes son los candidatos y qu\u00e9 se vota provincia de Salta. - RQ 99.9\" \/>\n<meta property=\"og:description\" content=\"Las elecciones Primarias, Abiertas, Simult\u00e1neas y Obligatorias, que se votar\u00e1 el 12 de septiembre.\" \/>\n<meta property=\"og:url\" content=\"https:\/\/nahuelproducciones.com.ar\/radioquijano\/paso-2021-quienes-son-los-candidatos-y-que-se-vota-provincia-de-salta\/\" \/>\n<meta property=\"og:site_name\" content=\"RQ 99.9\" \/>\n<meta property=\"article:publisher\" content=\"https:\/\/www.facebook.com\/nahuelproducciones999\/\" \/>\n<meta property=\"article:published_time\" content=\"2021-08-31T13:43:49+00:00\" \/>\n<meta property=\"article:modified_time\" content=\"2021-08-31T13:43:50+00:00\" \/>\n<meta property=\"og:image\" content=\"https:\/\/nahuelproducciones.com.ar\/radioquijano\/wp-content\/uploads\/2021\/08\/PASO-2021-1024x674-1-e1630417330138.jpg\" \/>\n\t<meta property=\"og:image:width\" content=\"700\" \/>\n\t<meta property=\"og:image:height\" content=\"461\" \/>\n\t<meta property=\"og:image:type\" content=\"image\/jpeg\" \/>\n<meta name=\"author\" content=\"Cecilia Pastrana\" \/>\n<meta name=\"twitter:card\" content=\"summary_large_image\" \/>\n<meta name=\"twitter:creator\" content=\"@nahuproduciones\" \/>\n<meta name=\"twitter:site\" content=\"@nahuproduciones\" \/>\n<meta name=\"twitter:label1\" content=\"Escrito por\" \/>\n\t<meta name=\"twitter:data1\" content=\"Cecilia Pastrana\" \/>\n\t<meta name=\"twitter:label2\" content=\"Tiempo de lectura\" \/>\n\t<meta name=\"twitter:data2\" content=\"2 minutos\" \/>\n<script type=\"application\/ld+json\" class=\"yoast-schema-graph\">{\"@context\":\"https:\/\/schema.org\",\"@graph\":[{\"@type\":\"WebPage\",\"@id\":\"https:\/\/nahuelproducciones.com.ar\/radioquijano\/paso-2021-quienes-son-los-candidatos-y-que-se-vota-provincia-de-salta\/\",\"url\":\"https:\/\/nahuelproducciones.com.ar\/radioquijano\/paso-2021-quienes-son-los-candidatos-y-que-se-vota-provincia-de-salta\/\",\"name\":\"Paso 2021: Qui\u00e9nes son los candidatos y qu\u00e9 se vota provincia de Salta. - RQ 99.9\",\"isPartOf\":{\"@id\":\"https:\/\/nahuelproducciones.com.ar\/radioquijano\/#website\"},\"datePublished\":\"2021-08-31T13:43:49+00:00\",\"dateModified\":\"2021-08-31T13:43:50+00:00\",\"author\":{\"@id\":\"https:\/\/nahuelproducciones.com.ar\/radioquijano\/#\/schema\/person\/e8a4f939e2cb487fe6d0c54042c9d32c\"},\"description\":\"Las elecciones Primarias, Abiertas, Simult\u00e1neas y Obligatorias, que se votar\u00e1 el 12 de septiembre.\",\"breadcrumb\":{\"@id\":\"https:\/\/nahuelproducciones.com.ar\/radioquijano\/paso-2021-quienes-son-los-candidatos-y-que-se-vota-provincia-de-salta\/#breadcrumb\"},\"inLanguage\":\"es\",\"potentialAction\":[{\"@type\":\"ReadAction\",\"target\":[\"https:\/\/nahuelproducciones.com.ar\/radioquijano\/paso-2021-quienes-son-los-candidatos-y-que-se-vota-provincia-de-salta\/\"]}]},{\"@type\":\"BreadcrumbList\",\"@id\":\"https:\/\/nahuelproducciones.com.ar\/radioquijano\/paso-2021-quienes-son-los-candidatos-y-que-se-vota-provincia-de-salta\/#breadcrumb\",\"itemListElement\":[{\"@type\":\"ListItem\",\"position\":1,\"name\":\"Portada\",\"item\":\"https:\/\/nahuelproducciones.com.ar\/radioquijano\/\"},{\"@type\":\"ListItem\",\"position\":2,\"name\":\"Paso 2021: Qui\u00e9nes son los candidatos y qu\u00e9 se vota provincia de Salta.\"}]},{\"@type\":\"WebSite\",\"@id\":\"https:\/\/nahuelproducciones.com.ar\/radioquijano\/#website\",\"url\":\"https:\/\/nahuelproducciones.com.ar\/radioquijano\/\",\"name\":\"RQ 99.9\",\"description\":\"Radio Quijano 99.9 MHz\",\"potentialAction\":[{\"@type\":\"SearchAction\",\"target\":{\"@type\":\"EntryPoint\",\"urlTemplate\":\"https:\/\/nahuelproducciones.com.ar\/radioquijano\/?s={search_term_string}\"},\"query-input\":\"required name=search_term_string\"}],\"inLanguage\":\"es\"},{\"@type\":\"Person\",\"@id\":\"https:\/\/nahuelproducciones.com.ar\/radioquijano\/#\/schema\/person\/e8a4f939e2cb487fe6d0c54042c9d32c\",\"name\":\"Cecilia Pastrana\",\"image\":{\"@type\":\"ImageObject\",\"inLanguage\":\"es\",\"@id\":\"https:\/\/nahuelproducciones.com.ar\/radioquijano\/#\/schema\/person\/image\/\",\"url\":\"https:\/\/secure.gravatar.com\/avatar\/661a3ef63a8488d4f2794ed44af8cf71420f7e106f3072c40125114df5157749?s=96&d=mm&r=g\",\"contentUrl\":\"https:\/\/secure.gravatar.com\/avatar\/661a3ef63a8488d4f2794ed44af8cf71420f7e106f3072c40125114df5157749?s=96&d=mm&r=g\",\"caption\":\"Cecilia Pastrana\"},\"sameAs\":[\"cecy\"],\"url\":\"https:\/\/nahuelproducciones.com.ar\/radioquijano\/author\/cecy\/\"}]}<\/script>\n<!-- \/ Yoast SEO plugin. -->","yoast_head_json":{"title":"Paso 2021: Qui\u00e9nes son los candidatos y qu\u00e9 se vota provincia de Salta. - RQ 99.9","description":"Las elecciones Primarias, Abiertas, Simult\u00e1neas y Obligatorias, que se votar\u00e1 el 12 de septiembre.","robots":{"index":"index","follow":"follow","max-snippet":"max-snippet:-1","max-image-preview":"max-image-preview:large","max-video-preview":"max-video-preview:-1"},"canonical":"https:\/\/nahuelproducciones.com.ar\/radioquijano\/paso-2021-quienes-son-los-candidatos-y-que-se-vota-provincia-de-salta\/","og_locale":"es_ES","og_type":"article","og_title":"Paso 2021: Qui\u00e9nes son los candidatos y qu\u00e9 se vota provincia de Salta. - RQ 99.9","og_description":"Las elecciones Primarias, Abiertas, Simult\u00e1neas y Obligatorias, que se votar\u00e1 el 12 de septiembre.","og_url":"https:\/\/nahuelproducciones.com.ar\/radioquijano\/paso-2021-quienes-son-los-candidatos-y-que-se-vota-provincia-de-salta\/","og_site_name":"RQ 99.9","article_publisher":"https:\/\/www.facebook.com\/nahuelproducciones999\/","article_published_time":"2021-08-31T13:43:49+00:00","article_modified_time":"2021-08-31T13:43:50+00:00","og_image":[{"width":700,"height":461,"url":"https:\/\/nahuelproducciones.com.ar\/radioquijano\/wp-content\/uploads\/2021\/08\/PASO-2021-1024x674-1-e1630417330138.jpg","type":"image\/jpeg"}],"author":"Cecilia Pastrana","twitter_card":"summary_large_image","twitter_creator":"@nahuproduciones","twitter_site":"@nahuproduciones","twitter_misc":{"Escrito por":"Cecilia Pastrana","Tiempo de lectura":"2 minutos"},"schema":{"@context":"https:\/\/schema.org","@graph":[{"@type":"WebPage","@id":"https:\/\/nahuelproducciones.com.ar\/radioquijano\/paso-2021-quienes-son-los-candidatos-y-que-se-vota-provincia-de-salta\/","url":"https:\/\/nahuelproducciones.com.ar\/radioquijano\/paso-2021-quienes-son-los-candidatos-y-que-se-vota-provincia-de-salta\/","name":"Paso 2021: Qui\u00e9nes son los candidatos y qu\u00e9 se vota provincia de Salta. - RQ 99.9","isPartOf":{"@id":"https:\/\/nahuelproducciones.com.ar\/radioquijano\/#website"},"datePublished":"2021-08-31T13:43:49+00:00","dateModified":"2021-08-31T13:43:50+00:00","author":{"@id":"https:\/\/nahuelproducciones.com.ar\/radioquijano\/#\/schema\/person\/e8a4f939e2cb487fe6d0c54042c9d32c"},"description":"Las elecciones Primarias, Abiertas, Simult\u00e1neas y Obligatorias, que se votar\u00e1 el 12 de septiembre.","breadcrumb":{"@id":"https:\/\/nahuelproducciones.com.ar\/radioquijano\/paso-2021-quienes-son-los-candidatos-y-que-se-vota-provincia-de-salta\/#breadcrumb"},"inLanguage":"es","potentialAction":[{"@type":"ReadAction","target":["https:\/\/nahuelproducciones.com.ar\/radioquijano\/paso-2021-quienes-son-los-candidatos-y-que-se-vota-provincia-de-salta\/"]}]},{"@type":"BreadcrumbList","@id":"https:\/\/nahuelproducciones.com.ar\/radioquijano\/paso-2021-quienes-son-los-candidatos-y-que-se-vota-provincia-de-salta\/#breadcrumb","itemListElement":[{"@type":"ListItem","position":1,"name":"Portada","item":"https:\/\/nahuelproducciones.com.ar\/radioquijano\/"},{"@type":"ListItem","position":2,"name":"Paso 2021: Qui\u00e9nes son los candidatos y qu\u00e9 se vota provincia de Salta."}]},{"@type":"WebSite","@id":"https:\/\/nahuelproducciones.com.ar\/radioquijano\/#website","url":"https:\/\/nahuelproducciones.com.ar\/radioquijano\/","name":"RQ 99.9","description":"Radio Quijano 99.9 MHz","potentialAction":[{"@type":"SearchAction","target":{"@type":"EntryPoint","urlTemplate":"https:\/\/nahuelproducciones.com.ar\/radioquijano\/?s={search_term_string}"},"query-input":"required name=search_term_string"}],"inLanguage":"es"},{"@type":"Person","@id":"https:\/\/nahuelproducciones.com.ar\/radioquijano\/#\/schema\/person\/e8a4f939e2cb487fe6d0c54042c9d32c","name":"Cecilia Pastrana","image":{"@type":"ImageObject","inLanguage":"es","@id":"https:\/\/nahuelproducciones.com.ar\/radioquijano\/#\/schema\/person\/image\/","url":"https:\/\/secure.gravatar.com\/avatar\/661a3ef63a8488d4f2794ed44af8cf71420f7e106f3072c40125114df5157749?s=96&d=mm&r=g","contentUrl":"https:\/\/secure.gravatar.com\/avatar\/661a3ef63a8488d4f2794ed44af8cf71420f7e106f3072c40125114df5157749?s=96&d=mm&r=g","caption":"Cecilia Pastrana"},"sameAs":["cecy"],"url":"https:\/\/nahuelproducciones.com.ar\/radioquijano\/author\/cecy\/"}]}},"_links":{"self":[{"href":"https:\/\/nahuelproducciones.com.ar\/radioquijano\/wp-json\/wp\/v2\/posts\/1364","targetHints":{"allow":["GET"]}}],"collection":[{"href":"https:\/\/nahuelproducciones.com.ar\/radioquijano\/wp-json\/wp\/v2\/posts"}],"about":[{"href":"https:\/\/nahuelproducciones.com.ar\/radioquijano\/wp-json\/wp\/v2\/types\/post"}],"author":[{"embeddable":true,"href":"https:\/\/nahuelproducciones.com.ar\/radioquijano\/wp-json\/wp\/v2\/users\/8"}],"replies":[{"embeddable":true,"href":"https:\/\/nahuelproducciones.com.ar\/radioquijano\/wp-json\/wp\/v2\/comments?post=1364"}],"version-history":[{"count":1,"href":"https:\/\/nahuelproducciones.com.ar\/radioquijano\/wp-json\/wp\/v2\/posts\/1364\/revisions"}],"predecessor-version":[{"id":1366,"href":"https:\/\/nahuelproducciones.com.ar\/radioquijano\/wp-json\/wp\/v2\/posts\/1364\/revisions\/1366"}],"wp:featuredmedia":[{"embeddable":true,"href":"https:\/\/nahuelproducciones.com.ar\/radioquijano\/wp-json\/wp\/v2\/media\/1365"}],"wp:attachment":[{"href":"https:\/\/nahuelproducciones.com.ar\/radioquijano\/wp-json\/wp\/v2\/media?parent=1364"}],"wp:term":[{"taxonomy":"category","embeddable":true,"href":"https:\/\/nahuelproducciones.com.ar\/radioquijano\/wp-json\/wp\/v2\/categories?post=1364"},{"taxonomy":"post_tag","embeddable":true,"href":"https:\/\/nahuelproducciones.com.ar\/radioquijano\/wp-json\/wp\/v2\/tags?post=1364"}],"curies":[{"name":"wp","href":"https:\/\/api.w.org\/{rel}","templated":true}]}}