{"id":1367,"date":"2021-09-02T10:44:17","date_gmt":"2021-09-02T13:44:17","guid":{"rendered":"https:\/\/nahuelproducciones.com.ar\/radioquijano\/?p=1367"},"modified":"2021-09-02T10:44:18","modified_gmt":"2021-09-02T13:44:18","slug":"el-lunes-6-comenzara-la-novena-al-sr-y-virgen-del-milagro-la-procesion-sera-el-15-septiembre","status":"publish","type":"post","link":"https:\/\/nahuelproducciones.com.ar\/radioquijano\/el-lunes-6-comenzara-la-novena-al-sr-y-virgen-del-milagro-la-procesion-sera-el-15-septiembre\/","title":{"rendered":"El lunes 6 comenzar\u00e1 la novena al Sr. y Virgen del Milagro. La procesi\u00f3n ser\u00e1 el 15 septiembre."},"content":{"rendered":"\n<p><strong>El lunes 6 comenzar\u00e1 la novena y la procesi\u00f3n ser\u00e1 el 15 septiembre.<\/strong><\/p>\n\n\n\n<p>Los salte\u00f1os vivir\u00e1n por segundo a\u00f1o consecutivo una fiesta del&nbsp;<strong>Milagro<\/strong>&nbsp;at\u00edpica por la&nbsp;<strong>pandemia de coronavirus<\/strong>. D\u00edas previos se conoci\u00f3 el protocolo sanitario para la procesi\u00f3n, y ahora se confirm\u00f3 el de la novena, que ser\u00e1 similar al utilizado durante la entronizaci\u00f3n de las im\u00e1genes de los Santos Patronos.<\/p>\n\n\n\n<p>Seg\u00fan inform\u00f3 el sacerdote Daniel Ochoa a Fm Profesional, se plante\u00f3 la posibilidad de armar sobre calle Espa\u00f1a, el primer ingreso a las tres burbujas de contenci\u00f3n de personas dentro de la Catedral. El aforo del templo estar\u00e1 habilitado para 230 fieles, el patio lateral para 60 y en calle Espa\u00f1a para 100.<\/p>\n\n\n\n<p><strong>La Novena comenzar\u00e1 el lunes 6 de septiembre y el primer rezo ser\u00e1 a las 6:30, luego habr\u00e1 misas a las 7, 8:30, 10 y 11:30 misa con novena al igual que a las 12:30. En cuanto a la tarde habr\u00e1 rezo a las 15, 16, 17.:30, 19 y 20:30 (todos los horarios vespertinos ser\u00e1n con misa y rezo).<\/strong><\/p>\n\n\n\n<p><strong>Protocolo sanitario<\/strong><\/p>\n\n\n\n<p>Tambi\u00e9n se record\u00f3 que deber\u00e1 cumplirse a rajatabla el protocolo que lleva m\u00e1s de un a\u00f1o y medio de vigencia: distanciamiento social, uso de barbijo o tapabocas, sanitizaci\u00f3n de manos con alcohol en gel, etc.<\/p>\n\n\n\n<p><a href=\"https:\/\/nahuelproducciones.com.ar\/index.php\/rq999\" target=\"_blank\" rel=\"noreferrer noopener\">RQ99.9MHZ<\/a>  <a href=\"https:\/\/www.facebook.com\/nahuelproducciones999\/?ref=pages_you_manage\" target=\"_blank\" rel=\"noreferrer noopener\">CAMPO QUIJANO<\/a><\/p>\n","protected":false},"excerpt":{"rendered":"<p>El lunes 6 comenzar\u00e1 la novena y la procesi\u00f3n ser\u00e1 el 15 septiembre. Los salte\u00f1os vivir\u00e1n por segundo a\u00f1o consecutivo una fiesta del&nbsp;Milagro&nbsp;at\u00edpica por la&nbsp;pandemia de coronavirus. D\u00edas previos se conoci\u00f3 el protocolo sanitario para la procesi\u00f3n, y ahora se confirm\u00f3 el de la novena, que ser\u00e1 similar al utilizado durante la entronizaci\u00f3n de las [&hellip;]<\/p>\n","protected":false},"author":8,"featured_media":1368,"comment_status":"open","ping_status":"open","sticky":false,"template":"","format":"standard","meta":{"_monsterinsights_skip_tracking":false,"_monsterinsights_sitenote_active":false,"_monsterinsights_sitenote_note":"","_monsterinsights_sitenote_category":0,"footnotes":""},"categories":[16],"tags":[168,167],"class_list":["post-1367","post","type-post","status-publish","format-standard","has-post-thumbnail","hentry","category-noticias","tag-novena-al-sr-y-virgen-del-milagro","tag-protocolo-sanitario"],"yoast_head":"<!-- This site is optimized with the Yoast SEO plugin v20.8 - https:\/\/yoast.com\/wordpress\/plugins\/seo\/ -->\n<title>El lunes 6 comenzar\u00e1 la novena al Sr. y Virgen del Milagro. La procesi\u00f3n ser\u00e1 el 15 septiembre. - RQ 99.9<\/title>\n<meta name=\"description\" content=\"El primer rezo ser\u00e1 a las 6:30.\" \/>\n<meta name=\"robots\" content=\"index, follow, max-snippet:-1, max-image-preview:large, max-video-preview:-1\" \/>\n<link rel=\"canonical\" href=\"https:\/\/nahuelproducciones.com.ar\/radioquijano\/el-lunes-6-comenzara-la-novena-al-sr-y-virgen-del-milagro-la-procesion-sera-el-15-septiembre\/\" \/>\n<meta property=\"og:locale\" content=\"es_ES\" \/>\n<meta property=\"og:type\" content=\"article\" \/>\n<meta property=\"og:title\" content=\"El lunes 6 comenzar\u00e1 la novena al Sr. y Virgen del Milagro. La procesi\u00f3n ser\u00e1 el 15 septiembre. - RQ 99.9\" \/>\n<meta property=\"og:description\" content=\"El primer rezo ser\u00e1 a las 6:30.\" \/>\n<meta property=\"og:url\" content=\"https:\/\/nahuelproducciones.com.ar\/radioquijano\/el-lunes-6-comenzara-la-novena-al-sr-y-virgen-del-milagro-la-procesion-sera-el-15-septiembre\/\" \/>\n<meta property=\"og:site_name\" content=\"RQ 99.9\" \/>\n<meta property=\"article:publisher\" content=\"https:\/\/www.facebook.com\/nahuelproducciones999\/\" \/>\n<meta property=\"article:published_time\" content=\"2021-09-02T13:44:17+00:00\" \/>\n<meta property=\"article:modified_time\" content=\"2021-09-02T13:44:18+00:00\" \/>\n<meta property=\"og:image\" content=\"https:\/\/nahuelproducciones.com.ar\/radioquijano\/wp-content\/uploads\/2021\/09\/sr-y-virgen-del-milagro-e1630587249272.jpg\" \/>\n\t<meta property=\"og:image:width\" content=\"512\" \/>\n\t<meta property=\"og:image:height\" content=\"353\" \/>\n\t<meta property=\"og:image:type\" content=\"image\/jpeg\" \/>\n<meta name=\"author\" content=\"Cecilia Pastrana\" \/>\n<meta name=\"twitter:card\" content=\"summary_large_image\" \/>\n<meta name=\"twitter:creator\" content=\"@nahuproduciones\" \/>\n<meta name=\"twitter:site\" content=\"@nahuproduciones\" \/>\n<meta name=\"twitter:label1\" content=\"Escrito por\" \/>\n\t<meta name=\"twitter:data1\" content=\"Cecilia Pastrana\" \/>\n\t<meta name=\"twitter:label2\" content=\"Tiempo de lectura\" \/>\n\t<meta name=\"twitter:data2\" content=\"1 minuto\" \/>\n<script type=\"application\/ld+json\" class=\"yoast-schema-graph\">{\"@context\":\"https:\/\/schema.org\",\"@graph\":[{\"@type\":\"WebPage\",\"@id\":\"https:\/\/nahuelproducciones.com.ar\/radioquijano\/el-lunes-6-comenzara-la-novena-al-sr-y-virgen-del-milagro-la-procesion-sera-el-15-septiembre\/\",\"url\":\"https:\/\/nahuelproducciones.com.ar\/radioquijano\/el-lunes-6-comenzara-la-novena-al-sr-y-virgen-del-milagro-la-procesion-sera-el-15-septiembre\/\",\"name\":\"El lunes 6 comenzar\u00e1 la novena al Sr. y Virgen del Milagro. La procesi\u00f3n ser\u00e1 el 15 septiembre. - RQ 99.9\",\"isPartOf\":{\"@id\":\"https:\/\/nahuelproducciones.com.ar\/radioquijano\/#website\"},\"datePublished\":\"2021-09-02T13:44:17+00:00\",\"dateModified\":\"2021-09-02T13:44:18+00:00\",\"author\":{\"@id\":\"https:\/\/nahuelproducciones.com.ar\/radioquijano\/#\/schema\/person\/e8a4f939e2cb487fe6d0c54042c9d32c\"},\"description\":\"El primer rezo ser\u00e1 a las 6:30.\",\"breadcrumb\":{\"@id\":\"https:\/\/nahuelproducciones.com.ar\/radioquijano\/el-lunes-6-comenzara-la-novena-al-sr-y-virgen-del-milagro-la-procesion-sera-el-15-septiembre\/#breadcrumb\"},\"inLanguage\":\"es\",\"potentialAction\":[{\"@type\":\"ReadAction\",\"target\":[\"https:\/\/nahuelproducciones.com.ar\/radioquijano\/el-lunes-6-comenzara-la-novena-al-sr-y-virgen-del-milagro-la-procesion-sera-el-15-septiembre\/\"]}]},{\"@type\":\"BreadcrumbList\",\"@id\":\"https:\/\/nahuelproducciones.com.ar\/radioquijano\/el-lunes-6-comenzara-la-novena-al-sr-y-virgen-del-milagro-la-procesion-sera-el-15-septiembre\/#breadcrumb\",\"itemListElement\":[{\"@type\":\"ListItem\",\"position\":1,\"name\":\"Portada\",\"item\":\"https:\/\/nahuelproducciones.com.ar\/radioquijano\/\"},{\"@type\":\"ListItem\",\"position\":2,\"name\":\"El lunes 6 comenzar\u00e1 la novena al Sr. y Virgen del Milagro. La procesi\u00f3n ser\u00e1 el 15 septiembre.\"}]},{\"@type\":\"WebSite\",\"@id\":\"https:\/\/nahuelproducciones.com.ar\/radioquijano\/#website\",\"url\":\"https:\/\/nahuelproducciones.com.ar\/radioquijano\/\",\"name\":\"RQ 99.9\",\"description\":\"Radio Quijano 99.9 MHz\",\"potentialAction\":[{\"@type\":\"SearchAction\",\"target\":{\"@type\":\"EntryPoint\",\"urlTemplate\":\"https:\/\/nahuelproducciones.com.ar\/radioquijano\/?s={search_term_string}\"},\"query-input\":\"required name=search_term_string\"}],\"inLanguage\":\"es\"},{\"@type\":\"Person\",\"@id\":\"https:\/\/nahuelproducciones.com.ar\/radioquijano\/#\/schema\/person\/e8a4f939e2cb487fe6d0c54042c9d32c\",\"name\":\"Cecilia Pastrana\",\"image\":{\"@type\":\"ImageObject\",\"inLanguage\":\"es\",\"@id\":\"https:\/\/nahuelproducciones.com.ar\/radioquijano\/#\/schema\/person\/image\/\",\"url\":\"https:\/\/secure.gravatar.com\/avatar\/661a3ef63a8488d4f2794ed44af8cf71420f7e106f3072c40125114df5157749?s=96&d=mm&r=g\",\"contentUrl\":\"https:\/\/secure.gravatar.com\/avatar\/661a3ef63a8488d4f2794ed44af8cf71420f7e106f3072c40125114df5157749?s=96&d=mm&r=g\",\"caption\":\"Cecilia Pastrana\"},\"sameAs\":[\"cecy\"],\"url\":\"https:\/\/nahuelproducciones.com.ar\/radioquijano\/author\/cecy\/\"}]}<\/script>\n<!-- \/ Yoast SEO plugin. -->","yoast_head_json":{"title":"El lunes 6 comenzar\u00e1 la novena al Sr. y Virgen del Milagro. La procesi\u00f3n ser\u00e1 el 15 septiembre. - RQ 99.9","description":"El primer rezo ser\u00e1 a las 6:30.","robots":{"index":"index","follow":"follow","max-snippet":"max-snippet:-1","max-image-preview":"max-image-preview:large","max-video-preview":"max-video-preview:-1"},"canonical":"https:\/\/nahuelproducciones.com.ar\/radioquijano\/el-lunes-6-comenzara-la-novena-al-sr-y-virgen-del-milagro-la-procesion-sera-el-15-septiembre\/","og_locale":"es_ES","og_type":"article","og_title":"El lunes 6 comenzar\u00e1 la novena al Sr. y Virgen del Milagro. La procesi\u00f3n ser\u00e1 el 15 septiembre. - RQ 99.9","og_description":"El primer rezo ser\u00e1 a las 6:30.","og_url":"https:\/\/nahuelproducciones.com.ar\/radioquijano\/el-lunes-6-comenzara-la-novena-al-sr-y-virgen-del-milagro-la-procesion-sera-el-15-septiembre\/","og_site_name":"RQ 99.9","article_publisher":"https:\/\/www.facebook.com\/nahuelproducciones999\/","article_published_time":"2021-09-02T13:44:17+00:00","article_modified_time":"2021-09-02T13:44:18+00:00","og_image":[{"width":512,"height":353,"url":"https:\/\/nahuelproducciones.com.ar\/radioquijano\/wp-content\/uploads\/2021\/09\/sr-y-virgen-del-milagro-e1630587249272.jpg","type":"image\/jpeg"}],"author":"Cecilia Pastrana","twitter_card":"summary_large_image","twitter_creator":"@nahuproduciones","twitter_site":"@nahuproduciones","twitter_misc":{"Escrito por":"Cecilia Pastrana","Tiempo de lectura":"1 minuto"},"schema":{"@context":"https:\/\/schema.org","@graph":[{"@type":"WebPage","@id":"https:\/\/nahuelproducciones.com.ar\/radioquijano\/el-lunes-6-comenzara-la-novena-al-sr-y-virgen-del-milagro-la-procesion-sera-el-15-septiembre\/","url":"https:\/\/nahuelproducciones.com.ar\/radioquijano\/el-lunes-6-comenzara-la-novena-al-sr-y-virgen-del-milagro-la-procesion-sera-el-15-septiembre\/","name":"El lunes 6 comenzar\u00e1 la novena al Sr. y Virgen del Milagro. La procesi\u00f3n ser\u00e1 el 15 septiembre. - RQ 99.9","isPartOf":{"@id":"https:\/\/nahuelproducciones.com.ar\/radioquijano\/#website"},"datePublished":"2021-09-02T13:44:17+00:00","dateModified":"2021-09-02T13:44:18+00:00","author":{"@id":"https:\/\/nahuelproducciones.com.ar\/radioquijano\/#\/schema\/person\/e8a4f939e2cb487fe6d0c54042c9d32c"},"description":"El primer rezo ser\u00e1 a las 6:30.","breadcrumb":{"@id":"https:\/\/nahuelproducciones.com.ar\/radioquijano\/el-lunes-6-comenzara-la-novena-al-sr-y-virgen-del-milagro-la-procesion-sera-el-15-septiembre\/#breadcrumb"},"inLanguage":"es","potentialAction":[{"@type":"ReadAction","target":["https:\/\/nahuelproducciones.com.ar\/radioquijano\/el-lunes-6-comenzara-la-novena-al-sr-y-virgen-del-milagro-la-procesion-sera-el-15-septiembre\/"]}]},{"@type":"BreadcrumbList","@id":"https:\/\/nahuelproducciones.com.ar\/radioquijano\/el-lunes-6-comenzara-la-novena-al-sr-y-virgen-del-milagro-la-procesion-sera-el-15-septiembre\/#breadcrumb","itemListElement":[{"@type":"ListItem","position":1,"name":"Portada","item":"https:\/\/nahuelproducciones.com.ar\/radioquijano\/"},{"@type":"ListItem","position":2,"name":"El lunes 6 comenzar\u00e1 la novena al Sr. y Virgen del Milagro. La procesi\u00f3n ser\u00e1 el 15 septiembre."}]},{"@type":"WebSite","@id":"https:\/\/nahuelproducciones.com.ar\/radioquijano\/#website","url":"https:\/\/nahuelproducciones.com.ar\/radioquijano\/","name":"RQ 99.9","description":"Radio Quijano 99.9 MHz","potentialAction":[{"@type":"SearchAction","target":{"@type":"EntryPoint","urlTemplate":"https:\/\/nahuelproducciones.com.ar\/radioquijano\/?s={search_term_string}"},"query-input":"required name=search_term_string"}],"inLanguage":"es"},{"@type":"Person","@id":"https:\/\/nahuelproducciones.com.ar\/radioquijano\/#\/schema\/person\/e8a4f939e2cb487fe6d0c54042c9d32c","name":"Cecilia Pastrana","image":{"@type":"ImageObject","inLanguage":"es","@id":"https:\/\/nahuelproducciones.com.ar\/radioquijano\/#\/schema\/person\/image\/","url":"https:\/\/secure.gravatar.com\/avatar\/661a3ef63a8488d4f2794ed44af8cf71420f7e106f3072c40125114df5157749?s=96&d=mm&r=g","contentUrl":"https:\/\/secure.gravatar.com\/avatar\/661a3ef63a8488d4f2794ed44af8cf71420f7e106f3072c40125114df5157749?s=96&d=mm&r=g","caption":"Cecilia Pastrana"},"sameAs":["cecy"],"url":"https:\/\/nahuelproducciones.com.ar\/radioquijano\/author\/cecy\/"}]}},"_links":{"self":[{"href":"https:\/\/nahuelproducciones.com.ar\/radioquijano\/wp-json\/wp\/v2\/posts\/1367","targetHints":{"allow":["GET"]}}],"collection":[{"href":"https:\/\/nahuelproducciones.com.ar\/radioquijano\/wp-json\/wp\/v2\/posts"}],"about":[{"href":"https:\/\/nahuelproducciones.com.ar\/radioquijano\/wp-json\/wp\/v2\/types\/post"}],"author":[{"embeddable":true,"href":"https:\/\/nahuelproducciones.com.ar\/radioquijano\/wp-json\/wp\/v2\/users\/8"}],"replies":[{"embeddable":true,"href":"https:\/\/nahuelproducciones.com.ar\/radioquijano\/wp-json\/wp\/v2\/comments?post=1367"}],"version-history":[{"count":1,"href":"https:\/\/nahuelproducciones.com.ar\/radioquijano\/wp-json\/wp\/v2\/posts\/1367\/revisions"}],"predecessor-version":[{"id":1369,"href":"https:\/\/nahuelproducciones.com.ar\/radioquijano\/wp-json\/wp\/v2\/posts\/1367\/revisions\/1369"}],"wp:featuredmedia":[{"embeddable":true,"href":"https:\/\/nahuelproducciones.com.ar\/radioquijano\/wp-json\/wp\/v2\/media\/1368"}],"wp:attachment":[{"href":"https:\/\/nahuelproducciones.com.ar\/radioquijano\/wp-json\/wp\/v2\/media?parent=1367"}],"wp:term":[{"taxonomy":"category","embeddable":true,"href":"https:\/\/nahuelproducciones.com.ar\/radioquijano\/wp-json\/wp\/v2\/categories?post=1367"},{"taxonomy":"post_tag","embeddable":true,"href":"https:\/\/nahuelproducciones.com.ar\/radioquijano\/wp-json\/wp\/v2\/tags?post=1367"}],"curies":[{"name":"wp","href":"https:\/\/api.w.org\/{rel}","templated":true}]}}