{"id":1371,"date":"2021-09-04T02:12:32","date_gmt":"2021-09-04T05:12:32","guid":{"rendered":"https:\/\/nahuelproducciones.com.ar\/radioquijano\/?p=1371"},"modified":"2021-09-04T02:12:33","modified_gmt":"2021-09-04T05:12:33","slug":"ariel-figueroa-un-salteno-en-el-cuerpo-tecnico-de-los-murcielagos","status":"publish","type":"post","link":"https:\/\/nahuelproducciones.com.ar\/radioquijano\/ariel-figueroa-un-salteno-en-el-cuerpo-tecnico-de-los-murcielagos\/","title":{"rendered":"Ariel Figueroa, un salte\u00f1o en el cuerpo t\u00e9cnico de los \u00abMurci\u00e9lagos\u00bb."},"content":{"rendered":"\n<p>Figueroa se expres\u00f3 emocionado\u00a0y orgulloso de que el seleccionado argentino masculino de f\u00fatbol para no videntes, Los Murci\u00e9lagos este en la final de los Juegos Paral\u00edmpicos de Tokio 2020. <\/p>\n\n\n\n<p>El salte\u00f1o esta desde el 2008 trabajando con la Selecci\u00f3n juvenil de los Murci\u00e9lagos y a su vez como asistente t\u00e9cnico de los mayores y en esta madrugada seguir\u00e1 desde Salta el partido que a las 5:30 de la madrugada, los Murci\u00e9lagos jugar\u00e1n, en busca de la medalla Dorada, la gran final de los Paral\u00edmpicos frente a Brasil.<\/p>\n\n\n\n<p>Algunos j\u00f3venes fueron sus dirigidos y salieron del plantel  de los juveniles y hoy est\u00e1n haciendo historia.<\/p>\n\n\n\n<p>Record\u00f3 que sus inicios junto a los Murci\u00e9lagos comenzaron en el 2008 , tuvo la oportunidad de estar en los juegos Rios del 2016 donde obtuvieron la Medalla de Bronce gan\u00e1ndole a China por Penales.<\/p>\n\n\n\n<p>Cont\u00f3 en RQ99.9Mhz, que en el a\u00f1o 1998, Silvio, el pionero, el Maradona del futbol de ciegos en Salta le puso Murci\u00e9lagos al grupo, haciendo alusi\u00f3n a que ellos juegan guiados atreves  el sonido.<\/p>\n\n\n\n<p>Muchos jugadores  salte\u00f1os se destacaron en esta disciplina como Antonio Mendoza que fue medalla de plata en Atenas 2004 y bronce en Bellini 2008, tambi\u00e9n Julio Ram\u00edrez que estuvo en Atenas en 2004.<\/p>\n\n\n\n<p>De de los mismos j\u00f3venes que surgi\u00f3 el slogan , \u00bb EL FUTBOL NO SE VE, PERO SE SIENTE\u00bb , que juegan con gran compromiso y se vivi\u00f3 en plena pandemia con sus pr\u00e1cticas a trav\u00e9s del zoom.<\/p>\n\n\n\n<p>Invit\u00f3 a seguir el partido de esta madrugada y poder descubrir el juego de Los Murci\u00e9lagos, confiando en que Maxi Espinillo, la revelaci\u00f3n de estos Juegos, el goleador es sin dudas hoy con sus goles , el jugador m\u00e1s importante de Argentina en los\u00a0Juegos Paral\u00edmpicos de Tokio 2020.<\/p>\n\n\n\n<p>Los Murci\u00e9lagos juegan la final contra Brasil, a las 5:30 de hoy s\u00e1bado y ma\u00f1ana charlaremos nuevamente con Ariel Figueroa para hacer un an\u00e1lisis del partido y su resultado.<\/p>\n\n\n\n<p>Uno de los objetivo del entrenador salte\u00f1o de Los Murci\u00e9lagos es proyectar jugadores y claro que lo logro y tiene el honor de que algunos de sus dirigidos integren en la actualidad el grupos de los Juegos Paral\u00edmpicos de Tokio 2020 con puntaje ideal.<\/p>\n\n\n\n<p>Aquellas personas que est\u00e9n con discapacidad visual y quieran practicar este deporte, a acercarse a Tiro Federal, de lunes a jueves de 15:00 hs a 17:00 hs donde el brinda sus clases y acompa\u00f1amiento.<\/p>\n\n\n\n<p><a href=\"https:\/\/nahuelproducciones.com.ar\/index.php\/rq999\" target=\"_blank\" rel=\"noreferrer noopener\">RQ99.9Mhz<\/a>  <a href=\"https:\/\/nahuelproducciones.com.ar\/\" target=\"_blank\" rel=\"noreferrer noopener\">Campo Quijano<\/a> <\/p>\n","protected":false},"excerpt":{"rendered":"<p>Figueroa se expres\u00f3 emocionado\u00a0y orgulloso de que el seleccionado argentino masculino de f\u00fatbol para no videntes, Los Murci\u00e9lagos este en la final de los Juegos Paral\u00edmpicos de Tokio 2020. El salte\u00f1o esta desde el 2008 trabajando con la Selecci\u00f3n juvenil de los Murci\u00e9lagos y a su vez como asistente t\u00e9cnico de los mayores y en [&hellip;]<\/p>\n","protected":false},"author":8,"featured_media":1372,"comment_status":"open","ping_status":"open","sticky":false,"template":"","format":"standard","meta":{"_monsterinsights_skip_tracking":false,"_monsterinsights_sitenote_active":false,"_monsterinsights_sitenote_note":"","_monsterinsights_sitenote_category":0,"footnotes":""},"categories":[16],"tags":[171,36,169,173,174,175,170],"class_list":["post-1371","post","type-post","status-publish","format-standard","has-post-thumbnail","hentry","category-noticias","tag-ariel-figueroa","tag-campo-quijano","tag-los-murcielagos","tag-los-murcielagos-este-en-la-final-de-los-juegos-paralimpicos-de-tokio-2020","tag-rq99-9mhz","tag-seleccion-juvenil-de-los-murcielagos","tag-tiro-federal"],"yoast_head":"<!-- This site is optimized with the Yoast SEO plugin v20.8 - https:\/\/yoast.com\/wordpress\/plugins\/seo\/ -->\n<title>Ariel Figueroa, un salte\u00f1o en el cuerpo t\u00e9cnico de los &quot;Murci\u00e9lagos&quot;. - RQ 99.9<\/title>\n<meta name=\"description\" content=\"Invit\u00f3 a seguir el partido de esta madrugada y poder descubrir el juego de Los Murci\u00e9lagos\" \/>\n<meta name=\"robots\" content=\"index, follow, max-snippet:-1, max-image-preview:large, max-video-preview:-1\" \/>\n<link rel=\"canonical\" href=\"https:\/\/nahuelproducciones.com.ar\/radioquijano\/ariel-figueroa-un-salteno-en-el-cuerpo-tecnico-de-los-murcielagos\/\" \/>\n<meta property=\"og:locale\" content=\"es_ES\" \/>\n<meta property=\"og:type\" content=\"article\" \/>\n<meta property=\"og:title\" content=\"Ariel Figueroa, un salte\u00f1o en el cuerpo t\u00e9cnico de los &quot;Murci\u00e9lagos&quot;. - RQ 99.9\" \/>\n<meta property=\"og:description\" content=\"Invit\u00f3 a seguir el partido de esta madrugada y poder descubrir el juego de Los Murci\u00e9lagos\" \/>\n<meta property=\"og:url\" content=\"https:\/\/nahuelproducciones.com.ar\/radioquijano\/ariel-figueroa-un-salteno-en-el-cuerpo-tecnico-de-los-murcielagos\/\" \/>\n<meta property=\"og:site_name\" content=\"RQ 99.9\" \/>\n<meta property=\"article:publisher\" content=\"https:\/\/www.facebook.com\/nahuelproducciones999\/\" \/>\n<meta property=\"article:published_time\" content=\"2021-09-04T05:12:32+00:00\" \/>\n<meta property=\"article:modified_time\" content=\"2021-09-04T05:12:33+00:00\" \/>\n<meta property=\"og:image\" content=\"https:\/\/nahuelproducciones.com.ar\/radioquijano\/wp-content\/uploads\/2021\/09\/imagen_2021-09-04_020827-e1630732211158.png\" \/>\n\t<meta property=\"og:image:width\" content=\"700\" \/>\n\t<meta property=\"og:image:height\" content=\"452\" \/>\n\t<meta property=\"og:image:type\" content=\"image\/png\" \/>\n<meta name=\"author\" content=\"Cecilia Pastrana\" \/>\n<meta name=\"twitter:card\" content=\"summary_large_image\" \/>\n<meta name=\"twitter:creator\" content=\"@nahuproduciones\" \/>\n<meta name=\"twitter:site\" content=\"@nahuproduciones\" \/>\n<meta name=\"twitter:label1\" content=\"Escrito por\" \/>\n\t<meta name=\"twitter:data1\" content=\"Cecilia Pastrana\" \/>\n\t<meta name=\"twitter:label2\" content=\"Tiempo de lectura\" \/>\n\t<meta name=\"twitter:data2\" content=\"2 minutos\" \/>\n<script type=\"application\/ld+json\" class=\"yoast-schema-graph\">{\"@context\":\"https:\/\/schema.org\",\"@graph\":[{\"@type\":\"WebPage\",\"@id\":\"https:\/\/nahuelproducciones.com.ar\/radioquijano\/ariel-figueroa-un-salteno-en-el-cuerpo-tecnico-de-los-murcielagos\/\",\"url\":\"https:\/\/nahuelproducciones.com.ar\/radioquijano\/ariel-figueroa-un-salteno-en-el-cuerpo-tecnico-de-los-murcielagos\/\",\"name\":\"Ariel Figueroa, un salte\u00f1o en el cuerpo t\u00e9cnico de los \\\"Murci\u00e9lagos\\\". - RQ 99.9\",\"isPartOf\":{\"@id\":\"https:\/\/nahuelproducciones.com.ar\/radioquijano\/#website\"},\"datePublished\":\"2021-09-04T05:12:32+00:00\",\"dateModified\":\"2021-09-04T05:12:33+00:00\",\"author\":{\"@id\":\"https:\/\/nahuelproducciones.com.ar\/radioquijano\/#\/schema\/person\/e8a4f939e2cb487fe6d0c54042c9d32c\"},\"description\":\"Invit\u00f3 a seguir el partido de esta madrugada y poder descubrir el juego de Los Murci\u00e9lagos\",\"breadcrumb\":{\"@id\":\"https:\/\/nahuelproducciones.com.ar\/radioquijano\/ariel-figueroa-un-salteno-en-el-cuerpo-tecnico-de-los-murcielagos\/#breadcrumb\"},\"inLanguage\":\"es\",\"potentialAction\":[{\"@type\":\"ReadAction\",\"target\":[\"https:\/\/nahuelproducciones.com.ar\/radioquijano\/ariel-figueroa-un-salteno-en-el-cuerpo-tecnico-de-los-murcielagos\/\"]}]},{\"@type\":\"BreadcrumbList\",\"@id\":\"https:\/\/nahuelproducciones.com.ar\/radioquijano\/ariel-figueroa-un-salteno-en-el-cuerpo-tecnico-de-los-murcielagos\/#breadcrumb\",\"itemListElement\":[{\"@type\":\"ListItem\",\"position\":1,\"name\":\"Portada\",\"item\":\"https:\/\/nahuelproducciones.com.ar\/radioquijano\/\"},{\"@type\":\"ListItem\",\"position\":2,\"name\":\"Ariel Figueroa, un salte\u00f1o en el cuerpo t\u00e9cnico de los \u00abMurci\u00e9lagos\u00bb.\"}]},{\"@type\":\"WebSite\",\"@id\":\"https:\/\/nahuelproducciones.com.ar\/radioquijano\/#website\",\"url\":\"https:\/\/nahuelproducciones.com.ar\/radioquijano\/\",\"name\":\"RQ 99.9\",\"description\":\"Radio Quijano 99.9 MHz\",\"potentialAction\":[{\"@type\":\"SearchAction\",\"target\":{\"@type\":\"EntryPoint\",\"urlTemplate\":\"https:\/\/nahuelproducciones.com.ar\/radioquijano\/?s={search_term_string}\"},\"query-input\":\"required name=search_term_string\"}],\"inLanguage\":\"es\"},{\"@type\":\"Person\",\"@id\":\"https:\/\/nahuelproducciones.com.ar\/radioquijano\/#\/schema\/person\/e8a4f939e2cb487fe6d0c54042c9d32c\",\"name\":\"Cecilia Pastrana\",\"image\":{\"@type\":\"ImageObject\",\"inLanguage\":\"es\",\"@id\":\"https:\/\/nahuelproducciones.com.ar\/radioquijano\/#\/schema\/person\/image\/\",\"url\":\"https:\/\/secure.gravatar.com\/avatar\/661a3ef63a8488d4f2794ed44af8cf71420f7e106f3072c40125114df5157749?s=96&d=mm&r=g\",\"contentUrl\":\"https:\/\/secure.gravatar.com\/avatar\/661a3ef63a8488d4f2794ed44af8cf71420f7e106f3072c40125114df5157749?s=96&d=mm&r=g\",\"caption\":\"Cecilia Pastrana\"},\"sameAs\":[\"cecy\"],\"url\":\"https:\/\/nahuelproducciones.com.ar\/radioquijano\/author\/cecy\/\"}]}<\/script>\n<!-- \/ Yoast SEO plugin. -->","yoast_head_json":{"title":"Ariel Figueroa, un salte\u00f1o en el cuerpo t\u00e9cnico de los \"Murci\u00e9lagos\". - RQ 99.9","description":"Invit\u00f3 a seguir el partido de esta madrugada y poder descubrir el juego de Los Murci\u00e9lagos","robots":{"index":"index","follow":"follow","max-snippet":"max-snippet:-1","max-image-preview":"max-image-preview:large","max-video-preview":"max-video-preview:-1"},"canonical":"https:\/\/nahuelproducciones.com.ar\/radioquijano\/ariel-figueroa-un-salteno-en-el-cuerpo-tecnico-de-los-murcielagos\/","og_locale":"es_ES","og_type":"article","og_title":"Ariel Figueroa, un salte\u00f1o en el cuerpo t\u00e9cnico de los \"Murci\u00e9lagos\". - RQ 99.9","og_description":"Invit\u00f3 a seguir el partido de esta madrugada y poder descubrir el juego de Los Murci\u00e9lagos","og_url":"https:\/\/nahuelproducciones.com.ar\/radioquijano\/ariel-figueroa-un-salteno-en-el-cuerpo-tecnico-de-los-murcielagos\/","og_site_name":"RQ 99.9","article_publisher":"https:\/\/www.facebook.com\/nahuelproducciones999\/","article_published_time":"2021-09-04T05:12:32+00:00","article_modified_time":"2021-09-04T05:12:33+00:00","og_image":[{"width":700,"height":452,"url":"https:\/\/nahuelproducciones.com.ar\/radioquijano\/wp-content\/uploads\/2021\/09\/imagen_2021-09-04_020827-e1630732211158.png","type":"image\/png"}],"author":"Cecilia Pastrana","twitter_card":"summary_large_image","twitter_creator":"@nahuproduciones","twitter_site":"@nahuproduciones","twitter_misc":{"Escrito por":"Cecilia Pastrana","Tiempo de lectura":"2 minutos"},"schema":{"@context":"https:\/\/schema.org","@graph":[{"@type":"WebPage","@id":"https:\/\/nahuelproducciones.com.ar\/radioquijano\/ariel-figueroa-un-salteno-en-el-cuerpo-tecnico-de-los-murcielagos\/","url":"https:\/\/nahuelproducciones.com.ar\/radioquijano\/ariel-figueroa-un-salteno-en-el-cuerpo-tecnico-de-los-murcielagos\/","name":"Ariel Figueroa, un salte\u00f1o en el cuerpo t\u00e9cnico de los \"Murci\u00e9lagos\". - RQ 99.9","isPartOf":{"@id":"https:\/\/nahuelproducciones.com.ar\/radioquijano\/#website"},"datePublished":"2021-09-04T05:12:32+00:00","dateModified":"2021-09-04T05:12:33+00:00","author":{"@id":"https:\/\/nahuelproducciones.com.ar\/radioquijano\/#\/schema\/person\/e8a4f939e2cb487fe6d0c54042c9d32c"},"description":"Invit\u00f3 a seguir el partido de esta madrugada y poder descubrir el juego de Los Murci\u00e9lagos","breadcrumb":{"@id":"https:\/\/nahuelproducciones.com.ar\/radioquijano\/ariel-figueroa-un-salteno-en-el-cuerpo-tecnico-de-los-murcielagos\/#breadcrumb"},"inLanguage":"es","potentialAction":[{"@type":"ReadAction","target":["https:\/\/nahuelproducciones.com.ar\/radioquijano\/ariel-figueroa-un-salteno-en-el-cuerpo-tecnico-de-los-murcielagos\/"]}]},{"@type":"BreadcrumbList","@id":"https:\/\/nahuelproducciones.com.ar\/radioquijano\/ariel-figueroa-un-salteno-en-el-cuerpo-tecnico-de-los-murcielagos\/#breadcrumb","itemListElement":[{"@type":"ListItem","position":1,"name":"Portada","item":"https:\/\/nahuelproducciones.com.ar\/radioquijano\/"},{"@type":"ListItem","position":2,"name":"Ariel Figueroa, un salte\u00f1o en el cuerpo t\u00e9cnico de los \u00abMurci\u00e9lagos\u00bb."}]},{"@type":"WebSite","@id":"https:\/\/nahuelproducciones.com.ar\/radioquijano\/#website","url":"https:\/\/nahuelproducciones.com.ar\/radioquijano\/","name":"RQ 99.9","description":"Radio Quijano 99.9 MHz","potentialAction":[{"@type":"SearchAction","target":{"@type":"EntryPoint","urlTemplate":"https:\/\/nahuelproducciones.com.ar\/radioquijano\/?s={search_term_string}"},"query-input":"required name=search_term_string"}],"inLanguage":"es"},{"@type":"Person","@id":"https:\/\/nahuelproducciones.com.ar\/radioquijano\/#\/schema\/person\/e8a4f939e2cb487fe6d0c54042c9d32c","name":"Cecilia Pastrana","image":{"@type":"ImageObject","inLanguage":"es","@id":"https:\/\/nahuelproducciones.com.ar\/radioquijano\/#\/schema\/person\/image\/","url":"https:\/\/secure.gravatar.com\/avatar\/661a3ef63a8488d4f2794ed44af8cf71420f7e106f3072c40125114df5157749?s=96&d=mm&r=g","contentUrl":"https:\/\/secure.gravatar.com\/avatar\/661a3ef63a8488d4f2794ed44af8cf71420f7e106f3072c40125114df5157749?s=96&d=mm&r=g","caption":"Cecilia Pastrana"},"sameAs":["cecy"],"url":"https:\/\/nahuelproducciones.com.ar\/radioquijano\/author\/cecy\/"}]}},"_links":{"self":[{"href":"https:\/\/nahuelproducciones.com.ar\/radioquijano\/wp-json\/wp\/v2\/posts\/1371","targetHints":{"allow":["GET"]}}],"collection":[{"href":"https:\/\/nahuelproducciones.com.ar\/radioquijano\/wp-json\/wp\/v2\/posts"}],"about":[{"href":"https:\/\/nahuelproducciones.com.ar\/radioquijano\/wp-json\/wp\/v2\/types\/post"}],"author":[{"embeddable":true,"href":"https:\/\/nahuelproducciones.com.ar\/radioquijano\/wp-json\/wp\/v2\/users\/8"}],"replies":[{"embeddable":true,"href":"https:\/\/nahuelproducciones.com.ar\/radioquijano\/wp-json\/wp\/v2\/comments?post=1371"}],"version-history":[{"count":1,"href":"https:\/\/nahuelproducciones.com.ar\/radioquijano\/wp-json\/wp\/v2\/posts\/1371\/revisions"}],"predecessor-version":[{"id":1373,"href":"https:\/\/nahuelproducciones.com.ar\/radioquijano\/wp-json\/wp\/v2\/posts\/1371\/revisions\/1373"}],"wp:featuredmedia":[{"embeddable":true,"href":"https:\/\/nahuelproducciones.com.ar\/radioquijano\/wp-json\/wp\/v2\/media\/1372"}],"wp:attachment":[{"href":"https:\/\/nahuelproducciones.com.ar\/radioquijano\/wp-json\/wp\/v2\/media?parent=1371"}],"wp:term":[{"taxonomy":"category","embeddable":true,"href":"https:\/\/nahuelproducciones.com.ar\/radioquijano\/wp-json\/wp\/v2\/categories?post=1371"},{"taxonomy":"post_tag","embeddable":true,"href":"https:\/\/nahuelproducciones.com.ar\/radioquijano\/wp-json\/wp\/v2\/tags?post=1371"}],"curies":[{"name":"wp","href":"https:\/\/api.w.org\/{rel}","templated":true}]}}