{"id":1398,"date":"2021-09-20T00:16:30","date_gmt":"2021-09-20T03:16:30","guid":{"rendered":"https:\/\/nahuelproducciones.com.ar\/radioquijano\/?p=1398"},"modified":"2021-09-20T00:16:32","modified_gmt":"2021-09-20T03:16:32","slug":"roban-en-autoservicio-san-nicolas-en-campo-quijano","status":"publish","type":"post","link":"https:\/\/nahuelproducciones.com.ar\/radioquijano\/roban-en-autoservicio-san-nicolas-en-campo-quijano\/","title":{"rendered":"Roban en Autoservicio San Nicolas en Campo Quijano."},"content":{"rendered":"\n<p>El due\u00f1o del local comercial sorprendi\u00f3 a dos j\u00f3venes que entre sus prendas llevaban bebida alcoholicas.<\/p>\n\n\n\n<p>En la noche de hoy en el muro de facebook publico im\u00e1genes de lo sucedido y acompa\u00f1o con un comentario que dice lo siguiente:<\/p>\n\n\n\n<p> \u00abHoy de nuevo soy objeto de otro robo y lo peor que siempre es bebidas alcoh\u00f3licas osea que no es necesidad.No quise reaccionar de la misma manera que el robo anterior porque me trajo muchos problemas a pesar que estaba defendiendo lo m\u00edo as\u00ed que lo \u00fanico que hice es correrlos pero la verdad que ya no me aguanto m\u00e1s que me est\u00e9n robando siempre lo que con tanto esfuerzo puedo tener para m\u00ed trabajo y me arrepiento de no haberle metido una buena paliza aunque sea ,pero ya no me banco m\u00e1s a la gente da\u00f1ina que tanto mal hace al pueblo.no los conozco pero si alguien los reconoce me gustar\u00eda escracharlos con nombre y apellido para que por lo menos tengan verg\u00fcenza aunque lo dudo que conozcan lo que es eso.\u00bb<\/p>\n\n\n\n<p>La secuencias quedaron registradas en una c\u00e1mara de seguridad del interior del local.<\/p>\n\n\n\n<p>No es la primera vez que le intentan robar o le roban al <a href=\"https:\/\/www.facebook.com\/2097977707188663\/videos\/6033370193404630\" target=\"_blank\" rel=\"noreferrer noopener\">Autoservicio Nicolas<\/a>. La inseguridad se da en pleno centro de Campo Quijano-<\/p>\n\n\n<p><iframe loading=\"lazy\" src=\"https:\/\/www.facebook.com\/plugins\/video.php?height=317&#038;href=https%3A%2F%2Fwww.facebook.com%2F2097977707188663%2Fvideos%2F6033370193404630%2F&#038;show_text=false&#038;width=560&#038;t=0\" width=\"560\" height=\"317\" style=\"border:none;overflow:hidden\" scrolling=\"no\" frameborder=\"0\" allowfullscreen=\"true\" allow=\"autoplay; clipboard-write; encrypted-media; picture-in-picture; web-share\" allowFullScreen=\"true\"><\/iframe><\/p>\n\n\n\n<p><a href=\"#RQ99.9Mhz\" target=\"_blank\" rel=\"noreferrer noopener\">#RQ99.9Mhz<\/a>  <a href=\"https:\/\/www.facebook.com\/nahuelproducciones999\/?ref=pages_you_manage\" target=\"_blank\" rel=\"noreferrer noopener\">CAMPO QUIJANO<\/a><\/p>\n","protected":false},"excerpt":{"rendered":"<p>El due\u00f1o del local comercial sorprendi\u00f3 a dos j\u00f3venes que entre sus prendas llevaban bebida alcoholicas. En la noche de hoy en el muro de facebook publico im\u00e1genes de lo sucedido y acompa\u00f1o con un comentario que dice lo siguiente: \u00abHoy de nuevo soy objeto de otro robo y lo peor que siempre es bebidas [&hellip;]<\/p>\n","protected":false},"author":8,"featured_media":1399,"comment_status":"open","ping_status":"open","sticky":false,"template":"","format":"standard","meta":{"_monsterinsights_skip_tracking":false,"_monsterinsights_sitenote_active":false,"_monsterinsights_sitenote_note":"","_monsterinsights_sitenote_category":0,"footnotes":""},"categories":[16],"tags":[180,36,100],"class_list":["post-1398","post","type-post","status-publish","format-standard","has-post-thumbnail","hentry","category-noticias","tag-autoservicio-nicolas","tag-campo-quijano","tag-municipio-de-campo-quijano"],"yoast_head":"<!-- This site is optimized with the Yoast SEO plugin v20.8 - https:\/\/yoast.com\/wordpress\/plugins\/seo\/ -->\n<title>Roban en Autoservicio San Nicolas en Campo Quijano. - RQ 99.9<\/title>\n<meta name=\"description\" content=\"La secuencias quedaron registradas en una c\u00e1mara de seguridad del interior del local.\" \/>\n<meta name=\"robots\" content=\"index, follow, max-snippet:-1, max-image-preview:large, max-video-preview:-1\" \/>\n<link rel=\"canonical\" href=\"https:\/\/nahuelproducciones.com.ar\/radioquijano\/roban-en-autoservicio-san-nicolas-en-campo-quijano\/\" \/>\n<meta property=\"og:locale\" content=\"es_ES\" \/>\n<meta property=\"og:type\" content=\"article\" \/>\n<meta property=\"og:title\" content=\"Roban en Autoservicio San Nicolas en Campo Quijano. - RQ 99.9\" \/>\n<meta property=\"og:description\" content=\"La secuencias quedaron registradas en una c\u00e1mara de seguridad del interior del local.\" \/>\n<meta property=\"og:url\" content=\"https:\/\/nahuelproducciones.com.ar\/radioquijano\/roban-en-autoservicio-san-nicolas-en-campo-quijano\/\" \/>\n<meta property=\"og:site_name\" content=\"RQ 99.9\" \/>\n<meta property=\"article:publisher\" content=\"https:\/\/www.facebook.com\/nahuelproducciones999\/\" \/>\n<meta property=\"article:published_time\" content=\"2021-09-20T03:16:30+00:00\" \/>\n<meta property=\"article:modified_time\" content=\"2021-09-20T03:16:32+00:00\" \/>\n<meta property=\"og:image\" content=\"https:\/\/nahuelproducciones.com.ar\/radioquijano\/wp-content\/uploads\/2021\/09\/WhatsApp-Image-2021-09-19-at-11.58.04-PM-e1632107028377.jpeg\" \/>\n\t<meta property=\"og:image:width\" content=\"700\" \/>\n\t<meta property=\"og:image:height\" content=\"384\" \/>\n\t<meta property=\"og:image:type\" content=\"image\/jpeg\" \/>\n<meta name=\"author\" content=\"Cecilia Pastrana\" \/>\n<meta name=\"twitter:card\" content=\"summary_large_image\" \/>\n<meta name=\"twitter:creator\" content=\"@nahuproduciones\" \/>\n<meta name=\"twitter:site\" content=\"@nahuproduciones\" \/>\n<meta name=\"twitter:label1\" content=\"Escrito por\" \/>\n\t<meta name=\"twitter:data1\" content=\"Cecilia Pastrana\" \/>\n\t<meta name=\"twitter:label2\" content=\"Tiempo de lectura\" \/>\n\t<meta name=\"twitter:data2\" content=\"1 minuto\" \/>\n<script type=\"application\/ld+json\" class=\"yoast-schema-graph\">{\"@context\":\"https:\/\/schema.org\",\"@graph\":[{\"@type\":\"WebPage\",\"@id\":\"https:\/\/nahuelproducciones.com.ar\/radioquijano\/roban-en-autoservicio-san-nicolas-en-campo-quijano\/\",\"url\":\"https:\/\/nahuelproducciones.com.ar\/radioquijano\/roban-en-autoservicio-san-nicolas-en-campo-quijano\/\",\"name\":\"Roban en Autoservicio San Nicolas en Campo Quijano. - RQ 99.9\",\"isPartOf\":{\"@id\":\"https:\/\/nahuelproducciones.com.ar\/radioquijano\/#website\"},\"datePublished\":\"2021-09-20T03:16:30+00:00\",\"dateModified\":\"2021-09-20T03:16:32+00:00\",\"author\":{\"@id\":\"https:\/\/nahuelproducciones.com.ar\/radioquijano\/#\/schema\/person\/e8a4f939e2cb487fe6d0c54042c9d32c\"},\"description\":\"La secuencias quedaron registradas en una c\u00e1mara de seguridad del interior del local.\",\"breadcrumb\":{\"@id\":\"https:\/\/nahuelproducciones.com.ar\/radioquijano\/roban-en-autoservicio-san-nicolas-en-campo-quijano\/#breadcrumb\"},\"inLanguage\":\"es\",\"potentialAction\":[{\"@type\":\"ReadAction\",\"target\":[\"https:\/\/nahuelproducciones.com.ar\/radioquijano\/roban-en-autoservicio-san-nicolas-en-campo-quijano\/\"]}]},{\"@type\":\"BreadcrumbList\",\"@id\":\"https:\/\/nahuelproducciones.com.ar\/radioquijano\/roban-en-autoservicio-san-nicolas-en-campo-quijano\/#breadcrumb\",\"itemListElement\":[{\"@type\":\"ListItem\",\"position\":1,\"name\":\"Portada\",\"item\":\"https:\/\/nahuelproducciones.com.ar\/radioquijano\/\"},{\"@type\":\"ListItem\",\"position\":2,\"name\":\"Roban en Autoservicio San Nicolas en Campo Quijano.\"}]},{\"@type\":\"WebSite\",\"@id\":\"https:\/\/nahuelproducciones.com.ar\/radioquijano\/#website\",\"url\":\"https:\/\/nahuelproducciones.com.ar\/radioquijano\/\",\"name\":\"RQ 99.9\",\"description\":\"Radio Quijano 99.9 MHz\",\"potentialAction\":[{\"@type\":\"SearchAction\",\"target\":{\"@type\":\"EntryPoint\",\"urlTemplate\":\"https:\/\/nahuelproducciones.com.ar\/radioquijano\/?s={search_term_string}\"},\"query-input\":\"required name=search_term_string\"}],\"inLanguage\":\"es\"},{\"@type\":\"Person\",\"@id\":\"https:\/\/nahuelproducciones.com.ar\/radioquijano\/#\/schema\/person\/e8a4f939e2cb487fe6d0c54042c9d32c\",\"name\":\"Cecilia Pastrana\",\"image\":{\"@type\":\"ImageObject\",\"inLanguage\":\"es\",\"@id\":\"https:\/\/nahuelproducciones.com.ar\/radioquijano\/#\/schema\/person\/image\/\",\"url\":\"https:\/\/secure.gravatar.com\/avatar\/661a3ef63a8488d4f2794ed44af8cf71420f7e106f3072c40125114df5157749?s=96&d=mm&r=g\",\"contentUrl\":\"https:\/\/secure.gravatar.com\/avatar\/661a3ef63a8488d4f2794ed44af8cf71420f7e106f3072c40125114df5157749?s=96&d=mm&r=g\",\"caption\":\"Cecilia Pastrana\"},\"sameAs\":[\"cecy\"],\"url\":\"https:\/\/nahuelproducciones.com.ar\/radioquijano\/author\/cecy\/\"}]}<\/script>\n<!-- \/ Yoast SEO plugin. -->","yoast_head_json":{"title":"Roban en Autoservicio San Nicolas en Campo Quijano. - RQ 99.9","description":"La secuencias quedaron registradas en una c\u00e1mara de seguridad del interior del local.","robots":{"index":"index","follow":"follow","max-snippet":"max-snippet:-1","max-image-preview":"max-image-preview:large","max-video-preview":"max-video-preview:-1"},"canonical":"https:\/\/nahuelproducciones.com.ar\/radioquijano\/roban-en-autoservicio-san-nicolas-en-campo-quijano\/","og_locale":"es_ES","og_type":"article","og_title":"Roban en Autoservicio San Nicolas en Campo Quijano. - RQ 99.9","og_description":"La secuencias quedaron registradas en una c\u00e1mara de seguridad del interior del local.","og_url":"https:\/\/nahuelproducciones.com.ar\/radioquijano\/roban-en-autoservicio-san-nicolas-en-campo-quijano\/","og_site_name":"RQ 99.9","article_publisher":"https:\/\/www.facebook.com\/nahuelproducciones999\/","article_published_time":"2021-09-20T03:16:30+00:00","article_modified_time":"2021-09-20T03:16:32+00:00","og_image":[{"width":700,"height":384,"url":"https:\/\/nahuelproducciones.com.ar\/radioquijano\/wp-content\/uploads\/2021\/09\/WhatsApp-Image-2021-09-19-at-11.58.04-PM-e1632107028377.jpeg","type":"image\/jpeg"}],"author":"Cecilia Pastrana","twitter_card":"summary_large_image","twitter_creator":"@nahuproduciones","twitter_site":"@nahuproduciones","twitter_misc":{"Escrito por":"Cecilia Pastrana","Tiempo de lectura":"1 minuto"},"schema":{"@context":"https:\/\/schema.org","@graph":[{"@type":"WebPage","@id":"https:\/\/nahuelproducciones.com.ar\/radioquijano\/roban-en-autoservicio-san-nicolas-en-campo-quijano\/","url":"https:\/\/nahuelproducciones.com.ar\/radioquijano\/roban-en-autoservicio-san-nicolas-en-campo-quijano\/","name":"Roban en Autoservicio San Nicolas en Campo Quijano. - RQ 99.9","isPartOf":{"@id":"https:\/\/nahuelproducciones.com.ar\/radioquijano\/#website"},"datePublished":"2021-09-20T03:16:30+00:00","dateModified":"2021-09-20T03:16:32+00:00","author":{"@id":"https:\/\/nahuelproducciones.com.ar\/radioquijano\/#\/schema\/person\/e8a4f939e2cb487fe6d0c54042c9d32c"},"description":"La secuencias quedaron registradas en una c\u00e1mara de seguridad del interior del local.","breadcrumb":{"@id":"https:\/\/nahuelproducciones.com.ar\/radioquijano\/roban-en-autoservicio-san-nicolas-en-campo-quijano\/#breadcrumb"},"inLanguage":"es","potentialAction":[{"@type":"ReadAction","target":["https:\/\/nahuelproducciones.com.ar\/radioquijano\/roban-en-autoservicio-san-nicolas-en-campo-quijano\/"]}]},{"@type":"BreadcrumbList","@id":"https:\/\/nahuelproducciones.com.ar\/radioquijano\/roban-en-autoservicio-san-nicolas-en-campo-quijano\/#breadcrumb","itemListElement":[{"@type":"ListItem","position":1,"name":"Portada","item":"https:\/\/nahuelproducciones.com.ar\/radioquijano\/"},{"@type":"ListItem","position":2,"name":"Roban en Autoservicio San Nicolas en Campo Quijano."}]},{"@type":"WebSite","@id":"https:\/\/nahuelproducciones.com.ar\/radioquijano\/#website","url":"https:\/\/nahuelproducciones.com.ar\/radioquijano\/","name":"RQ 99.9","description":"Radio Quijano 99.9 MHz","potentialAction":[{"@type":"SearchAction","target":{"@type":"EntryPoint","urlTemplate":"https:\/\/nahuelproducciones.com.ar\/radioquijano\/?s={search_term_string}"},"query-input":"required name=search_term_string"}],"inLanguage":"es"},{"@type":"Person","@id":"https:\/\/nahuelproducciones.com.ar\/radioquijano\/#\/schema\/person\/e8a4f939e2cb487fe6d0c54042c9d32c","name":"Cecilia Pastrana","image":{"@type":"ImageObject","inLanguage":"es","@id":"https:\/\/nahuelproducciones.com.ar\/radioquijano\/#\/schema\/person\/image\/","url":"https:\/\/secure.gravatar.com\/avatar\/661a3ef63a8488d4f2794ed44af8cf71420f7e106f3072c40125114df5157749?s=96&d=mm&r=g","contentUrl":"https:\/\/secure.gravatar.com\/avatar\/661a3ef63a8488d4f2794ed44af8cf71420f7e106f3072c40125114df5157749?s=96&d=mm&r=g","caption":"Cecilia Pastrana"},"sameAs":["cecy"],"url":"https:\/\/nahuelproducciones.com.ar\/radioquijano\/author\/cecy\/"}]}},"_links":{"self":[{"href":"https:\/\/nahuelproducciones.com.ar\/radioquijano\/wp-json\/wp\/v2\/posts\/1398","targetHints":{"allow":["GET"]}}],"collection":[{"href":"https:\/\/nahuelproducciones.com.ar\/radioquijano\/wp-json\/wp\/v2\/posts"}],"about":[{"href":"https:\/\/nahuelproducciones.com.ar\/radioquijano\/wp-json\/wp\/v2\/types\/post"}],"author":[{"embeddable":true,"href":"https:\/\/nahuelproducciones.com.ar\/radioquijano\/wp-json\/wp\/v2\/users\/8"}],"replies":[{"embeddable":true,"href":"https:\/\/nahuelproducciones.com.ar\/radioquijano\/wp-json\/wp\/v2\/comments?post=1398"}],"version-history":[{"count":2,"href":"https:\/\/nahuelproducciones.com.ar\/radioquijano\/wp-json\/wp\/v2\/posts\/1398\/revisions"}],"predecessor-version":[{"id":1401,"href":"https:\/\/nahuelproducciones.com.ar\/radioquijano\/wp-json\/wp\/v2\/posts\/1398\/revisions\/1401"}],"wp:featuredmedia":[{"embeddable":true,"href":"https:\/\/nahuelproducciones.com.ar\/radioquijano\/wp-json\/wp\/v2\/media\/1399"}],"wp:attachment":[{"href":"https:\/\/nahuelproducciones.com.ar\/radioquijano\/wp-json\/wp\/v2\/media?parent=1398"}],"wp:term":[{"taxonomy":"category","embeddable":true,"href":"https:\/\/nahuelproducciones.com.ar\/radioquijano\/wp-json\/wp\/v2\/categories?post=1398"},{"taxonomy":"post_tag","embeddable":true,"href":"https:\/\/nahuelproducciones.com.ar\/radioquijano\/wp-json\/wp\/v2\/tags?post=1398"}],"curies":[{"name":"wp","href":"https:\/\/api.w.org\/{rel}","templated":true}]}}