{"id":1410,"date":"2021-09-21T14:33:34","date_gmt":"2021-09-21T17:33:34","guid":{"rendered":"https:\/\/nahuelproducciones.com.ar\/radioquijano\/?p=1410"},"modified":"2021-09-21T14:33:38","modified_gmt":"2021-09-21T17:33:38","slug":"ya-se-puede-hacer-asadito-en-los-catamaranes","status":"publish","type":"post","link":"https:\/\/nahuelproducciones.com.ar\/radioquijano\/ya-se-puede-hacer-asadito-en-los-catamaranes\/","title":{"rendered":"Ya se puede hacer asadito en los catamaranes"},"content":{"rendered":"\n<p>As\u00ec nos cont\u00f3 Darlo Brunoto por Radio Quijano 99.9 propietario del catamar\u00e1n MI TATA, quien recorre el dique Cabra Corral desde hace varios a\u00f1os atr\u00e1s.<\/p>\n\n\n\n<p>La nueva resoluci\u00f3n establece que ya pueden hacer el asadito y tambi\u00e9n podr\u00e1n  regresar a puerto a las 2 de la madrugada, as\u00ec lo establece el documento firmado por el intendente de Coronel Moldes Omar Carrasco.<\/p>\n\n\n\n<p>Tambi\u00e9n se estudia la posibilidad de volver a realizar paseos en horas de la ma\u00f1ana y que hay familias que lo est\u00e1n solicitando desde hace un tiempo atr\u00e1s.<\/p>\n\n\n\n<p>En cuanto a las medidas sanitarias por COVID.19 es necesario presentar carnet de vacunaci\u00f3n o poseer  la primera dosis ya que hay multas tanto para el propietario de la embarcaci\u00f3n como para los ciudadano que no lo presenten.<\/p>\n\n\n\n<figure class=\"wp-block-audio\"><audio controls src=\"https:\/\/nahuelproducciones.com.ar\/radioquijano\/wp-content\/uploads\/2021\/09\/21-09-2021-Dario-Brunotto-ya-se-puede-hacer-asado-en-el-catamaran.mp3\"><\/audio><\/figure>\n\n\n\n<div class=\"wp-block-image\"><figure class=\"aligncenter size-large is-resized\"><img loading=\"lazy\" decoding=\"async\" src=\"https:\/\/nahuelproducciones.com.ar\/radioquijano\/wp-content\/uploads\/2021\/09\/catamaran-brunoto-1024x839.png\" alt=\"\" class=\"wp-image-1414\" width=\"643\" height=\"527\" srcset=\"https:\/\/nahuelproducciones.com.ar\/radioquijano\/wp-content\/uploads\/2021\/09\/catamaran-brunoto-1024x839.png 1024w, https:\/\/nahuelproducciones.com.ar\/radioquijano\/wp-content\/uploads\/2021\/09\/catamaran-brunoto-300x246.png 300w, https:\/\/nahuelproducciones.com.ar\/radioquijano\/wp-content\/uploads\/2021\/09\/catamaran-brunoto-768x629.png 768w, https:\/\/nahuelproducciones.com.ar\/radioquijano\/wp-content\/uploads\/2021\/09\/catamaran-brunoto-150x123.png 150w, https:\/\/nahuelproducciones.com.ar\/radioquijano\/wp-content\/uploads\/2021\/09\/catamaran-brunoto.png 1080w\" sizes=\"auto, (max-width: 643px) 100vw, 643px\" \/><\/figure><\/div>\n","protected":false},"excerpt":{"rendered":"<p>As\u00ec nos cont\u00f3 Darlo Brunoto por Radio Quijano 99.9 propietario del catamar\u00e1n MI TATA, quien recorre el dique Cabra Corral desde hace varios a\u00f1os atr\u00e1s. La nueva resoluci\u00f3n establece que ya pueden hacer el asadito y tambi\u00e9n podr\u00e1n regresar a puerto a las 2 de la madrugada, as\u00ec lo establece el documento firmado por el [&hellip;]<\/p>\n","protected":false},"author":6,"featured_media":1413,"comment_status":"open","ping_status":"open","sticky":false,"template":"","format":"standard","meta":{"_monsterinsights_skip_tracking":false,"_monsterinsights_sitenote_active":false,"_monsterinsights_sitenote_note":"","_monsterinsights_sitenote_category":0,"footnotes":""},"categories":[16],"tags":[187,189,195,193,196,192,191,28,194,188,190],"class_list":["post-1410","post","type-post","status-publish","format-standard","has-post-thumbnail","hentry","category-noticias","tag-cabra-corral","tag-coronel-moldes","tag-dario-brunoto","tag-dique-cabra-corral","tag-omar-carrasco","tag-pejerrey","tag-pesca","tag-salta","tag-salta-la-linda","tag-tata-brunoto","tag-turismo"],"yoast_head":"<!-- This site is optimized with the Yoast SEO plugin v20.8 - https:\/\/yoast.com\/wordpress\/plugins\/seo\/ -->\n<title>Ya se puede hacer asadito en los catamaranes - RQ 99.9<\/title>\n<meta name=\"robots\" content=\"index, follow, max-snippet:-1, max-image-preview:large, max-video-preview:-1\" \/>\n<link rel=\"canonical\" href=\"https:\/\/nahuelproducciones.com.ar\/radioquijano\/ya-se-puede-hacer-asadito-en-los-catamaranes\/\" \/>\n<meta property=\"og:locale\" content=\"es_ES\" \/>\n<meta property=\"og:type\" content=\"article\" \/>\n<meta property=\"og:title\" content=\"Ya se puede hacer asadito en los catamaranes - RQ 99.9\" \/>\n<meta property=\"og:description\" content=\"As\u00ec nos cont\u00f3 Darlo Brunoto por Radio Quijano 99.9 propietario del catamar\u00e1n MI TATA, quien recorre el dique Cabra Corral desde hace varios a\u00f1os atr\u00e1s. La nueva resoluci\u00f3n establece que ya pueden hacer el asadito y tambi\u00e9n podr\u00e1n regresar a puerto a las 2 de la madrugada, as\u00ec lo establece el documento firmado por el [&hellip;]\" \/>\n<meta property=\"og:url\" content=\"https:\/\/nahuelproducciones.com.ar\/radioquijano\/ya-se-puede-hacer-asadito-en-los-catamaranes\/\" \/>\n<meta property=\"og:site_name\" content=\"RQ 99.9\" \/>\n<meta property=\"article:publisher\" content=\"https:\/\/www.facebook.com\/nahuelproducciones999\/\" \/>\n<meta property=\"article:published_time\" content=\"2021-09-21T17:33:34+00:00\" \/>\n<meta property=\"article:modified_time\" content=\"2021-09-21T17:33:38+00:00\" \/>\n<meta property=\"og:image\" content=\"https:\/\/nahuelproducciones.com.ar\/radioquijano\/wp-content\/uploads\/2021\/09\/WhatsApp-Image-2021-04-30-at-16.16.28.jpeg\" \/>\n\t<meta property=\"og:image:width\" content=\"700\" \/>\n\t<meta property=\"og:image:height\" content=\"350\" \/>\n\t<meta property=\"og:image:type\" content=\"image\/jpeg\" \/>\n<meta name=\"author\" content=\"Ricardo Guzman\" \/>\n<meta name=\"twitter:card\" content=\"summary_large_image\" \/>\n<meta name=\"twitter:creator\" content=\"@nahuproduciones\" \/>\n<meta name=\"twitter:site\" content=\"@nahuproduciones\" \/>\n<meta name=\"twitter:label1\" content=\"Escrito por\" \/>\n\t<meta name=\"twitter:data1\" content=\"Ricardo Guzman\" \/>\n\t<meta name=\"twitter:label2\" content=\"Tiempo de lectura\" \/>\n\t<meta name=\"twitter:data2\" content=\"1 minuto\" \/>\n<script type=\"application\/ld+json\" class=\"yoast-schema-graph\">{\"@context\":\"https:\/\/schema.org\",\"@graph\":[{\"@type\":\"WebPage\",\"@id\":\"https:\/\/nahuelproducciones.com.ar\/radioquijano\/ya-se-puede-hacer-asadito-en-los-catamaranes\/\",\"url\":\"https:\/\/nahuelproducciones.com.ar\/radioquijano\/ya-se-puede-hacer-asadito-en-los-catamaranes\/\",\"name\":\"Ya se puede hacer asadito en los catamaranes - RQ 99.9\",\"isPartOf\":{\"@id\":\"https:\/\/nahuelproducciones.com.ar\/radioquijano\/#website\"},\"datePublished\":\"2021-09-21T17:33:34+00:00\",\"dateModified\":\"2021-09-21T17:33:38+00:00\",\"author\":{\"@id\":\"https:\/\/nahuelproducciones.com.ar\/radioquijano\/#\/schema\/person\/b9b81a110cbdf07949e2cd02d478ab9d\"},\"breadcrumb\":{\"@id\":\"https:\/\/nahuelproducciones.com.ar\/radioquijano\/ya-se-puede-hacer-asadito-en-los-catamaranes\/#breadcrumb\"},\"inLanguage\":\"es\",\"potentialAction\":[{\"@type\":\"ReadAction\",\"target\":[\"https:\/\/nahuelproducciones.com.ar\/radioquijano\/ya-se-puede-hacer-asadito-en-los-catamaranes\/\"]}]},{\"@type\":\"BreadcrumbList\",\"@id\":\"https:\/\/nahuelproducciones.com.ar\/radioquijano\/ya-se-puede-hacer-asadito-en-los-catamaranes\/#breadcrumb\",\"itemListElement\":[{\"@type\":\"ListItem\",\"position\":1,\"name\":\"Portada\",\"item\":\"https:\/\/nahuelproducciones.com.ar\/radioquijano\/\"},{\"@type\":\"ListItem\",\"position\":2,\"name\":\"Ya se puede hacer asadito en los catamaranes\"}]},{\"@type\":\"WebSite\",\"@id\":\"https:\/\/nahuelproducciones.com.ar\/radioquijano\/#website\",\"url\":\"https:\/\/nahuelproducciones.com.ar\/radioquijano\/\",\"name\":\"RQ 99.9\",\"description\":\"Radio Quijano 99.9 MHz\",\"potentialAction\":[{\"@type\":\"SearchAction\",\"target\":{\"@type\":\"EntryPoint\",\"urlTemplate\":\"https:\/\/nahuelproducciones.com.ar\/radioquijano\/?s={search_term_string}\"},\"query-input\":\"required name=search_term_string\"}],\"inLanguage\":\"es\"},{\"@type\":\"Person\",\"@id\":\"https:\/\/nahuelproducciones.com.ar\/radioquijano\/#\/schema\/person\/b9b81a110cbdf07949e2cd02d478ab9d\",\"name\":\"Ricardo Guzman\",\"image\":{\"@type\":\"ImageObject\",\"inLanguage\":\"es\",\"@id\":\"https:\/\/nahuelproducciones.com.ar\/radioquijano\/#\/schema\/person\/image\/\",\"url\":\"https:\/\/secure.gravatar.com\/avatar\/a5d582deda251f95dc882b72fc6e7b4854f88bb25c3154519210afffa7d706e8?s=96&d=mm&r=g\",\"contentUrl\":\"https:\/\/secure.gravatar.com\/avatar\/a5d582deda251f95dc882b72fc6e7b4854f88bb25c3154519210afffa7d706e8?s=96&d=mm&r=g\",\"caption\":\"Ricardo Guzman\"},\"url\":\"https:\/\/nahuelproducciones.com.ar\/radioquijano\/author\/cady\/\"}]}<\/script>\n<!-- \/ Yoast SEO plugin. -->","yoast_head_json":{"title":"Ya se puede hacer asadito en los catamaranes - RQ 99.9","robots":{"index":"index","follow":"follow","max-snippet":"max-snippet:-1","max-image-preview":"max-image-preview:large","max-video-preview":"max-video-preview:-1"},"canonical":"https:\/\/nahuelproducciones.com.ar\/radioquijano\/ya-se-puede-hacer-asadito-en-los-catamaranes\/","og_locale":"es_ES","og_type":"article","og_title":"Ya se puede hacer asadito en los catamaranes - RQ 99.9","og_description":"As\u00ec nos cont\u00f3 Darlo Brunoto por Radio Quijano 99.9 propietario del catamar\u00e1n MI TATA, quien recorre el dique Cabra Corral desde hace varios a\u00f1os atr\u00e1s. La nueva resoluci\u00f3n establece que ya pueden hacer el asadito y tambi\u00e9n podr\u00e1n regresar a puerto a las 2 de la madrugada, as\u00ec lo establece el documento firmado por el [&hellip;]","og_url":"https:\/\/nahuelproducciones.com.ar\/radioquijano\/ya-se-puede-hacer-asadito-en-los-catamaranes\/","og_site_name":"RQ 99.9","article_publisher":"https:\/\/www.facebook.com\/nahuelproducciones999\/","article_published_time":"2021-09-21T17:33:34+00:00","article_modified_time":"2021-09-21T17:33:38+00:00","og_image":[{"width":700,"height":350,"url":"https:\/\/nahuelproducciones.com.ar\/radioquijano\/wp-content\/uploads\/2021\/09\/WhatsApp-Image-2021-04-30-at-16.16.28.jpeg","type":"image\/jpeg"}],"author":"Ricardo Guzman","twitter_card":"summary_large_image","twitter_creator":"@nahuproduciones","twitter_site":"@nahuproduciones","twitter_misc":{"Escrito por":"Ricardo Guzman","Tiempo de lectura":"1 minuto"},"schema":{"@context":"https:\/\/schema.org","@graph":[{"@type":"WebPage","@id":"https:\/\/nahuelproducciones.com.ar\/radioquijano\/ya-se-puede-hacer-asadito-en-los-catamaranes\/","url":"https:\/\/nahuelproducciones.com.ar\/radioquijano\/ya-se-puede-hacer-asadito-en-los-catamaranes\/","name":"Ya se puede hacer asadito en los catamaranes - RQ 99.9","isPartOf":{"@id":"https:\/\/nahuelproducciones.com.ar\/radioquijano\/#website"},"datePublished":"2021-09-21T17:33:34+00:00","dateModified":"2021-09-21T17:33:38+00:00","author":{"@id":"https:\/\/nahuelproducciones.com.ar\/radioquijano\/#\/schema\/person\/b9b81a110cbdf07949e2cd02d478ab9d"},"breadcrumb":{"@id":"https:\/\/nahuelproducciones.com.ar\/radioquijano\/ya-se-puede-hacer-asadito-en-los-catamaranes\/#breadcrumb"},"inLanguage":"es","potentialAction":[{"@type":"ReadAction","target":["https:\/\/nahuelproducciones.com.ar\/radioquijano\/ya-se-puede-hacer-asadito-en-los-catamaranes\/"]}]},{"@type":"BreadcrumbList","@id":"https:\/\/nahuelproducciones.com.ar\/radioquijano\/ya-se-puede-hacer-asadito-en-los-catamaranes\/#breadcrumb","itemListElement":[{"@type":"ListItem","position":1,"name":"Portada","item":"https:\/\/nahuelproducciones.com.ar\/radioquijano\/"},{"@type":"ListItem","position":2,"name":"Ya se puede hacer asadito en los catamaranes"}]},{"@type":"WebSite","@id":"https:\/\/nahuelproducciones.com.ar\/radioquijano\/#website","url":"https:\/\/nahuelproducciones.com.ar\/radioquijano\/","name":"RQ 99.9","description":"Radio Quijano 99.9 MHz","potentialAction":[{"@type":"SearchAction","target":{"@type":"EntryPoint","urlTemplate":"https:\/\/nahuelproducciones.com.ar\/radioquijano\/?s={search_term_string}"},"query-input":"required name=search_term_string"}],"inLanguage":"es"},{"@type":"Person","@id":"https:\/\/nahuelproducciones.com.ar\/radioquijano\/#\/schema\/person\/b9b81a110cbdf07949e2cd02d478ab9d","name":"Ricardo Guzman","image":{"@type":"ImageObject","inLanguage":"es","@id":"https:\/\/nahuelproducciones.com.ar\/radioquijano\/#\/schema\/person\/image\/","url":"https:\/\/secure.gravatar.com\/avatar\/a5d582deda251f95dc882b72fc6e7b4854f88bb25c3154519210afffa7d706e8?s=96&d=mm&r=g","contentUrl":"https:\/\/secure.gravatar.com\/avatar\/a5d582deda251f95dc882b72fc6e7b4854f88bb25c3154519210afffa7d706e8?s=96&d=mm&r=g","caption":"Ricardo Guzman"},"url":"https:\/\/nahuelproducciones.com.ar\/radioquijano\/author\/cady\/"}]}},"_links":{"self":[{"href":"https:\/\/nahuelproducciones.com.ar\/radioquijano\/wp-json\/wp\/v2\/posts\/1410","targetHints":{"allow":["GET"]}}],"collection":[{"href":"https:\/\/nahuelproducciones.com.ar\/radioquijano\/wp-json\/wp\/v2\/posts"}],"about":[{"href":"https:\/\/nahuelproducciones.com.ar\/radioquijano\/wp-json\/wp\/v2\/types\/post"}],"author":[{"embeddable":true,"href":"https:\/\/nahuelproducciones.com.ar\/radioquijano\/wp-json\/wp\/v2\/users\/6"}],"replies":[{"embeddable":true,"href":"https:\/\/nahuelproducciones.com.ar\/radioquijano\/wp-json\/wp\/v2\/comments?post=1410"}],"version-history":[{"count":1,"href":"https:\/\/nahuelproducciones.com.ar\/radioquijano\/wp-json\/wp\/v2\/posts\/1410\/revisions"}],"predecessor-version":[{"id":1415,"href":"https:\/\/nahuelproducciones.com.ar\/radioquijano\/wp-json\/wp\/v2\/posts\/1410\/revisions\/1415"}],"wp:featuredmedia":[{"embeddable":true,"href":"https:\/\/nahuelproducciones.com.ar\/radioquijano\/wp-json\/wp\/v2\/media\/1413"}],"wp:attachment":[{"href":"https:\/\/nahuelproducciones.com.ar\/radioquijano\/wp-json\/wp\/v2\/media?parent=1410"}],"wp:term":[{"taxonomy":"category","embeddable":true,"href":"https:\/\/nahuelproducciones.com.ar\/radioquijano\/wp-json\/wp\/v2\/categories?post=1410"},{"taxonomy":"post_tag","embeddable":true,"href":"https:\/\/nahuelproducciones.com.ar\/radioquijano\/wp-json\/wp\/v2\/tags?post=1410"}],"curies":[{"name":"wp","href":"https:\/\/api.w.org\/{rel}","templated":true}]}}