{"id":1417,"date":"2021-09-21T19:20:25","date_gmt":"2021-09-21T22:20:25","guid":{"rendered":"https:\/\/nahuelproducciones.com.ar\/radioquijano\/?p=1417"},"modified":"2021-09-21T19:20:40","modified_gmt":"2021-09-21T22:20:40","slug":"detalles-de-la-busqueda-de-david-zulca-la-comision-que-realiza-la-busqueda-esta-integrada-por-aproximadamente-30-personas-con-la-participacion-de-grupos-especializados-de-busquedas-en-altura-de-la-p","status":"publish","type":"post","link":"https:\/\/nahuelproducciones.com.ar\/radioquijano\/detalles-de-la-busqueda-de-david-zulca-la-comision-que-realiza-la-busqueda-esta-integrada-por-aproximadamente-30-personas-con-la-participacion-de-grupos-especializados-de-busquedas-en-altura-de-la-p\/","title":{"rendered":"Detalles de la b\u00fasqueda de David Zulca"},"content":{"rendered":"\n<p>En conversaci\u00f3n con Radio Quijano 99.9 la oficial Mar\u00eda Estrada de prensa policial de la polic\u00eda de la provincia de Salta brind\u00f3 detalles de la b\u00fasqueda que se realiza en el paraje Las Capillas en el municipio de Campo Quijano.<\/p>\n\n\n\n<p>Al respecto nos cont\u00f3 que David se ausent\u00f3 de su domicilio en Las Capillas se hab\u00eda ausentado el d\u00eda 15 del presente mes y que aproximadamente se logra poner aviso a las autoridades policiales e inmediatamente se pone en acci\u00f3n la coordinaci\u00f3n con defensa civil, polic\u00eda de salta, baqueanos del lugar y familiares para establecer el rastrillaje de la zona..<\/p>\n\n\n\n<p>La comisi\u00f3n que realiza la b\u00fasqueda esta integrada por aproximadamente 30 personas, con la participaci\u00f3n de grupos especializados de b\u00fasquedas en altura de la polic\u00eda de Salta, divisi\u00f3n canes y arreas de investigaci\u00f3n.<\/p>\n\n\n\n<p>Debido a inclemencias clim\u00e1ticas y dificultad geogr\u00e1fica hace dif\u00edcil la b\u00fasqueda, pero se sigue trabajando en el lugar.<\/p>\n\n\n\n<figure class=\"wp-block-audio\"><audio controls src=\"https:\/\/nahuelproducciones.com.ar\/radioquijano\/wp-content\/uploads\/2021\/09\/21-09-2021-Oficial-Maria-Estrada-Prensa-policial-salta-TEMA-BUSQUEDA-DE-ENRIQUE-DAVID-SULCA.mp3\"><\/audio><\/figure>\n\n\n\n<p><strong>Colaboraci\u00f3n de la municipalidad de Campo Quijano<\/strong><\/p>\n\n\n\n<p>Martin Padilla, director de Defensa Civil de la municipalidad nos adelant\u00f3 que desde el municipio se aporta con todo lo necesario para que el grupo de b\u00fasqueda pueda realizar el rastrillaje mencionado.<\/p>\n\n\n\n<figure class=\"wp-block-audio\"><audio controls src=\"https:\/\/nahuelproducciones.com.ar\/radioquijano\/wp-content\/uploads\/2021\/09\/21-09-2021-Martin-Padillas-DEFENZA-CIVIL-TEMA-BUSQUEDA-DE-DAVID-SULCA.mp3\"><\/audio><\/figure>\n\n\n\n<figure class=\"wp-block-image size-large\"><img loading=\"lazy\" decoding=\"async\" width=\"1024\" height=\"569\" src=\"https:\/\/nahuelproducciones.com.ar\/radioquijano\/wp-content\/uploads\/2021\/09\/LAS-CAPILLAS-1-1024x569.jpg\" alt=\"\" class=\"wp-image-1420\" srcset=\"https:\/\/nahuelproducciones.com.ar\/radioquijano\/wp-content\/uploads\/2021\/09\/LAS-CAPILLAS-1-1024x569.jpg 1024w, https:\/\/nahuelproducciones.com.ar\/radioquijano\/wp-content\/uploads\/2021\/09\/LAS-CAPILLAS-1-300x167.jpg 300w, https:\/\/nahuelproducciones.com.ar\/radioquijano\/wp-content\/uploads\/2021\/09\/LAS-CAPILLAS-1-768x427.jpg 768w, https:\/\/nahuelproducciones.com.ar\/radioquijano\/wp-content\/uploads\/2021\/09\/LAS-CAPILLAS-1-150x83.jpg 150w, https:\/\/nahuelproducciones.com.ar\/radioquijano\/wp-content\/uploads\/2021\/09\/LAS-CAPILLAS-1.jpg 1049w\" sizes=\"auto, (max-width: 1024px) 100vw, 1024px\" \/><figcaption>Vista a\u00e9rea en la zona de b\u00fasqueda en Las Capillas<\/figcaption><\/figure>\n","protected":false},"excerpt":{"rendered":"<p>En conversaci\u00f3n con Radio Quijano 99.9 la oficial Mar\u00eda Estrada de prensa policial de la polic\u00eda de la provincia de Salta brind\u00f3 detalles de la b\u00fasqueda que se realiza en el paraje Las Capillas en el municipio de Campo Quijano. Al respecto nos cont\u00f3 que David se ausent\u00f3 de su domicilio en Las Capillas se [&hellip;]<\/p>\n","protected":false},"author":6,"featured_media":1422,"comment_status":"open","ping_status":"open","sticky":false,"template":"","format":"standard","meta":{"_monsterinsights_skip_tracking":false,"_monsterinsights_sitenote_active":false,"_monsterinsights_sitenote_note":"","_monsterinsights_sitenote_category":0,"footnotes":""},"categories":[16],"tags":[36,58,199,197,71,200,76,198],"class_list":["post-1417","post","type-post","status-publish","format-standard","has-post-thumbnail","hentry","category-noticias","tag-campo-quijano","tag-carlos-folloni","tag-david-zulca","tag-las-capillas","tag-municipalidad-de-campo-quijano","tag-personas-buscadas","tag-quebrada-del-toro","tag-wenceslai-zulca"],"yoast_head":"<!-- This site is optimized with the Yoast SEO plugin v20.8 - https:\/\/yoast.com\/wordpress\/plugins\/seo\/ -->\n<title>Detalles de la b\u00fasqueda de David Zulca - RQ 99.9<\/title>\n<meta name=\"description\" content=\"La comisi\u00f3n que realiza la b\u00fasqueda esta integrada por aproximadamente 30 personas, con la participaci\u00f3n de grupos especializados de b\u00fasquedas en altura de la polic\u00eda de Salta, divisi\u00f3n canes y arreas de investigaci\u00f3n\" \/>\n<meta name=\"robots\" content=\"index, follow, max-snippet:-1, max-image-preview:large, max-video-preview:-1\" \/>\n<link rel=\"canonical\" href=\"https:\/\/nahuelproducciones.com.ar\/radioquijano\/detalles-de-la-busqueda-de-david-zulca-la-comision-que-realiza-la-busqueda-esta-integrada-por-aproximadamente-30-personas-con-la-participacion-de-grupos-especializados-de-busquedas-en-altura-de-la-p\/\" \/>\n<meta property=\"og:locale\" content=\"es_ES\" \/>\n<meta property=\"og:type\" content=\"article\" \/>\n<meta property=\"og:title\" content=\"Detalles de la b\u00fasqueda de David Zulca - RQ 99.9\" \/>\n<meta property=\"og:description\" content=\"La comisi\u00f3n que realiza la b\u00fasqueda esta integrada por aproximadamente 30 personas, con la participaci\u00f3n de grupos especializados de b\u00fasquedas en altura de la polic\u00eda de Salta, divisi\u00f3n canes y arreas de investigaci\u00f3n\" \/>\n<meta property=\"og:url\" content=\"https:\/\/nahuelproducciones.com.ar\/radioquijano\/detalles-de-la-busqueda-de-david-zulca-la-comision-que-realiza-la-busqueda-esta-integrada-por-aproximadamente-30-personas-con-la-participacion-de-grupos-especializados-de-busquedas-en-altura-de-la-p\/\" \/>\n<meta property=\"og:site_name\" content=\"RQ 99.9\" \/>\n<meta property=\"article:publisher\" content=\"https:\/\/www.facebook.com\/nahuelproducciones999\/\" \/>\n<meta property=\"article:published_time\" content=\"2021-09-21T22:20:25+00:00\" \/>\n<meta property=\"article:modified_time\" content=\"2021-09-21T22:20:40+00:00\" \/>\n<meta property=\"og:image\" content=\"https:\/\/nahuelproducciones.com.ar\/radioquijano\/wp-content\/uploads\/2021\/09\/DAVID-ZULCA.jpg\" \/>\n\t<meta property=\"og:image:width\" content=\"700\" \/>\n\t<meta property=\"og:image:height\" content=\"350\" \/>\n\t<meta property=\"og:image:type\" content=\"image\/jpeg\" \/>\n<meta name=\"author\" content=\"Ricardo Guzman\" \/>\n<meta name=\"twitter:card\" content=\"summary_large_image\" \/>\n<meta name=\"twitter:creator\" content=\"@nahuproduciones\" \/>\n<meta name=\"twitter:site\" content=\"@nahuproduciones\" \/>\n<meta name=\"twitter:label1\" content=\"Escrito por\" \/>\n\t<meta name=\"twitter:data1\" content=\"Ricardo Guzman\" \/>\n\t<meta name=\"twitter:label2\" content=\"Tiempo de lectura\" \/>\n\t<meta name=\"twitter:data2\" content=\"2 minutos\" \/>\n<script type=\"application\/ld+json\" class=\"yoast-schema-graph\">{\"@context\":\"https:\/\/schema.org\",\"@graph\":[{\"@type\":\"WebPage\",\"@id\":\"https:\/\/nahuelproducciones.com.ar\/radioquijano\/detalles-de-la-busqueda-de-david-zulca-la-comision-que-realiza-la-busqueda-esta-integrada-por-aproximadamente-30-personas-con-la-participacion-de-grupos-especializados-de-busquedas-en-altura-de-la-p\/\",\"url\":\"https:\/\/nahuelproducciones.com.ar\/radioquijano\/detalles-de-la-busqueda-de-david-zulca-la-comision-que-realiza-la-busqueda-esta-integrada-por-aproximadamente-30-personas-con-la-participacion-de-grupos-especializados-de-busquedas-en-altura-de-la-p\/\",\"name\":\"Detalles de la b\u00fasqueda de David Zulca - RQ 99.9\",\"isPartOf\":{\"@id\":\"https:\/\/nahuelproducciones.com.ar\/radioquijano\/#website\"},\"datePublished\":\"2021-09-21T22:20:25+00:00\",\"dateModified\":\"2021-09-21T22:20:40+00:00\",\"author\":{\"@id\":\"https:\/\/nahuelproducciones.com.ar\/radioquijano\/#\/schema\/person\/b9b81a110cbdf07949e2cd02d478ab9d\"},\"description\":\"La comisi\u00f3n que realiza la b\u00fasqueda esta integrada por aproximadamente 30 personas, con la participaci\u00f3n de grupos especializados de b\u00fasquedas en altura de la polic\u00eda de Salta, divisi\u00f3n canes y arreas de investigaci\u00f3n\",\"breadcrumb\":{\"@id\":\"https:\/\/nahuelproducciones.com.ar\/radioquijano\/detalles-de-la-busqueda-de-david-zulca-la-comision-que-realiza-la-busqueda-esta-integrada-por-aproximadamente-30-personas-con-la-participacion-de-grupos-especializados-de-busquedas-en-altura-de-la-p\/#breadcrumb\"},\"inLanguage\":\"es\",\"potentialAction\":[{\"@type\":\"ReadAction\",\"target\":[\"https:\/\/nahuelproducciones.com.ar\/radioquijano\/detalles-de-la-busqueda-de-david-zulca-la-comision-que-realiza-la-busqueda-esta-integrada-por-aproximadamente-30-personas-con-la-participacion-de-grupos-especializados-de-busquedas-en-altura-de-la-p\/\"]}]},{\"@type\":\"BreadcrumbList\",\"@id\":\"https:\/\/nahuelproducciones.com.ar\/radioquijano\/detalles-de-la-busqueda-de-david-zulca-la-comision-que-realiza-la-busqueda-esta-integrada-por-aproximadamente-30-personas-con-la-participacion-de-grupos-especializados-de-busquedas-en-altura-de-la-p\/#breadcrumb\",\"itemListElement\":[{\"@type\":\"ListItem\",\"position\":1,\"name\":\"Portada\",\"item\":\"https:\/\/nahuelproducciones.com.ar\/radioquijano\/\"},{\"@type\":\"ListItem\",\"position\":2,\"name\":\"Detalles de la b\u00fasqueda de David Zulca\"}]},{\"@type\":\"WebSite\",\"@id\":\"https:\/\/nahuelproducciones.com.ar\/radioquijano\/#website\",\"url\":\"https:\/\/nahuelproducciones.com.ar\/radioquijano\/\",\"name\":\"RQ 99.9\",\"description\":\"Radio Quijano 99.9 MHz\",\"potentialAction\":[{\"@type\":\"SearchAction\",\"target\":{\"@type\":\"EntryPoint\",\"urlTemplate\":\"https:\/\/nahuelproducciones.com.ar\/radioquijano\/?s={search_term_string}\"},\"query-input\":\"required name=search_term_string\"}],\"inLanguage\":\"es\"},{\"@type\":\"Person\",\"@id\":\"https:\/\/nahuelproducciones.com.ar\/radioquijano\/#\/schema\/person\/b9b81a110cbdf07949e2cd02d478ab9d\",\"name\":\"Ricardo Guzman\",\"image\":{\"@type\":\"ImageObject\",\"inLanguage\":\"es\",\"@id\":\"https:\/\/nahuelproducciones.com.ar\/radioquijano\/#\/schema\/person\/image\/\",\"url\":\"https:\/\/secure.gravatar.com\/avatar\/a5d582deda251f95dc882b72fc6e7b4854f88bb25c3154519210afffa7d706e8?s=96&d=mm&r=g\",\"contentUrl\":\"https:\/\/secure.gravatar.com\/avatar\/a5d582deda251f95dc882b72fc6e7b4854f88bb25c3154519210afffa7d706e8?s=96&d=mm&r=g\",\"caption\":\"Ricardo Guzman\"},\"url\":\"https:\/\/nahuelproducciones.com.ar\/radioquijano\/author\/cady\/\"}]}<\/script>\n<!-- \/ Yoast SEO plugin. -->","yoast_head_json":{"title":"Detalles de la b\u00fasqueda de David Zulca - RQ 99.9","description":"La comisi\u00f3n que realiza la b\u00fasqueda esta integrada por aproximadamente 30 personas, con la participaci\u00f3n de grupos especializados de b\u00fasquedas en altura de la polic\u00eda de Salta, divisi\u00f3n canes y arreas de investigaci\u00f3n","robots":{"index":"index","follow":"follow","max-snippet":"max-snippet:-1","max-image-preview":"max-image-preview:large","max-video-preview":"max-video-preview:-1"},"canonical":"https:\/\/nahuelproducciones.com.ar\/radioquijano\/detalles-de-la-busqueda-de-david-zulca-la-comision-que-realiza-la-busqueda-esta-integrada-por-aproximadamente-30-personas-con-la-participacion-de-grupos-especializados-de-busquedas-en-altura-de-la-p\/","og_locale":"es_ES","og_type":"article","og_title":"Detalles de la b\u00fasqueda de David Zulca - RQ 99.9","og_description":"La comisi\u00f3n que realiza la b\u00fasqueda esta integrada por aproximadamente 30 personas, con la participaci\u00f3n de grupos especializados de b\u00fasquedas en altura de la polic\u00eda de Salta, divisi\u00f3n canes y arreas de investigaci\u00f3n","og_url":"https:\/\/nahuelproducciones.com.ar\/radioquijano\/detalles-de-la-busqueda-de-david-zulca-la-comision-que-realiza-la-busqueda-esta-integrada-por-aproximadamente-30-personas-con-la-participacion-de-grupos-especializados-de-busquedas-en-altura-de-la-p\/","og_site_name":"RQ 99.9","article_publisher":"https:\/\/www.facebook.com\/nahuelproducciones999\/","article_published_time":"2021-09-21T22:20:25+00:00","article_modified_time":"2021-09-21T22:20:40+00:00","og_image":[{"width":700,"height":350,"url":"https:\/\/nahuelproducciones.com.ar\/radioquijano\/wp-content\/uploads\/2021\/09\/DAVID-ZULCA.jpg","type":"image\/jpeg"}],"author":"Ricardo Guzman","twitter_card":"summary_large_image","twitter_creator":"@nahuproduciones","twitter_site":"@nahuproduciones","twitter_misc":{"Escrito por":"Ricardo Guzman","Tiempo de lectura":"2 minutos"},"schema":{"@context":"https:\/\/schema.org","@graph":[{"@type":"WebPage","@id":"https:\/\/nahuelproducciones.com.ar\/radioquijano\/detalles-de-la-busqueda-de-david-zulca-la-comision-que-realiza-la-busqueda-esta-integrada-por-aproximadamente-30-personas-con-la-participacion-de-grupos-especializados-de-busquedas-en-altura-de-la-p\/","url":"https:\/\/nahuelproducciones.com.ar\/radioquijano\/detalles-de-la-busqueda-de-david-zulca-la-comision-que-realiza-la-busqueda-esta-integrada-por-aproximadamente-30-personas-con-la-participacion-de-grupos-especializados-de-busquedas-en-altura-de-la-p\/","name":"Detalles de la b\u00fasqueda de David Zulca - RQ 99.9","isPartOf":{"@id":"https:\/\/nahuelproducciones.com.ar\/radioquijano\/#website"},"datePublished":"2021-09-21T22:20:25+00:00","dateModified":"2021-09-21T22:20:40+00:00","author":{"@id":"https:\/\/nahuelproducciones.com.ar\/radioquijano\/#\/schema\/person\/b9b81a110cbdf07949e2cd02d478ab9d"},"description":"La comisi\u00f3n que realiza la b\u00fasqueda esta integrada por aproximadamente 30 personas, con la participaci\u00f3n de grupos especializados de b\u00fasquedas en altura de la polic\u00eda de Salta, divisi\u00f3n canes y arreas de investigaci\u00f3n","breadcrumb":{"@id":"https:\/\/nahuelproducciones.com.ar\/radioquijano\/detalles-de-la-busqueda-de-david-zulca-la-comision-que-realiza-la-busqueda-esta-integrada-por-aproximadamente-30-personas-con-la-participacion-de-grupos-especializados-de-busquedas-en-altura-de-la-p\/#breadcrumb"},"inLanguage":"es","potentialAction":[{"@type":"ReadAction","target":["https:\/\/nahuelproducciones.com.ar\/radioquijano\/detalles-de-la-busqueda-de-david-zulca-la-comision-que-realiza-la-busqueda-esta-integrada-por-aproximadamente-30-personas-con-la-participacion-de-grupos-especializados-de-busquedas-en-altura-de-la-p\/"]}]},{"@type":"BreadcrumbList","@id":"https:\/\/nahuelproducciones.com.ar\/radioquijano\/detalles-de-la-busqueda-de-david-zulca-la-comision-que-realiza-la-busqueda-esta-integrada-por-aproximadamente-30-personas-con-la-participacion-de-grupos-especializados-de-busquedas-en-altura-de-la-p\/#breadcrumb","itemListElement":[{"@type":"ListItem","position":1,"name":"Portada","item":"https:\/\/nahuelproducciones.com.ar\/radioquijano\/"},{"@type":"ListItem","position":2,"name":"Detalles de la b\u00fasqueda de David Zulca"}]},{"@type":"WebSite","@id":"https:\/\/nahuelproducciones.com.ar\/radioquijano\/#website","url":"https:\/\/nahuelproducciones.com.ar\/radioquijano\/","name":"RQ 99.9","description":"Radio Quijano 99.9 MHz","potentialAction":[{"@type":"SearchAction","target":{"@type":"EntryPoint","urlTemplate":"https:\/\/nahuelproducciones.com.ar\/radioquijano\/?s={search_term_string}"},"query-input":"required name=search_term_string"}],"inLanguage":"es"},{"@type":"Person","@id":"https:\/\/nahuelproducciones.com.ar\/radioquijano\/#\/schema\/person\/b9b81a110cbdf07949e2cd02d478ab9d","name":"Ricardo Guzman","image":{"@type":"ImageObject","inLanguage":"es","@id":"https:\/\/nahuelproducciones.com.ar\/radioquijano\/#\/schema\/person\/image\/","url":"https:\/\/secure.gravatar.com\/avatar\/a5d582deda251f95dc882b72fc6e7b4854f88bb25c3154519210afffa7d706e8?s=96&d=mm&r=g","contentUrl":"https:\/\/secure.gravatar.com\/avatar\/a5d582deda251f95dc882b72fc6e7b4854f88bb25c3154519210afffa7d706e8?s=96&d=mm&r=g","caption":"Ricardo Guzman"},"url":"https:\/\/nahuelproducciones.com.ar\/radioquijano\/author\/cady\/"}]}},"_links":{"self":[{"href":"https:\/\/nahuelproducciones.com.ar\/radioquijano\/wp-json\/wp\/v2\/posts\/1417","targetHints":{"allow":["GET"]}}],"collection":[{"href":"https:\/\/nahuelproducciones.com.ar\/radioquijano\/wp-json\/wp\/v2\/posts"}],"about":[{"href":"https:\/\/nahuelproducciones.com.ar\/radioquijano\/wp-json\/wp\/v2\/types\/post"}],"author":[{"embeddable":true,"href":"https:\/\/nahuelproducciones.com.ar\/radioquijano\/wp-json\/wp\/v2\/users\/6"}],"replies":[{"embeddable":true,"href":"https:\/\/nahuelproducciones.com.ar\/radioquijano\/wp-json\/wp\/v2\/comments?post=1417"}],"version-history":[{"count":2,"href":"https:\/\/nahuelproducciones.com.ar\/radioquijano\/wp-json\/wp\/v2\/posts\/1417\/revisions"}],"predecessor-version":[{"id":1424,"href":"https:\/\/nahuelproducciones.com.ar\/radioquijano\/wp-json\/wp\/v2\/posts\/1417\/revisions\/1424"}],"wp:featuredmedia":[{"embeddable":true,"href":"https:\/\/nahuelproducciones.com.ar\/radioquijano\/wp-json\/wp\/v2\/media\/1422"}],"wp:attachment":[{"href":"https:\/\/nahuelproducciones.com.ar\/radioquijano\/wp-json\/wp\/v2\/media?parent=1417"}],"wp:term":[{"taxonomy":"category","embeddable":true,"href":"https:\/\/nahuelproducciones.com.ar\/radioquijano\/wp-json\/wp\/v2\/categories?post=1417"},{"taxonomy":"post_tag","embeddable":true,"href":"https:\/\/nahuelproducciones.com.ar\/radioquijano\/wp-json\/wp\/v2\/tags?post=1417"}],"curies":[{"name":"wp","href":"https:\/\/api.w.org\/{rel}","templated":true}]}}