{"id":1566,"date":"2021-10-20T20:44:02","date_gmt":"2021-10-20T23:44:02","guid":{"rendered":"https:\/\/nahuelproducciones.com.ar\/radioquijano\/?p=1566"},"modified":"2021-10-20T21:56:16","modified_gmt":"2021-10-21T00:56:16","slug":"municipales-de-rentas-repudian-el-mal-trato-de-la-encargada-del-area-la-sra-posse-y-piden-su-desvinculacion","status":"publish","type":"post","link":"https:\/\/nahuelproducciones.com.ar\/radioquijano\/municipales-de-rentas-repudian-el-mal-trato-de-la-encargada-del-area-la-sra-posse-y-piden-su-desvinculacion\/","title":{"rendered":"Municipales de Rentas repudian el mal trato de la encargada del \u00e1rea , la Sra. Posse y piden su desvinculaci\u00f3n."},"content":{"rendered":"\n<p>El ingreso de la nota realizada por el total de los trabajadores del \u00e1rea se conoci\u00f3 la semana pasada y dialogamos con el delegado de ATE en el municipio de Campo Quijano, Daniel Sosa que nos confirm\u00f3 esa presentaci\u00f3n.<\/p>\n\n\n\n<p>Sosa coment\u00f3 que es la primera vez que sucede una situaci\u00f3n de este tipo , destacando que los compa\u00f1eros municipales del \u00e1rea de rentas, presentaron una nota por la actitud que tiene la directora del \u00e1rea , en este caso la Sra. Carola Posse. <\/p>\n\n\n\n<p>En la nota se manifiesta que no hab\u00eda una buena relaci\u00f3n de trato por parte de ella hacia los trabajadores, por lo que Sosa como representante tambi\u00e9n envi\u00f3 al ejecutivo municipal solicitando una reuni\u00f3n, donde los trabajadores expusieron sus puntos de vista.<\/p>\n\n\n\n<p>Por otra parte el delegado anunci\u00f3 que ya entraron en asamblea por incumplimiento del compromiso para la entrega de la indumentaria correspondiente al \u00e1rea administrativa y que fuera refrendada en el acta firmada oportunamente<\/p>\n\n\n\n<figure class=\"wp-block-audio\"><audio controls src=\"https:\/\/nahuelproducciones.com.ar\/radioquijano\/wp-content\/uploads\/2021\/10\/18-10-2021-DANY-SOSA-ANUNCIA-QUE-EL-VIERNES-COMENZAO-LA-ASAMBLEA-INFORMAATIVA.mp3\"><\/audio><figcaption>Daniel Sosa Delegado gremial de ATE en Campo Quijano<\/figcaption><\/figure>\n","protected":false},"excerpt":{"rendered":"<p>El ingreso de la nota realizada por el total de los trabajadores del \u00e1rea se conoci\u00f3 la semana pasada y dialogamos con el delegado de ATE en el municipio de Campo Quijano, Daniel Sosa que nos confirm\u00f3 esa presentaci\u00f3n. Sosa coment\u00f3 que es la primera vez que sucede una situaci\u00f3n de este tipo , destacando [&hellip;]<\/p>\n","protected":false},"author":8,"featured_media":905,"comment_status":"open","ping_status":"open","sticky":false,"template":"","format":"standard","meta":{"_monsterinsights_skip_tracking":false,"_monsterinsights_sitenote_active":false,"_monsterinsights_sitenote_note":"","_monsterinsights_sitenote_category":0,"footnotes":""},"categories":[16],"tags":[36,58,75,63,84,71,100,62],"class_list":["post-1566","post","type-post","status-publish","format-standard","has-post-thumbnail","hentry","category-noticias","tag-campo-quijano","tag-carlos-folloni","tag-concejo-deliberante-de-campo-quijano","tag-lino-yonar","tag-manuel-cornejo","tag-municipalidad-de-campo-quijano","tag-municipio-de-campo-quijano","tag-topo-ramos"],"yoast_head":"<!-- This site is optimized with the Yoast SEO plugin v20.8 - https:\/\/yoast.com\/wordpress\/plugins\/seo\/ -->\n<title>Municipales de Rentas repudian el mal trato de la encargada del \u00e1rea , la Sra. Posse y piden su desvinculaci\u00f3n. - RQ 99.9<\/title>\n<meta name=\"description\" content=\"Carlos Folloni, Municipalidad de Campo Quijano\" \/>\n<meta name=\"robots\" content=\"index, follow, max-snippet:-1, max-image-preview:large, max-video-preview:-1\" \/>\n<link rel=\"canonical\" href=\"https:\/\/nahuelproducciones.com.ar\/radioquijano\/municipales-de-rentas-repudian-el-mal-trato-de-la-encargada-del-area-la-sra-posse-y-piden-su-desvinculacion\/\" \/>\n<meta property=\"og:locale\" content=\"es_ES\" \/>\n<meta property=\"og:type\" content=\"article\" \/>\n<meta property=\"og:title\" content=\"Municipales de Rentas repudian el mal trato de la encargada del \u00e1rea , la Sra. Posse y piden su desvinculaci\u00f3n. - RQ 99.9\" \/>\n<meta property=\"og:description\" content=\"Carlos Folloni, Municipalidad de Campo Quijano\" \/>\n<meta property=\"og:url\" content=\"https:\/\/nahuelproducciones.com.ar\/radioquijano\/municipales-de-rentas-repudian-el-mal-trato-de-la-encargada-del-area-la-sra-posse-y-piden-su-desvinculacion\/\" \/>\n<meta property=\"og:site_name\" content=\"RQ 99.9\" \/>\n<meta property=\"article:publisher\" content=\"https:\/\/www.facebook.com\/nahuelproducciones999\/\" \/>\n<meta property=\"article:published_time\" content=\"2021-10-20T23:44:02+00:00\" \/>\n<meta property=\"article:modified_time\" content=\"2021-10-21T00:56:16+00:00\" \/>\n<meta property=\"og:image\" content=\"https:\/\/nahuelproducciones.com.ar\/radioquijano\/wp-content\/uploads\/2021\/05\/carlos-folloni.jpg\" \/>\n\t<meta property=\"og:image:width\" content=\"700\" \/>\n\t<meta property=\"og:image:height\" content=\"350\" \/>\n\t<meta property=\"og:image:type\" content=\"image\/jpeg\" \/>\n<meta name=\"author\" content=\"Cecilia Pastrana\" \/>\n<meta name=\"twitter:card\" content=\"summary_large_image\" \/>\n<meta name=\"twitter:creator\" content=\"@nahuproduciones\" \/>\n<meta name=\"twitter:site\" content=\"@nahuproduciones\" \/>\n<meta name=\"twitter:label1\" content=\"Escrito por\" \/>\n\t<meta name=\"twitter:data1\" content=\"Cecilia Pastrana\" \/>\n\t<meta name=\"twitter:label2\" content=\"Tiempo de lectura\" \/>\n\t<meta name=\"twitter:data2\" content=\"1 minuto\" \/>\n<script type=\"application\/ld+json\" class=\"yoast-schema-graph\">{\"@context\":\"https:\/\/schema.org\",\"@graph\":[{\"@type\":\"WebPage\",\"@id\":\"https:\/\/nahuelproducciones.com.ar\/radioquijano\/municipales-de-rentas-repudian-el-mal-trato-de-la-encargada-del-area-la-sra-posse-y-piden-su-desvinculacion\/\",\"url\":\"https:\/\/nahuelproducciones.com.ar\/radioquijano\/municipales-de-rentas-repudian-el-mal-trato-de-la-encargada-del-area-la-sra-posse-y-piden-su-desvinculacion\/\",\"name\":\"Municipales de Rentas repudian el mal trato de la encargada del \u00e1rea , la Sra. Posse y piden su desvinculaci\u00f3n. - RQ 99.9\",\"isPartOf\":{\"@id\":\"https:\/\/nahuelproducciones.com.ar\/radioquijano\/#website\"},\"datePublished\":\"2021-10-20T23:44:02+00:00\",\"dateModified\":\"2021-10-21T00:56:16+00:00\",\"author\":{\"@id\":\"https:\/\/nahuelproducciones.com.ar\/radioquijano\/#\/schema\/person\/e8a4f939e2cb487fe6d0c54042c9d32c\"},\"description\":\"Carlos Folloni, Municipalidad de Campo Quijano\",\"breadcrumb\":{\"@id\":\"https:\/\/nahuelproducciones.com.ar\/radioquijano\/municipales-de-rentas-repudian-el-mal-trato-de-la-encargada-del-area-la-sra-posse-y-piden-su-desvinculacion\/#breadcrumb\"},\"inLanguage\":\"es\",\"potentialAction\":[{\"@type\":\"ReadAction\",\"target\":[\"https:\/\/nahuelproducciones.com.ar\/radioquijano\/municipales-de-rentas-repudian-el-mal-trato-de-la-encargada-del-area-la-sra-posse-y-piden-su-desvinculacion\/\"]}]},{\"@type\":\"BreadcrumbList\",\"@id\":\"https:\/\/nahuelproducciones.com.ar\/radioquijano\/municipales-de-rentas-repudian-el-mal-trato-de-la-encargada-del-area-la-sra-posse-y-piden-su-desvinculacion\/#breadcrumb\",\"itemListElement\":[{\"@type\":\"ListItem\",\"position\":1,\"name\":\"Portada\",\"item\":\"https:\/\/nahuelproducciones.com.ar\/radioquijano\/\"},{\"@type\":\"ListItem\",\"position\":2,\"name\":\"Municipales de Rentas repudian el mal trato de la encargada del \u00e1rea , la Sra. Posse y piden su desvinculaci\u00f3n.\"}]},{\"@type\":\"WebSite\",\"@id\":\"https:\/\/nahuelproducciones.com.ar\/radioquijano\/#website\",\"url\":\"https:\/\/nahuelproducciones.com.ar\/radioquijano\/\",\"name\":\"RQ 99.9\",\"description\":\"Radio Quijano 99.9 MHz\",\"potentialAction\":[{\"@type\":\"SearchAction\",\"target\":{\"@type\":\"EntryPoint\",\"urlTemplate\":\"https:\/\/nahuelproducciones.com.ar\/radioquijano\/?s={search_term_string}\"},\"query-input\":\"required name=search_term_string\"}],\"inLanguage\":\"es\"},{\"@type\":\"Person\",\"@id\":\"https:\/\/nahuelproducciones.com.ar\/radioquijano\/#\/schema\/person\/e8a4f939e2cb487fe6d0c54042c9d32c\",\"name\":\"Cecilia Pastrana\",\"image\":{\"@type\":\"ImageObject\",\"inLanguage\":\"es\",\"@id\":\"https:\/\/nahuelproducciones.com.ar\/radioquijano\/#\/schema\/person\/image\/\",\"url\":\"https:\/\/secure.gravatar.com\/avatar\/661a3ef63a8488d4f2794ed44af8cf71420f7e106f3072c40125114df5157749?s=96&d=mm&r=g\",\"contentUrl\":\"https:\/\/secure.gravatar.com\/avatar\/661a3ef63a8488d4f2794ed44af8cf71420f7e106f3072c40125114df5157749?s=96&d=mm&r=g\",\"caption\":\"Cecilia Pastrana\"},\"sameAs\":[\"cecy\"],\"url\":\"https:\/\/nahuelproducciones.com.ar\/radioquijano\/author\/cecy\/\"}]}<\/script>\n<!-- \/ Yoast SEO plugin. -->","yoast_head_json":{"title":"Municipales de Rentas repudian el mal trato de la encargada del \u00e1rea , la Sra. Posse y piden su desvinculaci\u00f3n. - RQ 99.9","description":"Carlos Folloni, Municipalidad de Campo Quijano","robots":{"index":"index","follow":"follow","max-snippet":"max-snippet:-1","max-image-preview":"max-image-preview:large","max-video-preview":"max-video-preview:-1"},"canonical":"https:\/\/nahuelproducciones.com.ar\/radioquijano\/municipales-de-rentas-repudian-el-mal-trato-de-la-encargada-del-area-la-sra-posse-y-piden-su-desvinculacion\/","og_locale":"es_ES","og_type":"article","og_title":"Municipales de Rentas repudian el mal trato de la encargada del \u00e1rea , la Sra. Posse y piden su desvinculaci\u00f3n. - RQ 99.9","og_description":"Carlos Folloni, Municipalidad de Campo Quijano","og_url":"https:\/\/nahuelproducciones.com.ar\/radioquijano\/municipales-de-rentas-repudian-el-mal-trato-de-la-encargada-del-area-la-sra-posse-y-piden-su-desvinculacion\/","og_site_name":"RQ 99.9","article_publisher":"https:\/\/www.facebook.com\/nahuelproducciones999\/","article_published_time":"2021-10-20T23:44:02+00:00","article_modified_time":"2021-10-21T00:56:16+00:00","og_image":[{"width":700,"height":350,"url":"https:\/\/nahuelproducciones.com.ar\/radioquijano\/wp-content\/uploads\/2021\/05\/carlos-folloni.jpg","type":"image\/jpeg"}],"author":"Cecilia Pastrana","twitter_card":"summary_large_image","twitter_creator":"@nahuproduciones","twitter_site":"@nahuproduciones","twitter_misc":{"Escrito por":"Cecilia Pastrana","Tiempo de lectura":"1 minuto"},"schema":{"@context":"https:\/\/schema.org","@graph":[{"@type":"WebPage","@id":"https:\/\/nahuelproducciones.com.ar\/radioquijano\/municipales-de-rentas-repudian-el-mal-trato-de-la-encargada-del-area-la-sra-posse-y-piden-su-desvinculacion\/","url":"https:\/\/nahuelproducciones.com.ar\/radioquijano\/municipales-de-rentas-repudian-el-mal-trato-de-la-encargada-del-area-la-sra-posse-y-piden-su-desvinculacion\/","name":"Municipales de Rentas repudian el mal trato de la encargada del \u00e1rea , la Sra. Posse y piden su desvinculaci\u00f3n. - RQ 99.9","isPartOf":{"@id":"https:\/\/nahuelproducciones.com.ar\/radioquijano\/#website"},"datePublished":"2021-10-20T23:44:02+00:00","dateModified":"2021-10-21T00:56:16+00:00","author":{"@id":"https:\/\/nahuelproducciones.com.ar\/radioquijano\/#\/schema\/person\/e8a4f939e2cb487fe6d0c54042c9d32c"},"description":"Carlos Folloni, Municipalidad de Campo Quijano","breadcrumb":{"@id":"https:\/\/nahuelproducciones.com.ar\/radioquijano\/municipales-de-rentas-repudian-el-mal-trato-de-la-encargada-del-area-la-sra-posse-y-piden-su-desvinculacion\/#breadcrumb"},"inLanguage":"es","potentialAction":[{"@type":"ReadAction","target":["https:\/\/nahuelproducciones.com.ar\/radioquijano\/municipales-de-rentas-repudian-el-mal-trato-de-la-encargada-del-area-la-sra-posse-y-piden-su-desvinculacion\/"]}]},{"@type":"BreadcrumbList","@id":"https:\/\/nahuelproducciones.com.ar\/radioquijano\/municipales-de-rentas-repudian-el-mal-trato-de-la-encargada-del-area-la-sra-posse-y-piden-su-desvinculacion\/#breadcrumb","itemListElement":[{"@type":"ListItem","position":1,"name":"Portada","item":"https:\/\/nahuelproducciones.com.ar\/radioquijano\/"},{"@type":"ListItem","position":2,"name":"Municipales de Rentas repudian el mal trato de la encargada del \u00e1rea , la Sra. Posse y piden su desvinculaci\u00f3n."}]},{"@type":"WebSite","@id":"https:\/\/nahuelproducciones.com.ar\/radioquijano\/#website","url":"https:\/\/nahuelproducciones.com.ar\/radioquijano\/","name":"RQ 99.9","description":"Radio Quijano 99.9 MHz","potentialAction":[{"@type":"SearchAction","target":{"@type":"EntryPoint","urlTemplate":"https:\/\/nahuelproducciones.com.ar\/radioquijano\/?s={search_term_string}"},"query-input":"required name=search_term_string"}],"inLanguage":"es"},{"@type":"Person","@id":"https:\/\/nahuelproducciones.com.ar\/radioquijano\/#\/schema\/person\/e8a4f939e2cb487fe6d0c54042c9d32c","name":"Cecilia Pastrana","image":{"@type":"ImageObject","inLanguage":"es","@id":"https:\/\/nahuelproducciones.com.ar\/radioquijano\/#\/schema\/person\/image\/","url":"https:\/\/secure.gravatar.com\/avatar\/661a3ef63a8488d4f2794ed44af8cf71420f7e106f3072c40125114df5157749?s=96&d=mm&r=g","contentUrl":"https:\/\/secure.gravatar.com\/avatar\/661a3ef63a8488d4f2794ed44af8cf71420f7e106f3072c40125114df5157749?s=96&d=mm&r=g","caption":"Cecilia Pastrana"},"sameAs":["cecy"],"url":"https:\/\/nahuelproducciones.com.ar\/radioquijano\/author\/cecy\/"}]}},"_links":{"self":[{"href":"https:\/\/nahuelproducciones.com.ar\/radioquijano\/wp-json\/wp\/v2\/posts\/1566","targetHints":{"allow":["GET"]}}],"collection":[{"href":"https:\/\/nahuelproducciones.com.ar\/radioquijano\/wp-json\/wp\/v2\/posts"}],"about":[{"href":"https:\/\/nahuelproducciones.com.ar\/radioquijano\/wp-json\/wp\/v2\/types\/post"}],"author":[{"embeddable":true,"href":"https:\/\/nahuelproducciones.com.ar\/radioquijano\/wp-json\/wp\/v2\/users\/8"}],"replies":[{"embeddable":true,"href":"https:\/\/nahuelproducciones.com.ar\/radioquijano\/wp-json\/wp\/v2\/comments?post=1566"}],"version-history":[{"count":8,"href":"https:\/\/nahuelproducciones.com.ar\/radioquijano\/wp-json\/wp\/v2\/posts\/1566\/revisions"}],"predecessor-version":[{"id":1579,"href":"https:\/\/nahuelproducciones.com.ar\/radioquijano\/wp-json\/wp\/v2\/posts\/1566\/revisions\/1579"}],"wp:featuredmedia":[{"embeddable":true,"href":"https:\/\/nahuelproducciones.com.ar\/radioquijano\/wp-json\/wp\/v2\/media\/905"}],"wp:attachment":[{"href":"https:\/\/nahuelproducciones.com.ar\/radioquijano\/wp-json\/wp\/v2\/media?parent=1566"}],"wp:term":[{"taxonomy":"category","embeddable":true,"href":"https:\/\/nahuelproducciones.com.ar\/radioquijano\/wp-json\/wp\/v2\/categories?post=1566"},{"taxonomy":"post_tag","embeddable":true,"href":"https:\/\/nahuelproducciones.com.ar\/radioquijano\/wp-json\/wp\/v2\/tags?post=1566"}],"curies":[{"name":"wp","href":"https:\/\/api.w.org\/{rel}","templated":true}]}}