{"id":1602,"date":"2021-10-27T11:08:57","date_gmt":"2021-10-27T14:08:57","guid":{"rendered":"https:\/\/nahuelproducciones.com.ar\/radioquijano\/?p=1602"},"modified":"2021-10-27T11:08:58","modified_gmt":"2021-10-27T14:08:58","slug":"campo-quijano-empujo-a-un-amigo-y-provoco-su-muerte","status":"publish","type":"post","link":"https:\/\/nahuelproducciones.com.ar\/radioquijano\/campo-quijano-empujo-a-un-amigo-y-provoco-su-muerte\/","title":{"rendered":"Campo Quijano: Empuj\u00f3 a un amigo y provoc\u00f3 su muerte"},"content":{"rendered":"\n<p><a href=\"whatsapp:\/\/send?text=Campo%20Quijano%3A%20Empuj%C3%B3%20a%20un%20amigo%20y%20provoc%C3%B3%20su%20muerte%20https%3A%2F%2Fwww.fiscalespenalesalta.gob.ar%2Fcampo-quijano-empujo-a-un-amigo-y-provoco-su-muerte%2F\"><\/a><\/p>\n\n\n\n<p><strong><em>El hecho ocurri\u00f3 en febrero de 2020 en una vivienda donde la v\u00edctima compart\u00eda bebidas alcoh\u00f3licas con el acusado y otras personas. Surgi\u00f3 una gresca y el acusado empuj\u00f3 con violencia a la v\u00edctima, quien golpe\u00f3 su cabeza con la calle empedrada y perdi\u00f3 el conocimiento. Estuvo internado y falleci\u00f3 d\u00edas despu\u00e9s.<\/em><\/strong><\/p>\n\n\n\n<p>La&nbsp;<strong>fiscala penal de la Unidad de Graves Atentados contra las Personas<\/strong>,&nbsp;<strong>Ver\u00f3nica Simesen de Bielke<\/strong>, represent\u00f3 al Ministerio P\u00fablico Fiscal ante la&nbsp;<strong>Sala VI del Tribunal de Juicio<\/strong>&nbsp;en la&nbsp;<strong><a href=\"https:\/\/www.fiscalespenalesalta.gob.ar\/campo-quijano-lo-empujo-y-provoco-su-muerte\/\">audiencia de juicio abreviado contra Fernando Gabriel Flores, \u201cNano\u201d, como autor del delito de homicidio preterintencional en perjuicio de Ariel Anselmo Malano.<\/a><\/strong><\/p>\n\n\n\n<p>El 16 de febrero de 2020 por la tarde, Malano concurri\u00f3 a la casa de un amigo y all\u00ed compartieron unas cervezas. Tambi\u00e9n participaron un hermano del due\u00f1o de casa y el acusado.<\/p>\n\n\n\n<p>Seg\u00fan refieren los testigos, durante la reuni\u00f3n no hubo discusiones ni motivo de disputa alguna pero cuando Flores se retiraba del lugar, pate\u00f3 la motocicleta de Malano. \u00c9ste le pregunt\u00f3 qu\u00e9 pasaba y es all\u00ed cuando el acusado lo empuja con violencia y la v\u00edctima cae pesadamente sobre la calle enripiada y no recupera el conocimiento. Permaneci\u00f3 internado con diagn\u00f3stico de TEC Grave y falleci\u00f3 d\u00edas despu\u00e9s.<\/p>\n\n\n\n<p><strong>El juez Guillermo Pereyra, luego de recibir la confesi\u00f3n del acusado, le impuso una pena de tres a\u00f1os de ejecuci\u00f3n condicional y el cumplimiento de reglas de conducta.<\/strong><\/p>\n\n\n\n<p>Fuente: MINISTERIO PUBLICO FISCAL DE SALTA<\/p>\n\n\n\n<p><a href=\"https:\/\/nahuelproducciones.com.ar\/index.php\/rq999\">#RQ99.9Mhz<\/a>  <a href=\"https:\/\/www.facebook.com\/nahuelproducciones999\/?ref=pages_you_manage\">CAMPO QUIJANO<\/a><\/p>\n","protected":false},"excerpt":{"rendered":"<p>El hecho ocurri\u00f3 en febrero de 2020 en una vivienda donde la v\u00edctima compart\u00eda bebidas alcoh\u00f3licas con el acusado y otras personas. Surgi\u00f3 una gresca y el acusado empuj\u00f3 con violencia a la v\u00edctima, quien golpe\u00f3 su cabeza con la calle empedrada y perdi\u00f3 el conocimiento. Estuvo internado y falleci\u00f3 d\u00edas despu\u00e9s. La&nbsp;fiscala penal de [&hellip;]<\/p>\n","protected":false},"author":6,"featured_media":1603,"comment_status":"open","ping_status":"open","sticky":false,"template":"","format":"standard","meta":{"_monsterinsights_skip_tracking":false,"_monsterinsights_sitenote_active":false,"_monsterinsights_sitenote_note":"","_monsterinsights_sitenote_category":0,"footnotes":""},"categories":[16],"tags":[36,242,241],"class_list":["post-1602","post","type-post","status-publish","format-standard","has-post-thumbnail","hentry","category-noticias","tag-campo-quijano","tag-malano","tag-ministerio-publico-fiscal-de-salta"],"yoast_head":"<!-- This site is optimized with the Yoast SEO plugin v20.8 - https:\/\/yoast.com\/wordpress\/plugins\/seo\/ -->\n<title>Campo Quijano: Empuj\u00f3 a un amigo y provoc\u00f3 su muerte - RQ 99.9<\/title>\n<meta name=\"description\" content=\"Le impuso al acusado una pena de tres a\u00f1os de ejecuci\u00f3n condicional y el cumplimiento de reglas de conducta.\" \/>\n<meta name=\"robots\" content=\"index, follow, max-snippet:-1, max-image-preview:large, max-video-preview:-1\" \/>\n<link rel=\"canonical\" href=\"https:\/\/nahuelproducciones.com.ar\/radioquijano\/campo-quijano-empujo-a-un-amigo-y-provoco-su-muerte\/\" \/>\n<meta property=\"og:locale\" content=\"es_ES\" \/>\n<meta property=\"og:type\" content=\"article\" \/>\n<meta property=\"og:title\" content=\"Campo Quijano: Empuj\u00f3 a un amigo y provoc\u00f3 su muerte - RQ 99.9\" \/>\n<meta property=\"og:description\" content=\"Le impuso al acusado una pena de tres a\u00f1os de ejecuci\u00f3n condicional y el cumplimiento de reglas de conducta.\" \/>\n<meta property=\"og:url\" content=\"https:\/\/nahuelproducciones.com.ar\/radioquijano\/campo-quijano-empujo-a-un-amigo-y-provoco-su-muerte\/\" \/>\n<meta property=\"og:site_name\" content=\"RQ 99.9\" \/>\n<meta property=\"article:publisher\" content=\"https:\/\/www.facebook.com\/nahuelproducciones999\/\" \/>\n<meta property=\"article:published_time\" content=\"2021-10-27T14:08:57+00:00\" \/>\n<meta property=\"article:modified_time\" content=\"2021-10-27T14:08:58+00:00\" \/>\n<meta property=\"og:image\" content=\"https:\/\/nahuelproducciones.com.ar\/radioquijano\/wp-content\/uploads\/2021\/10\/BRINDIS.jpg\" \/>\n\t<meta property=\"og:image:width\" content=\"700\" \/>\n\t<meta property=\"og:image:height\" content=\"350\" \/>\n\t<meta property=\"og:image:type\" content=\"image\/jpeg\" \/>\n<meta name=\"author\" content=\"Ricardo Guzman\" \/>\n<meta name=\"twitter:card\" content=\"summary_large_image\" \/>\n<meta name=\"twitter:creator\" content=\"@nahuproduciones\" \/>\n<meta name=\"twitter:site\" content=\"@nahuproduciones\" \/>\n<meta name=\"twitter:label1\" content=\"Escrito por\" \/>\n\t<meta name=\"twitter:data1\" content=\"Ricardo Guzman\" \/>\n\t<meta name=\"twitter:label2\" content=\"Tiempo de lectura\" \/>\n\t<meta name=\"twitter:data2\" content=\"2 minutos\" \/>\n<script type=\"application\/ld+json\" class=\"yoast-schema-graph\">{\"@context\":\"https:\/\/schema.org\",\"@graph\":[{\"@type\":\"WebPage\",\"@id\":\"https:\/\/nahuelproducciones.com.ar\/radioquijano\/campo-quijano-empujo-a-un-amigo-y-provoco-su-muerte\/\",\"url\":\"https:\/\/nahuelproducciones.com.ar\/radioquijano\/campo-quijano-empujo-a-un-amigo-y-provoco-su-muerte\/\",\"name\":\"Campo Quijano: Empuj\u00f3 a un amigo y provoc\u00f3 su muerte - RQ 99.9\",\"isPartOf\":{\"@id\":\"https:\/\/nahuelproducciones.com.ar\/radioquijano\/#website\"},\"datePublished\":\"2021-10-27T14:08:57+00:00\",\"dateModified\":\"2021-10-27T14:08:58+00:00\",\"author\":{\"@id\":\"https:\/\/nahuelproducciones.com.ar\/radioquijano\/#\/schema\/person\/b9b81a110cbdf07949e2cd02d478ab9d\"},\"description\":\"Le impuso al acusado una pena de tres a\u00f1os de ejecuci\u00f3n condicional y el cumplimiento de reglas de conducta.\",\"breadcrumb\":{\"@id\":\"https:\/\/nahuelproducciones.com.ar\/radioquijano\/campo-quijano-empujo-a-un-amigo-y-provoco-su-muerte\/#breadcrumb\"},\"inLanguage\":\"es\",\"potentialAction\":[{\"@type\":\"ReadAction\",\"target\":[\"https:\/\/nahuelproducciones.com.ar\/radioquijano\/campo-quijano-empujo-a-un-amigo-y-provoco-su-muerte\/\"]}]},{\"@type\":\"BreadcrumbList\",\"@id\":\"https:\/\/nahuelproducciones.com.ar\/radioquijano\/campo-quijano-empujo-a-un-amigo-y-provoco-su-muerte\/#breadcrumb\",\"itemListElement\":[{\"@type\":\"ListItem\",\"position\":1,\"name\":\"Portada\",\"item\":\"https:\/\/nahuelproducciones.com.ar\/radioquijano\/\"},{\"@type\":\"ListItem\",\"position\":2,\"name\":\"Campo Quijano: Empuj\u00f3 a un amigo y provoc\u00f3 su muerte\"}]},{\"@type\":\"WebSite\",\"@id\":\"https:\/\/nahuelproducciones.com.ar\/radioquijano\/#website\",\"url\":\"https:\/\/nahuelproducciones.com.ar\/radioquijano\/\",\"name\":\"RQ 99.9\",\"description\":\"Radio Quijano 99.9 MHz\",\"potentialAction\":[{\"@type\":\"SearchAction\",\"target\":{\"@type\":\"EntryPoint\",\"urlTemplate\":\"https:\/\/nahuelproducciones.com.ar\/radioquijano\/?s={search_term_string}\"},\"query-input\":\"required name=search_term_string\"}],\"inLanguage\":\"es\"},{\"@type\":\"Person\",\"@id\":\"https:\/\/nahuelproducciones.com.ar\/radioquijano\/#\/schema\/person\/b9b81a110cbdf07949e2cd02d478ab9d\",\"name\":\"Ricardo Guzman\",\"image\":{\"@type\":\"ImageObject\",\"inLanguage\":\"es\",\"@id\":\"https:\/\/nahuelproducciones.com.ar\/radioquijano\/#\/schema\/person\/image\/\",\"url\":\"https:\/\/secure.gravatar.com\/avatar\/a5d582deda251f95dc882b72fc6e7b4854f88bb25c3154519210afffa7d706e8?s=96&d=mm&r=g\",\"contentUrl\":\"https:\/\/secure.gravatar.com\/avatar\/a5d582deda251f95dc882b72fc6e7b4854f88bb25c3154519210afffa7d706e8?s=96&d=mm&r=g\",\"caption\":\"Ricardo Guzman\"},\"url\":\"https:\/\/nahuelproducciones.com.ar\/radioquijano\/author\/cady\/\"}]}<\/script>\n<!-- \/ Yoast SEO plugin. -->","yoast_head_json":{"title":"Campo Quijano: Empuj\u00f3 a un amigo y provoc\u00f3 su muerte - RQ 99.9","description":"Le impuso al acusado una pena de tres a\u00f1os de ejecuci\u00f3n condicional y el cumplimiento de reglas de conducta.","robots":{"index":"index","follow":"follow","max-snippet":"max-snippet:-1","max-image-preview":"max-image-preview:large","max-video-preview":"max-video-preview:-1"},"canonical":"https:\/\/nahuelproducciones.com.ar\/radioquijano\/campo-quijano-empujo-a-un-amigo-y-provoco-su-muerte\/","og_locale":"es_ES","og_type":"article","og_title":"Campo Quijano: Empuj\u00f3 a un amigo y provoc\u00f3 su muerte - RQ 99.9","og_description":"Le impuso al acusado una pena de tres a\u00f1os de ejecuci\u00f3n condicional y el cumplimiento de reglas de conducta.","og_url":"https:\/\/nahuelproducciones.com.ar\/radioquijano\/campo-quijano-empujo-a-un-amigo-y-provoco-su-muerte\/","og_site_name":"RQ 99.9","article_publisher":"https:\/\/www.facebook.com\/nahuelproducciones999\/","article_published_time":"2021-10-27T14:08:57+00:00","article_modified_time":"2021-10-27T14:08:58+00:00","og_image":[{"width":700,"height":350,"url":"https:\/\/nahuelproducciones.com.ar\/radioquijano\/wp-content\/uploads\/2021\/10\/BRINDIS.jpg","type":"image\/jpeg"}],"author":"Ricardo Guzman","twitter_card":"summary_large_image","twitter_creator":"@nahuproduciones","twitter_site":"@nahuproduciones","twitter_misc":{"Escrito por":"Ricardo Guzman","Tiempo de lectura":"2 minutos"},"schema":{"@context":"https:\/\/schema.org","@graph":[{"@type":"WebPage","@id":"https:\/\/nahuelproducciones.com.ar\/radioquijano\/campo-quijano-empujo-a-un-amigo-y-provoco-su-muerte\/","url":"https:\/\/nahuelproducciones.com.ar\/radioquijano\/campo-quijano-empujo-a-un-amigo-y-provoco-su-muerte\/","name":"Campo Quijano: Empuj\u00f3 a un amigo y provoc\u00f3 su muerte - RQ 99.9","isPartOf":{"@id":"https:\/\/nahuelproducciones.com.ar\/radioquijano\/#website"},"datePublished":"2021-10-27T14:08:57+00:00","dateModified":"2021-10-27T14:08:58+00:00","author":{"@id":"https:\/\/nahuelproducciones.com.ar\/radioquijano\/#\/schema\/person\/b9b81a110cbdf07949e2cd02d478ab9d"},"description":"Le impuso al acusado una pena de tres a\u00f1os de ejecuci\u00f3n condicional y el cumplimiento de reglas de conducta.","breadcrumb":{"@id":"https:\/\/nahuelproducciones.com.ar\/radioquijano\/campo-quijano-empujo-a-un-amigo-y-provoco-su-muerte\/#breadcrumb"},"inLanguage":"es","potentialAction":[{"@type":"ReadAction","target":["https:\/\/nahuelproducciones.com.ar\/radioquijano\/campo-quijano-empujo-a-un-amigo-y-provoco-su-muerte\/"]}]},{"@type":"BreadcrumbList","@id":"https:\/\/nahuelproducciones.com.ar\/radioquijano\/campo-quijano-empujo-a-un-amigo-y-provoco-su-muerte\/#breadcrumb","itemListElement":[{"@type":"ListItem","position":1,"name":"Portada","item":"https:\/\/nahuelproducciones.com.ar\/radioquijano\/"},{"@type":"ListItem","position":2,"name":"Campo Quijano: Empuj\u00f3 a un amigo y provoc\u00f3 su muerte"}]},{"@type":"WebSite","@id":"https:\/\/nahuelproducciones.com.ar\/radioquijano\/#website","url":"https:\/\/nahuelproducciones.com.ar\/radioquijano\/","name":"RQ 99.9","description":"Radio Quijano 99.9 MHz","potentialAction":[{"@type":"SearchAction","target":{"@type":"EntryPoint","urlTemplate":"https:\/\/nahuelproducciones.com.ar\/radioquijano\/?s={search_term_string}"},"query-input":"required name=search_term_string"}],"inLanguage":"es"},{"@type":"Person","@id":"https:\/\/nahuelproducciones.com.ar\/radioquijano\/#\/schema\/person\/b9b81a110cbdf07949e2cd02d478ab9d","name":"Ricardo Guzman","image":{"@type":"ImageObject","inLanguage":"es","@id":"https:\/\/nahuelproducciones.com.ar\/radioquijano\/#\/schema\/person\/image\/","url":"https:\/\/secure.gravatar.com\/avatar\/a5d582deda251f95dc882b72fc6e7b4854f88bb25c3154519210afffa7d706e8?s=96&d=mm&r=g","contentUrl":"https:\/\/secure.gravatar.com\/avatar\/a5d582deda251f95dc882b72fc6e7b4854f88bb25c3154519210afffa7d706e8?s=96&d=mm&r=g","caption":"Ricardo Guzman"},"url":"https:\/\/nahuelproducciones.com.ar\/radioquijano\/author\/cady\/"}]}},"_links":{"self":[{"href":"https:\/\/nahuelproducciones.com.ar\/radioquijano\/wp-json\/wp\/v2\/posts\/1602","targetHints":{"allow":["GET"]}}],"collection":[{"href":"https:\/\/nahuelproducciones.com.ar\/radioquijano\/wp-json\/wp\/v2\/posts"}],"about":[{"href":"https:\/\/nahuelproducciones.com.ar\/radioquijano\/wp-json\/wp\/v2\/types\/post"}],"author":[{"embeddable":true,"href":"https:\/\/nahuelproducciones.com.ar\/radioquijano\/wp-json\/wp\/v2\/users\/6"}],"replies":[{"embeddable":true,"href":"https:\/\/nahuelproducciones.com.ar\/radioquijano\/wp-json\/wp\/v2\/comments?post=1602"}],"version-history":[{"count":1,"href":"https:\/\/nahuelproducciones.com.ar\/radioquijano\/wp-json\/wp\/v2\/posts\/1602\/revisions"}],"predecessor-version":[{"id":1604,"href":"https:\/\/nahuelproducciones.com.ar\/radioquijano\/wp-json\/wp\/v2\/posts\/1602\/revisions\/1604"}],"wp:featuredmedia":[{"embeddable":true,"href":"https:\/\/nahuelproducciones.com.ar\/radioquijano\/wp-json\/wp\/v2\/media\/1603"}],"wp:attachment":[{"href":"https:\/\/nahuelproducciones.com.ar\/radioquijano\/wp-json\/wp\/v2\/media?parent=1602"}],"wp:term":[{"taxonomy":"category","embeddable":true,"href":"https:\/\/nahuelproducciones.com.ar\/radioquijano\/wp-json\/wp\/v2\/categories?post=1602"},{"taxonomy":"post_tag","embeddable":true,"href":"https:\/\/nahuelproducciones.com.ar\/radioquijano\/wp-json\/wp\/v2\/tags?post=1602"}],"curies":[{"name":"wp","href":"https:\/\/api.w.org\/{rel}","templated":true}]}}