{"id":1608,"date":"2021-10-28T01:04:23","date_gmt":"2021-10-28T04:04:23","guid":{"rendered":"https:\/\/nahuelproducciones.com.ar\/radioquijano\/?p=1608"},"modified":"2021-10-28T08:10:22","modified_gmt":"2021-10-28T11:10:22","slug":"el-impuestazo-ya-es-realidad-en-campo-quijano","status":"publish","type":"post","link":"https:\/\/nahuelproducciones.com.ar\/radioquijano\/el-impuestazo-ya-es-realidad-en-campo-quijano\/","title":{"rendered":"El impuestazo ya es realidad en Campo Quijano"},"content":{"rendered":"\n<p>En la sesi\u00f3n ordinaria N\u00b0 33 del Concejo Deliberante del municipio, se apoy\u00f3 el incremento de tasa e impuestos a\u00fan sin saber c\u00f3mo maneja el erario p\u00fablico el intendente Carlos Folloni.<\/p>\n\n\n\n<p>Los concejales oficialistas Iv\u00e1n Ramos, Amalia Alanjay y Chichin Burgos dieron el si, mientras que el edil Juli\u00e1n Quispe se opuso, al tanto que los concejales Ren\u00e9 Rivera y Emanuel Viberos mediante su ausencia no dieron quorum para defender al pueblo.<\/p>\n\n\n\n<p>El incremento se har\u00e1 efectivo a partir del 1 de noviembre, y quedan algunos temas dentro del proyecto enviado por Carlos Folloni que no fueron develados, es decir que el incremento ser\u00e1 sorpresivo en algunos casos.<\/p>\n\n\n\n<p>En el debate, el concejal Iv\u00e1n Ramos se puso en los zapatos de Folloni y trat\u00f3 de brindar el informe de obras que tanto se le reclama al intendente desde hace dos a\u00f1os. Expuso el detalle de algunas obras pero no pudo responder a la consulta del presidente del cuerpo Ariel Gallardo, a quien le consult\u00f3 acerca de los montos y empresas contratadas para esas obras.<\/p>\n\n\n\n<iframe loading=\"lazy\" src=\"https:\/\/www.facebook.com\/plugins\/video.php?height=280&#038;href=https%3A%2F%2Fwww.facebook.com%2Fcecypastrana%2Fvideos%2F400070908284981%2F&#038;show_text=true&#038;width=560&#038;t=0\" width=\"560\" height=\"395\" style=\"border:none;overflow:hidden\" scrolling=\"no\" frameborder=\"0\" allowfullscreen=\"true\" allow=\"autoplay; clipboard-write; encrypted-media; picture-in-picture; web-share\" allowFullScreen=\"true\"><\/iframe>\n","protected":false},"excerpt":{"rendered":"<p>En la sesi\u00f3n ordinaria N\u00b0 33 del Concejo Deliberante del municipio, se apoy\u00f3 el incremento de tasa e impuestos a\u00fan sin saber c\u00f3mo maneja el erario p\u00fablico el intendente Carlos Folloni. Los concejales oficialistas Iv\u00e1n Ramos, Amalia Alanjay y Chichin Burgos dieron el si, mientras que el edil Juli\u00e1n Quispe se opuso, al tanto que [&hellip;]<\/p>\n","protected":false},"author":6,"featured_media":1613,"comment_status":"open","ping_status":"open","sticky":false,"template":"","format":"standard","meta":{"_monsterinsights_skip_tracking":false,"_monsterinsights_sitenote_active":false,"_monsterinsights_sitenote_note":"","_monsterinsights_sitenote_category":0,"footnotes":""},"categories":[16],"tags":[214,36,58,75,244,74,63,96,84,71,100,243,62],"class_list":["post-1608","post","type-post","status-publish","format-standard","has-post-thumbnail","hentry","category-noticias","tag-amalia-alanjay","tag-campo-quijano","tag-carlos-folloni","tag-concejo-deliberante-de-campo-quijano","tag-emanuel-viberos","tag-ivan-ramos","tag-lino-yonar","tag-lupy-cruz","tag-manuel-cornejo","tag-municipalidad-de-campo-quijano","tag-municipio-de-campo-quijano","tag-rene-rivera","tag-topo-ramos"],"yoast_head":"<!-- This site is optimized with the Yoast SEO plugin v20.8 - https:\/\/yoast.com\/wordpress\/plugins\/seo\/ -->\n<title>El impuestazo ya es realidad en Campo Quijano - RQ 99.9<\/title>\n<meta name=\"robots\" content=\"index, follow, max-snippet:-1, max-image-preview:large, max-video-preview:-1\" \/>\n<link rel=\"canonical\" href=\"https:\/\/nahuelproducciones.com.ar\/radioquijano\/el-impuestazo-ya-es-realidad-en-campo-quijano\/\" \/>\n<meta property=\"og:locale\" content=\"es_ES\" \/>\n<meta property=\"og:type\" content=\"article\" \/>\n<meta property=\"og:title\" content=\"El impuestazo ya es realidad en Campo Quijano - RQ 99.9\" \/>\n<meta property=\"og:description\" content=\"En la sesi\u00f3n ordinaria N\u00b0 33 del Concejo Deliberante del municipio, se apoy\u00f3 el incremento de tasa e impuestos a\u00fan sin saber c\u00f3mo maneja el erario p\u00fablico el intendente Carlos Folloni. Los concejales oficialistas Iv\u00e1n Ramos, Amalia Alanjay y Chichin Burgos dieron el si, mientras que el edil Juli\u00e1n Quispe se opuso, al tanto que [&hellip;]\" \/>\n<meta property=\"og:url\" content=\"https:\/\/nahuelproducciones.com.ar\/radioquijano\/el-impuestazo-ya-es-realidad-en-campo-quijano\/\" \/>\n<meta property=\"og:site_name\" content=\"RQ 99.9\" \/>\n<meta property=\"article:publisher\" content=\"https:\/\/www.facebook.com\/nahuelproducciones999\/\" \/>\n<meta property=\"article:published_time\" content=\"2021-10-28T04:04:23+00:00\" \/>\n<meta property=\"article:modified_time\" content=\"2021-10-28T11:10:22+00:00\" \/>\n<meta property=\"og:image\" content=\"https:\/\/nahuelproducciones.com.ar\/radioquijano\/wp-content\/uploads\/2021\/10\/sesion-33.jpg\" \/>\n\t<meta property=\"og:image:width\" content=\"700\" \/>\n\t<meta property=\"og:image:height\" content=\"350\" \/>\n\t<meta property=\"og:image:type\" content=\"image\/jpeg\" \/>\n<meta name=\"author\" content=\"Ricardo Guzman\" \/>\n<meta name=\"twitter:card\" content=\"summary_large_image\" \/>\n<meta name=\"twitter:creator\" content=\"@nahuproduciones\" \/>\n<meta name=\"twitter:site\" content=\"@nahuproduciones\" \/>\n<meta name=\"twitter:label1\" content=\"Escrito por\" \/>\n\t<meta name=\"twitter:data1\" content=\"Ricardo Guzman\" \/>\n\t<meta name=\"twitter:label2\" content=\"Tiempo de lectura\" \/>\n\t<meta name=\"twitter:data2\" content=\"1 minuto\" \/>\n<script type=\"application\/ld+json\" class=\"yoast-schema-graph\">{\"@context\":\"https:\/\/schema.org\",\"@graph\":[{\"@type\":\"WebPage\",\"@id\":\"https:\/\/nahuelproducciones.com.ar\/radioquijano\/el-impuestazo-ya-es-realidad-en-campo-quijano\/\",\"url\":\"https:\/\/nahuelproducciones.com.ar\/radioquijano\/el-impuestazo-ya-es-realidad-en-campo-quijano\/\",\"name\":\"El impuestazo ya es realidad en Campo Quijano - RQ 99.9\",\"isPartOf\":{\"@id\":\"https:\/\/nahuelproducciones.com.ar\/radioquijano\/#website\"},\"datePublished\":\"2021-10-28T04:04:23+00:00\",\"dateModified\":\"2021-10-28T11:10:22+00:00\",\"author\":{\"@id\":\"https:\/\/nahuelproducciones.com.ar\/radioquijano\/#\/schema\/person\/b9b81a110cbdf07949e2cd02d478ab9d\"},\"breadcrumb\":{\"@id\":\"https:\/\/nahuelproducciones.com.ar\/radioquijano\/el-impuestazo-ya-es-realidad-en-campo-quijano\/#breadcrumb\"},\"inLanguage\":\"es\",\"potentialAction\":[{\"@type\":\"ReadAction\",\"target\":[\"https:\/\/nahuelproducciones.com.ar\/radioquijano\/el-impuestazo-ya-es-realidad-en-campo-quijano\/\"]}]},{\"@type\":\"BreadcrumbList\",\"@id\":\"https:\/\/nahuelproducciones.com.ar\/radioquijano\/el-impuestazo-ya-es-realidad-en-campo-quijano\/#breadcrumb\",\"itemListElement\":[{\"@type\":\"ListItem\",\"position\":1,\"name\":\"Portada\",\"item\":\"https:\/\/nahuelproducciones.com.ar\/radioquijano\/\"},{\"@type\":\"ListItem\",\"position\":2,\"name\":\"El impuestazo ya es realidad en Campo Quijano\"}]},{\"@type\":\"WebSite\",\"@id\":\"https:\/\/nahuelproducciones.com.ar\/radioquijano\/#website\",\"url\":\"https:\/\/nahuelproducciones.com.ar\/radioquijano\/\",\"name\":\"RQ 99.9\",\"description\":\"Radio Quijano 99.9 MHz\",\"potentialAction\":[{\"@type\":\"SearchAction\",\"target\":{\"@type\":\"EntryPoint\",\"urlTemplate\":\"https:\/\/nahuelproducciones.com.ar\/radioquijano\/?s={search_term_string}\"},\"query-input\":\"required name=search_term_string\"}],\"inLanguage\":\"es\"},{\"@type\":\"Person\",\"@id\":\"https:\/\/nahuelproducciones.com.ar\/radioquijano\/#\/schema\/person\/b9b81a110cbdf07949e2cd02d478ab9d\",\"name\":\"Ricardo Guzman\",\"image\":{\"@type\":\"ImageObject\",\"inLanguage\":\"es\",\"@id\":\"https:\/\/nahuelproducciones.com.ar\/radioquijano\/#\/schema\/person\/image\/\",\"url\":\"https:\/\/secure.gravatar.com\/avatar\/a5d582deda251f95dc882b72fc6e7b4854f88bb25c3154519210afffa7d706e8?s=96&d=mm&r=g\",\"contentUrl\":\"https:\/\/secure.gravatar.com\/avatar\/a5d582deda251f95dc882b72fc6e7b4854f88bb25c3154519210afffa7d706e8?s=96&d=mm&r=g\",\"caption\":\"Ricardo Guzman\"},\"url\":\"https:\/\/nahuelproducciones.com.ar\/radioquijano\/author\/cady\/\"}]}<\/script>\n<!-- \/ Yoast SEO plugin. -->","yoast_head_json":{"title":"El impuestazo ya es realidad en Campo Quijano - RQ 99.9","robots":{"index":"index","follow":"follow","max-snippet":"max-snippet:-1","max-image-preview":"max-image-preview:large","max-video-preview":"max-video-preview:-1"},"canonical":"https:\/\/nahuelproducciones.com.ar\/radioquijano\/el-impuestazo-ya-es-realidad-en-campo-quijano\/","og_locale":"es_ES","og_type":"article","og_title":"El impuestazo ya es realidad en Campo Quijano - RQ 99.9","og_description":"En la sesi\u00f3n ordinaria N\u00b0 33 del Concejo Deliberante del municipio, se apoy\u00f3 el incremento de tasa e impuestos a\u00fan sin saber c\u00f3mo maneja el erario p\u00fablico el intendente Carlos Folloni. Los concejales oficialistas Iv\u00e1n Ramos, Amalia Alanjay y Chichin Burgos dieron el si, mientras que el edil Juli\u00e1n Quispe se opuso, al tanto que [&hellip;]","og_url":"https:\/\/nahuelproducciones.com.ar\/radioquijano\/el-impuestazo-ya-es-realidad-en-campo-quijano\/","og_site_name":"RQ 99.9","article_publisher":"https:\/\/www.facebook.com\/nahuelproducciones999\/","article_published_time":"2021-10-28T04:04:23+00:00","article_modified_time":"2021-10-28T11:10:22+00:00","og_image":[{"width":700,"height":350,"url":"https:\/\/nahuelproducciones.com.ar\/radioquijano\/wp-content\/uploads\/2021\/10\/sesion-33.jpg","type":"image\/jpeg"}],"author":"Ricardo Guzman","twitter_card":"summary_large_image","twitter_creator":"@nahuproduciones","twitter_site":"@nahuproduciones","twitter_misc":{"Escrito por":"Ricardo Guzman","Tiempo de lectura":"1 minuto"},"schema":{"@context":"https:\/\/schema.org","@graph":[{"@type":"WebPage","@id":"https:\/\/nahuelproducciones.com.ar\/radioquijano\/el-impuestazo-ya-es-realidad-en-campo-quijano\/","url":"https:\/\/nahuelproducciones.com.ar\/radioquijano\/el-impuestazo-ya-es-realidad-en-campo-quijano\/","name":"El impuestazo ya es realidad en Campo Quijano - RQ 99.9","isPartOf":{"@id":"https:\/\/nahuelproducciones.com.ar\/radioquijano\/#website"},"datePublished":"2021-10-28T04:04:23+00:00","dateModified":"2021-10-28T11:10:22+00:00","author":{"@id":"https:\/\/nahuelproducciones.com.ar\/radioquijano\/#\/schema\/person\/b9b81a110cbdf07949e2cd02d478ab9d"},"breadcrumb":{"@id":"https:\/\/nahuelproducciones.com.ar\/radioquijano\/el-impuestazo-ya-es-realidad-en-campo-quijano\/#breadcrumb"},"inLanguage":"es","potentialAction":[{"@type":"ReadAction","target":["https:\/\/nahuelproducciones.com.ar\/radioquijano\/el-impuestazo-ya-es-realidad-en-campo-quijano\/"]}]},{"@type":"BreadcrumbList","@id":"https:\/\/nahuelproducciones.com.ar\/radioquijano\/el-impuestazo-ya-es-realidad-en-campo-quijano\/#breadcrumb","itemListElement":[{"@type":"ListItem","position":1,"name":"Portada","item":"https:\/\/nahuelproducciones.com.ar\/radioquijano\/"},{"@type":"ListItem","position":2,"name":"El impuestazo ya es realidad en Campo Quijano"}]},{"@type":"WebSite","@id":"https:\/\/nahuelproducciones.com.ar\/radioquijano\/#website","url":"https:\/\/nahuelproducciones.com.ar\/radioquijano\/","name":"RQ 99.9","description":"Radio Quijano 99.9 MHz","potentialAction":[{"@type":"SearchAction","target":{"@type":"EntryPoint","urlTemplate":"https:\/\/nahuelproducciones.com.ar\/radioquijano\/?s={search_term_string}"},"query-input":"required name=search_term_string"}],"inLanguage":"es"},{"@type":"Person","@id":"https:\/\/nahuelproducciones.com.ar\/radioquijano\/#\/schema\/person\/b9b81a110cbdf07949e2cd02d478ab9d","name":"Ricardo Guzman","image":{"@type":"ImageObject","inLanguage":"es","@id":"https:\/\/nahuelproducciones.com.ar\/radioquijano\/#\/schema\/person\/image\/","url":"https:\/\/secure.gravatar.com\/avatar\/a5d582deda251f95dc882b72fc6e7b4854f88bb25c3154519210afffa7d706e8?s=96&d=mm&r=g","contentUrl":"https:\/\/secure.gravatar.com\/avatar\/a5d582deda251f95dc882b72fc6e7b4854f88bb25c3154519210afffa7d706e8?s=96&d=mm&r=g","caption":"Ricardo Guzman"},"url":"https:\/\/nahuelproducciones.com.ar\/radioquijano\/author\/cady\/"}]}},"_links":{"self":[{"href":"https:\/\/nahuelproducciones.com.ar\/radioquijano\/wp-json\/wp\/v2\/posts\/1608","targetHints":{"allow":["GET"]}}],"collection":[{"href":"https:\/\/nahuelproducciones.com.ar\/radioquijano\/wp-json\/wp\/v2\/posts"}],"about":[{"href":"https:\/\/nahuelproducciones.com.ar\/radioquijano\/wp-json\/wp\/v2\/types\/post"}],"author":[{"embeddable":true,"href":"https:\/\/nahuelproducciones.com.ar\/radioquijano\/wp-json\/wp\/v2\/users\/6"}],"replies":[{"embeddable":true,"href":"https:\/\/nahuelproducciones.com.ar\/radioquijano\/wp-json\/wp\/v2\/comments?post=1608"}],"version-history":[{"count":4,"href":"https:\/\/nahuelproducciones.com.ar\/radioquijano\/wp-json\/wp\/v2\/posts\/1608\/revisions"}],"predecessor-version":[{"id":1615,"href":"https:\/\/nahuelproducciones.com.ar\/radioquijano\/wp-json\/wp\/v2\/posts\/1608\/revisions\/1615"}],"wp:featuredmedia":[{"embeddable":true,"href":"https:\/\/nahuelproducciones.com.ar\/radioquijano\/wp-json\/wp\/v2\/media\/1613"}],"wp:attachment":[{"href":"https:\/\/nahuelproducciones.com.ar\/radioquijano\/wp-json\/wp\/v2\/media?parent=1608"}],"wp:term":[{"taxonomy":"category","embeddable":true,"href":"https:\/\/nahuelproducciones.com.ar\/radioquijano\/wp-json\/wp\/v2\/categories?post=1608"},{"taxonomy":"post_tag","embeddable":true,"href":"https:\/\/nahuelproducciones.com.ar\/radioquijano\/wp-json\/wp\/v2\/tags?post=1608"}],"curies":[{"name":"wp","href":"https:\/\/api.w.org\/{rel}","templated":true}]}}