{"id":1616,"date":"2021-11-02T08:24:18","date_gmt":"2021-11-02T11:24:18","guid":{"rendered":"https:\/\/nahuelproducciones.com.ar\/radioquijano\/?p=1616"},"modified":"2021-11-02T08:29:35","modified_gmt":"2021-11-02T11:29:35","slug":"10festival-solidariobaldo-el-ojoroso-diaz","status":"publish","type":"post","link":"https:\/\/nahuelproducciones.com.ar\/radioquijano\/10festival-solidariobaldo-el-ojoroso-diaz\/","title":{"rendered":"10\u00b0Festival Solidario\u00bbBaldo El Ojoroso Diaz\u00bb"},"content":{"rendered":"\n<p> El  festival recuerda a Baldo, el  gaucho y Trovador de los Valles, su familia a modo de homenaje planeo  esta gran movida solidaria.<\/p>\n\n\n\n<p>El evento tiene tambi\u00e9n como objetivo,  colaborar y ayudar con instituciones seleccionadas, que necesitan el aporte de la comunidad. <\/p>\n\n\n\n<p>La entrada ser\u00e1 un alimento no perecedero y todo lo recaudado ser\u00e1 donado a la escuela\u00a0de Potrero de Uriburu N\u00b04580.<\/p>\n\n\n\n<p>La cita ser\u00e1 el 5 de noviembre de 2021, a hs 20:00, en la Plaza del Barrio 24 de Septiembre de Campo Quijano y cuenta con una cartelera de artistas locales que solidariamente se har\u00e1n presentes.<\/p>\n\n\n\n<p> El Referente es <a href=\"https:\/\/www.facebook.com\/cuis.bautistaii\" target=\"_blank\" rel=\"noreferrer noopener\">Luis \u00abCui\u00bb Bautista<\/a>, pero detr\u00e1s de toda la organizaci\u00f3n tambi\u00e9n esta toda su familia y amigos.  <\/p>\n\n\n\n<p>  Para mayor informaci\u00f3n comunicarse al celular 3876 85-4304<\/p>\n\n\n\n<p> <\/p>\n\n\n\n<p> <\/p>\n","protected":false},"excerpt":{"rendered":"<p>El festival recuerda a Baldo, el gaucho y Trovador de los Valles, su familia a modo de homenaje planeo esta gran movida solidaria. El evento tiene tambi\u00e9n como objetivo, colaborar y ayudar con instituciones seleccionadas, que necesitan el aporte de la comunidad. La entrada ser\u00e1 un alimento no perecedero y todo lo recaudado ser\u00e1 donado [&hellip;]<\/p>\n","protected":false},"author":8,"featured_media":1519,"comment_status":"open","ping_status":"open","sticky":false,"template":"","format":"standard","meta":{"_monsterinsights_skip_tracking":false,"_monsterinsights_sitenote_active":false,"_monsterinsights_sitenote_note":"","_monsterinsights_sitenote_category":0,"footnotes":""},"categories":[2,16],"tags":[36,245],"class_list":["post-1616","post","type-post","status-publish","format-standard","has-post-thumbnail","hentry","category-cultura","category-noticias","tag-campo-quijano","tag-festival-solidariobaldo-el-ojoroso-diaz-2"],"yoast_head":"<!-- This site is optimized with the Yoast SEO plugin v20.8 - https:\/\/yoast.com\/wordpress\/plugins\/seo\/ -->\n<title>10\u00b0Festival Solidario&quot;Baldo El Ojoroso Diaz&quot; - RQ 99.9<\/title>\n<meta name=\"description\" content=\"Ser\u00e1 el 5 de noviembre de 2021, a hs 20:00, en la Plaza del Barrio 24 de Septiembre de Campo Quijano\" \/>\n<meta name=\"robots\" content=\"index, follow, max-snippet:-1, max-image-preview:large, max-video-preview:-1\" \/>\n<link rel=\"canonical\" href=\"https:\/\/nahuelproducciones.com.ar\/radioquijano\/10festival-solidariobaldo-el-ojoroso-diaz\/\" \/>\n<meta property=\"og:locale\" content=\"es_ES\" \/>\n<meta property=\"og:type\" content=\"article\" \/>\n<meta property=\"og:title\" content=\"10\u00b0Festival Solidario&quot;Baldo El Ojoroso Diaz&quot; - RQ 99.9\" \/>\n<meta property=\"og:description\" content=\"Ser\u00e1 el 5 de noviembre de 2021, a hs 20:00, en la Plaza del Barrio 24 de Septiembre de Campo Quijano\" \/>\n<meta property=\"og:url\" content=\"https:\/\/nahuelproducciones.com.ar\/radioquijano\/10festival-solidariobaldo-el-ojoroso-diaz\/\" \/>\n<meta property=\"og:site_name\" content=\"RQ 99.9\" \/>\n<meta property=\"article:publisher\" content=\"https:\/\/www.facebook.com\/nahuelproducciones999\/\" \/>\n<meta property=\"article:published_time\" content=\"2021-11-02T11:24:18+00:00\" \/>\n<meta property=\"article:modified_time\" content=\"2021-11-02T11:29:35+00:00\" \/>\n<meta property=\"og:image\" content=\"https:\/\/nahuelproducciones.com.ar\/radioquijano\/wp-content\/uploads\/2021\/10\/baldo-el-ojoroso-diaz-primer-payador-de-salta-e1633660103838.jpeg\" \/>\n\t<meta property=\"og:image:width\" content=\"700\" \/>\n\t<meta property=\"og:image:height\" content=\"826\" \/>\n\t<meta property=\"og:image:type\" content=\"image\/jpeg\" \/>\n<meta name=\"author\" content=\"Cecilia Pastrana\" \/>\n<meta name=\"twitter:card\" content=\"summary_large_image\" \/>\n<meta name=\"twitter:creator\" content=\"@nahuproduciones\" \/>\n<meta name=\"twitter:site\" content=\"@nahuproduciones\" \/>\n<meta name=\"twitter:label1\" content=\"Escrito por\" \/>\n\t<meta name=\"twitter:data1\" content=\"Cecilia Pastrana\" \/>\n\t<meta name=\"twitter:label2\" content=\"Tiempo de lectura\" \/>\n\t<meta name=\"twitter:data2\" content=\"1 minuto\" \/>\n<script type=\"application\/ld+json\" class=\"yoast-schema-graph\">{\"@context\":\"https:\/\/schema.org\",\"@graph\":[{\"@type\":\"WebPage\",\"@id\":\"https:\/\/nahuelproducciones.com.ar\/radioquijano\/10festival-solidariobaldo-el-ojoroso-diaz\/\",\"url\":\"https:\/\/nahuelproducciones.com.ar\/radioquijano\/10festival-solidariobaldo-el-ojoroso-diaz\/\",\"name\":\"10\u00b0Festival Solidario\\\"Baldo El Ojoroso Diaz\\\" - RQ 99.9\",\"isPartOf\":{\"@id\":\"https:\/\/nahuelproducciones.com.ar\/radioquijano\/#website\"},\"datePublished\":\"2021-11-02T11:24:18+00:00\",\"dateModified\":\"2021-11-02T11:29:35+00:00\",\"author\":{\"@id\":\"https:\/\/nahuelproducciones.com.ar\/radioquijano\/#\/schema\/person\/e8a4f939e2cb487fe6d0c54042c9d32c\"},\"description\":\"Ser\u00e1 el 5 de noviembre de 2021, a hs 20:00, en la Plaza del Barrio 24 de Septiembre de Campo Quijano\",\"breadcrumb\":{\"@id\":\"https:\/\/nahuelproducciones.com.ar\/radioquijano\/10festival-solidariobaldo-el-ojoroso-diaz\/#breadcrumb\"},\"inLanguage\":\"es\",\"potentialAction\":[{\"@type\":\"ReadAction\",\"target\":[\"https:\/\/nahuelproducciones.com.ar\/radioquijano\/10festival-solidariobaldo-el-ojoroso-diaz\/\"]}]},{\"@type\":\"BreadcrumbList\",\"@id\":\"https:\/\/nahuelproducciones.com.ar\/radioquijano\/10festival-solidariobaldo-el-ojoroso-diaz\/#breadcrumb\",\"itemListElement\":[{\"@type\":\"ListItem\",\"position\":1,\"name\":\"Portada\",\"item\":\"https:\/\/nahuelproducciones.com.ar\/radioquijano\/\"},{\"@type\":\"ListItem\",\"position\":2,\"name\":\"10\u00b0Festival Solidario\u00bbBaldo El Ojoroso Diaz\u00bb\"}]},{\"@type\":\"WebSite\",\"@id\":\"https:\/\/nahuelproducciones.com.ar\/radioquijano\/#website\",\"url\":\"https:\/\/nahuelproducciones.com.ar\/radioquijano\/\",\"name\":\"RQ 99.9\",\"description\":\"Radio Quijano 99.9 MHz\",\"potentialAction\":[{\"@type\":\"SearchAction\",\"target\":{\"@type\":\"EntryPoint\",\"urlTemplate\":\"https:\/\/nahuelproducciones.com.ar\/radioquijano\/?s={search_term_string}\"},\"query-input\":\"required name=search_term_string\"}],\"inLanguage\":\"es\"},{\"@type\":\"Person\",\"@id\":\"https:\/\/nahuelproducciones.com.ar\/radioquijano\/#\/schema\/person\/e8a4f939e2cb487fe6d0c54042c9d32c\",\"name\":\"Cecilia Pastrana\",\"image\":{\"@type\":\"ImageObject\",\"inLanguage\":\"es\",\"@id\":\"https:\/\/nahuelproducciones.com.ar\/radioquijano\/#\/schema\/person\/image\/\",\"url\":\"https:\/\/secure.gravatar.com\/avatar\/661a3ef63a8488d4f2794ed44af8cf71420f7e106f3072c40125114df5157749?s=96&d=mm&r=g\",\"contentUrl\":\"https:\/\/secure.gravatar.com\/avatar\/661a3ef63a8488d4f2794ed44af8cf71420f7e106f3072c40125114df5157749?s=96&d=mm&r=g\",\"caption\":\"Cecilia Pastrana\"},\"sameAs\":[\"cecy\"],\"url\":\"https:\/\/nahuelproducciones.com.ar\/radioquijano\/author\/cecy\/\"}]}<\/script>\n<!-- \/ Yoast SEO plugin. -->","yoast_head_json":{"title":"10\u00b0Festival Solidario\"Baldo El Ojoroso Diaz\" - RQ 99.9","description":"Ser\u00e1 el 5 de noviembre de 2021, a hs 20:00, en la Plaza del Barrio 24 de Septiembre de Campo Quijano","robots":{"index":"index","follow":"follow","max-snippet":"max-snippet:-1","max-image-preview":"max-image-preview:large","max-video-preview":"max-video-preview:-1"},"canonical":"https:\/\/nahuelproducciones.com.ar\/radioquijano\/10festival-solidariobaldo-el-ojoroso-diaz\/","og_locale":"es_ES","og_type":"article","og_title":"10\u00b0Festival Solidario\"Baldo El Ojoroso Diaz\" - RQ 99.9","og_description":"Ser\u00e1 el 5 de noviembre de 2021, a hs 20:00, en la Plaza del Barrio 24 de Septiembre de Campo Quijano","og_url":"https:\/\/nahuelproducciones.com.ar\/radioquijano\/10festival-solidariobaldo-el-ojoroso-diaz\/","og_site_name":"RQ 99.9","article_publisher":"https:\/\/www.facebook.com\/nahuelproducciones999\/","article_published_time":"2021-11-02T11:24:18+00:00","article_modified_time":"2021-11-02T11:29:35+00:00","og_image":[{"width":700,"height":826,"url":"https:\/\/nahuelproducciones.com.ar\/radioquijano\/wp-content\/uploads\/2021\/10\/baldo-el-ojoroso-diaz-primer-payador-de-salta-e1633660103838.jpeg","type":"image\/jpeg"}],"author":"Cecilia Pastrana","twitter_card":"summary_large_image","twitter_creator":"@nahuproduciones","twitter_site":"@nahuproduciones","twitter_misc":{"Escrito por":"Cecilia Pastrana","Tiempo de lectura":"1 minuto"},"schema":{"@context":"https:\/\/schema.org","@graph":[{"@type":"WebPage","@id":"https:\/\/nahuelproducciones.com.ar\/radioquijano\/10festival-solidariobaldo-el-ojoroso-diaz\/","url":"https:\/\/nahuelproducciones.com.ar\/radioquijano\/10festival-solidariobaldo-el-ojoroso-diaz\/","name":"10\u00b0Festival Solidario\"Baldo El Ojoroso Diaz\" - RQ 99.9","isPartOf":{"@id":"https:\/\/nahuelproducciones.com.ar\/radioquijano\/#website"},"datePublished":"2021-11-02T11:24:18+00:00","dateModified":"2021-11-02T11:29:35+00:00","author":{"@id":"https:\/\/nahuelproducciones.com.ar\/radioquijano\/#\/schema\/person\/e8a4f939e2cb487fe6d0c54042c9d32c"},"description":"Ser\u00e1 el 5 de noviembre de 2021, a hs 20:00, en la Plaza del Barrio 24 de Septiembre de Campo Quijano","breadcrumb":{"@id":"https:\/\/nahuelproducciones.com.ar\/radioquijano\/10festival-solidariobaldo-el-ojoroso-diaz\/#breadcrumb"},"inLanguage":"es","potentialAction":[{"@type":"ReadAction","target":["https:\/\/nahuelproducciones.com.ar\/radioquijano\/10festival-solidariobaldo-el-ojoroso-diaz\/"]}]},{"@type":"BreadcrumbList","@id":"https:\/\/nahuelproducciones.com.ar\/radioquijano\/10festival-solidariobaldo-el-ojoroso-diaz\/#breadcrumb","itemListElement":[{"@type":"ListItem","position":1,"name":"Portada","item":"https:\/\/nahuelproducciones.com.ar\/radioquijano\/"},{"@type":"ListItem","position":2,"name":"10\u00b0Festival Solidario\u00bbBaldo El Ojoroso Diaz\u00bb"}]},{"@type":"WebSite","@id":"https:\/\/nahuelproducciones.com.ar\/radioquijano\/#website","url":"https:\/\/nahuelproducciones.com.ar\/radioquijano\/","name":"RQ 99.9","description":"Radio Quijano 99.9 MHz","potentialAction":[{"@type":"SearchAction","target":{"@type":"EntryPoint","urlTemplate":"https:\/\/nahuelproducciones.com.ar\/radioquijano\/?s={search_term_string}"},"query-input":"required name=search_term_string"}],"inLanguage":"es"},{"@type":"Person","@id":"https:\/\/nahuelproducciones.com.ar\/radioquijano\/#\/schema\/person\/e8a4f939e2cb487fe6d0c54042c9d32c","name":"Cecilia Pastrana","image":{"@type":"ImageObject","inLanguage":"es","@id":"https:\/\/nahuelproducciones.com.ar\/radioquijano\/#\/schema\/person\/image\/","url":"https:\/\/secure.gravatar.com\/avatar\/661a3ef63a8488d4f2794ed44af8cf71420f7e106f3072c40125114df5157749?s=96&d=mm&r=g","contentUrl":"https:\/\/secure.gravatar.com\/avatar\/661a3ef63a8488d4f2794ed44af8cf71420f7e106f3072c40125114df5157749?s=96&d=mm&r=g","caption":"Cecilia Pastrana"},"sameAs":["cecy"],"url":"https:\/\/nahuelproducciones.com.ar\/radioquijano\/author\/cecy\/"}]}},"_links":{"self":[{"href":"https:\/\/nahuelproducciones.com.ar\/radioquijano\/wp-json\/wp\/v2\/posts\/1616","targetHints":{"allow":["GET"]}}],"collection":[{"href":"https:\/\/nahuelproducciones.com.ar\/radioquijano\/wp-json\/wp\/v2\/posts"}],"about":[{"href":"https:\/\/nahuelproducciones.com.ar\/radioquijano\/wp-json\/wp\/v2\/types\/post"}],"author":[{"embeddable":true,"href":"https:\/\/nahuelproducciones.com.ar\/radioquijano\/wp-json\/wp\/v2\/users\/8"}],"replies":[{"embeddable":true,"href":"https:\/\/nahuelproducciones.com.ar\/radioquijano\/wp-json\/wp\/v2\/comments?post=1616"}],"version-history":[{"count":2,"href":"https:\/\/nahuelproducciones.com.ar\/radioquijano\/wp-json\/wp\/v2\/posts\/1616\/revisions"}],"predecessor-version":[{"id":1620,"href":"https:\/\/nahuelproducciones.com.ar\/radioquijano\/wp-json\/wp\/v2\/posts\/1616\/revisions\/1620"}],"wp:featuredmedia":[{"embeddable":true,"href":"https:\/\/nahuelproducciones.com.ar\/radioquijano\/wp-json\/wp\/v2\/media\/1519"}],"wp:attachment":[{"href":"https:\/\/nahuelproducciones.com.ar\/radioquijano\/wp-json\/wp\/v2\/media?parent=1616"}],"wp:term":[{"taxonomy":"category","embeddable":true,"href":"https:\/\/nahuelproducciones.com.ar\/radioquijano\/wp-json\/wp\/v2\/categories?post=1616"},{"taxonomy":"post_tag","embeddable":true,"href":"https:\/\/nahuelproducciones.com.ar\/radioquijano\/wp-json\/wp\/v2\/tags?post=1616"}],"curies":[{"name":"wp","href":"https:\/\/api.w.org\/{rel}","templated":true}]}}