{"id":1621,"date":"2021-11-02T21:49:15","date_gmt":"2021-11-03T00:49:15","guid":{"rendered":"https:\/\/nahuelproducciones.com.ar\/radioquijano\/?p=1621"},"modified":"2021-11-02T21:49:17","modified_gmt":"2021-11-03T00:49:17","slug":"caso-david-sulca","status":"publish","type":"post","link":"https:\/\/nahuelproducciones.com.ar\/radioquijano\/caso-david-sulca\/","title":{"rendered":"CASO DAVID SULCA: \u00abAgradezco a todos los salte\u00f1os, gracias muchas gracias\u00bb #50D\u00edas"},"content":{"rendered":"\n<p>La madre de David Sulca en comunicaci\u00f3n con nuestro medio indic\u00f3 que la b\u00fasqueda de David finaliz\u00f3 tras la salida del exministro Pulleiro. <\/p>\n\n\n\n<p>\u00abEse d\u00eda que present\u00f3 su renuncia ya no hab\u00eda nadie buscando a mi hijo, no puedo creer que una persona tan inteligente quedara afuera. Le agradezco con todo mi coraz\u00f3n por la ayuda que me ofreci\u00f3\u00bb, dijo Evira Zerpa. <\/p>\n\n\n\n<p>La mujer explic\u00f3 que sus intenciones de dar a Con Criterio Salta su \u00faltima nota a los medios es agradecer a todos lo que se preocuparon por el bienestar de su hijo.<\/p>\n\n\n\n<p> \u00abNuestra familia esta en paz, intentamos con todos nuestros pocos recursos buscarlo, si mi hijo esta debajo de alg\u00fan mont\u00edculo de tierra solo nos queda rezar por el\u00bb, a\u00f1adi\u00f3.<\/p>\n\n\n\n<p> Evira Zerpa asegur\u00f3 que esta ser\u00e1 su \u00faltima nota a los medios y que sus oraciones las realiza todos los d\u00edas en en barrio San Jorge en Campo Quijano pidiendo por el descanso eterno de su hijo. De todas forma aseguro que no pierde las esperanza de dar un paseo por las monta\u00f1as y poder encontrarlo.<\/p>\n\n\n\n<p> \u00abTenemos que continuar la vida con mi familia, yo tengo hijos m\u00e1s chicos que perdieron muchos d\u00edas de clases y cuando me di cuenta de lo que ocurr\u00eda, decid\u00ed continuar por ellos\u00bb, explic\u00f3. <\/p>\n\n\n\n<p>Gracias a toda la gente de Salta por sus preocupaciones, gracias muchas gracias, pero solo queda rezar por el descanso de mi hijo\u00bb, Finaliz\u00f3 la madre de David Sulca.<\/p>\n\n\n\n<div class=\"wp-block-image\"><figure class=\"aligncenter size-large is-resized\"><img loading=\"lazy\" decoding=\"async\" src=\"https:\/\/nahuelproducciones.com.ar\/radioquijano\/wp-content\/uploads\/2021\/11\/david-sulca-y-madre-787x1024.jpg\" alt=\"\" class=\"wp-image-1622\" width=\"583\" height=\"759\" srcset=\"https:\/\/nahuelproducciones.com.ar\/radioquijano\/wp-content\/uploads\/2021\/11\/david-sulca-y-madre-787x1024.jpg 787w, https:\/\/nahuelproducciones.com.ar\/radioquijano\/wp-content\/uploads\/2021\/11\/david-sulca-y-madre-231x300.jpg 231w, https:\/\/nahuelproducciones.com.ar\/radioquijano\/wp-content\/uploads\/2021\/11\/david-sulca-y-madre-768x999.jpg 768w, https:\/\/nahuelproducciones.com.ar\/radioquijano\/wp-content\/uploads\/2021\/11\/david-sulca-y-madre-150x195.jpg 150w, https:\/\/nahuelproducciones.com.ar\/radioquijano\/wp-content\/uploads\/2021\/11\/david-sulca-y-madre.jpg 1080w\" sizes=\"auto, (max-width: 583px) 100vw, 583px\" \/><\/figure><\/div>\n","protected":false},"excerpt":{"rendered":"<p>La madre de David Sulca en comunicaci\u00f3n con nuestro medio indic\u00f3 que la b\u00fasqueda de David finaliz\u00f3 tras la salida del exministro Pulleiro. \u00abEse d\u00eda que present\u00f3 su renuncia ya no hab\u00eda nadie buscando a mi hijo, no puedo creer que una persona tan inteligente quedara afuera. Le agradezco con todo mi coraz\u00f3n por la [&hellip;]<\/p>\n","protected":false},"author":8,"featured_media":1422,"comment_status":"open","ping_status":"open","sticky":false,"template":"","format":"standard","meta":{"_monsterinsights_skip_tracking":false,"_monsterinsights_sitenote_active":false,"_monsterinsights_sitenote_note":"","_monsterinsights_sitenote_category":0,"footnotes":""},"categories":[8,16],"tags":[36,58,75,246,63,71,100,62],"class_list":["post-1621","post","type-post","status-publish","format-standard","has-post-thumbnail","hentry","category-blog-de-sapito","category-noticias","tag-campo-quijano","tag-carlos-folloni","tag-concejo-deliberante-de-campo-quijano","tag-david-sulca","tag-lino-yonar","tag-municipalidad-de-campo-quijano","tag-municipio-de-campo-quijano","tag-topo-ramos"],"yoast_head":"<!-- This site is optimized with the Yoast SEO plugin v20.8 - https:\/\/yoast.com\/wordpress\/plugins\/seo\/ -->\n<title>CASO DAVID SULCA: &quot;Agradezco a todos los salte\u00f1os, gracias muchas gracias&quot; #50D\u00edas - RQ 99.9<\/title>\n<meta name=\"description\" content=\"CASO DAVID SULCA Agradezco a todos los salte\u00f1os\" \/>\n<meta name=\"robots\" content=\"index, follow, max-snippet:-1, max-image-preview:large, max-video-preview:-1\" \/>\n<link rel=\"canonical\" href=\"https:\/\/nahuelproducciones.com.ar\/radioquijano\/caso-david-sulca\/\" \/>\n<meta property=\"og:locale\" content=\"es_ES\" \/>\n<meta property=\"og:type\" content=\"article\" \/>\n<meta property=\"og:title\" content=\"CASO DAVID SULCA: &quot;Agradezco a todos los salte\u00f1os, gracias muchas gracias&quot; #50D\u00edas - RQ 99.9\" \/>\n<meta property=\"og:description\" content=\"CASO DAVID SULCA Agradezco a todos los salte\u00f1os\" \/>\n<meta property=\"og:url\" content=\"https:\/\/nahuelproducciones.com.ar\/radioquijano\/caso-david-sulca\/\" \/>\n<meta property=\"og:site_name\" content=\"RQ 99.9\" \/>\n<meta property=\"article:publisher\" content=\"https:\/\/www.facebook.com\/nahuelproducciones999\/\" \/>\n<meta property=\"article:published_time\" content=\"2021-11-03T00:49:15+00:00\" \/>\n<meta property=\"article:modified_time\" content=\"2021-11-03T00:49:17+00:00\" \/>\n<meta property=\"og:image\" content=\"https:\/\/nahuelproducciones.com.ar\/radioquijano\/wp-content\/uploads\/2021\/09\/DAVID-ZULCA.jpg\" \/>\n\t<meta property=\"og:image:width\" content=\"700\" \/>\n\t<meta property=\"og:image:height\" content=\"350\" \/>\n\t<meta property=\"og:image:type\" content=\"image\/jpeg\" \/>\n<meta name=\"author\" content=\"Cecilia Pastrana\" \/>\n<meta name=\"twitter:card\" content=\"summary_large_image\" \/>\n<meta name=\"twitter:creator\" content=\"@nahuproduciones\" \/>\n<meta name=\"twitter:site\" content=\"@nahuproduciones\" \/>\n<meta name=\"twitter:label1\" content=\"Escrito por\" \/>\n\t<meta name=\"twitter:data1\" content=\"Cecilia Pastrana\" \/>\n\t<meta name=\"twitter:label2\" content=\"Tiempo de lectura\" \/>\n\t<meta name=\"twitter:data2\" content=\"2 minutos\" \/>\n<script type=\"application\/ld+json\" class=\"yoast-schema-graph\">{\"@context\":\"https:\/\/schema.org\",\"@graph\":[{\"@type\":\"WebPage\",\"@id\":\"https:\/\/nahuelproducciones.com.ar\/radioquijano\/caso-david-sulca\/\",\"url\":\"https:\/\/nahuelproducciones.com.ar\/radioquijano\/caso-david-sulca\/\",\"name\":\"CASO DAVID SULCA: \\\"Agradezco a todos los salte\u00f1os, gracias muchas gracias\\\" #50D\u00edas - RQ 99.9\",\"isPartOf\":{\"@id\":\"https:\/\/nahuelproducciones.com.ar\/radioquijano\/#website\"},\"datePublished\":\"2021-11-03T00:49:15+00:00\",\"dateModified\":\"2021-11-03T00:49:17+00:00\",\"author\":{\"@id\":\"https:\/\/nahuelproducciones.com.ar\/radioquijano\/#\/schema\/person\/e8a4f939e2cb487fe6d0c54042c9d32c\"},\"description\":\"CASO DAVID SULCA Agradezco a todos los salte\u00f1os\",\"breadcrumb\":{\"@id\":\"https:\/\/nahuelproducciones.com.ar\/radioquijano\/caso-david-sulca\/#breadcrumb\"},\"inLanguage\":\"es\",\"potentialAction\":[{\"@type\":\"ReadAction\",\"target\":[\"https:\/\/nahuelproducciones.com.ar\/radioquijano\/caso-david-sulca\/\"]}]},{\"@type\":\"BreadcrumbList\",\"@id\":\"https:\/\/nahuelproducciones.com.ar\/radioquijano\/caso-david-sulca\/#breadcrumb\",\"itemListElement\":[{\"@type\":\"ListItem\",\"position\":1,\"name\":\"Portada\",\"item\":\"https:\/\/nahuelproducciones.com.ar\/radioquijano\/\"},{\"@type\":\"ListItem\",\"position\":2,\"name\":\"CASO DAVID SULCA: \u00abAgradezco a todos los salte\u00f1os, gracias muchas gracias\u00bb #50D\u00edas\"}]},{\"@type\":\"WebSite\",\"@id\":\"https:\/\/nahuelproducciones.com.ar\/radioquijano\/#website\",\"url\":\"https:\/\/nahuelproducciones.com.ar\/radioquijano\/\",\"name\":\"RQ 99.9\",\"description\":\"Radio Quijano 99.9 MHz\",\"potentialAction\":[{\"@type\":\"SearchAction\",\"target\":{\"@type\":\"EntryPoint\",\"urlTemplate\":\"https:\/\/nahuelproducciones.com.ar\/radioquijano\/?s={search_term_string}\"},\"query-input\":\"required name=search_term_string\"}],\"inLanguage\":\"es\"},{\"@type\":\"Person\",\"@id\":\"https:\/\/nahuelproducciones.com.ar\/radioquijano\/#\/schema\/person\/e8a4f939e2cb487fe6d0c54042c9d32c\",\"name\":\"Cecilia Pastrana\",\"image\":{\"@type\":\"ImageObject\",\"inLanguage\":\"es\",\"@id\":\"https:\/\/nahuelproducciones.com.ar\/radioquijano\/#\/schema\/person\/image\/\",\"url\":\"https:\/\/secure.gravatar.com\/avatar\/661a3ef63a8488d4f2794ed44af8cf71420f7e106f3072c40125114df5157749?s=96&d=mm&r=g\",\"contentUrl\":\"https:\/\/secure.gravatar.com\/avatar\/661a3ef63a8488d4f2794ed44af8cf71420f7e106f3072c40125114df5157749?s=96&d=mm&r=g\",\"caption\":\"Cecilia Pastrana\"},\"sameAs\":[\"cecy\"],\"url\":\"https:\/\/nahuelproducciones.com.ar\/radioquijano\/author\/cecy\/\"}]}<\/script>\n<!-- \/ Yoast SEO plugin. -->","yoast_head_json":{"title":"CASO DAVID SULCA: \"Agradezco a todos los salte\u00f1os, gracias muchas gracias\" #50D\u00edas - RQ 99.9","description":"CASO DAVID SULCA Agradezco a todos los salte\u00f1os","robots":{"index":"index","follow":"follow","max-snippet":"max-snippet:-1","max-image-preview":"max-image-preview:large","max-video-preview":"max-video-preview:-1"},"canonical":"https:\/\/nahuelproducciones.com.ar\/radioquijano\/caso-david-sulca\/","og_locale":"es_ES","og_type":"article","og_title":"CASO DAVID SULCA: \"Agradezco a todos los salte\u00f1os, gracias muchas gracias\" #50D\u00edas - RQ 99.9","og_description":"CASO DAVID SULCA Agradezco a todos los salte\u00f1os","og_url":"https:\/\/nahuelproducciones.com.ar\/radioquijano\/caso-david-sulca\/","og_site_name":"RQ 99.9","article_publisher":"https:\/\/www.facebook.com\/nahuelproducciones999\/","article_published_time":"2021-11-03T00:49:15+00:00","article_modified_time":"2021-11-03T00:49:17+00:00","og_image":[{"width":700,"height":350,"url":"https:\/\/nahuelproducciones.com.ar\/radioquijano\/wp-content\/uploads\/2021\/09\/DAVID-ZULCA.jpg","type":"image\/jpeg"}],"author":"Cecilia Pastrana","twitter_card":"summary_large_image","twitter_creator":"@nahuproduciones","twitter_site":"@nahuproduciones","twitter_misc":{"Escrito por":"Cecilia Pastrana","Tiempo de lectura":"2 minutos"},"schema":{"@context":"https:\/\/schema.org","@graph":[{"@type":"WebPage","@id":"https:\/\/nahuelproducciones.com.ar\/radioquijano\/caso-david-sulca\/","url":"https:\/\/nahuelproducciones.com.ar\/radioquijano\/caso-david-sulca\/","name":"CASO DAVID SULCA: \"Agradezco a todos los salte\u00f1os, gracias muchas gracias\" #50D\u00edas - RQ 99.9","isPartOf":{"@id":"https:\/\/nahuelproducciones.com.ar\/radioquijano\/#website"},"datePublished":"2021-11-03T00:49:15+00:00","dateModified":"2021-11-03T00:49:17+00:00","author":{"@id":"https:\/\/nahuelproducciones.com.ar\/radioquijano\/#\/schema\/person\/e8a4f939e2cb487fe6d0c54042c9d32c"},"description":"CASO DAVID SULCA Agradezco a todos los salte\u00f1os","breadcrumb":{"@id":"https:\/\/nahuelproducciones.com.ar\/radioquijano\/caso-david-sulca\/#breadcrumb"},"inLanguage":"es","potentialAction":[{"@type":"ReadAction","target":["https:\/\/nahuelproducciones.com.ar\/radioquijano\/caso-david-sulca\/"]}]},{"@type":"BreadcrumbList","@id":"https:\/\/nahuelproducciones.com.ar\/radioquijano\/caso-david-sulca\/#breadcrumb","itemListElement":[{"@type":"ListItem","position":1,"name":"Portada","item":"https:\/\/nahuelproducciones.com.ar\/radioquijano\/"},{"@type":"ListItem","position":2,"name":"CASO DAVID SULCA: \u00abAgradezco a todos los salte\u00f1os, gracias muchas gracias\u00bb #50D\u00edas"}]},{"@type":"WebSite","@id":"https:\/\/nahuelproducciones.com.ar\/radioquijano\/#website","url":"https:\/\/nahuelproducciones.com.ar\/radioquijano\/","name":"RQ 99.9","description":"Radio Quijano 99.9 MHz","potentialAction":[{"@type":"SearchAction","target":{"@type":"EntryPoint","urlTemplate":"https:\/\/nahuelproducciones.com.ar\/radioquijano\/?s={search_term_string}"},"query-input":"required name=search_term_string"}],"inLanguage":"es"},{"@type":"Person","@id":"https:\/\/nahuelproducciones.com.ar\/radioquijano\/#\/schema\/person\/e8a4f939e2cb487fe6d0c54042c9d32c","name":"Cecilia Pastrana","image":{"@type":"ImageObject","inLanguage":"es","@id":"https:\/\/nahuelproducciones.com.ar\/radioquijano\/#\/schema\/person\/image\/","url":"https:\/\/secure.gravatar.com\/avatar\/661a3ef63a8488d4f2794ed44af8cf71420f7e106f3072c40125114df5157749?s=96&d=mm&r=g","contentUrl":"https:\/\/secure.gravatar.com\/avatar\/661a3ef63a8488d4f2794ed44af8cf71420f7e106f3072c40125114df5157749?s=96&d=mm&r=g","caption":"Cecilia Pastrana"},"sameAs":["cecy"],"url":"https:\/\/nahuelproducciones.com.ar\/radioquijano\/author\/cecy\/"}]}},"_links":{"self":[{"href":"https:\/\/nahuelproducciones.com.ar\/radioquijano\/wp-json\/wp\/v2\/posts\/1621","targetHints":{"allow":["GET"]}}],"collection":[{"href":"https:\/\/nahuelproducciones.com.ar\/radioquijano\/wp-json\/wp\/v2\/posts"}],"about":[{"href":"https:\/\/nahuelproducciones.com.ar\/radioquijano\/wp-json\/wp\/v2\/types\/post"}],"author":[{"embeddable":true,"href":"https:\/\/nahuelproducciones.com.ar\/radioquijano\/wp-json\/wp\/v2\/users\/8"}],"replies":[{"embeddable":true,"href":"https:\/\/nahuelproducciones.com.ar\/radioquijano\/wp-json\/wp\/v2\/comments?post=1621"}],"version-history":[{"count":1,"href":"https:\/\/nahuelproducciones.com.ar\/radioquijano\/wp-json\/wp\/v2\/posts\/1621\/revisions"}],"predecessor-version":[{"id":1623,"href":"https:\/\/nahuelproducciones.com.ar\/radioquijano\/wp-json\/wp\/v2\/posts\/1621\/revisions\/1623"}],"wp:featuredmedia":[{"embeddable":true,"href":"https:\/\/nahuelproducciones.com.ar\/radioquijano\/wp-json\/wp\/v2\/media\/1422"}],"wp:attachment":[{"href":"https:\/\/nahuelproducciones.com.ar\/radioquijano\/wp-json\/wp\/v2\/media?parent=1621"}],"wp:term":[{"taxonomy":"category","embeddable":true,"href":"https:\/\/nahuelproducciones.com.ar\/radioquijano\/wp-json\/wp\/v2\/categories?post=1621"},{"taxonomy":"post_tag","embeddable":true,"href":"https:\/\/nahuelproducciones.com.ar\/radioquijano\/wp-json\/wp\/v2\/tags?post=1621"}],"curies":[{"name":"wp","href":"https:\/\/api.w.org\/{rel}","templated":true}]}}