{"id":1624,"date":"2021-11-07T09:44:33","date_gmt":"2021-11-07T12:44:33","guid":{"rendered":"https:\/\/nahuelproducciones.com.ar\/radioquijano\/?p=1624"},"modified":"2021-11-07T09:44:34","modified_gmt":"2021-11-07T12:44:34","slug":"campo-quijano-seran-cuatro-los-imputados-por-agredir-a-un-menor-en-una-fiesta","status":"publish","type":"post","link":"https:\/\/nahuelproducciones.com.ar\/radioquijano\/campo-quijano-seran-cuatro-los-imputados-por-agredir-a-un-menor-en-una-fiesta\/","title":{"rendered":"Campo Quijano: Ser\u00e1n cuatro los imputados por agredir a un menor en una fiesta"},"content":{"rendered":"\n<p><strong><em>El fiscal penal de Cerrillos, Federico Gabriel Portal, abri\u00f3 decreto de imputaci\u00f3n contra cuatro j\u00f3venes; uno de ellos por lesiones leves y los otros tres por lesiones leves en banda, en contra de un menor de 17 a\u00f1os.<\/em><\/strong><\/p>\n\n\n\n<p>Seg\u00fan consta en las actuaciones,&nbsp;<strong>los hechos se produjeron en la madrugada del 17 de octubre, alrededor de las 4:50 en Finca San Vicente de C\u00e1mara,<\/strong>&nbsp;de la localidad de Campo Quijano, cuando&nbsp;<strong>uno de los j\u00f3venes increp\u00f3 y agredi\u00f3 f\u00edsicamente al menor.<\/strong><\/p>\n\n\n\n<p><strong>Momentos despu\u00e9s, los otros tres acusados le propinaron un cabezazo y golpes de pu\u00f1o en distintas partes del cuerpo.<\/strong><\/p>\n\n\n\n<p>La denuncia fue radicada por la madre del menor agredido, quien tras tomar conocimiento de lo sucedido se dirigi\u00f3 al lugar para luego trasladarlo a una cl\u00ednica privada.<\/p>\n\n\n\n<p>En el marco de la causa,&nbsp;<strong>tanto el menor como la prima de \u00e9ste, que se encontraba en el lugar, prestaron declaraci\u00f3n testimonial.<\/strong><\/p>\n\n\n\n<p>Seg\u00fan el informe m\u00e9dico legal correspondiente, el menor v\u00edctima de las agresiones presentaba inflamaci\u00f3n e hinchaz\u00f3n en p\u00f3mulo izquierdo, inflamaci\u00f3n, hinchaz\u00f3n, m\u00e1s equimosis en regi\u00f3n temporal derecha\u201d.<\/p>\n\n\n\n<p><strong>Los j\u00f3venes, todos mayores de edad, fueron identificados como jugadores de rugby del Jockey Club y fueron citados a audiencia de imputaci\u00f3n entre los d\u00edas 8 y 12 de noviembre<\/strong><\/p>\n\n\n\n<p><a href=\"https:\/\/nahuelproducciones.com.ar\/\">#RQ99.9Mhz<\/a>     <a href=\"https:\/\/www.facebook.com\/nahuelproducciones999\/?ref=pages_you_manage\">CAMPO QUIJANO<\/a><\/p>\n","protected":false},"excerpt":{"rendered":"<p>El fiscal penal de Cerrillos, Federico Gabriel Portal, abri\u00f3 decreto de imputaci\u00f3n contra cuatro j\u00f3venes; uno de ellos por lesiones leves y los otros tres por lesiones leves en banda, en contra de un menor de 17 a\u00f1os. Seg\u00fan consta en las actuaciones,&nbsp;los hechos se produjeron en la madrugada del 17 de octubre, alrededor de [&hellip;]<\/p>\n","protected":false},"author":8,"featured_media":1625,"comment_status":"open","ping_status":"open","sticky":false,"template":"","format":"standard","meta":{"_monsterinsights_skip_tracking":false,"_monsterinsights_sitenote_active":false,"_monsterinsights_sitenote_note":"","_monsterinsights_sitenote_category":0,"footnotes":""},"categories":[16],"tags":[36,248,247],"class_list":["post-1624","post","type-post","status-publish","format-standard","has-post-thumbnail","hentry","category-noticias","tag-campo-quijano","tag-imputacion-contra-cuatro-jovenes","tag-rugby-del-jockey-club"],"yoast_head":"<!-- This site is optimized with the Yoast SEO plugin v20.8 - https:\/\/yoast.com\/wordpress\/plugins\/seo\/ -->\n<title>Campo Quijano: Ser\u00e1n cuatro los imputados por agredir a un menor en una fiesta - RQ 99.9<\/title>\n<meta name=\"description\" content=\"fueron citados a audiencia de imputaci\u00f3n entre los d\u00edas 8 y 12 de noviembre\" \/>\n<meta name=\"robots\" content=\"index, follow, max-snippet:-1, max-image-preview:large, max-video-preview:-1\" \/>\n<link rel=\"canonical\" href=\"https:\/\/nahuelproducciones.com.ar\/radioquijano\/campo-quijano-seran-cuatro-los-imputados-por-agredir-a-un-menor-en-una-fiesta\/\" \/>\n<meta property=\"og:locale\" content=\"es_ES\" \/>\n<meta property=\"og:type\" content=\"article\" \/>\n<meta property=\"og:title\" content=\"Campo Quijano: Ser\u00e1n cuatro los imputados por agredir a un menor en una fiesta - RQ 99.9\" \/>\n<meta property=\"og:description\" content=\"fueron citados a audiencia de imputaci\u00f3n entre los d\u00edas 8 y 12 de noviembre\" \/>\n<meta property=\"og:url\" content=\"https:\/\/nahuelproducciones.com.ar\/radioquijano\/campo-quijano-seran-cuatro-los-imputados-por-agredir-a-un-menor-en-una-fiesta\/\" \/>\n<meta property=\"og:site_name\" content=\"RQ 99.9\" \/>\n<meta property=\"article:publisher\" content=\"https:\/\/www.facebook.com\/nahuelproducciones999\/\" \/>\n<meta property=\"article:published_time\" content=\"2021-11-07T12:44:33+00:00\" \/>\n<meta property=\"article:modified_time\" content=\"2021-11-07T12:44:34+00:00\" \/>\n<meta property=\"og:image\" content=\"https:\/\/nahuelproducciones.com.ar\/radioquijano\/wp-content\/uploads\/2021\/11\/CAMPO-QUIJANO.jpg\" \/>\n\t<meta property=\"og:image:width\" content=\"700\" \/>\n\t<meta property=\"og:image:height\" content=\"350\" \/>\n\t<meta property=\"og:image:type\" content=\"image\/jpeg\" \/>\n<meta name=\"author\" content=\"Cecilia Pastrana\" \/>\n<meta name=\"twitter:card\" content=\"summary_large_image\" \/>\n<meta name=\"twitter:creator\" content=\"@nahuproduciones\" \/>\n<meta name=\"twitter:site\" content=\"@nahuproduciones\" \/>\n<meta name=\"twitter:label1\" content=\"Escrito por\" \/>\n\t<meta name=\"twitter:data1\" content=\"Cecilia Pastrana\" \/>\n\t<meta name=\"twitter:label2\" content=\"Tiempo de lectura\" \/>\n\t<meta name=\"twitter:data2\" content=\"1 minuto\" \/>\n<script type=\"application\/ld+json\" class=\"yoast-schema-graph\">{\"@context\":\"https:\/\/schema.org\",\"@graph\":[{\"@type\":\"WebPage\",\"@id\":\"https:\/\/nahuelproducciones.com.ar\/radioquijano\/campo-quijano-seran-cuatro-los-imputados-por-agredir-a-un-menor-en-una-fiesta\/\",\"url\":\"https:\/\/nahuelproducciones.com.ar\/radioquijano\/campo-quijano-seran-cuatro-los-imputados-por-agredir-a-un-menor-en-una-fiesta\/\",\"name\":\"Campo Quijano: Ser\u00e1n cuatro los imputados por agredir a un menor en una fiesta - RQ 99.9\",\"isPartOf\":{\"@id\":\"https:\/\/nahuelproducciones.com.ar\/radioquijano\/#website\"},\"datePublished\":\"2021-11-07T12:44:33+00:00\",\"dateModified\":\"2021-11-07T12:44:34+00:00\",\"author\":{\"@id\":\"https:\/\/nahuelproducciones.com.ar\/radioquijano\/#\/schema\/person\/e8a4f939e2cb487fe6d0c54042c9d32c\"},\"description\":\"fueron citados a audiencia de imputaci\u00f3n entre los d\u00edas 8 y 12 de noviembre\",\"breadcrumb\":{\"@id\":\"https:\/\/nahuelproducciones.com.ar\/radioquijano\/campo-quijano-seran-cuatro-los-imputados-por-agredir-a-un-menor-en-una-fiesta\/#breadcrumb\"},\"inLanguage\":\"es\",\"potentialAction\":[{\"@type\":\"ReadAction\",\"target\":[\"https:\/\/nahuelproducciones.com.ar\/radioquijano\/campo-quijano-seran-cuatro-los-imputados-por-agredir-a-un-menor-en-una-fiesta\/\"]}]},{\"@type\":\"BreadcrumbList\",\"@id\":\"https:\/\/nahuelproducciones.com.ar\/radioquijano\/campo-quijano-seran-cuatro-los-imputados-por-agredir-a-un-menor-en-una-fiesta\/#breadcrumb\",\"itemListElement\":[{\"@type\":\"ListItem\",\"position\":1,\"name\":\"Portada\",\"item\":\"https:\/\/nahuelproducciones.com.ar\/radioquijano\/\"},{\"@type\":\"ListItem\",\"position\":2,\"name\":\"Campo Quijano: Ser\u00e1n cuatro los imputados por agredir a un menor en una fiesta\"}]},{\"@type\":\"WebSite\",\"@id\":\"https:\/\/nahuelproducciones.com.ar\/radioquijano\/#website\",\"url\":\"https:\/\/nahuelproducciones.com.ar\/radioquijano\/\",\"name\":\"RQ 99.9\",\"description\":\"Radio Quijano 99.9 MHz\",\"potentialAction\":[{\"@type\":\"SearchAction\",\"target\":{\"@type\":\"EntryPoint\",\"urlTemplate\":\"https:\/\/nahuelproducciones.com.ar\/radioquijano\/?s={search_term_string}\"},\"query-input\":\"required name=search_term_string\"}],\"inLanguage\":\"es\"},{\"@type\":\"Person\",\"@id\":\"https:\/\/nahuelproducciones.com.ar\/radioquijano\/#\/schema\/person\/e8a4f939e2cb487fe6d0c54042c9d32c\",\"name\":\"Cecilia Pastrana\",\"image\":{\"@type\":\"ImageObject\",\"inLanguage\":\"es\",\"@id\":\"https:\/\/nahuelproducciones.com.ar\/radioquijano\/#\/schema\/person\/image\/\",\"url\":\"https:\/\/secure.gravatar.com\/avatar\/661a3ef63a8488d4f2794ed44af8cf71420f7e106f3072c40125114df5157749?s=96&d=mm&r=g\",\"contentUrl\":\"https:\/\/secure.gravatar.com\/avatar\/661a3ef63a8488d4f2794ed44af8cf71420f7e106f3072c40125114df5157749?s=96&d=mm&r=g\",\"caption\":\"Cecilia Pastrana\"},\"sameAs\":[\"cecy\"],\"url\":\"https:\/\/nahuelproducciones.com.ar\/radioquijano\/author\/cecy\/\"}]}<\/script>\n<!-- \/ Yoast SEO plugin. -->","yoast_head_json":{"title":"Campo Quijano: Ser\u00e1n cuatro los imputados por agredir a un menor en una fiesta - RQ 99.9","description":"fueron citados a audiencia de imputaci\u00f3n entre los d\u00edas 8 y 12 de noviembre","robots":{"index":"index","follow":"follow","max-snippet":"max-snippet:-1","max-image-preview":"max-image-preview:large","max-video-preview":"max-video-preview:-1"},"canonical":"https:\/\/nahuelproducciones.com.ar\/radioquijano\/campo-quijano-seran-cuatro-los-imputados-por-agredir-a-un-menor-en-una-fiesta\/","og_locale":"es_ES","og_type":"article","og_title":"Campo Quijano: Ser\u00e1n cuatro los imputados por agredir a un menor en una fiesta - RQ 99.9","og_description":"fueron citados a audiencia de imputaci\u00f3n entre los d\u00edas 8 y 12 de noviembre","og_url":"https:\/\/nahuelproducciones.com.ar\/radioquijano\/campo-quijano-seran-cuatro-los-imputados-por-agredir-a-un-menor-en-una-fiesta\/","og_site_name":"RQ 99.9","article_publisher":"https:\/\/www.facebook.com\/nahuelproducciones999\/","article_published_time":"2021-11-07T12:44:33+00:00","article_modified_time":"2021-11-07T12:44:34+00:00","og_image":[{"width":700,"height":350,"url":"https:\/\/nahuelproducciones.com.ar\/radioquijano\/wp-content\/uploads\/2021\/11\/CAMPO-QUIJANO.jpg","type":"image\/jpeg"}],"author":"Cecilia Pastrana","twitter_card":"summary_large_image","twitter_creator":"@nahuproduciones","twitter_site":"@nahuproduciones","twitter_misc":{"Escrito por":"Cecilia Pastrana","Tiempo de lectura":"1 minuto"},"schema":{"@context":"https:\/\/schema.org","@graph":[{"@type":"WebPage","@id":"https:\/\/nahuelproducciones.com.ar\/radioquijano\/campo-quijano-seran-cuatro-los-imputados-por-agredir-a-un-menor-en-una-fiesta\/","url":"https:\/\/nahuelproducciones.com.ar\/radioquijano\/campo-quijano-seran-cuatro-los-imputados-por-agredir-a-un-menor-en-una-fiesta\/","name":"Campo Quijano: Ser\u00e1n cuatro los imputados por agredir a un menor en una fiesta - RQ 99.9","isPartOf":{"@id":"https:\/\/nahuelproducciones.com.ar\/radioquijano\/#website"},"datePublished":"2021-11-07T12:44:33+00:00","dateModified":"2021-11-07T12:44:34+00:00","author":{"@id":"https:\/\/nahuelproducciones.com.ar\/radioquijano\/#\/schema\/person\/e8a4f939e2cb487fe6d0c54042c9d32c"},"description":"fueron citados a audiencia de imputaci\u00f3n entre los d\u00edas 8 y 12 de noviembre","breadcrumb":{"@id":"https:\/\/nahuelproducciones.com.ar\/radioquijano\/campo-quijano-seran-cuatro-los-imputados-por-agredir-a-un-menor-en-una-fiesta\/#breadcrumb"},"inLanguage":"es","potentialAction":[{"@type":"ReadAction","target":["https:\/\/nahuelproducciones.com.ar\/radioquijano\/campo-quijano-seran-cuatro-los-imputados-por-agredir-a-un-menor-en-una-fiesta\/"]}]},{"@type":"BreadcrumbList","@id":"https:\/\/nahuelproducciones.com.ar\/radioquijano\/campo-quijano-seran-cuatro-los-imputados-por-agredir-a-un-menor-en-una-fiesta\/#breadcrumb","itemListElement":[{"@type":"ListItem","position":1,"name":"Portada","item":"https:\/\/nahuelproducciones.com.ar\/radioquijano\/"},{"@type":"ListItem","position":2,"name":"Campo Quijano: Ser\u00e1n cuatro los imputados por agredir a un menor en una fiesta"}]},{"@type":"WebSite","@id":"https:\/\/nahuelproducciones.com.ar\/radioquijano\/#website","url":"https:\/\/nahuelproducciones.com.ar\/radioquijano\/","name":"RQ 99.9","description":"Radio Quijano 99.9 MHz","potentialAction":[{"@type":"SearchAction","target":{"@type":"EntryPoint","urlTemplate":"https:\/\/nahuelproducciones.com.ar\/radioquijano\/?s={search_term_string}"},"query-input":"required name=search_term_string"}],"inLanguage":"es"},{"@type":"Person","@id":"https:\/\/nahuelproducciones.com.ar\/radioquijano\/#\/schema\/person\/e8a4f939e2cb487fe6d0c54042c9d32c","name":"Cecilia Pastrana","image":{"@type":"ImageObject","inLanguage":"es","@id":"https:\/\/nahuelproducciones.com.ar\/radioquijano\/#\/schema\/person\/image\/","url":"https:\/\/secure.gravatar.com\/avatar\/661a3ef63a8488d4f2794ed44af8cf71420f7e106f3072c40125114df5157749?s=96&d=mm&r=g","contentUrl":"https:\/\/secure.gravatar.com\/avatar\/661a3ef63a8488d4f2794ed44af8cf71420f7e106f3072c40125114df5157749?s=96&d=mm&r=g","caption":"Cecilia Pastrana"},"sameAs":["cecy"],"url":"https:\/\/nahuelproducciones.com.ar\/radioquijano\/author\/cecy\/"}]}},"_links":{"self":[{"href":"https:\/\/nahuelproducciones.com.ar\/radioquijano\/wp-json\/wp\/v2\/posts\/1624","targetHints":{"allow":["GET"]}}],"collection":[{"href":"https:\/\/nahuelproducciones.com.ar\/radioquijano\/wp-json\/wp\/v2\/posts"}],"about":[{"href":"https:\/\/nahuelproducciones.com.ar\/radioquijano\/wp-json\/wp\/v2\/types\/post"}],"author":[{"embeddable":true,"href":"https:\/\/nahuelproducciones.com.ar\/radioquijano\/wp-json\/wp\/v2\/users\/8"}],"replies":[{"embeddable":true,"href":"https:\/\/nahuelproducciones.com.ar\/radioquijano\/wp-json\/wp\/v2\/comments?post=1624"}],"version-history":[{"count":1,"href":"https:\/\/nahuelproducciones.com.ar\/radioquijano\/wp-json\/wp\/v2\/posts\/1624\/revisions"}],"predecessor-version":[{"id":1626,"href":"https:\/\/nahuelproducciones.com.ar\/radioquijano\/wp-json\/wp\/v2\/posts\/1624\/revisions\/1626"}],"wp:featuredmedia":[{"embeddable":true,"href":"https:\/\/nahuelproducciones.com.ar\/radioquijano\/wp-json\/wp\/v2\/media\/1625"}],"wp:attachment":[{"href":"https:\/\/nahuelproducciones.com.ar\/radioquijano\/wp-json\/wp\/v2\/media?parent=1624"}],"wp:term":[{"taxonomy":"category","embeddable":true,"href":"https:\/\/nahuelproducciones.com.ar\/radioquijano\/wp-json\/wp\/v2\/categories?post=1624"},{"taxonomy":"post_tag","embeddable":true,"href":"https:\/\/nahuelproducciones.com.ar\/radioquijano\/wp-json\/wp\/v2\/tags?post=1624"}],"curies":[{"name":"wp","href":"https:\/\/api.w.org\/{rel}","templated":true}]}}