{"id":1631,"date":"2021-11-08T01:51:00","date_gmt":"2021-11-08T04:51:00","guid":{"rendered":"https:\/\/nahuelproducciones.com.ar\/radioquijano\/?p=1631"},"modified":"2021-11-08T01:52:43","modified_gmt":"2021-11-08T04:52:43","slug":"no-sabemos-como-titular-la-presente-nota","status":"publish","type":"post","link":"https:\/\/nahuelproducciones.com.ar\/radioquijano\/no-sabemos-como-titular-la-presente-nota\/","title":{"rendered":"No sabemos como titular la presente nota"},"content":{"rendered":"\n<p>Podr\u00edamos poner como t\u00edtulo a la presente nota, una cantidad enorme de adjetivos, pero solo vamos a hacer un an\u00e1lisis y Uds. saquen sus propias conclusiones.<\/p>\n\n\n\n<p><\/p>\n\n\n\n<figure class=\"wp-block-gallery columns-1 is-cropped wp-block-gallery-1 is-layout-flex wp-block-gallery-is-layout-flex\"><ul class=\"blocks-gallery-grid\"><li class=\"blocks-gallery-item\"><figure><img loading=\"lazy\" decoding=\"async\" width=\"723\" height=\"1024\" src=\"https:\/\/nahuelproducciones.com.ar\/radioquijano\/wp-content\/uploads\/2021\/11\/IMG-20211107-WA0012-1-723x1024.jpg\" alt=\"\" data-id=\"1633\" data-full-url=\"https:\/\/nahuelproducciones.com.ar\/radioquijano\/wp-content\/uploads\/2021\/11\/IMG-20211107-WA0012-1.jpg\" data-link=\"https:\/\/nahuelproducciones.com.ar\/radioquijano\/?attachment_id=1633\" class=\"wp-image-1633\" srcset=\"https:\/\/nahuelproducciones.com.ar\/radioquijano\/wp-content\/uploads\/2021\/11\/IMG-20211107-WA0012-1-723x1024.jpg 723w, https:\/\/nahuelproducciones.com.ar\/radioquijano\/wp-content\/uploads\/2021\/11\/IMG-20211107-WA0012-1-212x300.jpg 212w, https:\/\/nahuelproducciones.com.ar\/radioquijano\/wp-content\/uploads\/2021\/11\/IMG-20211107-WA0012-1-768x1087.jpg 768w, https:\/\/nahuelproducciones.com.ar\/radioquijano\/wp-content\/uploads\/2021\/11\/IMG-20211107-WA0012-1-150x212.jpg 150w, https:\/\/nahuelproducciones.com.ar\/radioquijano\/wp-content\/uploads\/2021\/11\/IMG-20211107-WA0012-1.jpg 1051w\" sizes=\"auto, (max-width: 723px) 100vw, 723px\" \/><\/figure><\/li><\/ul><\/figure>\n\n\n\n<p>Para empezar el Ejecutivo Municipal no puede adherir a una ordenanza, ya que es quien firma la promulgaci\u00f3n como tal, y adem\u00e1s es quien tiene la obligaci\u00f3n de hacerla cumplir. Enti\u00e9ndase que una&nbsp;<strong>Ordenanza<\/strong>&nbsp;es un mandato, es un&nbsp;<strong>tipo de norma<\/strong>&nbsp;jur\u00eddica al que esta supeditado todo el municipio. <\/p>\n\n\n\n<p>Por otra parte el intendente no puede declarar el feriado, lo correcto ser\u00eda declarar <strong>asueto <\/strong>en base a lo que dicta la ordenanza de referencia.<\/p>\n\n\n\n<p>Cuando dice <strong>\u00abInstrumento legal correspondiente\u00bb<\/strong>, a que instrumento se refiere?<\/p>\n\n\n\n<p>En toda norma jur\u00eddica, no se debe apelar a la libre interpretaci\u00f3n, ya que este documento en un principio es dictado como <strong>RESOLUCI\u00d3N <\/strong>per mas abajo se declara como <strong>DECRETO<\/strong>.<\/p>\n\n\n\n<p>Para finalizar les dejo este dato para que investiguen: Este documento fue o ser\u00e1 firmado el 29 de noviembre de 2021, TIENE VALID\u00c9Z?<\/p>\n\n\n\n<p>Tambi\u00e9n tiene que ser publicada.<\/p>\n\n\n\n<p>Churo no?<\/p>\n\n\n\n<p><\/p>\n","protected":false},"excerpt":{"rendered":"<p>Podr\u00edamos poner como t\u00edtulo a la presente nota, una cantidad enorme de adjetivos, pero solo vamos a hacer un an\u00e1lisis y Uds. saquen sus propias conclusiones. Para empezar el Ejecutivo Municipal no puede adherir a una ordenanza, ya que es quien firma la promulgaci\u00f3n como tal, y adem\u00e1s es quien tiene la obligaci\u00f3n de hacerla [&hellip;]<\/p>\n","protected":false},"author":6,"featured_media":905,"comment_status":"open","ping_status":"open","sticky":false,"template":"","format":"standard","meta":{"_monsterinsights_skip_tracking":false,"_monsterinsights_sitenote_active":false,"_monsterinsights_sitenote_note":"","_monsterinsights_sitenote_category":0,"footnotes":""},"categories":[8,6],"tags":[36,58,75,249,63,84,71,100,250,62],"class_list":["post-1631","post","type-post","status-publish","format-standard","has-post-thumbnail","hentry","category-blog-de-sapito","category-editorial","tag-campo-quijano","tag-carlos-folloni","tag-concejo-deliberante-de-campo-quijano","tag-jorge-oscar-folloni","tag-lino-yonar","tag-manuel-cornejo","tag-municipalidad-de-campo-quijano","tag-municipio-de-campo-quijano","tag-prs","tag-topo-ramos"],"yoast_head":"<!-- This site is optimized with the Yoast SEO plugin v20.8 - https:\/\/yoast.com\/wordpress\/plugins\/seo\/ -->\n<title>No sabemos como titular la presente nota - RQ 99.9<\/title>\n<meta name=\"description\" content=\"lo correcto ser\u00eda declarar asueto en base a lo que dicta la ordenanza de referencia.\" \/>\n<meta name=\"robots\" content=\"index, follow, max-snippet:-1, max-image-preview:large, max-video-preview:-1\" \/>\n<link rel=\"canonical\" href=\"https:\/\/nahuelproducciones.com.ar\/radioquijano\/no-sabemos-como-titular-la-presente-nota\/\" \/>\n<meta property=\"og:locale\" content=\"es_ES\" \/>\n<meta property=\"og:type\" content=\"article\" \/>\n<meta property=\"og:title\" content=\"No sabemos como titular la presente nota - RQ 99.9\" \/>\n<meta property=\"og:description\" content=\"lo correcto ser\u00eda declarar asueto en base a lo que dicta la ordenanza de referencia.\" \/>\n<meta property=\"og:url\" content=\"https:\/\/nahuelproducciones.com.ar\/radioquijano\/no-sabemos-como-titular-la-presente-nota\/\" \/>\n<meta property=\"og:site_name\" content=\"RQ 99.9\" \/>\n<meta property=\"article:publisher\" content=\"https:\/\/www.facebook.com\/nahuelproducciones999\/\" \/>\n<meta property=\"article:published_time\" content=\"2021-11-08T04:51:00+00:00\" \/>\n<meta property=\"article:modified_time\" content=\"2021-11-08T04:52:43+00:00\" \/>\n<meta property=\"og:image\" content=\"https:\/\/nahuelproducciones.com.ar\/radioquijano\/wp-content\/uploads\/2021\/05\/carlos-folloni.jpg\" \/>\n\t<meta property=\"og:image:width\" content=\"700\" \/>\n\t<meta property=\"og:image:height\" content=\"350\" \/>\n\t<meta property=\"og:image:type\" content=\"image\/jpeg\" \/>\n<meta name=\"author\" content=\"Ricardo Guzman\" \/>\n<meta name=\"twitter:card\" content=\"summary_large_image\" \/>\n<meta name=\"twitter:creator\" content=\"@nahuproduciones\" \/>\n<meta name=\"twitter:site\" content=\"@nahuproduciones\" \/>\n<meta name=\"twitter:label1\" content=\"Escrito por\" \/>\n\t<meta name=\"twitter:data1\" content=\"Ricardo Guzman\" \/>\n\t<meta name=\"twitter:label2\" content=\"Tiempo de lectura\" \/>\n\t<meta name=\"twitter:data2\" content=\"1 minuto\" \/>\n<script type=\"application\/ld+json\" class=\"yoast-schema-graph\">{\"@context\":\"https:\/\/schema.org\",\"@graph\":[{\"@type\":\"WebPage\",\"@id\":\"https:\/\/nahuelproducciones.com.ar\/radioquijano\/no-sabemos-como-titular-la-presente-nota\/\",\"url\":\"https:\/\/nahuelproducciones.com.ar\/radioquijano\/no-sabemos-como-titular-la-presente-nota\/\",\"name\":\"No sabemos como titular la presente nota - RQ 99.9\",\"isPartOf\":{\"@id\":\"https:\/\/nahuelproducciones.com.ar\/radioquijano\/#website\"},\"datePublished\":\"2021-11-08T04:51:00+00:00\",\"dateModified\":\"2021-11-08T04:52:43+00:00\",\"author\":{\"@id\":\"https:\/\/nahuelproducciones.com.ar\/radioquijano\/#\/schema\/person\/b9b81a110cbdf07949e2cd02d478ab9d\"},\"description\":\"lo correcto ser\u00eda declarar asueto en base a lo que dicta la ordenanza de referencia.\",\"breadcrumb\":{\"@id\":\"https:\/\/nahuelproducciones.com.ar\/radioquijano\/no-sabemos-como-titular-la-presente-nota\/#breadcrumb\"},\"inLanguage\":\"es\",\"potentialAction\":[{\"@type\":\"ReadAction\",\"target\":[\"https:\/\/nahuelproducciones.com.ar\/radioquijano\/no-sabemos-como-titular-la-presente-nota\/\"]}]},{\"@type\":\"BreadcrumbList\",\"@id\":\"https:\/\/nahuelproducciones.com.ar\/radioquijano\/no-sabemos-como-titular-la-presente-nota\/#breadcrumb\",\"itemListElement\":[{\"@type\":\"ListItem\",\"position\":1,\"name\":\"Portada\",\"item\":\"https:\/\/nahuelproducciones.com.ar\/radioquijano\/\"},{\"@type\":\"ListItem\",\"position\":2,\"name\":\"No sabemos como titular la presente nota\"}]},{\"@type\":\"WebSite\",\"@id\":\"https:\/\/nahuelproducciones.com.ar\/radioquijano\/#website\",\"url\":\"https:\/\/nahuelproducciones.com.ar\/radioquijano\/\",\"name\":\"RQ 99.9\",\"description\":\"Radio Quijano 99.9 MHz\",\"potentialAction\":[{\"@type\":\"SearchAction\",\"target\":{\"@type\":\"EntryPoint\",\"urlTemplate\":\"https:\/\/nahuelproducciones.com.ar\/radioquijano\/?s={search_term_string}\"},\"query-input\":\"required name=search_term_string\"}],\"inLanguage\":\"es\"},{\"@type\":\"Person\",\"@id\":\"https:\/\/nahuelproducciones.com.ar\/radioquijano\/#\/schema\/person\/b9b81a110cbdf07949e2cd02d478ab9d\",\"name\":\"Ricardo Guzman\",\"image\":{\"@type\":\"ImageObject\",\"inLanguage\":\"es\",\"@id\":\"https:\/\/nahuelproducciones.com.ar\/radioquijano\/#\/schema\/person\/image\/\",\"url\":\"https:\/\/secure.gravatar.com\/avatar\/a5d582deda251f95dc882b72fc6e7b4854f88bb25c3154519210afffa7d706e8?s=96&d=mm&r=g\",\"contentUrl\":\"https:\/\/secure.gravatar.com\/avatar\/a5d582deda251f95dc882b72fc6e7b4854f88bb25c3154519210afffa7d706e8?s=96&d=mm&r=g\",\"caption\":\"Ricardo Guzman\"},\"url\":\"https:\/\/nahuelproducciones.com.ar\/radioquijano\/author\/cady\/\"}]}<\/script>\n<!-- \/ Yoast SEO plugin. -->","yoast_head_json":{"title":"No sabemos como titular la presente nota - RQ 99.9","description":"lo correcto ser\u00eda declarar asueto en base a lo que dicta la ordenanza de referencia.","robots":{"index":"index","follow":"follow","max-snippet":"max-snippet:-1","max-image-preview":"max-image-preview:large","max-video-preview":"max-video-preview:-1"},"canonical":"https:\/\/nahuelproducciones.com.ar\/radioquijano\/no-sabemos-como-titular-la-presente-nota\/","og_locale":"es_ES","og_type":"article","og_title":"No sabemos como titular la presente nota - RQ 99.9","og_description":"lo correcto ser\u00eda declarar asueto en base a lo que dicta la ordenanza de referencia.","og_url":"https:\/\/nahuelproducciones.com.ar\/radioquijano\/no-sabemos-como-titular-la-presente-nota\/","og_site_name":"RQ 99.9","article_publisher":"https:\/\/www.facebook.com\/nahuelproducciones999\/","article_published_time":"2021-11-08T04:51:00+00:00","article_modified_time":"2021-11-08T04:52:43+00:00","og_image":[{"width":700,"height":350,"url":"https:\/\/nahuelproducciones.com.ar\/radioquijano\/wp-content\/uploads\/2021\/05\/carlos-folloni.jpg","type":"image\/jpeg"}],"author":"Ricardo Guzman","twitter_card":"summary_large_image","twitter_creator":"@nahuproduciones","twitter_site":"@nahuproduciones","twitter_misc":{"Escrito por":"Ricardo Guzman","Tiempo de lectura":"1 minuto"},"schema":{"@context":"https:\/\/schema.org","@graph":[{"@type":"WebPage","@id":"https:\/\/nahuelproducciones.com.ar\/radioquijano\/no-sabemos-como-titular-la-presente-nota\/","url":"https:\/\/nahuelproducciones.com.ar\/radioquijano\/no-sabemos-como-titular-la-presente-nota\/","name":"No sabemos como titular la presente nota - RQ 99.9","isPartOf":{"@id":"https:\/\/nahuelproducciones.com.ar\/radioquijano\/#website"},"datePublished":"2021-11-08T04:51:00+00:00","dateModified":"2021-11-08T04:52:43+00:00","author":{"@id":"https:\/\/nahuelproducciones.com.ar\/radioquijano\/#\/schema\/person\/b9b81a110cbdf07949e2cd02d478ab9d"},"description":"lo correcto ser\u00eda declarar asueto en base a lo que dicta la ordenanza de referencia.","breadcrumb":{"@id":"https:\/\/nahuelproducciones.com.ar\/radioquijano\/no-sabemos-como-titular-la-presente-nota\/#breadcrumb"},"inLanguage":"es","potentialAction":[{"@type":"ReadAction","target":["https:\/\/nahuelproducciones.com.ar\/radioquijano\/no-sabemos-como-titular-la-presente-nota\/"]}]},{"@type":"BreadcrumbList","@id":"https:\/\/nahuelproducciones.com.ar\/radioquijano\/no-sabemos-como-titular-la-presente-nota\/#breadcrumb","itemListElement":[{"@type":"ListItem","position":1,"name":"Portada","item":"https:\/\/nahuelproducciones.com.ar\/radioquijano\/"},{"@type":"ListItem","position":2,"name":"No sabemos como titular la presente nota"}]},{"@type":"WebSite","@id":"https:\/\/nahuelproducciones.com.ar\/radioquijano\/#website","url":"https:\/\/nahuelproducciones.com.ar\/radioquijano\/","name":"RQ 99.9","description":"Radio Quijano 99.9 MHz","potentialAction":[{"@type":"SearchAction","target":{"@type":"EntryPoint","urlTemplate":"https:\/\/nahuelproducciones.com.ar\/radioquijano\/?s={search_term_string}"},"query-input":"required name=search_term_string"}],"inLanguage":"es"},{"@type":"Person","@id":"https:\/\/nahuelproducciones.com.ar\/radioquijano\/#\/schema\/person\/b9b81a110cbdf07949e2cd02d478ab9d","name":"Ricardo Guzman","image":{"@type":"ImageObject","inLanguage":"es","@id":"https:\/\/nahuelproducciones.com.ar\/radioquijano\/#\/schema\/person\/image\/","url":"https:\/\/secure.gravatar.com\/avatar\/a5d582deda251f95dc882b72fc6e7b4854f88bb25c3154519210afffa7d706e8?s=96&d=mm&r=g","contentUrl":"https:\/\/secure.gravatar.com\/avatar\/a5d582deda251f95dc882b72fc6e7b4854f88bb25c3154519210afffa7d706e8?s=96&d=mm&r=g","caption":"Ricardo Guzman"},"url":"https:\/\/nahuelproducciones.com.ar\/radioquijano\/author\/cady\/"}]}},"_links":{"self":[{"href":"https:\/\/nahuelproducciones.com.ar\/radioquijano\/wp-json\/wp\/v2\/posts\/1631","targetHints":{"allow":["GET"]}}],"collection":[{"href":"https:\/\/nahuelproducciones.com.ar\/radioquijano\/wp-json\/wp\/v2\/posts"}],"about":[{"href":"https:\/\/nahuelproducciones.com.ar\/radioquijano\/wp-json\/wp\/v2\/types\/post"}],"author":[{"embeddable":true,"href":"https:\/\/nahuelproducciones.com.ar\/radioquijano\/wp-json\/wp\/v2\/users\/6"}],"replies":[{"embeddable":true,"href":"https:\/\/nahuelproducciones.com.ar\/radioquijano\/wp-json\/wp\/v2\/comments?post=1631"}],"version-history":[{"count":2,"href":"https:\/\/nahuelproducciones.com.ar\/radioquijano\/wp-json\/wp\/v2\/posts\/1631\/revisions"}],"predecessor-version":[{"id":1635,"href":"https:\/\/nahuelproducciones.com.ar\/radioquijano\/wp-json\/wp\/v2\/posts\/1631\/revisions\/1635"}],"wp:featuredmedia":[{"embeddable":true,"href":"https:\/\/nahuelproducciones.com.ar\/radioquijano\/wp-json\/wp\/v2\/media\/905"}],"wp:attachment":[{"href":"https:\/\/nahuelproducciones.com.ar\/radioquijano\/wp-json\/wp\/v2\/media?parent=1631"}],"wp:term":[{"taxonomy":"category","embeddable":true,"href":"https:\/\/nahuelproducciones.com.ar\/radioquijano\/wp-json\/wp\/v2\/categories?post=1631"},{"taxonomy":"post_tag","embeddable":true,"href":"https:\/\/nahuelproducciones.com.ar\/radioquijano\/wp-json\/wp\/v2\/tags?post=1631"}],"curies":[{"name":"wp","href":"https:\/\/api.w.org\/{rel}","templated":true}]}}