{"id":1651,"date":"2021-11-10T08:30:51","date_gmt":"2021-11-10T11:30:51","guid":{"rendered":"https:\/\/nahuelproducciones.com.ar\/radioquijano\/?p=1651"},"modified":"2021-11-10T08:33:21","modified_gmt":"2021-11-10T11:33:21","slug":"se-presenta-la-nueva-comision-directiva-del-centro-de-artesanos-de-campo-quijano","status":"publish","type":"post","link":"https:\/\/nahuelproducciones.com.ar\/radioquijano\/se-presenta-la-nueva-comision-directiva-del-centro-de-artesanos-de-campo-quijano\/","title":{"rendered":"Se presenta la nueva Comisi\u00f3n Directiva del Centro de Artesanos de Campo Quijano."},"content":{"rendered":"\n<p>Hace d\u00e9cadas naci\u00f3 el Centro de Artesanos en Plaza Martin Fierro, hoy lo encontras  sobre calle 25 de mayo y esquina Alberdi.<\/p>\n\n\n\n<p>La plaza de Campo Quijano es el centro de las actividades. Los puestos de comidas van desde: platos regionales, las t\u00edpicas empanadas, tamales y humitas hasta masas dulces, boller\u00eda, dulces artesanales, tortillas a la parrilla rellenas con queso de cabra para la hora del t\u00e9.<\/p>\n\n\n\n<p>\u00a0Los turistas y vecinos disfrutan de las variadas artesan\u00edas y cientos de productos frescos directamente de los productores.<\/p>\n\n\n\n<p>En esta oportunidad, la Comisi\u00f3n Directiva se renueva\u00a0y la nueva Comisi\u00f3n Directiva fue elegida por los socios el d\u00eda 27 de Octubre del 2021.<\/p>\n\n\n\n<p>Comienza  hoy una nueva etapa planteando mayores desaf\u00edos.<\/p>\n\n\n\n<p>Componen  la  Comisi\u00f3n del Centro de Artesanos de Campo Quijano:<\/p>\n\n\n\n<p>Presidenta: Maria Magdalena Santos<\/p>\n\n\n\n<p>Secretaria: Sofia Fernandez<\/p>\n\n\n\n<p>Tesorera: Maria Estela Torres<\/p>\n\n\n\n<p>Vocal 1 Titular: Norma Abracaite<\/p>\n\n\n\n<p>Vocal 2 Titular: Carla Fernandez<\/p>\n\n\n\n<p>Vocal 3 Titular: Angela Barboza<\/p>\n\n\n\n<p>Vocal 1 Suplente: Marcelo Choque<\/p>\n\n\n\n<p>Vocal 2 Suplente: Jos\u00e9 Manuel Yonar<\/p>\n\n\n\n<p>Vocal 3 Suplente: Norma Zerpa<\/p>\n\n\n\n<p>\u00d3rgano de Fiscalizaci\u00f3n: Cecilia Casilda Pallares<\/p>\n\n\n\n<p>\u00d3rgano de Fiscalizaci\u00f3n: Laura Zulca<\/p>\n\n\n\n<p>Felicitamos a todos por el compromiso y que sea un \u00e9xito.<\/p>\n\n\n\n<p><\/p>\n\n\n\n<p><a href=\"https:\/\/nahuelproducciones.com.ar\/index.php\/rq999\" target=\"_blank\" rel=\"noreferrer noopener\">#RQ99.9Mhz <\/a>      <a href=\"https:\/\/nahuelproducciones.com.ar\/\" target=\"_blank\" rel=\"noreferrer noopener\">CAMPO QUIJANO<\/a><\/p>\n","protected":false},"excerpt":{"rendered":"<p>Hace d\u00e9cadas naci\u00f3 el Centro de Artesanos en Plaza Martin Fierro, hoy lo encontras sobre calle 25 de mayo y esquina Alberdi. La plaza de Campo Quijano es el centro de las actividades. Los puestos de comidas van desde: platos regionales, las t\u00edpicas empanadas, tamales y humitas hasta masas dulces, boller\u00eda, dulces artesanales, tortillas a [&hellip;]<\/p>\n","protected":false},"author":8,"featured_media":1652,"comment_status":"open","ping_status":"open","sticky":false,"template":"","format":"standard","meta":{"_monsterinsights_skip_tracking":false,"_monsterinsights_sitenote_active":false,"_monsterinsights_sitenote_note":"","_monsterinsights_sitenote_category":0,"footnotes":""},"categories":[2,16],"tags":[36,256,257,142],"class_list":["post-1651","post","type-post","status-publish","format-standard","has-post-thumbnail","hentry","category-cultura","category-noticias","tag-campo-quijano","tag-comision-del-centro-de-artesanos-de-campo-quijano","tag-maria-magdalena-santos","tag-plaza-martin-fierro"],"yoast_head":"<!-- This site is optimized with the Yoast SEO plugin v20.8 - https:\/\/yoast.com\/wordpress\/plugins\/seo\/ -->\n<title>Se presenta la nueva Comisi\u00f3n Directiva del Centro de Artesanos de Campo Quijano. - RQ 99.9<\/title>\n<meta name=\"robots\" content=\"index, follow, max-snippet:-1, max-image-preview:large, max-video-preview:-1\" \/>\n<link rel=\"canonical\" href=\"https:\/\/nahuelproducciones.com.ar\/radioquijano\/se-presenta-la-nueva-comision-directiva-del-centro-de-artesanos-de-campo-quijano\/\" \/>\n<meta property=\"og:locale\" content=\"es_ES\" \/>\n<meta property=\"og:type\" content=\"article\" \/>\n<meta property=\"og:title\" content=\"Se presenta la nueva Comisi\u00f3n Directiva del Centro de Artesanos de Campo Quijano. - RQ 99.9\" \/>\n<meta property=\"og:description\" content=\"Hace d\u00e9cadas naci\u00f3 el Centro de Artesanos en Plaza Martin Fierro, hoy lo encontras sobre calle 25 de mayo y esquina Alberdi. La plaza de Campo Quijano es el centro de las actividades. Los puestos de comidas van desde: platos regionales, las t\u00edpicas empanadas, tamales y humitas hasta masas dulces, boller\u00eda, dulces artesanales, tortillas a [&hellip;]\" \/>\n<meta property=\"og:url\" content=\"https:\/\/nahuelproducciones.com.ar\/radioquijano\/se-presenta-la-nueva-comision-directiva-del-centro-de-artesanos-de-campo-quijano\/\" \/>\n<meta property=\"og:site_name\" content=\"RQ 99.9\" \/>\n<meta property=\"article:publisher\" content=\"https:\/\/www.facebook.com\/nahuelproducciones999\/\" \/>\n<meta property=\"article:published_time\" content=\"2021-11-10T11:30:51+00:00\" \/>\n<meta property=\"article:modified_time\" content=\"2021-11-10T11:33:21+00:00\" \/>\n<meta property=\"og:image\" content=\"https:\/\/nahuelproducciones.com.ar\/radioquijano\/wp-content\/uploads\/2021\/11\/centro-de-artesanos-de-campo-quijano-e1636543688928.jpg\" \/>\n\t<meta property=\"og:image:width\" content=\"700\" \/>\n\t<meta property=\"og:image:height\" content=\"698\" \/>\n\t<meta property=\"og:image:type\" content=\"image\/jpeg\" \/>\n<meta name=\"author\" content=\"Cecilia Pastrana\" \/>\n<meta name=\"twitter:card\" content=\"summary_large_image\" \/>\n<meta name=\"twitter:creator\" content=\"@nahuproduciones\" \/>\n<meta name=\"twitter:site\" content=\"@nahuproduciones\" \/>\n<meta name=\"twitter:label1\" content=\"Escrito por\" \/>\n\t<meta name=\"twitter:data1\" content=\"Cecilia Pastrana\" \/>\n\t<meta name=\"twitter:label2\" content=\"Tiempo de lectura\" \/>\n\t<meta name=\"twitter:data2\" content=\"1 minuto\" \/>\n<script type=\"application\/ld+json\" class=\"yoast-schema-graph\">{\"@context\":\"https:\/\/schema.org\",\"@graph\":[{\"@type\":\"WebPage\",\"@id\":\"https:\/\/nahuelproducciones.com.ar\/radioquijano\/se-presenta-la-nueva-comision-directiva-del-centro-de-artesanos-de-campo-quijano\/\",\"url\":\"https:\/\/nahuelproducciones.com.ar\/radioquijano\/se-presenta-la-nueva-comision-directiva-del-centro-de-artesanos-de-campo-quijano\/\",\"name\":\"Se presenta la nueva Comisi\u00f3n Directiva del Centro de Artesanos de Campo Quijano. - RQ 99.9\",\"isPartOf\":{\"@id\":\"https:\/\/nahuelproducciones.com.ar\/radioquijano\/#website\"},\"datePublished\":\"2021-11-10T11:30:51+00:00\",\"dateModified\":\"2021-11-10T11:33:21+00:00\",\"author\":{\"@id\":\"https:\/\/nahuelproducciones.com.ar\/radioquijano\/#\/schema\/person\/e8a4f939e2cb487fe6d0c54042c9d32c\"},\"breadcrumb\":{\"@id\":\"https:\/\/nahuelproducciones.com.ar\/radioquijano\/se-presenta-la-nueva-comision-directiva-del-centro-de-artesanos-de-campo-quijano\/#breadcrumb\"},\"inLanguage\":\"es\",\"potentialAction\":[{\"@type\":\"ReadAction\",\"target\":[\"https:\/\/nahuelproducciones.com.ar\/radioquijano\/se-presenta-la-nueva-comision-directiva-del-centro-de-artesanos-de-campo-quijano\/\"]}]},{\"@type\":\"BreadcrumbList\",\"@id\":\"https:\/\/nahuelproducciones.com.ar\/radioquijano\/se-presenta-la-nueva-comision-directiva-del-centro-de-artesanos-de-campo-quijano\/#breadcrumb\",\"itemListElement\":[{\"@type\":\"ListItem\",\"position\":1,\"name\":\"Portada\",\"item\":\"https:\/\/nahuelproducciones.com.ar\/radioquijano\/\"},{\"@type\":\"ListItem\",\"position\":2,\"name\":\"Se presenta la nueva Comisi\u00f3n Directiva del Centro de Artesanos de Campo Quijano.\"}]},{\"@type\":\"WebSite\",\"@id\":\"https:\/\/nahuelproducciones.com.ar\/radioquijano\/#website\",\"url\":\"https:\/\/nahuelproducciones.com.ar\/radioquijano\/\",\"name\":\"RQ 99.9\",\"description\":\"Radio Quijano 99.9 MHz\",\"potentialAction\":[{\"@type\":\"SearchAction\",\"target\":{\"@type\":\"EntryPoint\",\"urlTemplate\":\"https:\/\/nahuelproducciones.com.ar\/radioquijano\/?s={search_term_string}\"},\"query-input\":\"required name=search_term_string\"}],\"inLanguage\":\"es\"},{\"@type\":\"Person\",\"@id\":\"https:\/\/nahuelproducciones.com.ar\/radioquijano\/#\/schema\/person\/e8a4f939e2cb487fe6d0c54042c9d32c\",\"name\":\"Cecilia Pastrana\",\"image\":{\"@type\":\"ImageObject\",\"inLanguage\":\"es\",\"@id\":\"https:\/\/nahuelproducciones.com.ar\/radioquijano\/#\/schema\/person\/image\/\",\"url\":\"https:\/\/secure.gravatar.com\/avatar\/661a3ef63a8488d4f2794ed44af8cf71420f7e106f3072c40125114df5157749?s=96&d=mm&r=g\",\"contentUrl\":\"https:\/\/secure.gravatar.com\/avatar\/661a3ef63a8488d4f2794ed44af8cf71420f7e106f3072c40125114df5157749?s=96&d=mm&r=g\",\"caption\":\"Cecilia Pastrana\"},\"sameAs\":[\"cecy\"],\"url\":\"https:\/\/nahuelproducciones.com.ar\/radioquijano\/author\/cecy\/\"}]}<\/script>\n<!-- \/ Yoast SEO plugin. -->","yoast_head_json":{"title":"Se presenta la nueva Comisi\u00f3n Directiva del Centro de Artesanos de Campo Quijano. - RQ 99.9","robots":{"index":"index","follow":"follow","max-snippet":"max-snippet:-1","max-image-preview":"max-image-preview:large","max-video-preview":"max-video-preview:-1"},"canonical":"https:\/\/nahuelproducciones.com.ar\/radioquijano\/se-presenta-la-nueva-comision-directiva-del-centro-de-artesanos-de-campo-quijano\/","og_locale":"es_ES","og_type":"article","og_title":"Se presenta la nueva Comisi\u00f3n Directiva del Centro de Artesanos de Campo Quijano. - RQ 99.9","og_description":"Hace d\u00e9cadas naci\u00f3 el Centro de Artesanos en Plaza Martin Fierro, hoy lo encontras sobre calle 25 de mayo y esquina Alberdi. La plaza de Campo Quijano es el centro de las actividades. Los puestos de comidas van desde: platos regionales, las t\u00edpicas empanadas, tamales y humitas hasta masas dulces, boller\u00eda, dulces artesanales, tortillas a [&hellip;]","og_url":"https:\/\/nahuelproducciones.com.ar\/radioquijano\/se-presenta-la-nueva-comision-directiva-del-centro-de-artesanos-de-campo-quijano\/","og_site_name":"RQ 99.9","article_publisher":"https:\/\/www.facebook.com\/nahuelproducciones999\/","article_published_time":"2021-11-10T11:30:51+00:00","article_modified_time":"2021-11-10T11:33:21+00:00","og_image":[{"width":700,"height":698,"url":"https:\/\/nahuelproducciones.com.ar\/radioquijano\/wp-content\/uploads\/2021\/11\/centro-de-artesanos-de-campo-quijano-e1636543688928.jpg","type":"image\/jpeg"}],"author":"Cecilia Pastrana","twitter_card":"summary_large_image","twitter_creator":"@nahuproduciones","twitter_site":"@nahuproduciones","twitter_misc":{"Escrito por":"Cecilia Pastrana","Tiempo de lectura":"1 minuto"},"schema":{"@context":"https:\/\/schema.org","@graph":[{"@type":"WebPage","@id":"https:\/\/nahuelproducciones.com.ar\/radioquijano\/se-presenta-la-nueva-comision-directiva-del-centro-de-artesanos-de-campo-quijano\/","url":"https:\/\/nahuelproducciones.com.ar\/radioquijano\/se-presenta-la-nueva-comision-directiva-del-centro-de-artesanos-de-campo-quijano\/","name":"Se presenta la nueva Comisi\u00f3n Directiva del Centro de Artesanos de Campo Quijano. - RQ 99.9","isPartOf":{"@id":"https:\/\/nahuelproducciones.com.ar\/radioquijano\/#website"},"datePublished":"2021-11-10T11:30:51+00:00","dateModified":"2021-11-10T11:33:21+00:00","author":{"@id":"https:\/\/nahuelproducciones.com.ar\/radioquijano\/#\/schema\/person\/e8a4f939e2cb487fe6d0c54042c9d32c"},"breadcrumb":{"@id":"https:\/\/nahuelproducciones.com.ar\/radioquijano\/se-presenta-la-nueva-comision-directiva-del-centro-de-artesanos-de-campo-quijano\/#breadcrumb"},"inLanguage":"es","potentialAction":[{"@type":"ReadAction","target":["https:\/\/nahuelproducciones.com.ar\/radioquijano\/se-presenta-la-nueva-comision-directiva-del-centro-de-artesanos-de-campo-quijano\/"]}]},{"@type":"BreadcrumbList","@id":"https:\/\/nahuelproducciones.com.ar\/radioquijano\/se-presenta-la-nueva-comision-directiva-del-centro-de-artesanos-de-campo-quijano\/#breadcrumb","itemListElement":[{"@type":"ListItem","position":1,"name":"Portada","item":"https:\/\/nahuelproducciones.com.ar\/radioquijano\/"},{"@type":"ListItem","position":2,"name":"Se presenta la nueva Comisi\u00f3n Directiva del Centro de Artesanos de Campo Quijano."}]},{"@type":"WebSite","@id":"https:\/\/nahuelproducciones.com.ar\/radioquijano\/#website","url":"https:\/\/nahuelproducciones.com.ar\/radioquijano\/","name":"RQ 99.9","description":"Radio Quijano 99.9 MHz","potentialAction":[{"@type":"SearchAction","target":{"@type":"EntryPoint","urlTemplate":"https:\/\/nahuelproducciones.com.ar\/radioquijano\/?s={search_term_string}"},"query-input":"required name=search_term_string"}],"inLanguage":"es"},{"@type":"Person","@id":"https:\/\/nahuelproducciones.com.ar\/radioquijano\/#\/schema\/person\/e8a4f939e2cb487fe6d0c54042c9d32c","name":"Cecilia Pastrana","image":{"@type":"ImageObject","inLanguage":"es","@id":"https:\/\/nahuelproducciones.com.ar\/radioquijano\/#\/schema\/person\/image\/","url":"https:\/\/secure.gravatar.com\/avatar\/661a3ef63a8488d4f2794ed44af8cf71420f7e106f3072c40125114df5157749?s=96&d=mm&r=g","contentUrl":"https:\/\/secure.gravatar.com\/avatar\/661a3ef63a8488d4f2794ed44af8cf71420f7e106f3072c40125114df5157749?s=96&d=mm&r=g","caption":"Cecilia Pastrana"},"sameAs":["cecy"],"url":"https:\/\/nahuelproducciones.com.ar\/radioquijano\/author\/cecy\/"}]}},"_links":{"self":[{"href":"https:\/\/nahuelproducciones.com.ar\/radioquijano\/wp-json\/wp\/v2\/posts\/1651","targetHints":{"allow":["GET"]}}],"collection":[{"href":"https:\/\/nahuelproducciones.com.ar\/radioquijano\/wp-json\/wp\/v2\/posts"}],"about":[{"href":"https:\/\/nahuelproducciones.com.ar\/radioquijano\/wp-json\/wp\/v2\/types\/post"}],"author":[{"embeddable":true,"href":"https:\/\/nahuelproducciones.com.ar\/radioquijano\/wp-json\/wp\/v2\/users\/8"}],"replies":[{"embeddable":true,"href":"https:\/\/nahuelproducciones.com.ar\/radioquijano\/wp-json\/wp\/v2\/comments?post=1651"}],"version-history":[{"count":2,"href":"https:\/\/nahuelproducciones.com.ar\/radioquijano\/wp-json\/wp\/v2\/posts\/1651\/revisions"}],"predecessor-version":[{"id":1655,"href":"https:\/\/nahuelproducciones.com.ar\/radioquijano\/wp-json\/wp\/v2\/posts\/1651\/revisions\/1655"}],"wp:featuredmedia":[{"embeddable":true,"href":"https:\/\/nahuelproducciones.com.ar\/radioquijano\/wp-json\/wp\/v2\/media\/1652"}],"wp:attachment":[{"href":"https:\/\/nahuelproducciones.com.ar\/radioquijano\/wp-json\/wp\/v2\/media?parent=1651"}],"wp:term":[{"taxonomy":"category","embeddable":true,"href":"https:\/\/nahuelproducciones.com.ar\/radioquijano\/wp-json\/wp\/v2\/categories?post=1651"},{"taxonomy":"post_tag","embeddable":true,"href":"https:\/\/nahuelproducciones.com.ar\/radioquijano\/wp-json\/wp\/v2\/tags?post=1651"}],"curies":[{"name":"wp","href":"https:\/\/api.w.org\/{rel}","templated":true}]}}