{"id":1656,"date":"2021-11-12T11:01:24","date_gmt":"2021-11-12T14:01:24","guid":{"rendered":"https:\/\/nahuelproducciones.com.ar\/radioquijano\/?p=1656"},"modified":"2021-11-12T11:01:24","modified_gmt":"2021-11-12T14:01:24","slug":"tren-guemes-campo-quijano-sera-gratuito-el-domingo","status":"publish","type":"post","link":"https:\/\/nahuelproducciones.com.ar\/radioquijano\/tren-guemes-campo-quijano-sera-gratuito-el-domingo\/","title":{"rendered":"TREN G\u00dcEMES &#8211; CAMPO QUIJANO SER\u00c1 GRATUITO EL DOMINGO"},"content":{"rendered":"\n<p>Los trenes especiales partir\u00e1n de Campo Quijano a Salta a las 6.00, a las 11.07 hasta G\u00fcemes, mientras que desde G\u00fcemes a Campo Quijano saldr\u00e1 a las 6.15 y de Salta a Campo Quijano a las 12.50.&nbsp;<\/p>\n\n\n\n<p>Las formaciones se detendr\u00e1n en todas las estaciones intermedias.<\/p>\n\n\n\n<p>El tren G\u00fcemes &#8211; Salta extendi\u00f3 su recorrido a Campo Quijano el pasado 9 de julio y ya comenzaron las obras de acondicionamiento integral de las estaciones y apeaderos intermedios.<\/p>\n\n\n\n<p><\/p>\n\n\n\n<p><a href=\"https:\/\/nahuelproducciones.com.ar\/index.php\/rq999\" target=\"_blank\" rel=\"noreferrer noopener\">#RQ99.9Mhz<\/a>   <a href=\"https:\/\/nahuelproducciones.com.ar\/\" target=\"_blank\" rel=\"noreferrer noopener\">CAMPO QUIJANO<\/a><\/p>\n","protected":false},"excerpt":{"rendered":"<p>Los trenes especiales partir\u00e1n de Campo Quijano a Salta a las 6.00, a las 11.07 hasta G\u00fcemes, mientras que desde G\u00fcemes a Campo Quijano saldr\u00e1 a las 6.15 y de Salta a Campo Quijano a las 12.50.&nbsp; Las formaciones se detendr\u00e1n en todas las estaciones intermedias. El tren G\u00fcemes &#8211; Salta extendi\u00f3 su recorrido a [&hellip;]<\/p>\n","protected":false},"author":8,"featured_media":1202,"comment_status":"open","ping_status":"open","sticky":false,"template":"","format":"standard","meta":{"_monsterinsights_skip_tracking":false,"_monsterinsights_sitenote_active":false,"_monsterinsights_sitenote_note":"","_monsterinsights_sitenote_category":0,"footnotes":""},"categories":[16],"tags":[36,259,260,258],"class_list":["post-1656","post","type-post","status-publish","format-standard","has-post-thumbnail","hentry","category-noticias","tag-campo-quijano","tag-tren-a-campo-quijano","tag-tren-guemes","tag-trenes-argentinos"],"yoast_head":"<!-- This site is optimized with the Yoast SEO plugin v20.8 - https:\/\/yoast.com\/wordpress\/plugins\/seo\/ -->\n<title>TREN G\u00dcEMES - CAMPO QUIJANO SER\u00c1 GRATUITO EL DOMINGO - RQ 99.9<\/title>\n<meta name=\"description\" content=\"Trenes Argentinos comunic\u00f3 que el domingo 14 de noviembre el tren que une G\u00fcemes con Campo Quijano prestar\u00e1 servicio gratuito para que los ciudadanos puedan trasladarse a los lugares de votaci\u00f3n\" \/>\n<meta name=\"robots\" content=\"index, follow, max-snippet:-1, max-image-preview:large, max-video-preview:-1\" \/>\n<link rel=\"canonical\" href=\"https:\/\/nahuelproducciones.com.ar\/radioquijano\/tren-guemes-campo-quijano-sera-gratuito-el-domingo\/\" \/>\n<meta property=\"og:locale\" content=\"es_ES\" \/>\n<meta property=\"og:type\" content=\"article\" \/>\n<meta property=\"og:title\" content=\"TREN G\u00dcEMES - CAMPO QUIJANO SER\u00c1 GRATUITO EL DOMINGO - RQ 99.9\" \/>\n<meta property=\"og:description\" content=\"Trenes Argentinos comunic\u00f3 que el domingo 14 de noviembre el tren que une G\u00fcemes con Campo Quijano prestar\u00e1 servicio gratuito para que los ciudadanos puedan trasladarse a los lugares de votaci\u00f3n\" \/>\n<meta property=\"og:url\" content=\"https:\/\/nahuelproducciones.com.ar\/radioquijano\/tren-guemes-campo-quijano-sera-gratuito-el-domingo\/\" \/>\n<meta property=\"og:site_name\" content=\"RQ 99.9\" \/>\n<meta property=\"article:publisher\" content=\"https:\/\/www.facebook.com\/nahuelproducciones999\/\" \/>\n<meta property=\"article:published_time\" content=\"2021-11-12T14:01:24+00:00\" \/>\n<meta property=\"og:image\" content=\"https:\/\/nahuelproducciones.com.ar\/radioquijano\/wp-content\/uploads\/2021\/07\/tren-gesta-gaucha-e1626696288323.jpg\" \/>\n\t<meta property=\"og:image:width\" content=\"700\" \/>\n\t<meta property=\"og:image:height\" content=\"466\" \/>\n\t<meta property=\"og:image:type\" content=\"image\/jpeg\" \/>\n<meta name=\"author\" content=\"Cecilia Pastrana\" \/>\n<meta name=\"twitter:card\" content=\"summary_large_image\" \/>\n<meta name=\"twitter:creator\" content=\"@nahuproduciones\" \/>\n<meta name=\"twitter:site\" content=\"@nahuproduciones\" \/>\n<meta name=\"twitter:label1\" content=\"Escrito por\" \/>\n\t<meta name=\"twitter:data1\" content=\"Cecilia Pastrana\" \/>\n\t<meta name=\"twitter:label2\" content=\"Tiempo de lectura\" \/>\n\t<meta name=\"twitter:data2\" content=\"1 minuto\" \/>\n<script type=\"application\/ld+json\" class=\"yoast-schema-graph\">{\"@context\":\"https:\/\/schema.org\",\"@graph\":[{\"@type\":\"WebPage\",\"@id\":\"https:\/\/nahuelproducciones.com.ar\/radioquijano\/tren-guemes-campo-quijano-sera-gratuito-el-domingo\/\",\"url\":\"https:\/\/nahuelproducciones.com.ar\/radioquijano\/tren-guemes-campo-quijano-sera-gratuito-el-domingo\/\",\"name\":\"TREN G\u00dcEMES - CAMPO QUIJANO SER\u00c1 GRATUITO EL DOMINGO - RQ 99.9\",\"isPartOf\":{\"@id\":\"https:\/\/nahuelproducciones.com.ar\/radioquijano\/#website\"},\"datePublished\":\"2021-11-12T14:01:24+00:00\",\"dateModified\":\"2021-11-12T14:01:24+00:00\",\"author\":{\"@id\":\"https:\/\/nahuelproducciones.com.ar\/radioquijano\/#\/schema\/person\/e8a4f939e2cb487fe6d0c54042c9d32c\"},\"description\":\"Trenes Argentinos comunic\u00f3 que el domingo 14 de noviembre el tren que une G\u00fcemes con Campo Quijano prestar\u00e1 servicio gratuito para que los ciudadanos puedan trasladarse a los lugares de votaci\u00f3n\",\"breadcrumb\":{\"@id\":\"https:\/\/nahuelproducciones.com.ar\/radioquijano\/tren-guemes-campo-quijano-sera-gratuito-el-domingo\/#breadcrumb\"},\"inLanguage\":\"es\",\"potentialAction\":[{\"@type\":\"ReadAction\",\"target\":[\"https:\/\/nahuelproducciones.com.ar\/radioquijano\/tren-guemes-campo-quijano-sera-gratuito-el-domingo\/\"]}]},{\"@type\":\"BreadcrumbList\",\"@id\":\"https:\/\/nahuelproducciones.com.ar\/radioquijano\/tren-guemes-campo-quijano-sera-gratuito-el-domingo\/#breadcrumb\",\"itemListElement\":[{\"@type\":\"ListItem\",\"position\":1,\"name\":\"Portada\",\"item\":\"https:\/\/nahuelproducciones.com.ar\/radioquijano\/\"},{\"@type\":\"ListItem\",\"position\":2,\"name\":\"TREN G\u00dcEMES &#8211; CAMPO QUIJANO SER\u00c1 GRATUITO EL DOMINGO\"}]},{\"@type\":\"WebSite\",\"@id\":\"https:\/\/nahuelproducciones.com.ar\/radioquijano\/#website\",\"url\":\"https:\/\/nahuelproducciones.com.ar\/radioquijano\/\",\"name\":\"RQ 99.9\",\"description\":\"Radio Quijano 99.9 MHz\",\"potentialAction\":[{\"@type\":\"SearchAction\",\"target\":{\"@type\":\"EntryPoint\",\"urlTemplate\":\"https:\/\/nahuelproducciones.com.ar\/radioquijano\/?s={search_term_string}\"},\"query-input\":\"required name=search_term_string\"}],\"inLanguage\":\"es\"},{\"@type\":\"Person\",\"@id\":\"https:\/\/nahuelproducciones.com.ar\/radioquijano\/#\/schema\/person\/e8a4f939e2cb487fe6d0c54042c9d32c\",\"name\":\"Cecilia Pastrana\",\"image\":{\"@type\":\"ImageObject\",\"inLanguage\":\"es\",\"@id\":\"https:\/\/nahuelproducciones.com.ar\/radioquijano\/#\/schema\/person\/image\/\",\"url\":\"https:\/\/secure.gravatar.com\/avatar\/661a3ef63a8488d4f2794ed44af8cf71420f7e106f3072c40125114df5157749?s=96&d=mm&r=g\",\"contentUrl\":\"https:\/\/secure.gravatar.com\/avatar\/661a3ef63a8488d4f2794ed44af8cf71420f7e106f3072c40125114df5157749?s=96&d=mm&r=g\",\"caption\":\"Cecilia Pastrana\"},\"sameAs\":[\"cecy\"],\"url\":\"https:\/\/nahuelproducciones.com.ar\/radioquijano\/author\/cecy\/\"}]}<\/script>\n<!-- \/ Yoast SEO plugin. -->","yoast_head_json":{"title":"TREN G\u00dcEMES - CAMPO QUIJANO SER\u00c1 GRATUITO EL DOMINGO - RQ 99.9","description":"Trenes Argentinos comunic\u00f3 que el domingo 14 de noviembre el tren que une G\u00fcemes con Campo Quijano prestar\u00e1 servicio gratuito para que los ciudadanos puedan trasladarse a los lugares de votaci\u00f3n","robots":{"index":"index","follow":"follow","max-snippet":"max-snippet:-1","max-image-preview":"max-image-preview:large","max-video-preview":"max-video-preview:-1"},"canonical":"https:\/\/nahuelproducciones.com.ar\/radioquijano\/tren-guemes-campo-quijano-sera-gratuito-el-domingo\/","og_locale":"es_ES","og_type":"article","og_title":"TREN G\u00dcEMES - CAMPO QUIJANO SER\u00c1 GRATUITO EL DOMINGO - RQ 99.9","og_description":"Trenes Argentinos comunic\u00f3 que el domingo 14 de noviembre el tren que une G\u00fcemes con Campo Quijano prestar\u00e1 servicio gratuito para que los ciudadanos puedan trasladarse a los lugares de votaci\u00f3n","og_url":"https:\/\/nahuelproducciones.com.ar\/radioquijano\/tren-guemes-campo-quijano-sera-gratuito-el-domingo\/","og_site_name":"RQ 99.9","article_publisher":"https:\/\/www.facebook.com\/nahuelproducciones999\/","article_published_time":"2021-11-12T14:01:24+00:00","og_image":[{"width":700,"height":466,"url":"https:\/\/nahuelproducciones.com.ar\/radioquijano\/wp-content\/uploads\/2021\/07\/tren-gesta-gaucha-e1626696288323.jpg","type":"image\/jpeg"}],"author":"Cecilia Pastrana","twitter_card":"summary_large_image","twitter_creator":"@nahuproduciones","twitter_site":"@nahuproduciones","twitter_misc":{"Escrito por":"Cecilia Pastrana","Tiempo de lectura":"1 minuto"},"schema":{"@context":"https:\/\/schema.org","@graph":[{"@type":"WebPage","@id":"https:\/\/nahuelproducciones.com.ar\/radioquijano\/tren-guemes-campo-quijano-sera-gratuito-el-domingo\/","url":"https:\/\/nahuelproducciones.com.ar\/radioquijano\/tren-guemes-campo-quijano-sera-gratuito-el-domingo\/","name":"TREN G\u00dcEMES - CAMPO QUIJANO SER\u00c1 GRATUITO EL DOMINGO - RQ 99.9","isPartOf":{"@id":"https:\/\/nahuelproducciones.com.ar\/radioquijano\/#website"},"datePublished":"2021-11-12T14:01:24+00:00","dateModified":"2021-11-12T14:01:24+00:00","author":{"@id":"https:\/\/nahuelproducciones.com.ar\/radioquijano\/#\/schema\/person\/e8a4f939e2cb487fe6d0c54042c9d32c"},"description":"Trenes Argentinos comunic\u00f3 que el domingo 14 de noviembre el tren que une G\u00fcemes con Campo Quijano prestar\u00e1 servicio gratuito para que los ciudadanos puedan trasladarse a los lugares de votaci\u00f3n","breadcrumb":{"@id":"https:\/\/nahuelproducciones.com.ar\/radioquijano\/tren-guemes-campo-quijano-sera-gratuito-el-domingo\/#breadcrumb"},"inLanguage":"es","potentialAction":[{"@type":"ReadAction","target":["https:\/\/nahuelproducciones.com.ar\/radioquijano\/tren-guemes-campo-quijano-sera-gratuito-el-domingo\/"]}]},{"@type":"BreadcrumbList","@id":"https:\/\/nahuelproducciones.com.ar\/radioquijano\/tren-guemes-campo-quijano-sera-gratuito-el-domingo\/#breadcrumb","itemListElement":[{"@type":"ListItem","position":1,"name":"Portada","item":"https:\/\/nahuelproducciones.com.ar\/radioquijano\/"},{"@type":"ListItem","position":2,"name":"TREN G\u00dcEMES &#8211; CAMPO QUIJANO SER\u00c1 GRATUITO EL DOMINGO"}]},{"@type":"WebSite","@id":"https:\/\/nahuelproducciones.com.ar\/radioquijano\/#website","url":"https:\/\/nahuelproducciones.com.ar\/radioquijano\/","name":"RQ 99.9","description":"Radio Quijano 99.9 MHz","potentialAction":[{"@type":"SearchAction","target":{"@type":"EntryPoint","urlTemplate":"https:\/\/nahuelproducciones.com.ar\/radioquijano\/?s={search_term_string}"},"query-input":"required name=search_term_string"}],"inLanguage":"es"},{"@type":"Person","@id":"https:\/\/nahuelproducciones.com.ar\/radioquijano\/#\/schema\/person\/e8a4f939e2cb487fe6d0c54042c9d32c","name":"Cecilia Pastrana","image":{"@type":"ImageObject","inLanguage":"es","@id":"https:\/\/nahuelproducciones.com.ar\/radioquijano\/#\/schema\/person\/image\/","url":"https:\/\/secure.gravatar.com\/avatar\/661a3ef63a8488d4f2794ed44af8cf71420f7e106f3072c40125114df5157749?s=96&d=mm&r=g","contentUrl":"https:\/\/secure.gravatar.com\/avatar\/661a3ef63a8488d4f2794ed44af8cf71420f7e106f3072c40125114df5157749?s=96&d=mm&r=g","caption":"Cecilia Pastrana"},"sameAs":["cecy"],"url":"https:\/\/nahuelproducciones.com.ar\/radioquijano\/author\/cecy\/"}]}},"_links":{"self":[{"href":"https:\/\/nahuelproducciones.com.ar\/radioquijano\/wp-json\/wp\/v2\/posts\/1656","targetHints":{"allow":["GET"]}}],"collection":[{"href":"https:\/\/nahuelproducciones.com.ar\/radioquijano\/wp-json\/wp\/v2\/posts"}],"about":[{"href":"https:\/\/nahuelproducciones.com.ar\/radioquijano\/wp-json\/wp\/v2\/types\/post"}],"author":[{"embeddable":true,"href":"https:\/\/nahuelproducciones.com.ar\/radioquijano\/wp-json\/wp\/v2\/users\/8"}],"replies":[{"embeddable":true,"href":"https:\/\/nahuelproducciones.com.ar\/radioquijano\/wp-json\/wp\/v2\/comments?post=1656"}],"version-history":[{"count":1,"href":"https:\/\/nahuelproducciones.com.ar\/radioquijano\/wp-json\/wp\/v2\/posts\/1656\/revisions"}],"predecessor-version":[{"id":1657,"href":"https:\/\/nahuelproducciones.com.ar\/radioquijano\/wp-json\/wp\/v2\/posts\/1656\/revisions\/1657"}],"wp:featuredmedia":[{"embeddable":true,"href":"https:\/\/nahuelproducciones.com.ar\/radioquijano\/wp-json\/wp\/v2\/media\/1202"}],"wp:attachment":[{"href":"https:\/\/nahuelproducciones.com.ar\/radioquijano\/wp-json\/wp\/v2\/media?parent=1656"}],"wp:term":[{"taxonomy":"category","embeddable":true,"href":"https:\/\/nahuelproducciones.com.ar\/radioquijano\/wp-json\/wp\/v2\/categories?post=1656"},{"taxonomy":"post_tag","embeddable":true,"href":"https:\/\/nahuelproducciones.com.ar\/radioquijano\/wp-json\/wp\/v2\/tags?post=1656"}],"curies":[{"name":"wp","href":"https:\/\/api.w.org\/{rel}","templated":true}]}}