{"id":1661,"date":"2021-11-19T22:47:47","date_gmt":"2021-11-20T01:47:47","guid":{"rendered":"https:\/\/nahuelproducciones.com.ar\/radioquijano\/?p=1661"},"modified":"2021-11-19T22:47:48","modified_gmt":"2021-11-20T01:47:48","slug":"los-domingos-hay-misa-en-la-capilla-de-rio-blanco-en-campo-quijano","status":"publish","type":"post","link":"https:\/\/nahuelproducciones.com.ar\/radioquijano\/los-domingos-hay-misa-en-la-capilla-de-rio-blanco-en-campo-quijano\/","title":{"rendered":"Los domingos hay misa en la Capilla de R\u00edo Blanco en Campo Quijano."},"content":{"rendered":"\n<p>La hermosa capilla de R\u00edo Blanco abri\u00f3 sus puertas para que todos los domingos a hs 12:30 puedas vivir la misa en comunidad.<\/p>\n\n\n\n<p>La buena noticia la brindo la Parroquia Santiago Ap\u00f3stol en sus redes Sociales y el mismo P\u00e1rroco Sergio Chauque.<\/p>\n\n\n\n<p><strong><a href=\"https:\/\/www.facebook.com\/risenanf\/?__cft__[0]=AZWy-HXUT8bdQEqZRezxEfyGU8GIYZS5cNLTY5pt2JdxBLk71fqLlTOSFoP-_ZcXbnhwkyOnuHuqNufkYO13rCir9xHxGM3jiPJ33QNGC117HQgsAxWa99fp0gUPPW6rEEBZ_F0VzY_Qr-IgsikcU8BO&amp;__tn__=kC%2CP-R\">RISEN ANF<\/a><\/strong>\u00a0, es el grupo\u00a0cat\u00f3lico de la Parroquia que  lleva la buena noticia por medio de la evangelizaci\u00f3n digital, si siguen su facebook podr\u00e1n conocer los horarios de las misas y actividades.<\/p>\n\n\n\n<p>La Capilla se encuentra ubicada a 1 kil\u00f3metro del pueblo Campo Quijano en la provincia de Salta. Emplazada entre el verde espeso del paisaje de la quebrada del Toro, la capilla fue erguida en honor a la Virgen del Rosario por una familia del pueblo y cada 6 de enero se celebra en el lugar, la festividad en honor a la Santa Patrona.<\/p>\n\n\n\n<p>Su historia comenz\u00f3 hace m\u00e1s de 100 a\u00f1os, en 1914, a\u00f1o en el que fue bendecida. Su edificaci\u00f3n demand\u00f3 diez a\u00f1os de trabajo que le dieron terminaciones de estilo neo-g\u00f3tico, propio de la \u00e9poca.\u00a0<\/p>\n\n\n\n<figure class=\"wp-block-gallery columns-1 is-cropped wp-block-gallery-1 is-layout-flex wp-block-gallery-is-layout-flex\"><ul class=\"blocks-gallery-grid\"><li class=\"blocks-gallery-item\"><figure><img loading=\"lazy\" decoding=\"async\" width=\"1024\" height=\"683\" src=\"https:\/\/nahuelproducciones.com.ar\/radioquijano\/wp-content\/uploads\/2021\/11\/capilla-rio-blanco-campo-quijano-salta-portada.jpg-foto-fabio-sarmiento-1024x683.jpg\" alt=\"\" data-id=\"1663\" data-full-url=\"https:\/\/nahuelproducciones.com.ar\/radioquijano\/wp-content\/uploads\/2021\/11\/capilla-rio-blanco-campo-quijano-salta-portada.jpg-foto-fabio-sarmiento.jpg\" data-link=\"https:\/\/nahuelproducciones.com.ar\/radioquijano\/?attachment_id=1663\" class=\"wp-image-1663\" srcset=\"https:\/\/nahuelproducciones.com.ar\/radioquijano\/wp-content\/uploads\/2021\/11\/capilla-rio-blanco-campo-quijano-salta-portada.jpg-foto-fabio-sarmiento-1024x683.jpg 1024w, https:\/\/nahuelproducciones.com.ar\/radioquijano\/wp-content\/uploads\/2021\/11\/capilla-rio-blanco-campo-quijano-salta-portada.jpg-foto-fabio-sarmiento-300x200.jpg 300w, https:\/\/nahuelproducciones.com.ar\/radioquijano\/wp-content\/uploads\/2021\/11\/capilla-rio-blanco-campo-quijano-salta-portada.jpg-foto-fabio-sarmiento-768x512.jpg 768w, https:\/\/nahuelproducciones.com.ar\/radioquijano\/wp-content\/uploads\/2021\/11\/capilla-rio-blanco-campo-quijano-salta-portada.jpg-foto-fabio-sarmiento-150x100.jpg 150w, https:\/\/nahuelproducciones.com.ar\/radioquijano\/wp-content\/uploads\/2021\/11\/capilla-rio-blanco-campo-quijano-salta-portada.jpg-foto-fabio-sarmiento.jpg 1080w\" sizes=\"auto, (max-width: 1024px) 100vw, 1024px\" \/><figcaption class=\"blocks-gallery-item__caption\">Capilla de R\u00edo Blanco en Campo Quijano.<\/figcaption><\/figure><\/li><\/ul><\/figure>\n\n\n\n<p>Foto: Fabio Sarmiento<\/p>\n\n\n\n<p><a href=\"https:\/\/nahuelproducciones.com.ar\/index.php\/rq999\" target=\"_blank\" rel=\"noreferrer noopener\">#RQ99.9Mhz <\/a> <a href=\"https:\/\/nahuelproducciones.com.ar\/\" target=\"_blank\" rel=\"noreferrer noopener\">CAMPO QUIJANO<\/a><\/p>\n","protected":false},"excerpt":{"rendered":"<p>La hermosa capilla de R\u00edo Blanco abri\u00f3 sus puertas para que todos los domingos a hs 12:30 puedas vivir la misa en comunidad. La buena noticia la brindo la Parroquia Santiago Ap\u00f3stol en sus redes Sociales y el mismo P\u00e1rroco Sergio Chauque. RISEN ANF\u00a0, es el grupo\u00a0cat\u00f3lico de la Parroquia que lleva la buena noticia [&hellip;]<\/p>\n","protected":false},"author":6,"featured_media":1662,"comment_status":"open","ping_status":"open","sticky":false,"template":"","format":"standard","meta":{"_monsterinsights_skip_tracking":false,"_monsterinsights_sitenote_active":false,"_monsterinsights_sitenote_note":"","_monsterinsights_sitenote_category":0,"footnotes":""},"categories":[16],"tags":[36,261,263,262,128,127],"class_list":["post-1661","post","type-post","status-publish","format-standard","has-post-thumbnail","hentry","category-noticias","tag-campo-quijano","tag-capilla-de-rio-blanco","tag-misa","tag-padre-sergio-chauque","tag-parroquia-santiago-apostol-oficial","tag-risen-anf"],"yoast_head":"<!-- This site is optimized with the Yoast SEO plugin v20.8 - https:\/\/yoast.com\/wordpress\/plugins\/seo\/ -->\n<title>Los domingos hay misa en la Capilla de R\u00edo Blanco en Campo Quijano. - RQ 99.9<\/title>\n<meta name=\"robots\" content=\"index, follow, max-snippet:-1, max-image-preview:large, max-video-preview:-1\" \/>\n<link rel=\"canonical\" href=\"https:\/\/nahuelproducciones.com.ar\/radioquijano\/los-domingos-hay-misa-en-la-capilla-de-rio-blanco-en-campo-quijano\/\" \/>\n<meta property=\"og:locale\" content=\"es_ES\" \/>\n<meta property=\"og:type\" content=\"article\" \/>\n<meta property=\"og:title\" content=\"Los domingos hay misa en la Capilla de R\u00edo Blanco en Campo Quijano. - RQ 99.9\" \/>\n<meta property=\"og:description\" content=\"La hermosa capilla de R\u00edo Blanco abri\u00f3 sus puertas para que todos los domingos a hs 12:30 puedas vivir la misa en comunidad. La buena noticia la brindo la Parroquia Santiago Ap\u00f3stol en sus redes Sociales y el mismo P\u00e1rroco Sergio Chauque. RISEN ANF\u00a0, es el grupo\u00a0cat\u00f3lico de la Parroquia que lleva la buena noticia [&hellip;]\" \/>\n<meta property=\"og:url\" content=\"https:\/\/nahuelproducciones.com.ar\/radioquijano\/los-domingos-hay-misa-en-la-capilla-de-rio-blanco-en-campo-quijano\/\" \/>\n<meta property=\"og:site_name\" content=\"RQ 99.9\" \/>\n<meta property=\"article:publisher\" content=\"https:\/\/www.facebook.com\/nahuelproducciones999\/\" \/>\n<meta property=\"article:published_time\" content=\"2021-11-20T01:47:47+00:00\" \/>\n<meta property=\"article:modified_time\" content=\"2021-11-20T01:47:48+00:00\" \/>\n<meta property=\"og:image\" content=\"https:\/\/nahuelproducciones.com.ar\/radioquijano\/wp-content\/uploads\/2021\/11\/misa-en-la-capilla-de-rio-blanco-e1637372455613.jpg\" \/>\n\t<meta property=\"og:image:width\" content=\"700\" \/>\n\t<meta property=\"og:image:height\" content=\"700\" \/>\n\t<meta property=\"og:image:type\" content=\"image\/jpeg\" \/>\n<meta name=\"author\" content=\"Ricardo Guzman\" \/>\n<meta name=\"twitter:card\" content=\"summary_large_image\" \/>\n<meta name=\"twitter:creator\" content=\"@nahuproduciones\" \/>\n<meta name=\"twitter:site\" content=\"@nahuproduciones\" \/>\n<meta name=\"twitter:label1\" content=\"Escrito por\" \/>\n\t<meta name=\"twitter:data1\" content=\"Ricardo Guzman\" \/>\n\t<meta name=\"twitter:label2\" content=\"Tiempo de lectura\" \/>\n\t<meta name=\"twitter:data2\" content=\"2 minutos\" \/>\n<script type=\"application\/ld+json\" class=\"yoast-schema-graph\">{\"@context\":\"https:\/\/schema.org\",\"@graph\":[{\"@type\":\"WebPage\",\"@id\":\"https:\/\/nahuelproducciones.com.ar\/radioquijano\/los-domingos-hay-misa-en-la-capilla-de-rio-blanco-en-campo-quijano\/\",\"url\":\"https:\/\/nahuelproducciones.com.ar\/radioquijano\/los-domingos-hay-misa-en-la-capilla-de-rio-blanco-en-campo-quijano\/\",\"name\":\"Los domingos hay misa en la Capilla de R\u00edo Blanco en Campo Quijano. - RQ 99.9\",\"isPartOf\":{\"@id\":\"https:\/\/nahuelproducciones.com.ar\/radioquijano\/#website\"},\"datePublished\":\"2021-11-20T01:47:47+00:00\",\"dateModified\":\"2021-11-20T01:47:48+00:00\",\"author\":{\"@id\":\"https:\/\/nahuelproducciones.com.ar\/radioquijano\/#\/schema\/person\/b9b81a110cbdf07949e2cd02d478ab9d\"},\"breadcrumb\":{\"@id\":\"https:\/\/nahuelproducciones.com.ar\/radioquijano\/los-domingos-hay-misa-en-la-capilla-de-rio-blanco-en-campo-quijano\/#breadcrumb\"},\"inLanguage\":\"es\",\"potentialAction\":[{\"@type\":\"ReadAction\",\"target\":[\"https:\/\/nahuelproducciones.com.ar\/radioquijano\/los-domingos-hay-misa-en-la-capilla-de-rio-blanco-en-campo-quijano\/\"]}]},{\"@type\":\"BreadcrumbList\",\"@id\":\"https:\/\/nahuelproducciones.com.ar\/radioquijano\/los-domingos-hay-misa-en-la-capilla-de-rio-blanco-en-campo-quijano\/#breadcrumb\",\"itemListElement\":[{\"@type\":\"ListItem\",\"position\":1,\"name\":\"Portada\",\"item\":\"https:\/\/nahuelproducciones.com.ar\/radioquijano\/\"},{\"@type\":\"ListItem\",\"position\":2,\"name\":\"Los domingos hay misa en la Capilla de R\u00edo Blanco en Campo Quijano.\"}]},{\"@type\":\"WebSite\",\"@id\":\"https:\/\/nahuelproducciones.com.ar\/radioquijano\/#website\",\"url\":\"https:\/\/nahuelproducciones.com.ar\/radioquijano\/\",\"name\":\"RQ 99.9\",\"description\":\"Radio Quijano 99.9 MHz\",\"potentialAction\":[{\"@type\":\"SearchAction\",\"target\":{\"@type\":\"EntryPoint\",\"urlTemplate\":\"https:\/\/nahuelproducciones.com.ar\/radioquijano\/?s={search_term_string}\"},\"query-input\":\"required name=search_term_string\"}],\"inLanguage\":\"es\"},{\"@type\":\"Person\",\"@id\":\"https:\/\/nahuelproducciones.com.ar\/radioquijano\/#\/schema\/person\/b9b81a110cbdf07949e2cd02d478ab9d\",\"name\":\"Ricardo Guzman\",\"image\":{\"@type\":\"ImageObject\",\"inLanguage\":\"es\",\"@id\":\"https:\/\/nahuelproducciones.com.ar\/radioquijano\/#\/schema\/person\/image\/\",\"url\":\"https:\/\/secure.gravatar.com\/avatar\/a5d582deda251f95dc882b72fc6e7b4854f88bb25c3154519210afffa7d706e8?s=96&d=mm&r=g\",\"contentUrl\":\"https:\/\/secure.gravatar.com\/avatar\/a5d582deda251f95dc882b72fc6e7b4854f88bb25c3154519210afffa7d706e8?s=96&d=mm&r=g\",\"caption\":\"Ricardo Guzman\"},\"url\":\"https:\/\/nahuelproducciones.com.ar\/radioquijano\/author\/cady\/\"}]}<\/script>\n<!-- \/ Yoast SEO plugin. -->","yoast_head_json":{"title":"Los domingos hay misa en la Capilla de R\u00edo Blanco en Campo Quijano. - RQ 99.9","robots":{"index":"index","follow":"follow","max-snippet":"max-snippet:-1","max-image-preview":"max-image-preview:large","max-video-preview":"max-video-preview:-1"},"canonical":"https:\/\/nahuelproducciones.com.ar\/radioquijano\/los-domingos-hay-misa-en-la-capilla-de-rio-blanco-en-campo-quijano\/","og_locale":"es_ES","og_type":"article","og_title":"Los domingos hay misa en la Capilla de R\u00edo Blanco en Campo Quijano. - RQ 99.9","og_description":"La hermosa capilla de R\u00edo Blanco abri\u00f3 sus puertas para que todos los domingos a hs 12:30 puedas vivir la misa en comunidad. La buena noticia la brindo la Parroquia Santiago Ap\u00f3stol en sus redes Sociales y el mismo P\u00e1rroco Sergio Chauque. RISEN ANF\u00a0, es el grupo\u00a0cat\u00f3lico de la Parroquia que lleva la buena noticia [&hellip;]","og_url":"https:\/\/nahuelproducciones.com.ar\/radioquijano\/los-domingos-hay-misa-en-la-capilla-de-rio-blanco-en-campo-quijano\/","og_site_name":"RQ 99.9","article_publisher":"https:\/\/www.facebook.com\/nahuelproducciones999\/","article_published_time":"2021-11-20T01:47:47+00:00","article_modified_time":"2021-11-20T01:47:48+00:00","og_image":[{"width":700,"height":700,"url":"https:\/\/nahuelproducciones.com.ar\/radioquijano\/wp-content\/uploads\/2021\/11\/misa-en-la-capilla-de-rio-blanco-e1637372455613.jpg","type":"image\/jpeg"}],"author":"Ricardo Guzman","twitter_card":"summary_large_image","twitter_creator":"@nahuproduciones","twitter_site":"@nahuproduciones","twitter_misc":{"Escrito por":"Ricardo Guzman","Tiempo de lectura":"2 minutos"},"schema":{"@context":"https:\/\/schema.org","@graph":[{"@type":"WebPage","@id":"https:\/\/nahuelproducciones.com.ar\/radioquijano\/los-domingos-hay-misa-en-la-capilla-de-rio-blanco-en-campo-quijano\/","url":"https:\/\/nahuelproducciones.com.ar\/radioquijano\/los-domingos-hay-misa-en-la-capilla-de-rio-blanco-en-campo-quijano\/","name":"Los domingos hay misa en la Capilla de R\u00edo Blanco en Campo Quijano. - RQ 99.9","isPartOf":{"@id":"https:\/\/nahuelproducciones.com.ar\/radioquijano\/#website"},"datePublished":"2021-11-20T01:47:47+00:00","dateModified":"2021-11-20T01:47:48+00:00","author":{"@id":"https:\/\/nahuelproducciones.com.ar\/radioquijano\/#\/schema\/person\/b9b81a110cbdf07949e2cd02d478ab9d"},"breadcrumb":{"@id":"https:\/\/nahuelproducciones.com.ar\/radioquijano\/los-domingos-hay-misa-en-la-capilla-de-rio-blanco-en-campo-quijano\/#breadcrumb"},"inLanguage":"es","potentialAction":[{"@type":"ReadAction","target":["https:\/\/nahuelproducciones.com.ar\/radioquijano\/los-domingos-hay-misa-en-la-capilla-de-rio-blanco-en-campo-quijano\/"]}]},{"@type":"BreadcrumbList","@id":"https:\/\/nahuelproducciones.com.ar\/radioquijano\/los-domingos-hay-misa-en-la-capilla-de-rio-blanco-en-campo-quijano\/#breadcrumb","itemListElement":[{"@type":"ListItem","position":1,"name":"Portada","item":"https:\/\/nahuelproducciones.com.ar\/radioquijano\/"},{"@type":"ListItem","position":2,"name":"Los domingos hay misa en la Capilla de R\u00edo Blanco en Campo Quijano."}]},{"@type":"WebSite","@id":"https:\/\/nahuelproducciones.com.ar\/radioquijano\/#website","url":"https:\/\/nahuelproducciones.com.ar\/radioquijano\/","name":"RQ 99.9","description":"Radio Quijano 99.9 MHz","potentialAction":[{"@type":"SearchAction","target":{"@type":"EntryPoint","urlTemplate":"https:\/\/nahuelproducciones.com.ar\/radioquijano\/?s={search_term_string}"},"query-input":"required name=search_term_string"}],"inLanguage":"es"},{"@type":"Person","@id":"https:\/\/nahuelproducciones.com.ar\/radioquijano\/#\/schema\/person\/b9b81a110cbdf07949e2cd02d478ab9d","name":"Ricardo Guzman","image":{"@type":"ImageObject","inLanguage":"es","@id":"https:\/\/nahuelproducciones.com.ar\/radioquijano\/#\/schema\/person\/image\/","url":"https:\/\/secure.gravatar.com\/avatar\/a5d582deda251f95dc882b72fc6e7b4854f88bb25c3154519210afffa7d706e8?s=96&d=mm&r=g","contentUrl":"https:\/\/secure.gravatar.com\/avatar\/a5d582deda251f95dc882b72fc6e7b4854f88bb25c3154519210afffa7d706e8?s=96&d=mm&r=g","caption":"Ricardo Guzman"},"url":"https:\/\/nahuelproducciones.com.ar\/radioquijano\/author\/cady\/"}]}},"_links":{"self":[{"href":"https:\/\/nahuelproducciones.com.ar\/radioquijano\/wp-json\/wp\/v2\/posts\/1661","targetHints":{"allow":["GET"]}}],"collection":[{"href":"https:\/\/nahuelproducciones.com.ar\/radioquijano\/wp-json\/wp\/v2\/posts"}],"about":[{"href":"https:\/\/nahuelproducciones.com.ar\/radioquijano\/wp-json\/wp\/v2\/types\/post"}],"author":[{"embeddable":true,"href":"https:\/\/nahuelproducciones.com.ar\/radioquijano\/wp-json\/wp\/v2\/users\/6"}],"replies":[{"embeddable":true,"href":"https:\/\/nahuelproducciones.com.ar\/radioquijano\/wp-json\/wp\/v2\/comments?post=1661"}],"version-history":[{"count":1,"href":"https:\/\/nahuelproducciones.com.ar\/radioquijano\/wp-json\/wp\/v2\/posts\/1661\/revisions"}],"predecessor-version":[{"id":1664,"href":"https:\/\/nahuelproducciones.com.ar\/radioquijano\/wp-json\/wp\/v2\/posts\/1661\/revisions\/1664"}],"wp:featuredmedia":[{"embeddable":true,"href":"https:\/\/nahuelproducciones.com.ar\/radioquijano\/wp-json\/wp\/v2\/media\/1662"}],"wp:attachment":[{"href":"https:\/\/nahuelproducciones.com.ar\/radioquijano\/wp-json\/wp\/v2\/media?parent=1661"}],"wp:term":[{"taxonomy":"category","embeddable":true,"href":"https:\/\/nahuelproducciones.com.ar\/radioquijano\/wp-json\/wp\/v2\/categories?post=1661"},{"taxonomy":"post_tag","embeddable":true,"href":"https:\/\/nahuelproducciones.com.ar\/radioquijano\/wp-json\/wp\/v2\/tags?post=1661"}],"curies":[{"name":"wp","href":"https:\/\/api.w.org\/{rel}","templated":true}]}}