{"id":1665,"date":"2021-11-19T23:48:16","date_gmt":"2021-11-20T02:48:16","guid":{"rendered":"https:\/\/nahuelproducciones.com.ar\/radioquijano\/?p=1665"},"modified":"2021-11-19T23:48:17","modified_gmt":"2021-11-20T02:48:17","slug":"gran-serenata-a-nuestra-madre-virgen-del-rosario-de-san-nicolas-en-el-encon-chico","status":"publish","type":"post","link":"https:\/\/nahuelproducciones.com.ar\/radioquijano\/gran-serenata-a-nuestra-madre-virgen-del-rosario-de-san-nicolas-en-el-encon-chico\/","title":{"rendered":"Gran Serenata a nuestra madre Virgen del Rosario de San Nicol\u00e1s en el Encon Chico."},"content":{"rendered":"\n<p>La comunidad del Encon invita a todos a participar y disfrutar de una noche m\u00e1gica, donde le cantaran a Mar\u00eda del Rosario de San Nicol\u00e1s. <\/p>\n\n\n\n<p>La Primera Serenata tiene como objetivo recaudar para la construcci\u00f3n de la <strong><a href=\"https:\/\/www.facebook.com\/Capilla-Virgen-de-San-Nicolas-el-Encon-Chico-2180760015352675\/?__cft__[0]=AZWBaG4_nTrihcs0VcdV6JbdLOykn7dk6i79I0yz-RbSIKprleCQMq0aXlzmu922oGNMSrMdhBv2EeUiHdhqWxsNeL_YVBQN-UOzMlgo7M6A0O878rsvUNGXT5y2mOGhndfBiVGFie0fkMj1fiqYqSOSWxg5TheVpdqvukGyWH00MQ&amp;__tn__=kC%2CP-R\">Capilla Virgen de San Nicolas el Encon Chico<\/a><\/strong><\/p>\n\n\n\n<p>Todos est\u00e1n invitados para el s\u00e1bado 20 de noviembre, a comprar , disfrutar de deliciosas comidas y de la actuaci\u00f3n de importantes artistas que ofrendar\u00e1n su arte.<\/p>\n\n\n\n<p>La Serenata se desarrollar\u00e1 desde las 19:00 hs  en la gruta Virgen del Rosario, <a href=\"https:\/\/l.facebook.com\/l.php?u=https%3A%2F%2Fwww.google.com%2Fmaps%2Fdir%2F%3Fapi%3D1%26destination%3D-24.857838815809%252C-65.552608966827%26fbclid%3DIwAR0lUwrIUH888StZbl2CgMJzHA3cFPS-WVuua1QBHAEu3aB2AsGvm4ceJFo&amp;h=AT1o0DfKoFwb5Rqi6WzA0CxwiIs-Fk5MVuuhA-7yTH_zf9oGnebS_a5WO5FO9X-3d4xhBJGazh903B5BkAnPS0A9KnDo15FC3ioPil1V-nzms6hXSDJAMfry-HG-fQpukAU\" rel=\"noreferrer noopener\" target=\"_blank\">EL ENCON CHICO, LA SILLETA 4400 Salta, Provincia de Salta, Argentina<\/a><\/p>\n\n\n\n<div class=\"wp-block-image\"><figure class=\"aligncenter size-full is-resized\"><img loading=\"lazy\" decoding=\"async\" src=\"https:\/\/nahuelproducciones.com.ar\/radioquijano\/wp-content\/uploads\/2021\/11\/capilla-virgen-de-san-nicolas-encon-chico.jpg\" alt=\"\" class=\"wp-image-1666\" width=\"385\" height=\"544\" srcset=\"https:\/\/nahuelproducciones.com.ar\/radioquijano\/wp-content\/uploads\/2021\/11\/capilla-virgen-de-san-nicolas-encon-chico.jpg 720w, https:\/\/nahuelproducciones.com.ar\/radioquijano\/wp-content\/uploads\/2021\/11\/capilla-virgen-de-san-nicolas-encon-chico-212x300.jpg 212w, https:\/\/nahuelproducciones.com.ar\/radioquijano\/wp-content\/uploads\/2021\/11\/capilla-virgen-de-san-nicolas-encon-chico-150x212.jpg 150w\" sizes=\"auto, (max-width: 385px) 100vw, 385px\" \/><\/figure><\/div>\n\n\n\n<p><a href=\"https:\/\/nahuelproducciones.com.ar\/index.php\/rq999\" target=\"_blank\" rel=\"noreferrer noopener\">#RQ99.9Mhz<\/a>   <a href=\"https:\/\/nahuelproducciones.com.ar\/\" target=\"_blank\" rel=\"noreferrer noopener\">CAMPO QUIJANO<\/a><\/p>\n","protected":false},"excerpt":{"rendered":"<p>La comunidad del Encon invita a todos a participar y disfrutar de una noche m\u00e1gica, donde le cantaran a Mar\u00eda del Rosario de San Nicol\u00e1s. La Primera Serenata tiene como objetivo recaudar para la construcci\u00f3n de la Capilla Virgen de San Nicolas el Encon Chico Todos est\u00e1n invitados para el s\u00e1bado 20 de noviembre, a [&hellip;]<\/p>\n","protected":false},"author":6,"featured_media":1667,"comment_status":"open","ping_status":"open","sticky":false,"template":"","format":"standard","meta":{"_monsterinsights_skip_tracking":false,"_monsterinsights_sitenote_active":false,"_monsterinsights_sitenote_note":"","_monsterinsights_sitenote_category":0,"footnotes":""},"categories":[2,16],"tags":[264,265,266],"class_list":["post-1665","post","type-post","status-publish","format-standard","has-post-thumbnail","hentry","category-cultura","category-noticias","tag-capilla-virgen-de-san-nicolas-el-encon-chico","tag-encon-chico","tag-primera-serenata"],"yoast_head":"<!-- This site is optimized with the Yoast SEO plugin v20.8 - https:\/\/yoast.com\/wordpress\/plugins\/seo\/ -->\n<title>Gran Serenata a nuestra madre Virgen del Rosario de San Nicol\u00e1s en el Encon Chico. - RQ 99.9<\/title>\n<meta name=\"description\" content=\"Todos est\u00e1n invitados para el s\u00e1bado 20 de noviembre a hs 19:00.\" \/>\n<meta name=\"robots\" content=\"index, follow, max-snippet:-1, max-image-preview:large, max-video-preview:-1\" \/>\n<link rel=\"canonical\" href=\"https:\/\/nahuelproducciones.com.ar\/radioquijano\/gran-serenata-a-nuestra-madre-virgen-del-rosario-de-san-nicolas-en-el-encon-chico\/\" \/>\n<meta property=\"og:locale\" content=\"es_ES\" \/>\n<meta property=\"og:type\" content=\"article\" \/>\n<meta property=\"og:title\" content=\"Gran Serenata a nuestra madre Virgen del Rosario de San Nicol\u00e1s en el Encon Chico. - RQ 99.9\" \/>\n<meta property=\"og:description\" content=\"Todos est\u00e1n invitados para el s\u00e1bado 20 de noviembre a hs 19:00.\" \/>\n<meta property=\"og:url\" content=\"https:\/\/nahuelproducciones.com.ar\/radioquijano\/gran-serenata-a-nuestra-madre-virgen-del-rosario-de-san-nicolas-en-el-encon-chico\/\" \/>\n<meta property=\"og:site_name\" content=\"RQ 99.9\" \/>\n<meta property=\"article:publisher\" content=\"https:\/\/www.facebook.com\/nahuelproducciones999\/\" \/>\n<meta property=\"article:published_time\" content=\"2021-11-20T02:48:16+00:00\" \/>\n<meta property=\"article:modified_time\" content=\"2021-11-20T02:48:17+00:00\" \/>\n<meta property=\"og:image\" content=\"https:\/\/nahuelproducciones.com.ar\/radioquijano\/wp-content\/uploads\/2021\/11\/capilla-virgen-de-san-nicolas-encon-chico-1.jpg\" \/>\n\t<meta property=\"og:image:width\" content=\"700\" \/>\n\t<meta property=\"og:image:height\" content=\"300\" \/>\n\t<meta property=\"og:image:type\" content=\"image\/jpeg\" \/>\n<meta name=\"author\" content=\"Ricardo Guzman\" \/>\n<meta name=\"twitter:card\" content=\"summary_large_image\" \/>\n<meta name=\"twitter:creator\" content=\"@nahuproduciones\" \/>\n<meta name=\"twitter:site\" content=\"@nahuproduciones\" \/>\n<meta name=\"twitter:label1\" content=\"Escrito por\" \/>\n\t<meta name=\"twitter:data1\" content=\"Ricardo Guzman\" \/>\n\t<meta name=\"twitter:label2\" content=\"Tiempo de lectura\" \/>\n\t<meta name=\"twitter:data2\" content=\"1 minuto\" \/>\n<script type=\"application\/ld+json\" class=\"yoast-schema-graph\">{\"@context\":\"https:\/\/schema.org\",\"@graph\":[{\"@type\":\"WebPage\",\"@id\":\"https:\/\/nahuelproducciones.com.ar\/radioquijano\/gran-serenata-a-nuestra-madre-virgen-del-rosario-de-san-nicolas-en-el-encon-chico\/\",\"url\":\"https:\/\/nahuelproducciones.com.ar\/radioquijano\/gran-serenata-a-nuestra-madre-virgen-del-rosario-de-san-nicolas-en-el-encon-chico\/\",\"name\":\"Gran Serenata a nuestra madre Virgen del Rosario de San Nicol\u00e1s en el Encon Chico. - RQ 99.9\",\"isPartOf\":{\"@id\":\"https:\/\/nahuelproducciones.com.ar\/radioquijano\/#website\"},\"datePublished\":\"2021-11-20T02:48:16+00:00\",\"dateModified\":\"2021-11-20T02:48:17+00:00\",\"author\":{\"@id\":\"https:\/\/nahuelproducciones.com.ar\/radioquijano\/#\/schema\/person\/b9b81a110cbdf07949e2cd02d478ab9d\"},\"description\":\"Todos est\u00e1n invitados para el s\u00e1bado 20 de noviembre a hs 19:00.\",\"breadcrumb\":{\"@id\":\"https:\/\/nahuelproducciones.com.ar\/radioquijano\/gran-serenata-a-nuestra-madre-virgen-del-rosario-de-san-nicolas-en-el-encon-chico\/#breadcrumb\"},\"inLanguage\":\"es\",\"potentialAction\":[{\"@type\":\"ReadAction\",\"target\":[\"https:\/\/nahuelproducciones.com.ar\/radioquijano\/gran-serenata-a-nuestra-madre-virgen-del-rosario-de-san-nicolas-en-el-encon-chico\/\"]}]},{\"@type\":\"BreadcrumbList\",\"@id\":\"https:\/\/nahuelproducciones.com.ar\/radioquijano\/gran-serenata-a-nuestra-madre-virgen-del-rosario-de-san-nicolas-en-el-encon-chico\/#breadcrumb\",\"itemListElement\":[{\"@type\":\"ListItem\",\"position\":1,\"name\":\"Portada\",\"item\":\"https:\/\/nahuelproducciones.com.ar\/radioquijano\/\"},{\"@type\":\"ListItem\",\"position\":2,\"name\":\"Gran Serenata a nuestra madre Virgen del Rosario de San Nicol\u00e1s en el Encon Chico.\"}]},{\"@type\":\"WebSite\",\"@id\":\"https:\/\/nahuelproducciones.com.ar\/radioquijano\/#website\",\"url\":\"https:\/\/nahuelproducciones.com.ar\/radioquijano\/\",\"name\":\"RQ 99.9\",\"description\":\"Radio Quijano 99.9 MHz\",\"potentialAction\":[{\"@type\":\"SearchAction\",\"target\":{\"@type\":\"EntryPoint\",\"urlTemplate\":\"https:\/\/nahuelproducciones.com.ar\/radioquijano\/?s={search_term_string}\"},\"query-input\":\"required name=search_term_string\"}],\"inLanguage\":\"es\"},{\"@type\":\"Person\",\"@id\":\"https:\/\/nahuelproducciones.com.ar\/radioquijano\/#\/schema\/person\/b9b81a110cbdf07949e2cd02d478ab9d\",\"name\":\"Ricardo Guzman\",\"image\":{\"@type\":\"ImageObject\",\"inLanguage\":\"es\",\"@id\":\"https:\/\/nahuelproducciones.com.ar\/radioquijano\/#\/schema\/person\/image\/\",\"url\":\"https:\/\/secure.gravatar.com\/avatar\/a5d582deda251f95dc882b72fc6e7b4854f88bb25c3154519210afffa7d706e8?s=96&d=mm&r=g\",\"contentUrl\":\"https:\/\/secure.gravatar.com\/avatar\/a5d582deda251f95dc882b72fc6e7b4854f88bb25c3154519210afffa7d706e8?s=96&d=mm&r=g\",\"caption\":\"Ricardo Guzman\"},\"url\":\"https:\/\/nahuelproducciones.com.ar\/radioquijano\/author\/cady\/\"}]}<\/script>\n<!-- \/ Yoast SEO plugin. -->","yoast_head_json":{"title":"Gran Serenata a nuestra madre Virgen del Rosario de San Nicol\u00e1s en el Encon Chico. - RQ 99.9","description":"Todos est\u00e1n invitados para el s\u00e1bado 20 de noviembre a hs 19:00.","robots":{"index":"index","follow":"follow","max-snippet":"max-snippet:-1","max-image-preview":"max-image-preview:large","max-video-preview":"max-video-preview:-1"},"canonical":"https:\/\/nahuelproducciones.com.ar\/radioquijano\/gran-serenata-a-nuestra-madre-virgen-del-rosario-de-san-nicolas-en-el-encon-chico\/","og_locale":"es_ES","og_type":"article","og_title":"Gran Serenata a nuestra madre Virgen del Rosario de San Nicol\u00e1s en el Encon Chico. - RQ 99.9","og_description":"Todos est\u00e1n invitados para el s\u00e1bado 20 de noviembre a hs 19:00.","og_url":"https:\/\/nahuelproducciones.com.ar\/radioquijano\/gran-serenata-a-nuestra-madre-virgen-del-rosario-de-san-nicolas-en-el-encon-chico\/","og_site_name":"RQ 99.9","article_publisher":"https:\/\/www.facebook.com\/nahuelproducciones999\/","article_published_time":"2021-11-20T02:48:16+00:00","article_modified_time":"2021-11-20T02:48:17+00:00","og_image":[{"width":700,"height":300,"url":"https:\/\/nahuelproducciones.com.ar\/radioquijano\/wp-content\/uploads\/2021\/11\/capilla-virgen-de-san-nicolas-encon-chico-1.jpg","type":"image\/jpeg"}],"author":"Ricardo Guzman","twitter_card":"summary_large_image","twitter_creator":"@nahuproduciones","twitter_site":"@nahuproduciones","twitter_misc":{"Escrito por":"Ricardo Guzman","Tiempo de lectura":"1 minuto"},"schema":{"@context":"https:\/\/schema.org","@graph":[{"@type":"WebPage","@id":"https:\/\/nahuelproducciones.com.ar\/radioquijano\/gran-serenata-a-nuestra-madre-virgen-del-rosario-de-san-nicolas-en-el-encon-chico\/","url":"https:\/\/nahuelproducciones.com.ar\/radioquijano\/gran-serenata-a-nuestra-madre-virgen-del-rosario-de-san-nicolas-en-el-encon-chico\/","name":"Gran Serenata a nuestra madre Virgen del Rosario de San Nicol\u00e1s en el Encon Chico. - RQ 99.9","isPartOf":{"@id":"https:\/\/nahuelproducciones.com.ar\/radioquijano\/#website"},"datePublished":"2021-11-20T02:48:16+00:00","dateModified":"2021-11-20T02:48:17+00:00","author":{"@id":"https:\/\/nahuelproducciones.com.ar\/radioquijano\/#\/schema\/person\/b9b81a110cbdf07949e2cd02d478ab9d"},"description":"Todos est\u00e1n invitados para el s\u00e1bado 20 de noviembre a hs 19:00.","breadcrumb":{"@id":"https:\/\/nahuelproducciones.com.ar\/radioquijano\/gran-serenata-a-nuestra-madre-virgen-del-rosario-de-san-nicolas-en-el-encon-chico\/#breadcrumb"},"inLanguage":"es","potentialAction":[{"@type":"ReadAction","target":["https:\/\/nahuelproducciones.com.ar\/radioquijano\/gran-serenata-a-nuestra-madre-virgen-del-rosario-de-san-nicolas-en-el-encon-chico\/"]}]},{"@type":"BreadcrumbList","@id":"https:\/\/nahuelproducciones.com.ar\/radioquijano\/gran-serenata-a-nuestra-madre-virgen-del-rosario-de-san-nicolas-en-el-encon-chico\/#breadcrumb","itemListElement":[{"@type":"ListItem","position":1,"name":"Portada","item":"https:\/\/nahuelproducciones.com.ar\/radioquijano\/"},{"@type":"ListItem","position":2,"name":"Gran Serenata a nuestra madre Virgen del Rosario de San Nicol\u00e1s en el Encon Chico."}]},{"@type":"WebSite","@id":"https:\/\/nahuelproducciones.com.ar\/radioquijano\/#website","url":"https:\/\/nahuelproducciones.com.ar\/radioquijano\/","name":"RQ 99.9","description":"Radio Quijano 99.9 MHz","potentialAction":[{"@type":"SearchAction","target":{"@type":"EntryPoint","urlTemplate":"https:\/\/nahuelproducciones.com.ar\/radioquijano\/?s={search_term_string}"},"query-input":"required name=search_term_string"}],"inLanguage":"es"},{"@type":"Person","@id":"https:\/\/nahuelproducciones.com.ar\/radioquijano\/#\/schema\/person\/b9b81a110cbdf07949e2cd02d478ab9d","name":"Ricardo Guzman","image":{"@type":"ImageObject","inLanguage":"es","@id":"https:\/\/nahuelproducciones.com.ar\/radioquijano\/#\/schema\/person\/image\/","url":"https:\/\/secure.gravatar.com\/avatar\/a5d582deda251f95dc882b72fc6e7b4854f88bb25c3154519210afffa7d706e8?s=96&d=mm&r=g","contentUrl":"https:\/\/secure.gravatar.com\/avatar\/a5d582deda251f95dc882b72fc6e7b4854f88bb25c3154519210afffa7d706e8?s=96&d=mm&r=g","caption":"Ricardo Guzman"},"url":"https:\/\/nahuelproducciones.com.ar\/radioquijano\/author\/cady\/"}]}},"_links":{"self":[{"href":"https:\/\/nahuelproducciones.com.ar\/radioquijano\/wp-json\/wp\/v2\/posts\/1665","targetHints":{"allow":["GET"]}}],"collection":[{"href":"https:\/\/nahuelproducciones.com.ar\/radioquijano\/wp-json\/wp\/v2\/posts"}],"about":[{"href":"https:\/\/nahuelproducciones.com.ar\/radioquijano\/wp-json\/wp\/v2\/types\/post"}],"author":[{"embeddable":true,"href":"https:\/\/nahuelproducciones.com.ar\/radioquijano\/wp-json\/wp\/v2\/users\/6"}],"replies":[{"embeddable":true,"href":"https:\/\/nahuelproducciones.com.ar\/radioquijano\/wp-json\/wp\/v2\/comments?post=1665"}],"version-history":[{"count":1,"href":"https:\/\/nahuelproducciones.com.ar\/radioquijano\/wp-json\/wp\/v2\/posts\/1665\/revisions"}],"predecessor-version":[{"id":1669,"href":"https:\/\/nahuelproducciones.com.ar\/radioquijano\/wp-json\/wp\/v2\/posts\/1665\/revisions\/1669"}],"wp:featuredmedia":[{"embeddable":true,"href":"https:\/\/nahuelproducciones.com.ar\/radioquijano\/wp-json\/wp\/v2\/media\/1667"}],"wp:attachment":[{"href":"https:\/\/nahuelproducciones.com.ar\/radioquijano\/wp-json\/wp\/v2\/media?parent=1665"}],"wp:term":[{"taxonomy":"category","embeddable":true,"href":"https:\/\/nahuelproducciones.com.ar\/radioquijano\/wp-json\/wp\/v2\/categories?post=1665"},{"taxonomy":"post_tag","embeddable":true,"href":"https:\/\/nahuelproducciones.com.ar\/radioquijano\/wp-json\/wp\/v2\/tags?post=1665"}],"curies":[{"name":"wp","href":"https:\/\/api.w.org\/{rel}","templated":true}]}}